{"id":257080,"date":"2026-04-22T10:11:17","date_gmt":"2026-04-22T13:11:17","guid":{"rendered":"https:\/\/www.manaus.am.gov.br\/semcom\/prefeitura-semsa-amamentacaoexclusiva\/"},"modified":"2026-04-22T14:20:55","modified_gmt":"2026-04-22T17:20:55","slug":"prefeitura-semsa-amamentacaoexclusiva","status":"publish","type":"post","link":"https:\/\/www.manaus.am.gov.br\/semcom\/prefeitura-semsa-amamentacaoexclusiva\/","title":{"rendered":"Mais de 90% das crian\u00e7as manauaras de at\u00e9 seis meses s\u00e3o alimentadas exclusivamente com leite materno"},"content":{"rendered":"\n<p>Manaus atingiu, no ano passado, um \u00edndice 97,8% de crian\u00e7as com amamenta\u00e7\u00e3o exclusiva at\u00e9 os seis meses de vida, superior \u00e0 m\u00e9dia nacional de 45,8%. O cen\u00e1rio atual na capital amazonense, de acordo com os dados do Sistema de Informa\u00e7\u00e3o em Sa\u00fade para a Aten\u00e7\u00e3o B\u00e1sica (Sisab\/Minist\u00e9rio da Sa\u00fade), \u00e9 bem diferente do ano de 2018, quando o indicador atingia apenas 27,24%.<\/p>\n\n\n\n<p>Pelos dados do Sisab, do total de 32.819 crian\u00e7as nascidas vivas no munic\u00edpio de Manaus em 2025, 32.108 foram mantidas em aleitamento materno exclusivo at\u00e9 os seis meses.<\/p>\n\n\n\n<p>,A t\u00e9cnica do N\u00facleo de Aten\u00e7\u00e3o \u00e0 Sa\u00fade da Crian\u00e7a e do Adolescente, da Secretaria Municipal de Sa\u00fade (Nusca\/Semsa), enfermeira Ivone Amazonas, aponta que o aleitamento materno em Manaus tem registrado aumento de forma sistem\u00e1tica nos \u00faltimos oito anos, superando a marca de 90% ainda em 2024, quando atingiu 96,84% das crian\u00e7as.<\/p>\n\n\n\n<p>Entre as estrat\u00e9gias que impactam diretamente no aumento da preval\u00eancia do aleitamento materno exclusivo, a enfermeira destaca a Estrat\u00e9gia Amamenta e Alimenta Brasil (Eaab), iniciativa do Minist\u00e9rio da Sa\u00fade, lan\u00e7ada em 2012.<\/p>\n\n\n\n<p>A iniciativa, de acordo com Ivone Amazonas, busca o fortalecimento das a\u00e7\u00f5es de promo\u00e7\u00e3o, prote\u00e7\u00e3o e apoio ao aleitamento materno e a alimenta\u00e7\u00e3o complementar saud\u00e1vel para crian\u00e7as menores de dois anos de idade, por meio do aprimoramento das compet\u00eancias e habilidades dos profissionais de sa\u00fade da aten\u00e7\u00e3o prim\u00e1ria.<\/p>\n\n\n\n<p>\u201cEm Manaus, conseguimos implementar a estrat\u00e9gia em 106 unidades de sa\u00fade, tendo 24 certificadas pelo Minist\u00e9rio da Sa\u00fade. Os profissionais s\u00e3o treinados sobre como incentivar a amamenta\u00e7\u00e3o e ajudar a m\u00e3e caso ela apresente alguma situa\u00e7\u00e3o de sa\u00fade que interfira na amamenta\u00e7\u00e3o, como a fissura mam\u00e1ria\u201d, afirma a t\u00e9cnica.<\/p>\n\n\n\n<p>No processo de fortalecimento do aleitamento materno, a enfermeira explica que a Semsa tamb\u00e9m atua, por meio da iniciativa Hospital Amigo da Crian\u00e7a (Ihac), proposta da Organiza\u00e7\u00e3o Mundial da Sa\u00fade (OMS) e do Fundo das Na\u00e7\u00f5es Unidas para a Inf\u00e2ncia (Unicef), para o enfrentamento \u00e0 mortalidade infantil no mundo.<\/p>\n\n\n\n<p>\u201cO objetivo da Ihac \u00e9 promover, proteger e apoiar o aleitamento materno, que reconhecidamente \u00e9 uma das estrat\u00e9gias isoladas de maior impacto na mortalidade na inf\u00e2ncia.&nbsp; No Estado do Amazonas, temos oito estabelecimentos de sa\u00fade habilitados como Hospital Amigo da Crian\u00e7a e um hospital aguardando habilita\u00e7\u00e3o. Todas as maternidades t\u00eam apoio t\u00e9cnico da equipe da Semsa Manaus\u201d, destaca Ivone.<\/p>\n\n\n\n<p>Para receber o selo de HAC, a maternidade deve cumprir os dez passos para o sucesso do aleitamento materno, institu\u00eddos pelo Unicef e a OMS como realizar o cuidado humanizado \u00e0 mulher durante o pr\u00e9-parto, parto e o p\u00f3s-parto; n\u00e3o permitir bicos, chupetas, mamadeiras e nem f\u00f3rmulas infantis indevidas na maternidade; e garantir perman\u00eancia 24 horas e livre acesso \u00e0 m\u00e3e e ao pai junto ao rec\u00e9m-nascido internado.<\/p>\n\n\n\n<p>Os profissionais da maternidade tamb\u00e9m devem fazer um curso de 20 horas sobre o aleitamento materno.<\/p>\n\n\n\n<p>Mobiliza\u00e7\u00e3o social<\/p>\n\n\n\n<p>A Semsa ainda tem envolvimento na promo\u00e7\u00e3o de a\u00e7\u00f5es de mobiliza\u00e7\u00e3o social, apoiando o desenvolvimento de compet\u00eancias, difundindo conhecimento e incentivando a mobiliza\u00e7\u00e3o social sobre o tema do aleitamento materno.<\/p>\n\n\n\n<p>Ivone Amazonas cita como exemplo a \u201cCampanha de Doa\u00e7\u00e3o de Leite Humano\u201d, realizada todo m\u00eas de maio, com a Semsa apoiando as a\u00e7\u00f5es nas Unidades de Sa\u00fade da Fam\u00edlia (USF) e em parceria com a Secretaria Municipal de Educa\u00e7\u00e3o (Semed); e a campanha Agosto Dourado, institu\u00edda por Lei Municipal n\u00ba 1.925, de 2014, e o \u201cFestival da Semana do Beb\u00ea\u201d, que ocorrem simultaneamente e promovem a reflex\u00e3o sobre a import\u00e2ncia do aleitamento materno.<\/p>\n\n\n\n<p>A Semsa tamb\u00e9m investe no \u201cM\u00e9todo Canguru na Aten\u00e7\u00e3o Prim\u00e1ria \u00e0 Sa\u00fade (APS)\u201d, que \u00e9 uma estrat\u00e9gia de cuidado humanizado ao rec\u00e9m-nascido de baixo peso, incentivando o contato pele a pele entre m\u00e3e e beb\u00ea, oferecendo apoio ao aleitamento materno e acompanhamento familiar.<\/p>\n\n\n\n<p>\u201cNessa estrat\u00e9gia, a Semsa desempenha um papel crucial na continuidade do cuidado ap\u00f3s a alta hospitalar. Na rela\u00e7\u00e3o de tutores do \u201cM\u00e9todo Canguru\u201d, a Semsa conta com nove m\u00e9dicos pediatras, 15 enfermeiros, um nutricionista, um assistente social e um fisioterapeuta\u201d, explica a enfermeira.<\/p>\n\n\n\n<p>Em parceria com a Secretaria de Estado da Sa\u00fade (SES\/AM), a Semsa investe na estrat\u00e9gia Mulher Trabalhadora que Amamenta (MTA), que consiste em criar nas empresas p\u00fablicas e privadas uma cultura de respeito e apoio \u00e0 amamenta\u00e7\u00e3o como forma de promover a sa\u00fade da mulher trabalhadora e do beb\u00ea.<\/p>\n\n\n\n<p>A Prefeitura de Manaus, por meio da Semsa, integra ainda o Comit\u00ea Estadual de Aleitamento Materno, composto por institui\u00e7\u00f5es governamentais e da sociedade civil organizada.<\/p>\n\n\n\n<p>Segundo Ivone Amazonas, o comit\u00ea tem como objetivo subsidiar as pol\u00edticas p\u00fablicas e a\u00e7\u00f5es de promo\u00e7\u00e3o, prote\u00e7\u00e3o e apoio ao aleitamento materno no Amazonas, fornecendo informa\u00e7\u00f5es cient\u00edficas, mobilizando e sensibilizando setores para o desenvolvimento de a\u00e7\u00f5es.<\/p>\n\n\n\n<p>\u201cO fortalecimento do aleitamento materno exclusivo at\u00e9 os seis meses de vida da crian\u00e7a tem sido uma a\u00e7\u00e3o integrada com diversos setores da sociedade, sempre refor\u00e7ando a import\u00e2ncia da amamenta\u00e7\u00e3o para a sa\u00fade da crian\u00e7a. Para isso, os profissionais das maternidades e das unidades b\u00e1sicas de sa\u00fade s\u00e3o treinados para ajudar em todo esse processo\u201d, destaca Ivone.<\/p>\n\n\n\n<p>Benef\u00edcios<\/p>\n\n\n\n<p>O Minist\u00e9rio da Sa\u00fade e a OMS recomendam a amamenta\u00e7\u00e3o at\u00e9 os dois anos de idade ou mais, com aleitamento materno exclusivo nos primeiros seis meses de vida da crian\u00e7a.<\/p>\n\n\n\n<p>Como benef\u00edcios, Ivone Amazonas indica o fortalecimento do v\u00ednculo afetivo entre a m\u00e3e e a crian\u00e7a; imunidade contra doen\u00e7as, principalmente gastrointestinais e respirat\u00f3rias, que s\u00e3o as principais causas de morte infantil; crian\u00e7as em aleitamento materno desenvolvem um maior QI (Quociente de Intelig\u00eancia); e o leite materno cont\u00e9m todos os nutrientes necess\u00e1rios para o desenvolvimento e crescimento da crian\u00e7a, com vitaminas, prote\u00ednas e sais minerais.<\/p>\n\n\n\n<p>\u201c<a>Mais de 80% do leite materno \u00e9 composto por \u00e1gua e, por isso, a crian\u00e7a n\u00e3o precisa de \u00e1gua enquanto estiver no aleitamento materno exclusivo. O leite cont\u00e9m enzimas que v\u00e3o ajudar no peristaltismo, que \u00e9 exerc\u00edcio do intestino e facilita para que o beb\u00ea elimine as fezes nos primeiros dias. Enfim, a amamenta\u00e7\u00e3o \u00e9 a primeira vacina do beb\u00ea, que vai contribuir para o crescimento mais saud\u00e1vel e o desenvolvimento de uma crian\u00e7a mais inteligente, ou seja, \u00e9 uma forma de garantir o presente e futuro dela\u201d, conclui Ivone Amazonas.<\/a><\/p>\n\n\n\n<p>&nbsp;&#8212; &#8212; &#8212;<\/p>\n\n\n\n<p><strong>Texto <\/strong>&#8211;\u00a0Euriv\u00e2nia Gal\u00facio \/ Semsa<\/p>\n\n\n\n<p><strong>Fotos <\/strong>&#8211;\u00a0Divulga\u00e7\u00e3o \/ Semsa<\/p>\n","protected":false},"excerpt":{"rendered":"","protected":false},"author":23,"featured_media":257081,"comment_status":"closed","ping_status":"closed","sticky":false,"template":"","format":"standard","meta":{"footnotes":""},"categories":[4442],"tags":[6549,20439,77,162],"acf":[],"yoast_head":"<!-- This site is optimized with the Yoast SEO plugin v23.0 - https:\/\/yoast.com\/wordpress\/plugins\/seo\/ -->\n<title>Mais de 90% das crian\u00e7as manauaras de at\u00e9 seis meses s\u00e3o alimentadas exclusivamente com leite materno<\/title>\n<meta name=\"description\" content=\"Manaus atingiu, no ano passado, um \u00edndice 97,8% de crian\u00e7as com amamenta\u00e7\u00e3o exclusiva at\u00e9 os seis meses de vida, superior \u00e0 m\u00e9dia nacional de 45,8%. O cen\u00e1rio atual na capital amazonense, de acordo com os dados do Sistema de Informa\u00e7\u00e3o em Sa\u00fade para a Aten\u00e7\u00e3o B\u00e1sica (Sisab\/Minist\u00e9rio da Sa\u00fade), \u00e9 bem diferente do ano de 2018, quando o indicador atingia apenas 27,24%.\" \/>\n<meta name=\"robots\" content=\"index, follow, max-snippet:-1, max-image-preview:large, max-video-preview:-1\" \/>\n<link rel=\"canonical\" href=\"https:\/\/www.manaus.am.gov.br\/semcom\/prefeitura-semsa-amamentacaoexclusiva\/\" \/>\n<meta property=\"og:locale\" content=\"pt_BR\" \/>\n<meta property=\"og:type\" content=\"article\" \/>\n<meta property=\"og:title\" content=\"Mais de 90% das crian\u00e7as manauaras de at\u00e9 seis meses s\u00e3o alimentadas exclusivamente com leite materno\" \/>\n<meta property=\"og:description\" content=\"Manaus atingiu, no ano passado, um \u00edndice 97,8% de crian\u00e7as com amamenta\u00e7\u00e3o exclusiva at\u00e9 os seis meses de vida, superior \u00e0 m\u00e9dia nacional de 45,8%. O cen\u00e1rio atual na capital amazonense, de acordo com os dados do Sistema de Informa\u00e7\u00e3o em Sa\u00fade para a Aten\u00e7\u00e3o B\u00e1sica (Sisab\/Minist\u00e9rio da Sa\u00fade), \u00e9 bem diferente do ano de 2018, quando o indicador atingia apenas 27,24%.\" \/>\n<meta property=\"og:url\" content=\"https:\/\/www.manaus.am.gov.br\/semcom\/prefeitura-semsa-amamentacaoexclusiva\/\" \/>\n<meta property=\"og:site_name\" content=\"SEMCOM\" \/>\n<meta property=\"article:published_time\" content=\"2026-04-22T13:11:17+00:00\" \/>\n<meta property=\"article:modified_time\" content=\"2026-04-22T17:20:55+00:00\" \/>\n<meta property=\"og:image\" content=\"https:\/\/www.manaus.am.gov.br\/semcom\/wp-content\/uploads\/sites\/5\/2026\/04\/SEMSA-MANAUS-Mitos-Verdades-Amamentacao-2.jpg\" \/>\n\t<meta property=\"og:image:width\" content=\"3000\" \/>\n\t<meta property=\"og:image:height\" content=\"2000\" \/>\n\t<meta property=\"og:image:type\" content=\"image\/jpeg\" \/>\n<meta name=\"author\" content=\"Adriana Costa\" \/>\n<meta name=\"twitter:card\" content=\"summary_large_image\" \/>\n<meta name=\"twitter:label1\" content=\"Written by\" \/>\n\t<meta name=\"twitter:data1\" content=\"Adriana Costa\" \/>\n\t<meta name=\"twitter:label2\" content=\"Est. reading time\" \/>\n\t<meta name=\"twitter:data2\" content=\"6 minutos\" \/>\n<script type=\"application\/ld+json\" class=\"yoast-schema-graph\">{\"@context\":\"https:\/\/schema.org\",\"@graph\":[{\"@type\":\"WebPage\",\"@id\":\"https:\/\/www.manaus.am.gov.br\/semcom\/prefeitura-semsa-amamentacaoexclusiva\/\",\"url\":\"https:\/\/www.manaus.am.gov.br\/semcom\/prefeitura-semsa-amamentacaoexclusiva\/\",\"name\":\"Mais de 90% das crian\u00e7as manauaras de at\u00e9 seis meses s\u00e3o alimentadas exclusivamente com leite materno\",\"isPartOf\":{\"@id\":\"https:\/\/www.manaus.am.gov.br\/semcom\/#website\"},\"primaryImageOfPage\":{\"@id\":\"https:\/\/www.manaus.am.gov.br\/semcom\/prefeitura-semsa-amamentacaoexclusiva\/#primaryimage\"},\"image\":{\"@id\":\"https:\/\/www.manaus.am.gov.br\/semcom\/prefeitura-semsa-amamentacaoexclusiva\/#primaryimage\"},\"thumbnailUrl\":\"https:\/\/www.manaus.am.gov.br\/semcom\/wp-content\/uploads\/sites\/5\/2026\/04\/SEMSA-MANAUS-Mitos-Verdades-Amamentacao-2.jpg\",\"datePublished\":\"2026-04-22T13:11:17+00:00\",\"dateModified\":\"2026-04-22T17:20:55+00:00\",\"author\":{\"@id\":\"https:\/\/www.manaus.am.gov.br\/semcom\/#\/schema\/person\/4e49f4e267757a06ca072ec61b2b9968\"},\"description\":\"Manaus atingiu, no ano passado, um \u00edndice 97,8% de crian\u00e7as com amamenta\u00e7\u00e3o exclusiva at\u00e9 os seis meses de vida, superior \u00e0 m\u00e9dia nacional de 45,8%. O cen\u00e1rio atual na capital amazonense, de acordo com os dados do Sistema de Informa\u00e7\u00e3o em Sa\u00fade para a Aten\u00e7\u00e3o B\u00e1sica (Sisab\/Minist\u00e9rio da Sa\u00fade), \u00e9 bem diferente do ano de 2018, quando o indicador atingia apenas 27,24%.\",\"inLanguage\":\"pt-BR\",\"potentialAction\":[{\"@type\":\"ReadAction\",\"target\":[\"https:\/\/www.manaus.am.gov.br\/semcom\/prefeitura-semsa-amamentacaoexclusiva\/\"]}]},{\"@type\":\"ImageObject\",\"inLanguage\":\"pt-BR\",\"@id\":\"https:\/\/www.manaus.am.gov.br\/semcom\/prefeitura-semsa-amamentacaoexclusiva\/#primaryimage\",\"url\":\"https:\/\/www.manaus.am.gov.br\/semcom\/wp-content\/uploads\/sites\/5\/2026\/04\/SEMSA-MANAUS-Mitos-Verdades-Amamentacao-2.jpg\",\"contentUrl\":\"https:\/\/www.manaus.am.gov.br\/semcom\/wp-content\/uploads\/sites\/5\/2026\/04\/SEMSA-MANAUS-Mitos-Verdades-Amamentacao-2.jpg\",\"width\":3000,\"height\":2000,\"caption\":\"#paratodosverem - M\u00e3e amamenta filha\"},{\"@type\":\"WebSite\",\"@id\":\"https:\/\/www.manaus.am.gov.br\/semcom\/#website\",\"url\":\"https:\/\/www.manaus.am.gov.br\/semcom\/\",\"name\":\"SEMCOM\",\"description\":\"Secretaria Municipal de Comunica\u00e7\u00e3o\",\"potentialAction\":[{\"@type\":\"SearchAction\",\"target\":{\"@type\":\"EntryPoint\",\"urlTemplate\":\"https:\/\/www.manaus.am.gov.br\/semcom\/?s={search_term_string}\"},\"query-input\":\"required name=search_term_string\"}],\"inLanguage\":\"pt-BR\"},{\"@type\":\"Person\",\"@id\":\"https:\/\/www.manaus.am.gov.br\/semcom\/#\/schema\/person\/4e49f4e267757a06ca072ec61b2b9968\",\"name\":\"Adriana Costa\",\"image\":{\"@type\":\"ImageObject\",\"inLanguage\":\"pt-BR\",\"@id\":\"https:\/\/www.manaus.am.gov.br\/semcom\/#\/schema\/person\/image\/\",\"url\":\"https:\/\/secure.gravatar.com\/avatar\/576258617ef7194f718179e766d57bd4?s=96&d=mm&r=g\",\"contentUrl\":\"https:\/\/secure.gravatar.com\/avatar\/576258617ef7194f718179e766d57bd4?s=96&d=mm&r=g\",\"caption\":\"Adriana Costa\"}}]}<\/script>\n<!-- \/ Yoast SEO plugin. -->","yoast_head_json":{"title":"Mais de 90% das crian\u00e7as manauaras de at\u00e9 seis meses s\u00e3o alimentadas exclusivamente com leite materno","description":"Manaus atingiu, no ano passado, um \u00edndice 97,8% de crian\u00e7as com amamenta\u00e7\u00e3o exclusiva at\u00e9 os seis meses de vida, superior \u00e0 m\u00e9dia nacional de 45,8%. O cen\u00e1rio atual na capital amazonense, de acordo com os dados do Sistema de Informa\u00e7\u00e3o em Sa\u00fade para a Aten\u00e7\u00e3o B\u00e1sica (Sisab\/Minist\u00e9rio da Sa\u00fade), \u00e9 bem diferente do ano de 2018, quando o indicador atingia apenas 27,24%.","robots":{"index":"index","follow":"follow","max-snippet":"max-snippet:-1","max-image-preview":"max-image-preview:large","max-video-preview":"max-video-preview:-1"},"canonical":"https:\/\/www.manaus.am.gov.br\/semcom\/prefeitura-semsa-amamentacaoexclusiva\/","og_locale":"pt_BR","og_type":"article","og_title":"Mais de 90% das crian\u00e7as manauaras de at\u00e9 seis meses s\u00e3o alimentadas exclusivamente com leite materno","og_description":"Manaus atingiu, no ano passado, um \u00edndice 97,8% de crian\u00e7as com amamenta\u00e7\u00e3o exclusiva at\u00e9 os seis meses de vida, superior \u00e0 m\u00e9dia nacional de 45,8%. O cen\u00e1rio atual na capital amazonense, de acordo com os dados do Sistema de Informa\u00e7\u00e3o em Sa\u00fade para a Aten\u00e7\u00e3o B\u00e1sica (Sisab\/Minist\u00e9rio da Sa\u00fade), \u00e9 bem diferente do ano de 2018, quando o indicador atingia apenas 27,24%.","og_url":"https:\/\/www.manaus.am.gov.br\/semcom\/prefeitura-semsa-amamentacaoexclusiva\/","og_site_name":"SEMCOM","article_published_time":"2026-04-22T13:11:17+00:00","article_modified_time":"2026-04-22T17:20:55+00:00","og_image":[{"width":3000,"height":2000,"url":"https:\/\/www.manaus.am.gov.br\/semcom\/wp-content\/uploads\/sites\/5\/2026\/04\/SEMSA-MANAUS-Mitos-Verdades-Amamentacao-2.jpg","type":"image\/jpeg"}],"author":"Adriana Costa","twitter_card":"summary_large_image","twitter_misc":{"Written by":"Adriana Costa","Est. reading time":"6 minutos"},"schema":{"@context":"https:\/\/schema.org","@graph":[{"@type":"WebPage","@id":"https:\/\/www.manaus.am.gov.br\/semcom\/prefeitura-semsa-amamentacaoexclusiva\/","url":"https:\/\/www.manaus.am.gov.br\/semcom\/prefeitura-semsa-amamentacaoexclusiva\/","name":"Mais de 90% das crian\u00e7as manauaras de at\u00e9 seis meses s\u00e3o alimentadas exclusivamente com leite materno","isPartOf":{"@id":"https:\/\/www.manaus.am.gov.br\/semcom\/#website"},"primaryImageOfPage":{"@id":"https:\/\/www.manaus.am.gov.br\/semcom\/prefeitura-semsa-amamentacaoexclusiva\/#primaryimage"},"image":{"@id":"https:\/\/www.manaus.am.gov.br\/semcom\/prefeitura-semsa-amamentacaoexclusiva\/#primaryimage"},"thumbnailUrl":"https:\/\/www.manaus.am.gov.br\/semcom\/wp-content\/uploads\/sites\/5\/2026\/04\/SEMSA-MANAUS-Mitos-Verdades-Amamentacao-2.jpg","datePublished":"2026-04-22T13:11:17+00:00","dateModified":"2026-04-22T17:20:55+00:00","author":{"@id":"https:\/\/www.manaus.am.gov.br\/semcom\/#\/schema\/person\/4e49f4e267757a06ca072ec61b2b9968"},"description":"Manaus atingiu, no ano passado, um \u00edndice 97,8% de crian\u00e7as com amamenta\u00e7\u00e3o exclusiva at\u00e9 os seis meses de vida, superior \u00e0 m\u00e9dia nacional de 45,8%. O cen\u00e1rio atual na capital amazonense, de acordo com os dados do Sistema de Informa\u00e7\u00e3o em Sa\u00fade para a Aten\u00e7\u00e3o B\u00e1sica (Sisab\/Minist\u00e9rio da Sa\u00fade), \u00e9 bem diferente do ano de 2018, quando o indicador atingia apenas 27,24%.","inLanguage":"pt-BR","potentialAction":[{"@type":"ReadAction","target":["https:\/\/www.manaus.am.gov.br\/semcom\/prefeitura-semsa-amamentacaoexclusiva\/"]}]},{"@type":"ImageObject","inLanguage":"pt-BR","@id":"https:\/\/www.manaus.am.gov.br\/semcom\/prefeitura-semsa-amamentacaoexclusiva\/#primaryimage","url":"https:\/\/www.manaus.am.gov.br\/semcom\/wp-content\/uploads\/sites\/5\/2026\/04\/SEMSA-MANAUS-Mitos-Verdades-Amamentacao-2.jpg","contentUrl":"https:\/\/www.manaus.am.gov.br\/semcom\/wp-content\/uploads\/sites\/5\/2026\/04\/SEMSA-MANAUS-Mitos-Verdades-Amamentacao-2.jpg","width":3000,"height":2000,"caption":"#paratodosverem - M\u00e3e amamenta filha"},{"@type":"WebSite","@id":"https:\/\/www.manaus.am.gov.br\/semcom\/#website","url":"https:\/\/www.manaus.am.gov.br\/semcom\/","name":"SEMCOM","description":"Secretaria Municipal de Comunica\u00e7\u00e3o","potentialAction":[{"@type":"SearchAction","target":{"@type":"EntryPoint","urlTemplate":"https:\/\/www.manaus.am.gov.br\/semcom\/?s={search_term_string}"},"query-input":"required name=search_term_string"}],"inLanguage":"pt-BR"},{"@type":"Person","@id":"https:\/\/www.manaus.am.gov.br\/semcom\/#\/schema\/person\/4e49f4e267757a06ca072ec61b2b9968","name":"Adriana Costa","image":{"@type":"ImageObject","inLanguage":"pt-BR","@id":"https:\/\/www.manaus.am.gov.br\/semcom\/#\/schema\/person\/image\/","url":"https:\/\/secure.gravatar.com\/avatar\/576258617ef7194f718179e766d57bd4?s=96&d=mm&r=g","contentUrl":"https:\/\/secure.gravatar.com\/avatar\/576258617ef7194f718179e766d57bd4?s=96&d=mm&r=g","caption":"Adriana Costa"}}]}},"_links":{"self":[{"href":"https:\/\/www.manaus.am.gov.br\/semcom\/wp-json\/wp\/v2\/posts\/257080"}],"collection":[{"href":"https:\/\/www.manaus.am.gov.br\/semcom\/wp-json\/wp\/v2\/posts"}],"about":[{"href":"https:\/\/www.manaus.am.gov.br\/semcom\/wp-json\/wp\/v2\/types\/post"}],"author":[{"embeddable":true,"href":"https:\/\/www.manaus.am.gov.br\/semcom\/wp-json\/wp\/v2\/users\/23"}],"replies":[{"embeddable":true,"href":"https:\/\/www.manaus.am.gov.br\/semcom\/wp-json\/wp\/v2\/comments?post=257080"}],"version-history":[{"count":1,"href":"https:\/\/www.manaus.am.gov.br\/semcom\/wp-json\/wp\/v2\/posts\/257080\/revisions"}],"predecessor-version":[{"id":257109,"href":"https:\/\/www.manaus.am.gov.br\/semcom\/wp-json\/wp\/v2\/posts\/257080\/revisions\/257109"}],"wp:featuredmedia":[{"embeddable":true,"href":"https:\/\/www.manaus.am.gov.br\/semcom\/wp-json\/wp\/v2\/media\/257081"}],"wp:attachment":[{"href":"https:\/\/www.manaus.am.gov.br\/semcom\/wp-json\/wp\/v2\/media?parent=257080"}],"wp:term":[{"taxonomy":"category","embeddable":true,"href":"https:\/\/www.manaus.am.gov.br\/semcom\/wp-json\/wp\/v2\/categories?post=257080"},{"taxonomy":"post_tag","embeddable":true,"href":"https:\/\/www.manaus.am.gov.br\/semcom\/wp-json\/wp\/v2\/tags?post=257080"}],"curies":[{"name":"wp","href":"https:\/\/api.w.org\/{rel}","templated":true}]}}