{"id":256974,"date":"2026-04-17T15:49:48","date_gmt":"2026-04-17T19:49:48","guid":{"rendered":"https:\/\/www.manaus.am.gov.br\/semcom\/manausprev-orienta-novas-regras-aposentadoria\/"},"modified":"2026-04-17T16:55:51","modified_gmt":"2026-04-17T19:55:51","slug":"manausprev-orienta-novas-regras-aposentadoria","status":"publish","type":"post","link":"https:\/\/www.manaus.am.gov.br\/semcom\/manausprev-orienta-novas-regras-aposentadoria\/","title":{"rendered":"Manausprev orienta servidores municipais sobre as novas regras de aposentadoria"},"content":{"rendered":"\n<p>A <a href=\"https:\/\/www.manaus.am.gov.br\/\">Prefeitura de Manaus<\/a>, por meio da <a href=\"https:\/\/www.instagram.com\/manausprevidencia\/\">Manaus Previd\u00eancia<\/a> (Manausprev), deu in\u00edcio a mais uma etapa da agenda de educa\u00e7\u00e3o previdenci\u00e1ria voltada aos servidores municipais. Desta vez, os trabalhadores das secretarias municipais de Sa\u00fade (Semsa) e de Educa\u00e7\u00e3o (Semed) receberam orienta\u00e7\u00f5es e esclareceram d\u00favidas sobre as novas regras de aposentadoria (Lei 27\/2025). O encontro aconteceu nesta quinta-feira, 16\/4, na sede da Semed.<\/p>\n\n\n\n<p>\u201cTemos uma agenda importante de palestras para este m\u00eas e o pr\u00f3ximo, pois esclarecer pontos fundamentais da legisla\u00e7\u00e3o previdenci\u00e1ria \u00e9 fundamental e esses encontros acabam sendo muito proveitosos. S\u00e3o informa\u00e7\u00f5es que certamente contribuir\u00e3o para o planejamento previdenci\u00e1rio dos participantes\u201d, destaca a diretora de Previd\u00eancia da autarquia, Ana Silvia Domingues.<\/p>\n\n\n\n<p>Durante os encontros, especialistas da Manausprev abordam temas como aposentadoria por idade e tempo de contribui\u00e7\u00e3o, c\u00e1lculo dos proventos, requisitos legais, entre outros.<\/p>\n\n\n\n<p>O diretor de Administra\u00e7\u00e3o e Finan\u00e7as da Semed, Marcelo Magaldi, enfatizou que as informa\u00e7\u00f5es compartilhadas na palestra norteiam o servidor para um poss\u00edvel planejamento de aposentadoria com a melhor remunera\u00e7\u00e3o poss\u00edvel.<\/p>\n\n\n\n<p>\u201cIsso \u00e9 muito importante, pois conhecer as regras de aposentadoria contribui para que a pessoa tenha condi\u00e7\u00f5es de fazer o seu planejamento previdenci\u00e1rio e fazer a melhor escolha dentre as que est\u00e3o dispon\u00edveis, de acordo com cada caso\u201d, pontuou.<\/p>\n\n\n\n<p>O pr\u00f3ximo encontro acontece no dia 23\/4 (quinta-feira), \u00e0s 14h, com os servidores do Distrito de Sa\u00fade (Disa) Sul, na avenida Umberto Calderaro Filho, n\u00ba 300, bairro Adrian\u00f3polis, zona Centro-Sul.<\/p>\n\n\n\n<p>A iniciativa integra o programa Manausprev Itinerante, criado para disseminar informa\u00e7\u00f5es sobre previd\u00eancia social aos servidores da Prefeitura de Manaus e da C\u00e2mara Municipal de Manaus (CMM), al\u00e9m de capacitar t\u00e9cnicos de Recursos Humanos que atuam diretamente na instru\u00e7\u00e3o de processos previdenci\u00e1rios, contribuindo para o aperfei\u00e7oamento da gest\u00e3o previdenci\u00e1ria no \u00e2mbito da administra\u00e7\u00e3o p\u00fablica.<\/p>\n\n\n\n<figure class=\"wp-block-image size-large\"><img loading=\"lazy\" decoding=\"async\" width=\"1024\" height=\"768\" src=\"https:\/\/www.manaus.am.gov.br\/semcom\/wp-content\/uploads\/sites\/5\/2026\/04\/Educacao-Previdenciaria-2-1024x768.jpeg\" alt=\"\" class=\"wp-image-256976\" srcset=\"https:\/\/www.manaus.am.gov.br\/semcom\/wp-content\/uploads\/sites\/5\/2026\/04\/Educacao-Previdenciaria-2-1024x768.jpeg 1024w, https:\/\/www.manaus.am.gov.br\/semcom\/wp-content\/uploads\/sites\/5\/2026\/04\/Educacao-Previdenciaria-2-300x225.jpeg 300w, https:\/\/www.manaus.am.gov.br\/semcom\/wp-content\/uploads\/sites\/5\/2026\/04\/Educacao-Previdenciaria-2-768x576.jpeg 768w, https:\/\/www.manaus.am.gov.br\/semcom\/wp-content\/uploads\/sites\/5\/2026\/04\/Educacao-Previdenciaria-2-1536x1152.jpeg 1536w, https:\/\/www.manaus.am.gov.br\/semcom\/wp-content\/uploads\/sites\/5\/2026\/04\/Educacao-Previdenciaria-2.jpeg 1600w\" sizes=\"(max-width: 1024px) 100vw, 1024px\" \/><figcaption class=\"wp-element-caption\">#paratodosverem &#8211; Encontro<\/figcaption><\/figure>\n\n\n\n<p>&#8212; &#8212; &#8212;<\/p>\n\n\n\n<p><strong>Texto \u2013&nbsp;<\/strong>Renata Felix\/Manaus Previd\u00eancia<br><strong>Foto \u2013&nbsp;<\/strong>Divulga\u00e7\u00e3o\/Manaus Previd\u00eancia<\/p>\n","protected":false},"excerpt":{"rendered":"","protected":false},"author":39,"featured_media":256975,"comment_status":"closed","ping_status":"closed","sticky":false,"template":"","format":"standard","meta":{"footnotes":""},"categories":[742],"tags":[228,20397,614,77,1958],"acf":[],"yoast_head":"<!-- This site is optimized with the Yoast SEO plugin v23.0 - https:\/\/yoast.com\/wordpress\/plugins\/seo\/ -->\n<title>Manausprev orienta servidores municipais sobre as novas regras de aposentadoria<\/title>\n<meta name=\"description\" content=\"Manaus Previd\u00eancia orienta servidores municipais da Semed e da Semsa sobre as novas regras de aposentadoria.\" \/>\n<meta name=\"robots\" content=\"index, follow, max-snippet:-1, max-image-preview:large, max-video-preview:-1\" \/>\n<link rel=\"canonical\" href=\"https:\/\/www.manaus.am.gov.br\/semcom\/manausprev-orienta-novas-regras-aposentadoria\/\" \/>\n<meta property=\"og:locale\" content=\"pt_BR\" \/>\n<meta property=\"og:type\" content=\"article\" \/>\n<meta property=\"og:title\" content=\"Manausprev orienta servidores municipais sobre as novas regras de aposentadoria\" \/>\n<meta property=\"og:description\" content=\"Manaus Previd\u00eancia orienta servidores municipais da Semed e da Semsa sobre as novas regras de aposentadoria.\" \/>\n<meta property=\"og:url\" content=\"https:\/\/www.manaus.am.gov.br\/semcom\/manausprev-orienta-novas-regras-aposentadoria\/\" \/>\n<meta property=\"og:site_name\" content=\"SEMCOM\" \/>\n<meta property=\"article:published_time\" content=\"2026-04-17T19:49:48+00:00\" \/>\n<meta property=\"article:modified_time\" content=\"2026-04-17T19:55:51+00:00\" \/>\n<meta property=\"og:image\" content=\"https:\/\/www.manaus.am.gov.br\/semcom\/wp-content\/uploads\/sites\/5\/2026\/04\/Educacao-Previdenciaria-1.jpeg\" \/>\n\t<meta property=\"og:image:width\" content=\"1600\" \/>\n\t<meta property=\"og:image:height\" content=\"1200\" \/>\n\t<meta property=\"og:image:type\" content=\"image\/jpeg\" \/>\n<meta name=\"author\" content=\"Bruna Greco\" \/>\n<meta name=\"twitter:card\" content=\"summary_large_image\" \/>\n<meta name=\"twitter:label1\" content=\"Written by\" \/>\n\t<meta name=\"twitter:data1\" content=\"Bruna Greco\" \/>\n\t<meta name=\"twitter:label2\" content=\"Est. reading time\" \/>\n\t<meta name=\"twitter:data2\" content=\"3 minutos\" \/>\n<script type=\"application\/ld+json\" class=\"yoast-schema-graph\">{\"@context\":\"https:\/\/schema.org\",\"@graph\":[{\"@type\":\"WebPage\",\"@id\":\"https:\/\/www.manaus.am.gov.br\/semcom\/manausprev-orienta-novas-regras-aposentadoria\/\",\"url\":\"https:\/\/www.manaus.am.gov.br\/semcom\/manausprev-orienta-novas-regras-aposentadoria\/\",\"name\":\"Manausprev orienta servidores municipais sobre as novas regras de aposentadoria\",\"isPartOf\":{\"@id\":\"https:\/\/www.manaus.am.gov.br\/semcom\/#website\"},\"primaryImageOfPage\":{\"@id\":\"https:\/\/www.manaus.am.gov.br\/semcom\/manausprev-orienta-novas-regras-aposentadoria\/#primaryimage\"},\"image\":{\"@id\":\"https:\/\/www.manaus.am.gov.br\/semcom\/manausprev-orienta-novas-regras-aposentadoria\/#primaryimage\"},\"thumbnailUrl\":\"https:\/\/www.manaus.am.gov.br\/semcom\/wp-content\/uploads\/sites\/5\/2026\/04\/Educacao-Previdenciaria-1.jpeg\",\"datePublished\":\"2026-04-17T19:49:48+00:00\",\"dateModified\":\"2026-04-17T19:55:51+00:00\",\"author\":{\"@id\":\"https:\/\/www.manaus.am.gov.br\/semcom\/#\/schema\/person\/05d223aea2bf115f9883a6ff3683d81b\"},\"description\":\"Manaus Previd\u00eancia orienta servidores municipais da Semed e da Semsa sobre as novas regras de aposentadoria.\",\"inLanguage\":\"pt-BR\",\"potentialAction\":[{\"@type\":\"ReadAction\",\"target\":[\"https:\/\/www.manaus.am.gov.br\/semcom\/manausprev-orienta-novas-regras-aposentadoria\/\"]}]},{\"@type\":\"ImageObject\",\"inLanguage\":\"pt-BR\",\"@id\":\"https:\/\/www.manaus.am.gov.br\/semcom\/manausprev-orienta-novas-regras-aposentadoria\/#primaryimage\",\"url\":\"https:\/\/www.manaus.am.gov.br\/semcom\/wp-content\/uploads\/sites\/5\/2026\/04\/Educacao-Previdenciaria-1.jpeg\",\"contentUrl\":\"https:\/\/www.manaus.am.gov.br\/semcom\/wp-content\/uploads\/sites\/5\/2026\/04\/Educacao-Previdenciaria-1.jpeg\",\"width\":1600,\"height\":1200,\"caption\":\"#paratodosverem - Servidores da Semed e da Semsa participando de encontro voltado a educa\u00e7\u00e3o previdenci\u00e1ria promovido pela Manausprev\"},{\"@type\":\"WebSite\",\"@id\":\"https:\/\/www.manaus.am.gov.br\/semcom\/#website\",\"url\":\"https:\/\/www.manaus.am.gov.br\/semcom\/\",\"name\":\"SEMCOM\",\"description\":\"Secretaria Municipal de Comunica\u00e7\u00e3o\",\"potentialAction\":[{\"@type\":\"SearchAction\",\"target\":{\"@type\":\"EntryPoint\",\"urlTemplate\":\"https:\/\/www.manaus.am.gov.br\/semcom\/?s={search_term_string}\"},\"query-input\":\"required name=search_term_string\"}],\"inLanguage\":\"pt-BR\"},{\"@type\":\"Person\",\"@id\":\"https:\/\/www.manaus.am.gov.br\/semcom\/#\/schema\/person\/05d223aea2bf115f9883a6ff3683d81b\",\"name\":\"Bruna Greco\",\"image\":{\"@type\":\"ImageObject\",\"inLanguage\":\"pt-BR\",\"@id\":\"https:\/\/www.manaus.am.gov.br\/semcom\/#\/schema\/person\/image\/\",\"url\":\"https:\/\/secure.gravatar.com\/avatar\/9c877d1a6adc2a055330e5c09a8653ce?s=96&d=mm&r=g\",\"contentUrl\":\"https:\/\/secure.gravatar.com\/avatar\/9c877d1a6adc2a055330e5c09a8653ce?s=96&d=mm&r=g\",\"caption\":\"Bruna Greco\"}}]}<\/script>\n<!-- \/ Yoast SEO plugin. -->","yoast_head_json":{"title":"Manausprev orienta servidores municipais sobre as novas regras de aposentadoria","description":"Manaus Previd\u00eancia orienta servidores municipais da Semed e da Semsa sobre as novas regras de aposentadoria.","robots":{"index":"index","follow":"follow","max-snippet":"max-snippet:-1","max-image-preview":"max-image-preview:large","max-video-preview":"max-video-preview:-1"},"canonical":"https:\/\/www.manaus.am.gov.br\/semcom\/manausprev-orienta-novas-regras-aposentadoria\/","og_locale":"pt_BR","og_type":"article","og_title":"Manausprev orienta servidores municipais sobre as novas regras de aposentadoria","og_description":"Manaus Previd\u00eancia orienta servidores municipais da Semed e da Semsa sobre as novas regras de aposentadoria.","og_url":"https:\/\/www.manaus.am.gov.br\/semcom\/manausprev-orienta-novas-regras-aposentadoria\/","og_site_name":"SEMCOM","article_published_time":"2026-04-17T19:49:48+00:00","article_modified_time":"2026-04-17T19:55:51+00:00","og_image":[{"width":1600,"height":1200,"url":"https:\/\/www.manaus.am.gov.br\/semcom\/wp-content\/uploads\/sites\/5\/2026\/04\/Educacao-Previdenciaria-1.jpeg","type":"image\/jpeg"}],"author":"Bruna Greco","twitter_card":"summary_large_image","twitter_misc":{"Written by":"Bruna Greco","Est. reading time":"3 minutos"},"schema":{"@context":"https:\/\/schema.org","@graph":[{"@type":"WebPage","@id":"https:\/\/www.manaus.am.gov.br\/semcom\/manausprev-orienta-novas-regras-aposentadoria\/","url":"https:\/\/www.manaus.am.gov.br\/semcom\/manausprev-orienta-novas-regras-aposentadoria\/","name":"Manausprev orienta servidores municipais sobre as novas regras de aposentadoria","isPartOf":{"@id":"https:\/\/www.manaus.am.gov.br\/semcom\/#website"},"primaryImageOfPage":{"@id":"https:\/\/www.manaus.am.gov.br\/semcom\/manausprev-orienta-novas-regras-aposentadoria\/#primaryimage"},"image":{"@id":"https:\/\/www.manaus.am.gov.br\/semcom\/manausprev-orienta-novas-regras-aposentadoria\/#primaryimage"},"thumbnailUrl":"https:\/\/www.manaus.am.gov.br\/semcom\/wp-content\/uploads\/sites\/5\/2026\/04\/Educacao-Previdenciaria-1.jpeg","datePublished":"2026-04-17T19:49:48+00:00","dateModified":"2026-04-17T19:55:51+00:00","author":{"@id":"https:\/\/www.manaus.am.gov.br\/semcom\/#\/schema\/person\/05d223aea2bf115f9883a6ff3683d81b"},"description":"Manaus Previd\u00eancia orienta servidores municipais da Semed e da Semsa sobre as novas regras de aposentadoria.","inLanguage":"pt-BR","potentialAction":[{"@type":"ReadAction","target":["https:\/\/www.manaus.am.gov.br\/semcom\/manausprev-orienta-novas-regras-aposentadoria\/"]}]},{"@type":"ImageObject","inLanguage":"pt-BR","@id":"https:\/\/www.manaus.am.gov.br\/semcom\/manausprev-orienta-novas-regras-aposentadoria\/#primaryimage","url":"https:\/\/www.manaus.am.gov.br\/semcom\/wp-content\/uploads\/sites\/5\/2026\/04\/Educacao-Previdenciaria-1.jpeg","contentUrl":"https:\/\/www.manaus.am.gov.br\/semcom\/wp-content\/uploads\/sites\/5\/2026\/04\/Educacao-Previdenciaria-1.jpeg","width":1600,"height":1200,"caption":"#paratodosverem - Servidores da Semed e da Semsa participando de encontro voltado a educa\u00e7\u00e3o previdenci\u00e1ria promovido pela Manausprev"},{"@type":"WebSite","@id":"https:\/\/www.manaus.am.gov.br\/semcom\/#website","url":"https:\/\/www.manaus.am.gov.br\/semcom\/","name":"SEMCOM","description":"Secretaria Municipal de Comunica\u00e7\u00e3o","potentialAction":[{"@type":"SearchAction","target":{"@type":"EntryPoint","urlTemplate":"https:\/\/www.manaus.am.gov.br\/semcom\/?s={search_term_string}"},"query-input":"required name=search_term_string"}],"inLanguage":"pt-BR"},{"@type":"Person","@id":"https:\/\/www.manaus.am.gov.br\/semcom\/#\/schema\/person\/05d223aea2bf115f9883a6ff3683d81b","name":"Bruna Greco","image":{"@type":"ImageObject","inLanguage":"pt-BR","@id":"https:\/\/www.manaus.am.gov.br\/semcom\/#\/schema\/person\/image\/","url":"https:\/\/secure.gravatar.com\/avatar\/9c877d1a6adc2a055330e5c09a8653ce?s=96&d=mm&r=g","contentUrl":"https:\/\/secure.gravatar.com\/avatar\/9c877d1a6adc2a055330e5c09a8653ce?s=96&d=mm&r=g","caption":"Bruna Greco"}}]}},"_links":{"self":[{"href":"https:\/\/www.manaus.am.gov.br\/semcom\/wp-json\/wp\/v2\/posts\/256974"}],"collection":[{"href":"https:\/\/www.manaus.am.gov.br\/semcom\/wp-json\/wp\/v2\/posts"}],"about":[{"href":"https:\/\/www.manaus.am.gov.br\/semcom\/wp-json\/wp\/v2\/types\/post"}],"author":[{"embeddable":true,"href":"https:\/\/www.manaus.am.gov.br\/semcom\/wp-json\/wp\/v2\/users\/39"}],"replies":[{"embeddable":true,"href":"https:\/\/www.manaus.am.gov.br\/semcom\/wp-json\/wp\/v2\/comments?post=256974"}],"version-history":[{"count":3,"href":"https:\/\/www.manaus.am.gov.br\/semcom\/wp-json\/wp\/v2\/posts\/256974\/revisions"}],"predecessor-version":[{"id":256979,"href":"https:\/\/www.manaus.am.gov.br\/semcom\/wp-json\/wp\/v2\/posts\/256974\/revisions\/256979"}],"wp:featuredmedia":[{"embeddable":true,"href":"https:\/\/www.manaus.am.gov.br\/semcom\/wp-json\/wp\/v2\/media\/256975"}],"wp:attachment":[{"href":"https:\/\/www.manaus.am.gov.br\/semcom\/wp-json\/wp\/v2\/media?parent=256974"}],"wp:term":[{"taxonomy":"category","embeddable":true,"href":"https:\/\/www.manaus.am.gov.br\/semcom\/wp-json\/wp\/v2\/categories?post=256974"},{"taxonomy":"post_tag","embeddable":true,"href":"https:\/\/www.manaus.am.gov.br\/semcom\/wp-json\/wp\/v2\/tags?post=256974"}],"curies":[{"name":"wp","href":"https:\/\/api.w.org\/{rel}","templated":true}]}}