{"id":256907,"date":"2026-04-17T10:46:35","date_gmt":"2026-04-17T13:46:35","guid":{"rendered":"https:\/\/www.manaus.am.gov.br\/semcom\/prefeitura-procon-gasdecozinha\/"},"modified":"2026-04-17T14:17:33","modified_gmt":"2026-04-17T17:17:33","slug":"prefeitura-procon-manaus-gasdecozinha","status":"publish","type":"post","link":"https:\/\/www.manaus.am.gov.br\/semcom\/prefeitura-procon-manaus-gasdecozinha\/","title":{"rendered":"Procon Manaus divulga nova pesquisa sobre pre\u00e7os do g\u00e1s de cozinha na capital"},"content":{"rendered":"\n<p>A <a href=\"https:\/\/www.manaus.am.gov.br\/\">Prefeitura de Manaus<\/a>, por meio do\u00a0<a href=\"https:\/\/www.procon.am.gov.br\/\">Servi\u00e7o de Atendimento e Prote\u00e7\u00e3o ao Consumidor<\/a> (Procon Manaus), divulgou, nesta sexta-feira, 17\/4, o resultado da pesquisa mensal de pre\u00e7os do g\u00e1s de cozinha realizada em estabelecimentos da capital. O levantamento tem como objetivo refor\u00e7ar a prote\u00e7\u00e3o dos interesses dos consumidores quanto aos pre\u00e7os e \u00e0s ofertas de produtos e servi\u00e7os.<\/p>\n\n\n\n<p>A presidente do Procon Manaus, Onilda Abreu, destacou que o levantamento funciona como uma ferramenta estrat\u00e9gica para ampliar o acesso \u00e0 informa\u00e7\u00e3o e fortalecer o poder de escolha do consumidor. \u201cA partir do momento em que o consumidor conhece a realidade dos pre\u00e7os praticados na cidade, ele passa a ter mais autonomia para decidir onde comprar, evitando pagar mais caro pelo mesmo produto\u201d, afirmou.<\/p>\n\n\n\n<p>A coleta de dados foi realizada no dia 14 de abril de 2026, pela divis\u00e3o de Fiscaliza\u00e7\u00e3o do \u00f3rg\u00e3o, abrangendo 25 estabelecimentos distribu\u00eddos por todas as zonas da cidade. O levantamento analisou os botij\u00f5es de g\u00e1s de cozinha nos tamanhos de 7 quilos, 8 quilos e 13 quilos, considerando as distribuidoras em opera\u00e7\u00e3o na capital.&nbsp;<\/p>\n\n\n\n<p>A metodologia utilizada na pesquisa foi baseada em coleta de dados por modelo h\u00edbrido, incluindo consulta a refer\u00eancias oficiais, levantamento direto em revendedoras e verifica\u00e7\u00e3o em canais digitais, garantindo maior precis\u00e3o nas informa\u00e7\u00f5es obtidas.&nbsp;<\/p>\n\n\n\n<p>Em rela\u00e7\u00e3o ao botij\u00e3o de 13 quilos, padr\u00e3o de mercado, os pre\u00e7os variaram conforme a distribuidora, sendo identificado o menor valor de R$ 119 e o maior de R$ 136,50. J\u00e1 o botij\u00e3o de 7 quilos apresentou pre\u00e7os entre R$ 74 e R$ 84, com diferen\u00e7a de R$ 10 entre o menor e o maior valor encontrado. No caso do botij\u00e3o de 8 quilos, os pre\u00e7os variaram de R$ 73 a R$ 90, registrando diferen\u00e7a de R$ 17 entre os estabelecimentos pesquisados.&nbsp;<\/p>\n\n\n\n<p>Os valores constatados referem-se exclusivamente aos pre\u00e7os praticados para pagamentos \u00e0 vista, n\u00e3o incluindo eventuais taxas adicionais, como a cobran\u00e7a de entrega domiciliar, que podem variar conforme o estabelecimento e a localidade atendida. Ressalta-se ainda que os pre\u00e7os informados correspondem \u00e0 data de realiza\u00e7\u00e3o da pesquisa, podendo sofrer altera\u00e7\u00f5es posteriores.<\/p>\n\n\n\n<p>&#8212; &#8212; &#8212;<\/p>\n\n\n\n<p><strong>Texto&nbsp;<\/strong>\u2013 Lara Bernardes\/ Procon Manaus<\/p>\n\n\n\n<p><strong>Fotos&nbsp;<\/strong>\u2013 Divulga\u00e7\u00e3o e Cl\u00f3vis Miranda\/Semcom Arquivo<\/p>\n","protected":false},"excerpt":{"rendered":"","protected":false},"author":23,"featured_media":256908,"comment_status":"closed","ping_status":"closed","sticky":false,"template":"","format":"standard","meta":{"footnotes":""},"categories":[223],"tags":[19918,10789,77,5594],"acf":[],"yoast_head":"<!-- This site is optimized with the Yoast SEO plugin v23.0 - https:\/\/yoast.com\/wordpress\/plugins\/seo\/ -->\n<title>Procon Manaus divulga nova pesquisa sobre pre\u00e7os do g\u00e1s de cozinha na capital<\/title>\n<meta name=\"description\" content=\"A Prefeitura de Manaus, por meio do Servi\u00e7o de Atendimento e Prote\u00e7\u00e3o ao Consumidor (Procon Manaus), divulgou, nesta sexta-feira, 17\/4, o resultado da pesquisa mensal de pre\u00e7os do g\u00e1s de cozinha realizada em estabelecimentos da capital.\" \/>\n<meta name=\"robots\" content=\"index, follow, max-snippet:-1, max-image-preview:large, max-video-preview:-1\" \/>\n<link rel=\"canonical\" href=\"https:\/\/www.manaus.am.gov.br\/semcom\/prefeitura-procon-gasdecozinha\/\" \/>\n<meta property=\"og:locale\" content=\"pt_BR\" \/>\n<meta property=\"og:type\" content=\"article\" \/>\n<meta property=\"og:title\" content=\"Procon Manaus divulga nova pesquisa sobre pre\u00e7os do g\u00e1s de cozinha na capital\" \/>\n<meta property=\"og:description\" content=\"A Prefeitura de Manaus, por meio do Servi\u00e7o de Atendimento e Prote\u00e7\u00e3o ao Consumidor (Procon Manaus), divulgou, nesta sexta-feira, 17\/4, o resultado da pesquisa mensal de pre\u00e7os do g\u00e1s de cozinha realizada em estabelecimentos da capital.\" \/>\n<meta property=\"og:url\" content=\"https:\/\/www.manaus.am.gov.br\/semcom\/prefeitura-procon-gasdecozinha\/\" \/>\n<meta property=\"og:site_name\" content=\"SEMCOM\" \/>\n<meta property=\"article:published_time\" content=\"2026-04-17T13:46:35+00:00\" \/>\n<meta property=\"article:modified_time\" content=\"2026-04-17T17:17:33+00:00\" \/>\n<meta property=\"og:image\" content=\"https:\/\/www.manaus.am.gov.br\/semcom\/wp-content\/uploads\/sites\/5\/2026\/04\/WhatsApp-Image-2026-04-16-at-15.17.52.jpeg\" \/>\n\t<meta property=\"og:image:width\" content=\"1536\" \/>\n\t<meta property=\"og:image:height\" content=\"1023\" \/>\n\t<meta property=\"og:image:type\" content=\"image\/jpeg\" \/>\n<meta name=\"author\" content=\"Adriana Costa\" \/>\n<meta name=\"twitter:card\" content=\"summary_large_image\" \/>\n<meta name=\"twitter:label1\" content=\"Written by\" \/>\n\t<meta name=\"twitter:data1\" content=\"Adriana Costa\" \/>\n\t<meta name=\"twitter:label2\" content=\"Est. reading time\" \/>\n\t<meta name=\"twitter:data2\" content=\"3 minutos\" \/>\n<script type=\"application\/ld+json\" class=\"yoast-schema-graph\">{\"@context\":\"https:\/\/schema.org\",\"@graph\":[{\"@type\":\"WebPage\",\"@id\":\"https:\/\/www.manaus.am.gov.br\/semcom\/prefeitura-procon-gasdecozinha\/\",\"url\":\"https:\/\/www.manaus.am.gov.br\/semcom\/prefeitura-procon-gasdecozinha\/\",\"name\":\"Procon Manaus divulga nova pesquisa sobre pre\u00e7os do g\u00e1s de cozinha na capital\",\"isPartOf\":{\"@id\":\"https:\/\/www.manaus.am.gov.br\/semcom\/#website\"},\"primaryImageOfPage\":{\"@id\":\"https:\/\/www.manaus.am.gov.br\/semcom\/prefeitura-procon-gasdecozinha\/#primaryimage\"},\"image\":{\"@id\":\"https:\/\/www.manaus.am.gov.br\/semcom\/prefeitura-procon-gasdecozinha\/#primaryimage\"},\"thumbnailUrl\":\"https:\/\/www.manaus.am.gov.br\/semcom\/wp-content\/uploads\/sites\/5\/2026\/04\/WhatsApp-Image-2026-04-16-at-15.17.52.jpeg\",\"datePublished\":\"2026-04-17T13:46:35+00:00\",\"dateModified\":\"2026-04-17T17:17:33+00:00\",\"author\":{\"@id\":\"https:\/\/www.manaus.am.gov.br\/semcom\/#\/schema\/person\/4e49f4e267757a06ca072ec61b2b9968\"},\"description\":\"A Prefeitura de Manaus, por meio do Servi\u00e7o de Atendimento e Prote\u00e7\u00e3o ao Consumidor (Procon Manaus), divulgou, nesta sexta-feira, 17\/4, o resultado da pesquisa mensal de pre\u00e7os do g\u00e1s de cozinha realizada em estabelecimentos da capital.\",\"inLanguage\":\"pt-BR\",\"potentialAction\":[{\"@type\":\"ReadAction\",\"target\":[\"https:\/\/www.manaus.am.gov.br\/semcom\/prefeitura-procon-gasdecozinha\/\"]}]},{\"@type\":\"ImageObject\",\"inLanguage\":\"pt-BR\",\"@id\":\"https:\/\/www.manaus.am.gov.br\/semcom\/prefeitura-procon-gasdecozinha\/#primaryimage\",\"url\":\"https:\/\/www.manaus.am.gov.br\/semcom\/wp-content\/uploads\/sites\/5\/2026\/04\/WhatsApp-Image-2026-04-16-at-15.17.52.jpeg\",\"contentUrl\":\"https:\/\/www.manaus.am.gov.br\/semcom\/wp-content\/uploads\/sites\/5\/2026\/04\/WhatsApp-Image-2026-04-16-at-15.17.52.jpeg\",\"width\":1536,\"height\":1023,\"caption\":\"#paratodosverem - M\u00e3os seguram botij\u00e3o de g\u00e1s\"},{\"@type\":\"WebSite\",\"@id\":\"https:\/\/www.manaus.am.gov.br\/semcom\/#website\",\"url\":\"https:\/\/www.manaus.am.gov.br\/semcom\/\",\"name\":\"SEMCOM\",\"description\":\"Secretaria Municipal de Comunica\u00e7\u00e3o\",\"potentialAction\":[{\"@type\":\"SearchAction\",\"target\":{\"@type\":\"EntryPoint\",\"urlTemplate\":\"https:\/\/www.manaus.am.gov.br\/semcom\/?s={search_term_string}\"},\"query-input\":\"required name=search_term_string\"}],\"inLanguage\":\"pt-BR\"},{\"@type\":\"Person\",\"@id\":\"https:\/\/www.manaus.am.gov.br\/semcom\/#\/schema\/person\/4e49f4e267757a06ca072ec61b2b9968\",\"name\":\"Adriana Costa\",\"image\":{\"@type\":\"ImageObject\",\"inLanguage\":\"pt-BR\",\"@id\":\"https:\/\/www.manaus.am.gov.br\/semcom\/#\/schema\/person\/image\/\",\"url\":\"https:\/\/secure.gravatar.com\/avatar\/576258617ef7194f718179e766d57bd4?s=96&d=mm&r=g\",\"contentUrl\":\"https:\/\/secure.gravatar.com\/avatar\/576258617ef7194f718179e766d57bd4?s=96&d=mm&r=g\",\"caption\":\"Adriana Costa\"}}]}<\/script>\n<!-- \/ Yoast SEO plugin. -->","yoast_head_json":{"title":"Procon Manaus divulga nova pesquisa sobre pre\u00e7os do g\u00e1s de cozinha na capital","description":"A Prefeitura de Manaus, por meio do Servi\u00e7o de Atendimento e Prote\u00e7\u00e3o ao Consumidor (Procon Manaus), divulgou, nesta sexta-feira, 17\/4, o resultado da pesquisa mensal de pre\u00e7os do g\u00e1s de cozinha realizada em estabelecimentos da capital.","robots":{"index":"index","follow":"follow","max-snippet":"max-snippet:-1","max-image-preview":"max-image-preview:large","max-video-preview":"max-video-preview:-1"},"canonical":"https:\/\/www.manaus.am.gov.br\/semcom\/prefeitura-procon-gasdecozinha\/","og_locale":"pt_BR","og_type":"article","og_title":"Procon Manaus divulga nova pesquisa sobre pre\u00e7os do g\u00e1s de cozinha na capital","og_description":"A Prefeitura de Manaus, por meio do Servi\u00e7o de Atendimento e Prote\u00e7\u00e3o ao Consumidor (Procon Manaus), divulgou, nesta sexta-feira, 17\/4, o resultado da pesquisa mensal de pre\u00e7os do g\u00e1s de cozinha realizada em estabelecimentos da capital.","og_url":"https:\/\/www.manaus.am.gov.br\/semcom\/prefeitura-procon-gasdecozinha\/","og_site_name":"SEMCOM","article_published_time":"2026-04-17T13:46:35+00:00","article_modified_time":"2026-04-17T17:17:33+00:00","og_image":[{"width":1536,"height":1023,"url":"https:\/\/www.manaus.am.gov.br\/semcom\/wp-content\/uploads\/sites\/5\/2026\/04\/WhatsApp-Image-2026-04-16-at-15.17.52.jpeg","type":"image\/jpeg"}],"author":"Adriana Costa","twitter_card":"summary_large_image","twitter_misc":{"Written by":"Adriana Costa","Est. reading time":"3 minutos"},"schema":{"@context":"https:\/\/schema.org","@graph":[{"@type":"WebPage","@id":"https:\/\/www.manaus.am.gov.br\/semcom\/prefeitura-procon-gasdecozinha\/","url":"https:\/\/www.manaus.am.gov.br\/semcom\/prefeitura-procon-gasdecozinha\/","name":"Procon Manaus divulga nova pesquisa sobre pre\u00e7os do g\u00e1s de cozinha na capital","isPartOf":{"@id":"https:\/\/www.manaus.am.gov.br\/semcom\/#website"},"primaryImageOfPage":{"@id":"https:\/\/www.manaus.am.gov.br\/semcom\/prefeitura-procon-gasdecozinha\/#primaryimage"},"image":{"@id":"https:\/\/www.manaus.am.gov.br\/semcom\/prefeitura-procon-gasdecozinha\/#primaryimage"},"thumbnailUrl":"https:\/\/www.manaus.am.gov.br\/semcom\/wp-content\/uploads\/sites\/5\/2026\/04\/WhatsApp-Image-2026-04-16-at-15.17.52.jpeg","datePublished":"2026-04-17T13:46:35+00:00","dateModified":"2026-04-17T17:17:33+00:00","author":{"@id":"https:\/\/www.manaus.am.gov.br\/semcom\/#\/schema\/person\/4e49f4e267757a06ca072ec61b2b9968"},"description":"A Prefeitura de Manaus, por meio do Servi\u00e7o de Atendimento e Prote\u00e7\u00e3o ao Consumidor (Procon Manaus), divulgou, nesta sexta-feira, 17\/4, o resultado da pesquisa mensal de pre\u00e7os do g\u00e1s de cozinha realizada em estabelecimentos da capital.","inLanguage":"pt-BR","potentialAction":[{"@type":"ReadAction","target":["https:\/\/www.manaus.am.gov.br\/semcom\/prefeitura-procon-gasdecozinha\/"]}]},{"@type":"ImageObject","inLanguage":"pt-BR","@id":"https:\/\/www.manaus.am.gov.br\/semcom\/prefeitura-procon-gasdecozinha\/#primaryimage","url":"https:\/\/www.manaus.am.gov.br\/semcom\/wp-content\/uploads\/sites\/5\/2026\/04\/WhatsApp-Image-2026-04-16-at-15.17.52.jpeg","contentUrl":"https:\/\/www.manaus.am.gov.br\/semcom\/wp-content\/uploads\/sites\/5\/2026\/04\/WhatsApp-Image-2026-04-16-at-15.17.52.jpeg","width":1536,"height":1023,"caption":"#paratodosverem - M\u00e3os seguram botij\u00e3o de g\u00e1s"},{"@type":"WebSite","@id":"https:\/\/www.manaus.am.gov.br\/semcom\/#website","url":"https:\/\/www.manaus.am.gov.br\/semcom\/","name":"SEMCOM","description":"Secretaria Municipal de Comunica\u00e7\u00e3o","potentialAction":[{"@type":"SearchAction","target":{"@type":"EntryPoint","urlTemplate":"https:\/\/www.manaus.am.gov.br\/semcom\/?s={search_term_string}"},"query-input":"required name=search_term_string"}],"inLanguage":"pt-BR"},{"@type":"Person","@id":"https:\/\/www.manaus.am.gov.br\/semcom\/#\/schema\/person\/4e49f4e267757a06ca072ec61b2b9968","name":"Adriana Costa","image":{"@type":"ImageObject","inLanguage":"pt-BR","@id":"https:\/\/www.manaus.am.gov.br\/semcom\/#\/schema\/person\/image\/","url":"https:\/\/secure.gravatar.com\/avatar\/576258617ef7194f718179e766d57bd4?s=96&d=mm&r=g","contentUrl":"https:\/\/secure.gravatar.com\/avatar\/576258617ef7194f718179e766d57bd4?s=96&d=mm&r=g","caption":"Adriana Costa"}}]}},"_links":{"self":[{"href":"https:\/\/www.manaus.am.gov.br\/semcom\/wp-json\/wp\/v2\/posts\/256907"}],"collection":[{"href":"https:\/\/www.manaus.am.gov.br\/semcom\/wp-json\/wp\/v2\/posts"}],"about":[{"href":"https:\/\/www.manaus.am.gov.br\/semcom\/wp-json\/wp\/v2\/types\/post"}],"author":[{"embeddable":true,"href":"https:\/\/www.manaus.am.gov.br\/semcom\/wp-json\/wp\/v2\/users\/23"}],"replies":[{"embeddable":true,"href":"https:\/\/www.manaus.am.gov.br\/semcom\/wp-json\/wp\/v2\/comments?post=256907"}],"version-history":[{"count":4,"href":"https:\/\/www.manaus.am.gov.br\/semcom\/wp-json\/wp\/v2\/posts\/256907\/revisions"}],"predecessor-version":[{"id":256928,"href":"https:\/\/www.manaus.am.gov.br\/semcom\/wp-json\/wp\/v2\/posts\/256907\/revisions\/256928"}],"wp:featuredmedia":[{"embeddable":true,"href":"https:\/\/www.manaus.am.gov.br\/semcom\/wp-json\/wp\/v2\/media\/256908"}],"wp:attachment":[{"href":"https:\/\/www.manaus.am.gov.br\/semcom\/wp-json\/wp\/v2\/media?parent=256907"}],"wp:term":[{"taxonomy":"category","embeddable":true,"href":"https:\/\/www.manaus.am.gov.br\/semcom\/wp-json\/wp\/v2\/categories?post=256907"},{"taxonomy":"post_tag","embeddable":true,"href":"https:\/\/www.manaus.am.gov.br\/semcom\/wp-json\/wp\/v2\/tags?post=256907"}],"curies":[{"name":"wp","href":"https:\/\/api.w.org\/{rel}","templated":true}]}}