{"id":256792,"date":"2026-04-15T17:03:31","date_gmt":"2026-04-15T20:03:31","guid":{"rendered":"https:\/\/www.manaus.am.gov.br\/semcom\/prefeitura-manausprev-abrilazul\/"},"modified":"2026-04-15T17:15:11","modified_gmt":"2026-04-15T20:15:11","slug":"prefeitura-manausprev-abrilazul","status":"publish","type":"post","link":"https:\/\/www.manaus.am.gov.br\/semcom\/prefeitura-manausprev-abrilazul\/","title":{"rendered":"Manausprev refor\u00e7a conscientiza\u00e7\u00e3o sobre autismo para aposentados e pensionistas"},"content":{"rendered":"\n<p>Em alus\u00e3o ao \u201cAbril Azul\u201d, m\u00eas de conscientiza\u00e7\u00e3o sobre o Transtorno do Espectro Autista (TEA), a <a href=\"https:\/\/www.manaus.am.gov.br\/\">Prefeitura de Manaus<\/a>, por meio da <a href=\"https:\/\/www.instagram.com\/manausprevidencia\/\">Manaus Previd\u00eancia<\/a>, promoveu uma a\u00e7\u00e3o de sensibiliza\u00e7\u00e3o voltada \u00e0s participantes das atividades do programa \u201cVitalidade\u201d, nesta quarta-feira, 15\/4. A iniciativa ocorreu na sede da autarquia, na avenida Constantino Nery, bairro Chapada, zona Centro-Sul.<\/p>\n\n\n\n<p>A programa\u00e7\u00e3o foi direcionada \u00e0s benefici\u00e1rias que participam das atividades de dan\u00e7a, musicoterapia e artesanato oferecidas pelo programa e teve como objetivo ampliar o conhecimento sobre o TEA, al\u00e9m de contribuir para o combate \u00e0 desinforma\u00e7\u00e3o, aos estigmas e ao preconceito relacionados ao transtorno.<\/p>\n\n\n\n<p>A a\u00e7\u00e3o foi realizada em parceria com a Associa\u00e7\u00e3o de Amigos do Autista no Amazonas (AMA-AM), que conduziu uma roda de conversa com as participantes. Durante o encontro, a representante da entidade, Raimara Frota, apresentou informa\u00e7\u00f5es sobre os sinais de autismo, n\u00edveis de suporte, terapias dispon\u00edveis e esclareceu d\u00favidas frequentes sobre o transtorno, al\u00e9m de desmistificar conceitos equivocados que ainda cercam o tema.<\/p>\n\n\n\n<p>\u201cFalamos um pouco sobre esse tema que ainda \u00e9 tratado com muitos estigmas e preconceito. Esclarecemos algumas quest\u00f5es como, por exemplo, os sinais que a pessoa com TEA pode apresentar, os n\u00edveis e as terapias. Tenho certeza de que elas v\u00e3o sair daqui multiplicadoras desse conhecimento\u201d, destacou Raimara Frota.<\/p>\n\n\n\n<p>A a\u00e7\u00e3o integra o calend\u00e1rio de atividades psicossociais da Manausprev e refor\u00e7a o compromisso da autarquia com a promo\u00e7\u00e3o da informa\u00e7\u00e3o, inclus\u00e3o e cidadania entre seus segurados e benefici\u00e1rios.<\/p>\n\n\n\n<p>&#8212; &#8212; &#8212;<\/p>\n\n\n\n<p><strong>Texto e fotos<\/strong>&nbsp;\u2013 Renata Felix \/ Manaus Previd\u00eancia<\/p>\n","protected":false},"excerpt":{"rendered":"","protected":false},"author":23,"featured_media":256793,"comment_status":"closed","ping_status":"closed","sticky":false,"template":"","format":"standard","meta":{"footnotes":""},"categories":[272],"tags":[3816,9159,1173,9617,77],"acf":[],"yoast_head":"<!-- This site is optimized with the Yoast SEO plugin v23.0 - https:\/\/yoast.com\/wordpress\/plugins\/seo\/ -->\n<title>Manausprev refor\u00e7a conscientiza\u00e7\u00e3o sobre autismo para aposentados e pensionistas<\/title>\n<meta name=\"description\" content=\"Em alus\u00e3o ao \u201cAbril Azul\u201d, m\u00eas de conscientiza\u00e7\u00e3o sobre o Transtorno do Espectro Autista (TEA), a Prefeitura de Manaus, por meio da Manaus Previd\u00eancia, promoveu uma a\u00e7\u00e3o de sensibiliza\u00e7\u00e3o voltada \u00e0s participantes das atividades do programa \u201cVitalidade\u201d, nesta quarta-feira, 15\/4. A iniciativa ocorreu na sede da autarquia, na avenida Constantino Nery, bairro Chapada, zona Centro-Sul.\" \/>\n<meta name=\"robots\" content=\"index, follow, max-snippet:-1, max-image-preview:large, max-video-preview:-1\" \/>\n<link rel=\"canonical\" href=\"https:\/\/www.manaus.am.gov.br\/semcom\/prefeitura-manausprev-abrilazul\/\" \/>\n<meta property=\"og:locale\" content=\"pt_BR\" \/>\n<meta property=\"og:type\" content=\"article\" \/>\n<meta property=\"og:title\" content=\"Manausprev refor\u00e7a conscientiza\u00e7\u00e3o sobre autismo para aposentados e pensionistas\" \/>\n<meta property=\"og:description\" content=\"Em alus\u00e3o ao \u201cAbril Azul\u201d, m\u00eas de conscientiza\u00e7\u00e3o sobre o Transtorno do Espectro Autista (TEA), a Prefeitura de Manaus, por meio da Manaus Previd\u00eancia, promoveu uma a\u00e7\u00e3o de sensibiliza\u00e7\u00e3o voltada \u00e0s participantes das atividades do programa \u201cVitalidade\u201d, nesta quarta-feira, 15\/4. A iniciativa ocorreu na sede da autarquia, na avenida Constantino Nery, bairro Chapada, zona Centro-Sul.\" \/>\n<meta property=\"og:url\" content=\"https:\/\/www.manaus.am.gov.br\/semcom\/prefeitura-manausprev-abrilazul\/\" \/>\n<meta property=\"og:site_name\" content=\"SEMCOM\" \/>\n<meta property=\"article:published_time\" content=\"2026-04-15T20:03:31+00:00\" \/>\n<meta property=\"article:modified_time\" content=\"2026-04-15T20:15:11+00:00\" \/>\n<meta property=\"og:image\" content=\"https:\/\/www.manaus.am.gov.br\/semcom\/wp-content\/uploads\/sites\/5\/2026\/04\/conscientizacao-autismo-2.jpeg\" \/>\n\t<meta property=\"og:image:width\" content=\"1600\" \/>\n\t<meta property=\"og:image:height\" content=\"1200\" \/>\n\t<meta property=\"og:image:type\" content=\"image\/jpeg\" \/>\n<meta name=\"author\" content=\"Adriana Costa\" \/>\n<meta name=\"twitter:card\" content=\"summary_large_image\" \/>\n<meta name=\"twitter:label1\" content=\"Written by\" \/>\n\t<meta name=\"twitter:data1\" content=\"Adriana Costa\" \/>\n\t<meta name=\"twitter:label2\" content=\"Est. reading time\" \/>\n\t<meta name=\"twitter:data2\" content=\"2 minutos\" \/>\n<script type=\"application\/ld+json\" class=\"yoast-schema-graph\">{\"@context\":\"https:\/\/schema.org\",\"@graph\":[{\"@type\":\"WebPage\",\"@id\":\"https:\/\/www.manaus.am.gov.br\/semcom\/prefeitura-manausprev-abrilazul\/\",\"url\":\"https:\/\/www.manaus.am.gov.br\/semcom\/prefeitura-manausprev-abrilazul\/\",\"name\":\"Manausprev refor\u00e7a conscientiza\u00e7\u00e3o sobre autismo para aposentados e pensionistas\",\"isPartOf\":{\"@id\":\"https:\/\/www.manaus.am.gov.br\/semcom\/#website\"},\"primaryImageOfPage\":{\"@id\":\"https:\/\/www.manaus.am.gov.br\/semcom\/prefeitura-manausprev-abrilazul\/#primaryimage\"},\"image\":{\"@id\":\"https:\/\/www.manaus.am.gov.br\/semcom\/prefeitura-manausprev-abrilazul\/#primaryimage\"},\"thumbnailUrl\":\"https:\/\/www.manaus.am.gov.br\/semcom\/wp-content\/uploads\/sites\/5\/2026\/04\/conscientizacao-autismo-2.jpeg\",\"datePublished\":\"2026-04-15T20:03:31+00:00\",\"dateModified\":\"2026-04-15T20:15:11+00:00\",\"author\":{\"@id\":\"https:\/\/www.manaus.am.gov.br\/semcom\/#\/schema\/person\/4e49f4e267757a06ca072ec61b2b9968\"},\"description\":\"Em alus\u00e3o ao \u201cAbril Azul\u201d, m\u00eas de conscientiza\u00e7\u00e3o sobre o Transtorno do Espectro Autista (TEA), a Prefeitura de Manaus, por meio da Manaus Previd\u00eancia, promoveu uma a\u00e7\u00e3o de sensibiliza\u00e7\u00e3o voltada \u00e0s participantes das atividades do programa \u201cVitalidade\u201d, nesta quarta-feira, 15\/4. A iniciativa ocorreu na sede da autarquia, na avenida Constantino Nery, bairro Chapada, zona Centro-Sul.\",\"inLanguage\":\"pt-BR\",\"potentialAction\":[{\"@type\":\"ReadAction\",\"target\":[\"https:\/\/www.manaus.am.gov.br\/semcom\/prefeitura-manausprev-abrilazul\/\"]}]},{\"@type\":\"ImageObject\",\"inLanguage\":\"pt-BR\",\"@id\":\"https:\/\/www.manaus.am.gov.br\/semcom\/prefeitura-manausprev-abrilazul\/#primaryimage\",\"url\":\"https:\/\/www.manaus.am.gov.br\/semcom\/wp-content\/uploads\/sites\/5\/2026\/04\/conscientizacao-autismo-2.jpeg\",\"contentUrl\":\"https:\/\/www.manaus.am.gov.br\/semcom\/wp-content\/uploads\/sites\/5\/2026\/04\/conscientizacao-autismo-2.jpeg\",\"width\":1600,\"height\":1200,\"caption\":\"#paratodosverem - A\u00e7\u00e3o de sensibiliza\u00e7\u00e3o sobre o \\\"Abril Azul\\\" para participantes do programa \\\"Vitalidade\\\", da Manaus Previd\u00eancia\"},{\"@type\":\"WebSite\",\"@id\":\"https:\/\/www.manaus.am.gov.br\/semcom\/#website\",\"url\":\"https:\/\/www.manaus.am.gov.br\/semcom\/\",\"name\":\"SEMCOM\",\"description\":\"Secretaria Municipal de Comunica\u00e7\u00e3o\",\"potentialAction\":[{\"@type\":\"SearchAction\",\"target\":{\"@type\":\"EntryPoint\",\"urlTemplate\":\"https:\/\/www.manaus.am.gov.br\/semcom\/?s={search_term_string}\"},\"query-input\":\"required name=search_term_string\"}],\"inLanguage\":\"pt-BR\"},{\"@type\":\"Person\",\"@id\":\"https:\/\/www.manaus.am.gov.br\/semcom\/#\/schema\/person\/4e49f4e267757a06ca072ec61b2b9968\",\"name\":\"Adriana Costa\",\"image\":{\"@type\":\"ImageObject\",\"inLanguage\":\"pt-BR\",\"@id\":\"https:\/\/www.manaus.am.gov.br\/semcom\/#\/schema\/person\/image\/\",\"url\":\"https:\/\/secure.gravatar.com\/avatar\/576258617ef7194f718179e766d57bd4?s=96&d=mm&r=g\",\"contentUrl\":\"https:\/\/secure.gravatar.com\/avatar\/576258617ef7194f718179e766d57bd4?s=96&d=mm&r=g\",\"caption\":\"Adriana Costa\"}}]}<\/script>\n<!-- \/ Yoast SEO plugin. -->","yoast_head_json":{"title":"Manausprev refor\u00e7a conscientiza\u00e7\u00e3o sobre autismo para aposentados e pensionistas","description":"Em alus\u00e3o ao \u201cAbril Azul\u201d, m\u00eas de conscientiza\u00e7\u00e3o sobre o Transtorno do Espectro Autista (TEA), a Prefeitura de Manaus, por meio da Manaus Previd\u00eancia, promoveu uma a\u00e7\u00e3o de sensibiliza\u00e7\u00e3o voltada \u00e0s participantes das atividades do programa \u201cVitalidade\u201d, nesta quarta-feira, 15\/4. A iniciativa ocorreu na sede da autarquia, na avenida Constantino Nery, bairro Chapada, zona Centro-Sul.","robots":{"index":"index","follow":"follow","max-snippet":"max-snippet:-1","max-image-preview":"max-image-preview:large","max-video-preview":"max-video-preview:-1"},"canonical":"https:\/\/www.manaus.am.gov.br\/semcom\/prefeitura-manausprev-abrilazul\/","og_locale":"pt_BR","og_type":"article","og_title":"Manausprev refor\u00e7a conscientiza\u00e7\u00e3o sobre autismo para aposentados e pensionistas","og_description":"Em alus\u00e3o ao \u201cAbril Azul\u201d, m\u00eas de conscientiza\u00e7\u00e3o sobre o Transtorno do Espectro Autista (TEA), a Prefeitura de Manaus, por meio da Manaus Previd\u00eancia, promoveu uma a\u00e7\u00e3o de sensibiliza\u00e7\u00e3o voltada \u00e0s participantes das atividades do programa \u201cVitalidade\u201d, nesta quarta-feira, 15\/4. A iniciativa ocorreu na sede da autarquia, na avenida Constantino Nery, bairro Chapada, zona Centro-Sul.","og_url":"https:\/\/www.manaus.am.gov.br\/semcom\/prefeitura-manausprev-abrilazul\/","og_site_name":"SEMCOM","article_published_time":"2026-04-15T20:03:31+00:00","article_modified_time":"2026-04-15T20:15:11+00:00","og_image":[{"width":1600,"height":1200,"url":"https:\/\/www.manaus.am.gov.br\/semcom\/wp-content\/uploads\/sites\/5\/2026\/04\/conscientizacao-autismo-2.jpeg","type":"image\/jpeg"}],"author":"Adriana Costa","twitter_card":"summary_large_image","twitter_misc":{"Written by":"Adriana Costa","Est. reading time":"2 minutos"},"schema":{"@context":"https:\/\/schema.org","@graph":[{"@type":"WebPage","@id":"https:\/\/www.manaus.am.gov.br\/semcom\/prefeitura-manausprev-abrilazul\/","url":"https:\/\/www.manaus.am.gov.br\/semcom\/prefeitura-manausprev-abrilazul\/","name":"Manausprev refor\u00e7a conscientiza\u00e7\u00e3o sobre autismo para aposentados e pensionistas","isPartOf":{"@id":"https:\/\/www.manaus.am.gov.br\/semcom\/#website"},"primaryImageOfPage":{"@id":"https:\/\/www.manaus.am.gov.br\/semcom\/prefeitura-manausprev-abrilazul\/#primaryimage"},"image":{"@id":"https:\/\/www.manaus.am.gov.br\/semcom\/prefeitura-manausprev-abrilazul\/#primaryimage"},"thumbnailUrl":"https:\/\/www.manaus.am.gov.br\/semcom\/wp-content\/uploads\/sites\/5\/2026\/04\/conscientizacao-autismo-2.jpeg","datePublished":"2026-04-15T20:03:31+00:00","dateModified":"2026-04-15T20:15:11+00:00","author":{"@id":"https:\/\/www.manaus.am.gov.br\/semcom\/#\/schema\/person\/4e49f4e267757a06ca072ec61b2b9968"},"description":"Em alus\u00e3o ao \u201cAbril Azul\u201d, m\u00eas de conscientiza\u00e7\u00e3o sobre o Transtorno do Espectro Autista (TEA), a Prefeitura de Manaus, por meio da Manaus Previd\u00eancia, promoveu uma a\u00e7\u00e3o de sensibiliza\u00e7\u00e3o voltada \u00e0s participantes das atividades do programa \u201cVitalidade\u201d, nesta quarta-feira, 15\/4. A iniciativa ocorreu na sede da autarquia, na avenida Constantino Nery, bairro Chapada, zona Centro-Sul.","inLanguage":"pt-BR","potentialAction":[{"@type":"ReadAction","target":["https:\/\/www.manaus.am.gov.br\/semcom\/prefeitura-manausprev-abrilazul\/"]}]},{"@type":"ImageObject","inLanguage":"pt-BR","@id":"https:\/\/www.manaus.am.gov.br\/semcom\/prefeitura-manausprev-abrilazul\/#primaryimage","url":"https:\/\/www.manaus.am.gov.br\/semcom\/wp-content\/uploads\/sites\/5\/2026\/04\/conscientizacao-autismo-2.jpeg","contentUrl":"https:\/\/www.manaus.am.gov.br\/semcom\/wp-content\/uploads\/sites\/5\/2026\/04\/conscientizacao-autismo-2.jpeg","width":1600,"height":1200,"caption":"#paratodosverem - A\u00e7\u00e3o de sensibiliza\u00e7\u00e3o sobre o \"Abril Azul\" para participantes do programa \"Vitalidade\", da Manaus Previd\u00eancia"},{"@type":"WebSite","@id":"https:\/\/www.manaus.am.gov.br\/semcom\/#website","url":"https:\/\/www.manaus.am.gov.br\/semcom\/","name":"SEMCOM","description":"Secretaria Municipal de Comunica\u00e7\u00e3o","potentialAction":[{"@type":"SearchAction","target":{"@type":"EntryPoint","urlTemplate":"https:\/\/www.manaus.am.gov.br\/semcom\/?s={search_term_string}"},"query-input":"required name=search_term_string"}],"inLanguage":"pt-BR"},{"@type":"Person","@id":"https:\/\/www.manaus.am.gov.br\/semcom\/#\/schema\/person\/4e49f4e267757a06ca072ec61b2b9968","name":"Adriana Costa","image":{"@type":"ImageObject","inLanguage":"pt-BR","@id":"https:\/\/www.manaus.am.gov.br\/semcom\/#\/schema\/person\/image\/","url":"https:\/\/secure.gravatar.com\/avatar\/576258617ef7194f718179e766d57bd4?s=96&d=mm&r=g","contentUrl":"https:\/\/secure.gravatar.com\/avatar\/576258617ef7194f718179e766d57bd4?s=96&d=mm&r=g","caption":"Adriana Costa"}}]}},"_links":{"self":[{"href":"https:\/\/www.manaus.am.gov.br\/semcom\/wp-json\/wp\/v2\/posts\/256792"}],"collection":[{"href":"https:\/\/www.manaus.am.gov.br\/semcom\/wp-json\/wp\/v2\/posts"}],"about":[{"href":"https:\/\/www.manaus.am.gov.br\/semcom\/wp-json\/wp\/v2\/types\/post"}],"author":[{"embeddable":true,"href":"https:\/\/www.manaus.am.gov.br\/semcom\/wp-json\/wp\/v2\/users\/23"}],"replies":[{"embeddable":true,"href":"https:\/\/www.manaus.am.gov.br\/semcom\/wp-json\/wp\/v2\/comments?post=256792"}],"version-history":[{"count":1,"href":"https:\/\/www.manaus.am.gov.br\/semcom\/wp-json\/wp\/v2\/posts\/256792\/revisions"}],"predecessor-version":[{"id":256795,"href":"https:\/\/www.manaus.am.gov.br\/semcom\/wp-json\/wp\/v2\/posts\/256792\/revisions\/256795"}],"wp:featuredmedia":[{"embeddable":true,"href":"https:\/\/www.manaus.am.gov.br\/semcom\/wp-json\/wp\/v2\/media\/256793"}],"wp:attachment":[{"href":"https:\/\/www.manaus.am.gov.br\/semcom\/wp-json\/wp\/v2\/media?parent=256792"}],"wp:term":[{"taxonomy":"category","embeddable":true,"href":"https:\/\/www.manaus.am.gov.br\/semcom\/wp-json\/wp\/v2\/categories?post=256792"},{"taxonomy":"post_tag","embeddable":true,"href":"https:\/\/www.manaus.am.gov.br\/semcom\/wp-json\/wp\/v2\/tags?post=256792"}],"curies":[{"name":"wp","href":"https:\/\/api.w.org\/{rel}","templated":true}]}}