{"id":256549,"date":"2026-04-10T21:15:39","date_gmt":"2026-04-11T01:15:39","guid":{"rendered":"https:\/\/www.manaus.am.gov.br\/semcom\/reducao-cesta-basica\/"},"modified":"2026-04-13T13:36:57","modified_gmt":"2026-04-13T16:36:57","slug":"reducao-cesta-basica","status":"publish","type":"post","link":"https:\/\/www.manaus.am.gov.br\/semcom\/reducao-cesta-basica\/","title":{"rendered":"Pesquisa do Procon Manaus aponta redu\u00e7\u00e3o de mais de 4% no valor da cesta b\u00e1sica em abril"},"content":{"rendered":"\n<p>A <a href=\"https:\/\/www.manaus.am.gov.br\/\">Prefeitura de Manaus<\/a>, por meio do <a href=\"https:\/\/www.procon.am.gov.br\/\">Servi\u00e7o de Atendimento e Prote\u00e7\u00e3o ao Consumidor<\/a> (Procon Manaus), divulga, nesta sexta-feira, 10\/4, o resultado da Pesquisa Mensal de Pre\u00e7os da Cesta B\u00e1sica referente ao m\u00eas de abril. O levantamento tem como objetivo acompanhar a varia\u00e7\u00e3o de pre\u00e7os de itens essenciais, promover a transpar\u00eancia nas rela\u00e7\u00f5es de consumo e auxiliar o consumidor no planejamento de suas compras.<\/p>\n\n\n\n<p>\u201cCom o intuito de oferecer ao consumidor um panorama claro dos pre\u00e7os praticados na cidade, a pesquisa contribui para que ele tenha mais autonomia no momento da compra. A partir dessas informa\u00e7\u00f5es, \u00e9 poss\u00edvel comparar melhor as op\u00e7\u00f5es dispon\u00edveis, evitar gastos desnecess\u00e1rios e planejar as compras de forma mais consciente\u201d, destacou a presidente do Procon Manaus, Onilda Abreu.<\/p>\n\n\n\n<p>A pesquisa foi realizada no dia 6\/4, em 10 supermercados distribu\u00eddos em diferentes zonas da capital amazonense. Ao todo, foram analisados 20 produtos, totalizando 39 itens que comp\u00f5em a cesta b\u00e1sica, com base nos par\u00e2metros do Decreto Federal n\u00ba 11.936\/2024 e na metodologia do Departamento Intersindical de Estat\u00edstica e Estudos Socioecon\u00f4micos (Dieese), seguindo seus padr\u00f5es e com ajustes \u00e0 realidade local, como a retirada da carne vermelha e a adequa\u00e7\u00e3o proporcional de peso e unidades de itens espec\u00edficos.<\/p>\n\n\n\n<p>Entre os estabelecimentos pesquisados, o Hiper DB, localizado na avenida Max Teixeira, no bairro Cidade Nova, apresentou o menor valor da cesta b\u00e1sica, com R$ 233,79. J\u00e1 o maior pre\u00e7o foi registrado no Carrefour, na avenida Djalma Batista, bairro Flores, onde a cesta atingiu R$ 315,86. A diferen\u00e7a entre os dois valores foi de R$ 82,07. O valor m\u00e9dio da cesta b\u00e1sica em Manaus ficou em R$ 272,47.<\/p>\n\n\n\n<p>Na compara\u00e7\u00e3o com o m\u00eas anterior, o levantamento apontou uma redu\u00e7\u00e3o de 4,70% no valor da cesta b\u00e1sica de pre\u00e7o m\u00e9dio, que passou de R$ 285,91 em mar\u00e7o para R$ 272,47 em abril. No mesmo per\u00edodo, itens como o mam\u00e3o e a macaxeira tamb\u00e9m apresentaram quedas expressivas, de 23,27% e 15,05%, respectivamente, com pre\u00e7os variando entre R$ 2,79 e R$ 11,99 o quilo, no caso do mam\u00e3o, e de R$ 3,99 a R$ 7,99 para a macaxeira. Em contrapartida, produtos como a cebola e o sal refinado registraram alta de 14,56% e 9,22%, respectivamente, com varia\u00e7\u00f5es entre os estabelecimentos pesquisados.<\/p>\n\n\n\n<p>O \u00f3rg\u00e3o ressalta que os pre\u00e7os apresentados correspondem ao per\u00edodo em que a pesquisa foi realizada e podem sofrer altera\u00e7\u00f5es devido a promo\u00e7\u00f5es, descontos ou disponibilidade dos produtos. Por isso, a orienta\u00e7\u00e3o \u00e9 que o consumidor pesquise antes de comprar.<br><\/p>\n\n\n\n<p><strong>Confira a lista de divulga\u00e7\u00e3o de pre\u00e7os<\/strong>:<\/p>\n\n\n\n<div data-wp-interactive=\"\" class=\"wp-block-file\"><object data-wp-bind--hidden=\"!selectors.core.file.hasPdfPreview\" hidden class=\"wp-block-file__embed\" data=\"https:\/\/www.manaus.am.gov.br\/semcom\/wp-content\/uploads\/sites\/5\/2026\/04\/CESTA-BASICA-abril01.pdf\" type=\"application\/pdf\" style=\"width:100%;height:600px\" aria-label=\"Incorporado de CESTA-BASICA-abril01.\"><\/object><a id=\"wp-block-file--media-993405bf-b7e3-47bf-b744-c69019589f74\" href=\"https:\/\/www.manaus.am.gov.br\/semcom\/wp-content\/uploads\/sites\/5\/2026\/04\/CESTA-BASICA-abril01.pdf\">CESTA-BASICA-abril01<\/a><a href=\"https:\/\/www.manaus.am.gov.br\/semcom\/wp-content\/uploads\/sites\/5\/2026\/04\/CESTA-BASICA-abril01.pdf\" class=\"wp-block-file__button wp-element-button\" download aria-describedby=\"wp-block-file--media-993405bf-b7e3-47bf-b744-c69019589f74\">Baixar<\/a><\/div>\n\n\n\n<p>\u2014 \u2014 \u2014<br><strong>Texto \u2013<\/strong> Lara Bernardes\/Procon Manaus<br><strong>Fotos \u2013<\/strong> Divulga\u00e7\u00e3o\/Procon<\/p>\n","protected":false},"excerpt":{"rendered":"","protected":false},"author":68,"featured_media":256550,"comment_status":"closed","ping_status":"closed","sticky":false,"template":"","format":"standard","meta":{"footnotes":""},"categories":[223],"tags":[20278,77,20279,33],"acf":[],"yoast_head":"<!-- This site is optimized with the Yoast SEO plugin v23.0 - https:\/\/yoast.com\/wordpress\/plugins\/seo\/ -->\n<title>Pesquisa do Procon Manaus aponta redu\u00e7\u00e3o de mais de 4% no valor da cesta b\u00e1sica em abril<\/title>\n<meta name=\"description\" content=\"A Prefeitura de Manaus (Procon Manaus), divulga, nesta sexta-feira, 10\/4, o resultado da Pesquisa Mensal de Pre\u00e7os da Cesta B\u00e1sica.\" \/>\n<meta name=\"robots\" content=\"index, follow, max-snippet:-1, max-image-preview:large, max-video-preview:-1\" \/>\n<link rel=\"canonical\" href=\"https:\/\/www.manaus.am.gov.br\/semcom\/reducao-cesta-basica\/\" \/>\n<meta property=\"og:locale\" content=\"pt_BR\" \/>\n<meta property=\"og:type\" content=\"article\" \/>\n<meta property=\"og:title\" content=\"Pesquisa do Procon Manaus aponta redu\u00e7\u00e3o de mais de 4% no valor da cesta b\u00e1sica em abril\" \/>\n<meta property=\"og:description\" content=\"A Prefeitura de Manaus (Procon Manaus), divulga, nesta sexta-feira, 10\/4, o resultado da Pesquisa Mensal de Pre\u00e7os da Cesta B\u00e1sica.\" \/>\n<meta property=\"og:url\" content=\"https:\/\/www.manaus.am.gov.br\/semcom\/reducao-cesta-basica\/\" \/>\n<meta property=\"og:site_name\" content=\"SEMCOM\" \/>\n<meta property=\"article:published_time\" content=\"2026-04-11T01:15:39+00:00\" \/>\n<meta property=\"article:modified_time\" content=\"2026-04-13T16:36:57+00:00\" \/>\n<meta property=\"og:image\" content=\"https:\/\/www.manaus.am.gov.br\/semcom\/wp-content\/uploads\/sites\/5\/2026\/04\/WhatsApp-Image-2026-04-10-at-14.18.44.jpeg\" \/>\n\t<meta property=\"og:image:width\" content=\"960\" \/>\n\t<meta property=\"og:image:height\" content=\"720\" \/>\n\t<meta property=\"og:image:type\" content=\"image\/jpeg\" \/>\n<meta name=\"author\" content=\"bvalente\" \/>\n<meta name=\"twitter:card\" content=\"summary_large_image\" \/>\n<meta name=\"twitter:label1\" content=\"Written by\" \/>\n\t<meta name=\"twitter:data1\" content=\"bvalente\" \/>\n\t<meta name=\"twitter:label2\" content=\"Est. reading time\" \/>\n\t<meta name=\"twitter:data2\" content=\"3 minutos\" \/>\n<script type=\"application\/ld+json\" class=\"yoast-schema-graph\">{\"@context\":\"https:\/\/schema.org\",\"@graph\":[{\"@type\":\"WebPage\",\"@id\":\"https:\/\/www.manaus.am.gov.br\/semcom\/reducao-cesta-basica\/\",\"url\":\"https:\/\/www.manaus.am.gov.br\/semcom\/reducao-cesta-basica\/\",\"name\":\"Pesquisa do Procon Manaus aponta redu\u00e7\u00e3o de mais de 4% no valor da cesta b\u00e1sica em abril\",\"isPartOf\":{\"@id\":\"https:\/\/www.manaus.am.gov.br\/semcom\/#website\"},\"primaryImageOfPage\":{\"@id\":\"https:\/\/www.manaus.am.gov.br\/semcom\/reducao-cesta-basica\/#primaryimage\"},\"image\":{\"@id\":\"https:\/\/www.manaus.am.gov.br\/semcom\/reducao-cesta-basica\/#primaryimage\"},\"thumbnailUrl\":\"https:\/\/www.manaus.am.gov.br\/semcom\/wp-content\/uploads\/sites\/5\/2026\/04\/WhatsApp-Image-2026-04-10-at-14.18.44.jpeg\",\"datePublished\":\"2026-04-11T01:15:39+00:00\",\"dateModified\":\"2026-04-13T16:36:57+00:00\",\"author\":{\"@id\":\"https:\/\/www.manaus.am.gov.br\/semcom\/#\/schema\/person\/466a0e03ae4b6062809046bd560ac955\"},\"description\":\"A Prefeitura de Manaus (Procon Manaus), divulga, nesta sexta-feira, 10\/4, o resultado da Pesquisa Mensal de Pre\u00e7os da Cesta B\u00e1sica.\",\"inLanguage\":\"pt-BR\",\"potentialAction\":[{\"@type\":\"ReadAction\",\"target\":[\"https:\/\/www.manaus.am.gov.br\/semcom\/reducao-cesta-basica\/\"]}]},{\"@type\":\"ImageObject\",\"inLanguage\":\"pt-BR\",\"@id\":\"https:\/\/www.manaus.am.gov.br\/semcom\/reducao-cesta-basica\/#primaryimage\",\"url\":\"https:\/\/www.manaus.am.gov.br\/semcom\/wp-content\/uploads\/sites\/5\/2026\/04\/WhatsApp-Image-2026-04-10-at-14.18.44.jpeg\",\"contentUrl\":\"https:\/\/www.manaus.am.gov.br\/semcom\/wp-content\/uploads\/sites\/5\/2026\/04\/WhatsApp-Image-2026-04-10-at-14.18.44.jpeg\",\"width\":960,\"height\":720,\"caption\":\"#paratodosverem \u2013 Fiscais do Procon Manaus realizando pesquisa de pre\u00e7os de cesta b\u00e1sica em supermercado da cidade\"},{\"@type\":\"WebSite\",\"@id\":\"https:\/\/www.manaus.am.gov.br\/semcom\/#website\",\"url\":\"https:\/\/www.manaus.am.gov.br\/semcom\/\",\"name\":\"SEMCOM\",\"description\":\"Secretaria Municipal de Comunica\u00e7\u00e3o\",\"potentialAction\":[{\"@type\":\"SearchAction\",\"target\":{\"@type\":\"EntryPoint\",\"urlTemplate\":\"https:\/\/www.manaus.am.gov.br\/semcom\/?s={search_term_string}\"},\"query-input\":\"required name=search_term_string\"}],\"inLanguage\":\"pt-BR\"},{\"@type\":\"Person\",\"@id\":\"https:\/\/www.manaus.am.gov.br\/semcom\/#\/schema\/person\/466a0e03ae4b6062809046bd560ac955\",\"name\":\"bvalente\",\"image\":{\"@type\":\"ImageObject\",\"inLanguage\":\"pt-BR\",\"@id\":\"https:\/\/www.manaus.am.gov.br\/semcom\/#\/schema\/person\/image\/\",\"url\":\"https:\/\/secure.gravatar.com\/avatar\/3e69bc2b014bdad41adfec3a39de07d2?s=96&d=mm&r=g\",\"contentUrl\":\"https:\/\/secure.gravatar.com\/avatar\/3e69bc2b014bdad41adfec3a39de07d2?s=96&d=mm&r=g\",\"caption\":\"bvalente\"}}]}<\/script>\n<!-- \/ Yoast SEO plugin. -->","yoast_head_json":{"title":"Pesquisa do Procon Manaus aponta redu\u00e7\u00e3o de mais de 4% no valor da cesta b\u00e1sica em abril","description":"A Prefeitura de Manaus (Procon Manaus), divulga, nesta sexta-feira, 10\/4, o resultado da Pesquisa Mensal de Pre\u00e7os da Cesta B\u00e1sica.","robots":{"index":"index","follow":"follow","max-snippet":"max-snippet:-1","max-image-preview":"max-image-preview:large","max-video-preview":"max-video-preview:-1"},"canonical":"https:\/\/www.manaus.am.gov.br\/semcom\/reducao-cesta-basica\/","og_locale":"pt_BR","og_type":"article","og_title":"Pesquisa do Procon Manaus aponta redu\u00e7\u00e3o de mais de 4% no valor da cesta b\u00e1sica em abril","og_description":"A Prefeitura de Manaus (Procon Manaus), divulga, nesta sexta-feira, 10\/4, o resultado da Pesquisa Mensal de Pre\u00e7os da Cesta B\u00e1sica.","og_url":"https:\/\/www.manaus.am.gov.br\/semcom\/reducao-cesta-basica\/","og_site_name":"SEMCOM","article_published_time":"2026-04-11T01:15:39+00:00","article_modified_time":"2026-04-13T16:36:57+00:00","og_image":[{"width":960,"height":720,"url":"https:\/\/www.manaus.am.gov.br\/semcom\/wp-content\/uploads\/sites\/5\/2026\/04\/WhatsApp-Image-2026-04-10-at-14.18.44.jpeg","type":"image\/jpeg"}],"author":"bvalente","twitter_card":"summary_large_image","twitter_misc":{"Written by":"bvalente","Est. reading time":"3 minutos"},"schema":{"@context":"https:\/\/schema.org","@graph":[{"@type":"WebPage","@id":"https:\/\/www.manaus.am.gov.br\/semcom\/reducao-cesta-basica\/","url":"https:\/\/www.manaus.am.gov.br\/semcom\/reducao-cesta-basica\/","name":"Pesquisa do Procon Manaus aponta redu\u00e7\u00e3o de mais de 4% no valor da cesta b\u00e1sica em abril","isPartOf":{"@id":"https:\/\/www.manaus.am.gov.br\/semcom\/#website"},"primaryImageOfPage":{"@id":"https:\/\/www.manaus.am.gov.br\/semcom\/reducao-cesta-basica\/#primaryimage"},"image":{"@id":"https:\/\/www.manaus.am.gov.br\/semcom\/reducao-cesta-basica\/#primaryimage"},"thumbnailUrl":"https:\/\/www.manaus.am.gov.br\/semcom\/wp-content\/uploads\/sites\/5\/2026\/04\/WhatsApp-Image-2026-04-10-at-14.18.44.jpeg","datePublished":"2026-04-11T01:15:39+00:00","dateModified":"2026-04-13T16:36:57+00:00","author":{"@id":"https:\/\/www.manaus.am.gov.br\/semcom\/#\/schema\/person\/466a0e03ae4b6062809046bd560ac955"},"description":"A Prefeitura de Manaus (Procon Manaus), divulga, nesta sexta-feira, 10\/4, o resultado da Pesquisa Mensal de Pre\u00e7os da Cesta B\u00e1sica.","inLanguage":"pt-BR","potentialAction":[{"@type":"ReadAction","target":["https:\/\/www.manaus.am.gov.br\/semcom\/reducao-cesta-basica\/"]}]},{"@type":"ImageObject","inLanguage":"pt-BR","@id":"https:\/\/www.manaus.am.gov.br\/semcom\/reducao-cesta-basica\/#primaryimage","url":"https:\/\/www.manaus.am.gov.br\/semcom\/wp-content\/uploads\/sites\/5\/2026\/04\/WhatsApp-Image-2026-04-10-at-14.18.44.jpeg","contentUrl":"https:\/\/www.manaus.am.gov.br\/semcom\/wp-content\/uploads\/sites\/5\/2026\/04\/WhatsApp-Image-2026-04-10-at-14.18.44.jpeg","width":960,"height":720,"caption":"#paratodosverem \u2013 Fiscais do Procon Manaus realizando pesquisa de pre\u00e7os de cesta b\u00e1sica em supermercado da cidade"},{"@type":"WebSite","@id":"https:\/\/www.manaus.am.gov.br\/semcom\/#website","url":"https:\/\/www.manaus.am.gov.br\/semcom\/","name":"SEMCOM","description":"Secretaria Municipal de Comunica\u00e7\u00e3o","potentialAction":[{"@type":"SearchAction","target":{"@type":"EntryPoint","urlTemplate":"https:\/\/www.manaus.am.gov.br\/semcom\/?s={search_term_string}"},"query-input":"required name=search_term_string"}],"inLanguage":"pt-BR"},{"@type":"Person","@id":"https:\/\/www.manaus.am.gov.br\/semcom\/#\/schema\/person\/466a0e03ae4b6062809046bd560ac955","name":"bvalente","image":{"@type":"ImageObject","inLanguage":"pt-BR","@id":"https:\/\/www.manaus.am.gov.br\/semcom\/#\/schema\/person\/image\/","url":"https:\/\/secure.gravatar.com\/avatar\/3e69bc2b014bdad41adfec3a39de07d2?s=96&d=mm&r=g","contentUrl":"https:\/\/secure.gravatar.com\/avatar\/3e69bc2b014bdad41adfec3a39de07d2?s=96&d=mm&r=g","caption":"bvalente"}}]}},"_links":{"self":[{"href":"https:\/\/www.manaus.am.gov.br\/semcom\/wp-json\/wp\/v2\/posts\/256549"}],"collection":[{"href":"https:\/\/www.manaus.am.gov.br\/semcom\/wp-json\/wp\/v2\/posts"}],"about":[{"href":"https:\/\/www.manaus.am.gov.br\/semcom\/wp-json\/wp\/v2\/types\/post"}],"author":[{"embeddable":true,"href":"https:\/\/www.manaus.am.gov.br\/semcom\/wp-json\/wp\/v2\/users\/68"}],"replies":[{"embeddable":true,"href":"https:\/\/www.manaus.am.gov.br\/semcom\/wp-json\/wp\/v2\/comments?post=256549"}],"version-history":[{"count":13,"href":"https:\/\/www.manaus.am.gov.br\/semcom\/wp-json\/wp\/v2\/posts\/256549\/revisions"}],"predecessor-version":[{"id":256618,"href":"https:\/\/www.manaus.am.gov.br\/semcom\/wp-json\/wp\/v2\/posts\/256549\/revisions\/256618"}],"wp:featuredmedia":[{"embeddable":true,"href":"https:\/\/www.manaus.am.gov.br\/semcom\/wp-json\/wp\/v2\/media\/256550"}],"wp:attachment":[{"href":"https:\/\/www.manaus.am.gov.br\/semcom\/wp-json\/wp\/v2\/media?parent=256549"}],"wp:term":[{"taxonomy":"category","embeddable":true,"href":"https:\/\/www.manaus.am.gov.br\/semcom\/wp-json\/wp\/v2\/categories?post=256549"},{"taxonomy":"post_tag","embeddable":true,"href":"https:\/\/www.manaus.am.gov.br\/semcom\/wp-json\/wp\/v2\/tags?post=256549"}],"curies":[{"name":"wp","href":"https:\/\/api.w.org\/{rel}","templated":true}]}}