{"id":255721,"date":"2026-03-27T14:15:39","date_gmt":"2026-03-27T18:15:39","guid":{"rendered":"https:\/\/www.manaus.am.gov.br\/semcom\/pesquisa-precos-pascoa\/"},"modified":"2026-03-27T14:15:39","modified_gmt":"2026-03-27T18:15:39","slug":"pesquisa-precos-pascoa","status":"publish","type":"post","link":"https:\/\/www.manaus.am.gov.br\/semcom\/pesquisa-precos-pascoa\/","title":{"rendered":"Procon Manaus divulga pesquisa de pre\u00e7os de P\u00e1scoa para auxiliar consumidores nas compras"},"content":{"rendered":"\n<p>A Prefeitura de Manaus, por meio do Servi\u00e7o de Atendimento e Prote\u00e7\u00e3o ao Consumidor (Procon Manaus), divulgou, nesta sexta-feira, 27\/3, o resultado da pesquisa anual de pre\u00e7os de ovos de P\u00e1scoa realizada em estabelecimentos da capital. O levantamento tem como objetivo refor\u00e7ar a prote\u00e7\u00e3o dos consumidores, promovendo transpar\u00eancia nas rela\u00e7\u00f5es de consumo e incentivando a livre concorr\u00eancia no mercado.<\/p>\n\n\n\n<p>\u201cNeste per\u00edodo de P\u00e1scoa, o Procon Manaus intensifica o monitoramento do mercado para proteger o consumidor. Estamos atentos \u00e0s pr\u00e1ticas comerciais e \u00e0s varia\u00e7\u00f5es de pre\u00e7os, com o objetivo de garantir escolhas mais seguras e justas\u201d, declarou a presidente do Procon Manaus, Onilda Abreu.<\/p>\n\n\n\n<p>A a\u00e7\u00e3o foi realizada nos dias 24 e 25\/3, pela Divis\u00e3o de Fiscaliza\u00e7\u00e3o do \u00f3rg\u00e3o, em dez estabelecimentos comerciais de Manaus, entre eles, o supermercado Nova Era, Barat\u00e3o da Carne, Veneza, Hiper DB, Bombons Finos, Cacau Show, Carrefour, Atacad\u00e3o e Assa\u00ed. Foram analisados produtos de diferentes tamanhos P (100 a 250 gramas), M (260 a 310 gramas), G (315 a 390 gramas) e GG (400 a 550 gramas), al\u00e9m de caixas de bombons, considerando marcas tradicionais como Nestl\u00e9, Lacta, Garoto e Arcor, al\u00e9m de produtos de marca pr\u00f3pria, amplamente consumidos durante o per\u00edodo pascal.<\/p>\n\n\n\n<p>Os dados apontam varia\u00e7\u00f5es expressivas de pre\u00e7os entre produtos semelhantes. Os ovos de tamanho P apresentaram a maior discrep\u00e2ncia, com valores que variaram de R$ 19,99 a R$ 96,49, representando uma diferen\u00e7a percentual de at\u00e9 382,69%. J\u00e1 os ovos de tamanho M oscilaram entre R$ 35,99 e R$ 100,39, enquanto os de tamanho G foram encontrados entre R$ 65,90 e R$ 136,65. No caso dos ovos GG, os pre\u00e7os variaram de R$ 104,99 a R$ 203,49.<\/p>\n\n\n\n<p>As caixas de bombons, op\u00e7\u00e3o mais acess\u00edvel para o consumidor, apresentaram valores entre R$ 8,99 e R$ 20,89, com varia\u00e7\u00e3o de 132,37%, al\u00e9m de registrarem redu\u00e7\u00e3o de 9,10% no menor pre\u00e7o em rela\u00e7\u00e3o ao ano anterior, indicando uma alternativa econ\u00f4mica para presentear durante a P\u00e1scoa. Em contrapartida, o ovo de P\u00e1scoa da marca Garoto, no tamanho G (315 a 390 gramas), destacou-se pelo maior aumento percentual entre os itens analisados, com alta de 37,13%, passando de R$ 59,79 em 2025 para R$ 81,99 em 2026.<\/p>\n\n\n\n<p><strong>Orienta\u00e7\u00f5es para a hora da compra<\/strong><\/p>\n\n\n\n<p>O levantamento tamb\u00e9m refor\u00e7a a import\u00e2ncia de aten\u00e7\u00e3o \u00e0s normas de seguran\u00e7a, especialmente nos produtos que acompanham brinquedos. Nesses casos, \u00e9 obrigat\u00f3rio que a embalagem contenha informa\u00e7\u00f5es claras sobre a certifica\u00e7\u00e3o do item, incluindo o selo do Inmetro e a indica\u00e7\u00e3o de faixa et\u00e1ria, garantindo que o produto esteja adequado para o uso seguro.<\/p>\n\n\n\n<p>O Procon Manaus orienta que os consumidores pesquisem pre\u00e7os antes de realizar a compra, comparem os valores entre diferentes estabelecimentos e avaliem a rela\u00e7\u00e3o entre peso e pre\u00e7o do produto, evitando decis\u00f5es baseadas apenas na apar\u00eancia ou no tamanho da embalagem. A recomenda\u00e7\u00e3o \u00e9 utilizar os dados da pesquisa como ferramenta para escolhas mais conscientes e econ\u00f4micas.<\/p>\n\n\n\n<p>Os valores apresentados correspondem aos pre\u00e7os praticados nos dias da coleta e podem sofrer altera\u00e7\u00f5es. O consumidor tamb\u00e9m pode contribuir com o trabalho do \u00f3rg\u00e3o, denunciando irregularidades pelo n\u00famero 151.<\/p>\n\n\n\n<p><strong><a href=\"https:\/\/www.manaus.am.gov.br\/semcom\/wp-content\/uploads\/sites\/5\/2026\/03\/Pesquisa-Pascoa-2026.pdf\">Confira a pesquisa dos pre\u00e7os de P\u00e1scoa<\/a><\/strong><\/p>\n\n\n\n<figure class=\"wp-block-image size-large\"><img loading=\"lazy\" decoding=\"async\" width=\"1024\" height=\"768\" src=\"https:\/\/www.manaus.am.gov.br\/semcom\/wp-content\/uploads\/sites\/5\/2026\/03\/WhatsApp-Image-2026-03-27-at-12.11.47-3-1024x768.jpeg\" alt=\"\" class=\"wp-image-255723\" srcset=\"https:\/\/www.manaus.am.gov.br\/semcom\/wp-content\/uploads\/sites\/5\/2026\/03\/WhatsApp-Image-2026-03-27-at-12.11.47-3-1024x768.jpeg 1024w, https:\/\/www.manaus.am.gov.br\/semcom\/wp-content\/uploads\/sites\/5\/2026\/03\/WhatsApp-Image-2026-03-27-at-12.11.47-3-300x225.jpeg 300w, https:\/\/www.manaus.am.gov.br\/semcom\/wp-content\/uploads\/sites\/5\/2026\/03\/WhatsApp-Image-2026-03-27-at-12.11.47-3-768x576.jpeg 768w, https:\/\/www.manaus.am.gov.br\/semcom\/wp-content\/uploads\/sites\/5\/2026\/03\/WhatsApp-Image-2026-03-27-at-12.11.47-3-1536x1152.jpeg 1536w, https:\/\/www.manaus.am.gov.br\/semcom\/wp-content\/uploads\/sites\/5\/2026\/03\/WhatsApp-Image-2026-03-27-at-12.11.47-3.jpeg 1600w\" sizes=\"(max-width: 1024px) 100vw, 1024px\" \/><figcaption class=\"wp-element-caption\">#paratodosverem &#8211; Levantamento<\/figcaption><\/figure>\n\n\n\n<p>&#8212; &#8212; &#8212;<\/p>\n\n\n\n<p><strong>Texto \u2013&nbsp;<\/strong>Lara Bernardes\/Procon&nbsp;<\/p>\n\n\n\n<p><strong>Fotos \u2013<\/strong>&nbsp;Divulga\u00e7\u00e3o\/Procon<\/p>\n","protected":false},"excerpt":{"rendered":"","protected":false},"author":39,"featured_media":255722,"comment_status":"closed","ping_status":"closed","sticky":false,"template":"","format":"standard","meta":{"footnotes":""},"categories":[223],"tags":[20026,20027,11132,77,9825],"acf":[],"yoast_head":"<!-- This site is optimized with the Yoast SEO plugin v23.0 - https:\/\/yoast.com\/wordpress\/plugins\/seo\/ -->\n<title>Procon Manaus divulga pesquisa de pre\u00e7os de P\u00e1scoa<\/title>\n<meta name=\"description\" content=\"Procon Manaus divulga, nesta sexta-feira, 27\/3, pesquisa de pre\u00e7os de P\u00e1scoa para auxiliar consumidores nas compras.\" \/>\n<meta name=\"robots\" content=\"index, follow, max-snippet:-1, max-image-preview:large, max-video-preview:-1\" \/>\n<link rel=\"canonical\" href=\"https:\/\/www.manaus.am.gov.br\/semcom\/pesquisa-precos-pascoa\/\" \/>\n<meta property=\"og:locale\" content=\"pt_BR\" \/>\n<meta property=\"og:type\" content=\"article\" \/>\n<meta property=\"og:title\" content=\"Procon Manaus divulga pesquisa de pre\u00e7os de P\u00e1scoa\" \/>\n<meta property=\"og:description\" content=\"Procon Manaus divulga, nesta sexta-feira, 27\/3, pesquisa de pre\u00e7os de P\u00e1scoa para auxiliar consumidores nas compras.\" \/>\n<meta property=\"og:url\" content=\"https:\/\/www.manaus.am.gov.br\/semcom\/pesquisa-precos-pascoa\/\" \/>\n<meta property=\"og:site_name\" content=\"SEMCOM\" \/>\n<meta property=\"article:published_time\" content=\"2026-03-27T18:15:39+00:00\" \/>\n<meta property=\"og:image\" content=\"https:\/\/www.manaus.am.gov.br\/semcom\/wp-content\/uploads\/sites\/5\/2026\/03\/WhatsApp-Image-2026-03-27-at-12.11.47-2.jpeg\" \/>\n\t<meta property=\"og:image:width\" content=\"1200\" \/>\n\t<meta property=\"og:image:height\" content=\"900\" \/>\n\t<meta property=\"og:image:type\" content=\"image\/jpeg\" \/>\n<meta name=\"author\" content=\"Bruna Greco\" \/>\n<meta name=\"twitter:card\" content=\"summary_large_image\" \/>\n<meta name=\"twitter:label1\" content=\"Written by\" \/>\n\t<meta name=\"twitter:data1\" content=\"Bruna Greco\" \/>\n\t<meta name=\"twitter:label2\" content=\"Est. reading time\" \/>\n\t<meta name=\"twitter:data2\" content=\"4 minutos\" \/>\n<script type=\"application\/ld+json\" class=\"yoast-schema-graph\">{\"@context\":\"https:\/\/schema.org\",\"@graph\":[{\"@type\":\"WebPage\",\"@id\":\"https:\/\/www.manaus.am.gov.br\/semcom\/pesquisa-precos-pascoa\/\",\"url\":\"https:\/\/www.manaus.am.gov.br\/semcom\/pesquisa-precos-pascoa\/\",\"name\":\"Procon Manaus divulga pesquisa de pre\u00e7os de P\u00e1scoa\",\"isPartOf\":{\"@id\":\"https:\/\/www.manaus.am.gov.br\/semcom\/#website\"},\"primaryImageOfPage\":{\"@id\":\"https:\/\/www.manaus.am.gov.br\/semcom\/pesquisa-precos-pascoa\/#primaryimage\"},\"image\":{\"@id\":\"https:\/\/www.manaus.am.gov.br\/semcom\/pesquisa-precos-pascoa\/#primaryimage\"},\"thumbnailUrl\":\"https:\/\/www.manaus.am.gov.br\/semcom\/wp-content\/uploads\/sites\/5\/2026\/03\/WhatsApp-Image-2026-03-27-at-12.11.47-2.jpeg\",\"datePublished\":\"2026-03-27T18:15:39+00:00\",\"dateModified\":\"2026-03-27T18:15:39+00:00\",\"author\":{\"@id\":\"https:\/\/www.manaus.am.gov.br\/semcom\/#\/schema\/person\/05d223aea2bf115f9883a6ff3683d81b\"},\"description\":\"Procon Manaus divulga, nesta sexta-feira, 27\/3, pesquisa de pre\u00e7os de P\u00e1scoa para auxiliar consumidores nas compras.\",\"inLanguage\":\"pt-BR\",\"potentialAction\":[{\"@type\":\"ReadAction\",\"target\":[\"https:\/\/www.manaus.am.gov.br\/semcom\/pesquisa-precos-pascoa\/\"]}]},{\"@type\":\"ImageObject\",\"inLanguage\":\"pt-BR\",\"@id\":\"https:\/\/www.manaus.am.gov.br\/semcom\/pesquisa-precos-pascoa\/#primaryimage\",\"url\":\"https:\/\/www.manaus.am.gov.br\/semcom\/wp-content\/uploads\/sites\/5\/2026\/03\/WhatsApp-Image-2026-03-27-at-12.11.47-2.jpeg\",\"contentUrl\":\"https:\/\/www.manaus.am.gov.br\/semcom\/wp-content\/uploads\/sites\/5\/2026\/03\/WhatsApp-Image-2026-03-27-at-12.11.47-2.jpeg\",\"width\":1200,\"height\":900,\"caption\":\"#paratodosverem - Fiscal do Procon Manaus realizando pesquisa de pre\u00e7o de ovos de P\u00e1scoa em estabelecimento\"},{\"@type\":\"WebSite\",\"@id\":\"https:\/\/www.manaus.am.gov.br\/semcom\/#website\",\"url\":\"https:\/\/www.manaus.am.gov.br\/semcom\/\",\"name\":\"SEMCOM\",\"description\":\"Secretaria Municipal de Comunica\u00e7\u00e3o\",\"potentialAction\":[{\"@type\":\"SearchAction\",\"target\":{\"@type\":\"EntryPoint\",\"urlTemplate\":\"https:\/\/www.manaus.am.gov.br\/semcom\/?s={search_term_string}\"},\"query-input\":\"required name=search_term_string\"}],\"inLanguage\":\"pt-BR\"},{\"@type\":\"Person\",\"@id\":\"https:\/\/www.manaus.am.gov.br\/semcom\/#\/schema\/person\/05d223aea2bf115f9883a6ff3683d81b\",\"name\":\"Bruna Greco\",\"image\":{\"@type\":\"ImageObject\",\"inLanguage\":\"pt-BR\",\"@id\":\"https:\/\/www.manaus.am.gov.br\/semcom\/#\/schema\/person\/image\/\",\"url\":\"https:\/\/secure.gravatar.com\/avatar\/9c877d1a6adc2a055330e5c09a8653ce?s=96&d=mm&r=g\",\"contentUrl\":\"https:\/\/secure.gravatar.com\/avatar\/9c877d1a6adc2a055330e5c09a8653ce?s=96&d=mm&r=g\",\"caption\":\"Bruna Greco\"}}]}<\/script>\n<!-- \/ Yoast SEO plugin. -->","yoast_head_json":{"title":"Procon Manaus divulga pesquisa de pre\u00e7os de P\u00e1scoa","description":"Procon Manaus divulga, nesta sexta-feira, 27\/3, pesquisa de pre\u00e7os de P\u00e1scoa para auxiliar consumidores nas compras.","robots":{"index":"index","follow":"follow","max-snippet":"max-snippet:-1","max-image-preview":"max-image-preview:large","max-video-preview":"max-video-preview:-1"},"canonical":"https:\/\/www.manaus.am.gov.br\/semcom\/pesquisa-precos-pascoa\/","og_locale":"pt_BR","og_type":"article","og_title":"Procon Manaus divulga pesquisa de pre\u00e7os de P\u00e1scoa","og_description":"Procon Manaus divulga, nesta sexta-feira, 27\/3, pesquisa de pre\u00e7os de P\u00e1scoa para auxiliar consumidores nas compras.","og_url":"https:\/\/www.manaus.am.gov.br\/semcom\/pesquisa-precos-pascoa\/","og_site_name":"SEMCOM","article_published_time":"2026-03-27T18:15:39+00:00","og_image":[{"width":1200,"height":900,"url":"https:\/\/www.manaus.am.gov.br\/semcom\/wp-content\/uploads\/sites\/5\/2026\/03\/WhatsApp-Image-2026-03-27-at-12.11.47-2.jpeg","type":"image\/jpeg"}],"author":"Bruna Greco","twitter_card":"summary_large_image","twitter_misc":{"Written by":"Bruna Greco","Est. reading time":"4 minutos"},"schema":{"@context":"https:\/\/schema.org","@graph":[{"@type":"WebPage","@id":"https:\/\/www.manaus.am.gov.br\/semcom\/pesquisa-precos-pascoa\/","url":"https:\/\/www.manaus.am.gov.br\/semcom\/pesquisa-precos-pascoa\/","name":"Procon Manaus divulga pesquisa de pre\u00e7os de P\u00e1scoa","isPartOf":{"@id":"https:\/\/www.manaus.am.gov.br\/semcom\/#website"},"primaryImageOfPage":{"@id":"https:\/\/www.manaus.am.gov.br\/semcom\/pesquisa-precos-pascoa\/#primaryimage"},"image":{"@id":"https:\/\/www.manaus.am.gov.br\/semcom\/pesquisa-precos-pascoa\/#primaryimage"},"thumbnailUrl":"https:\/\/www.manaus.am.gov.br\/semcom\/wp-content\/uploads\/sites\/5\/2026\/03\/WhatsApp-Image-2026-03-27-at-12.11.47-2.jpeg","datePublished":"2026-03-27T18:15:39+00:00","dateModified":"2026-03-27T18:15:39+00:00","author":{"@id":"https:\/\/www.manaus.am.gov.br\/semcom\/#\/schema\/person\/05d223aea2bf115f9883a6ff3683d81b"},"description":"Procon Manaus divulga, nesta sexta-feira, 27\/3, pesquisa de pre\u00e7os de P\u00e1scoa para auxiliar consumidores nas compras.","inLanguage":"pt-BR","potentialAction":[{"@type":"ReadAction","target":["https:\/\/www.manaus.am.gov.br\/semcom\/pesquisa-precos-pascoa\/"]}]},{"@type":"ImageObject","inLanguage":"pt-BR","@id":"https:\/\/www.manaus.am.gov.br\/semcom\/pesquisa-precos-pascoa\/#primaryimage","url":"https:\/\/www.manaus.am.gov.br\/semcom\/wp-content\/uploads\/sites\/5\/2026\/03\/WhatsApp-Image-2026-03-27-at-12.11.47-2.jpeg","contentUrl":"https:\/\/www.manaus.am.gov.br\/semcom\/wp-content\/uploads\/sites\/5\/2026\/03\/WhatsApp-Image-2026-03-27-at-12.11.47-2.jpeg","width":1200,"height":900,"caption":"#paratodosverem - Fiscal do Procon Manaus realizando pesquisa de pre\u00e7o de ovos de P\u00e1scoa em estabelecimento"},{"@type":"WebSite","@id":"https:\/\/www.manaus.am.gov.br\/semcom\/#website","url":"https:\/\/www.manaus.am.gov.br\/semcom\/","name":"SEMCOM","description":"Secretaria Municipal de Comunica\u00e7\u00e3o","potentialAction":[{"@type":"SearchAction","target":{"@type":"EntryPoint","urlTemplate":"https:\/\/www.manaus.am.gov.br\/semcom\/?s={search_term_string}"},"query-input":"required name=search_term_string"}],"inLanguage":"pt-BR"},{"@type":"Person","@id":"https:\/\/www.manaus.am.gov.br\/semcom\/#\/schema\/person\/05d223aea2bf115f9883a6ff3683d81b","name":"Bruna Greco","image":{"@type":"ImageObject","inLanguage":"pt-BR","@id":"https:\/\/www.manaus.am.gov.br\/semcom\/#\/schema\/person\/image\/","url":"https:\/\/secure.gravatar.com\/avatar\/9c877d1a6adc2a055330e5c09a8653ce?s=96&d=mm&r=g","contentUrl":"https:\/\/secure.gravatar.com\/avatar\/9c877d1a6adc2a055330e5c09a8653ce?s=96&d=mm&r=g","caption":"Bruna Greco"}}]}},"_links":{"self":[{"href":"https:\/\/www.manaus.am.gov.br\/semcom\/wp-json\/wp\/v2\/posts\/255721"}],"collection":[{"href":"https:\/\/www.manaus.am.gov.br\/semcom\/wp-json\/wp\/v2\/posts"}],"about":[{"href":"https:\/\/www.manaus.am.gov.br\/semcom\/wp-json\/wp\/v2\/types\/post"}],"author":[{"embeddable":true,"href":"https:\/\/www.manaus.am.gov.br\/semcom\/wp-json\/wp\/v2\/users\/39"}],"replies":[{"embeddable":true,"href":"https:\/\/www.manaus.am.gov.br\/semcom\/wp-json\/wp\/v2\/comments?post=255721"}],"version-history":[{"count":1,"href":"https:\/\/www.manaus.am.gov.br\/semcom\/wp-json\/wp\/v2\/posts\/255721\/revisions"}],"predecessor-version":[{"id":255725,"href":"https:\/\/www.manaus.am.gov.br\/semcom\/wp-json\/wp\/v2\/posts\/255721\/revisions\/255725"}],"wp:featuredmedia":[{"embeddable":true,"href":"https:\/\/www.manaus.am.gov.br\/semcom\/wp-json\/wp\/v2\/media\/255722"}],"wp:attachment":[{"href":"https:\/\/www.manaus.am.gov.br\/semcom\/wp-json\/wp\/v2\/media?parent=255721"}],"wp:term":[{"taxonomy":"category","embeddable":true,"href":"https:\/\/www.manaus.am.gov.br\/semcom\/wp-json\/wp\/v2\/categories?post=255721"},{"taxonomy":"post_tag","embeddable":true,"href":"https:\/\/www.manaus.am.gov.br\/semcom\/wp-json\/wp\/v2\/tags?post=255721"}],"curies":[{"name":"wp","href":"https:\/\/api.w.org\/{rel}","templated":true}]}}