{"id":255548,"date":"2026-03-26T13:47:25","date_gmt":"2026-03-26T16:47:25","guid":{"rendered":"https:\/\/www.manaus.am.gov.br\/semcom\/prefeitura-semasc-familiasfortes\/"},"modified":"2026-03-26T14:27:33","modified_gmt":"2026-03-26T17:27:33","slug":"prefeitura-semasc-familias-fortes","status":"publish","type":"post","link":"https:\/\/www.manaus.am.gov.br\/semcom\/prefeitura-semasc-familias-fortes\/","title":{"rendered":"Prefeitura de Manaus participa de capacita\u00e7\u00e3o nacional para implementar programa \u2018Fam\u00edlias Fortes\u2019 na zona Leste"},"content":{"rendered":"\n<p>A <a href=\"https:\/\/www.manaus.am.gov.br\/\">Prefeitura de Manaus<\/a>, por meio da <a href=\"https:\/\/www.instagram.com\/semasc_manaus\/\">Secretaria Municipal da Mulher, Assist\u00eancia Social e Cidadania<\/a> (Semasc), participa de uma capacita\u00e7\u00e3o, desde segunda-feira, 23\/3, do programa \u201cFam\u00edlias Fortes\u201d, promovida pelo Minist\u00e9rio da Justi\u00e7a e Seguran\u00e7a P\u00fablica (MJSP), com apoio da Secretaria Nacional de Pol\u00edticas sobre Drogas.<\/p>\n\n\n\n<p>A iniciativa tem como objetivo qualificar equipes t\u00e9cnicas para a implementa\u00e7\u00e3o do programa na capital amazonense, com unidades-piloto nos Centros de Refer\u00eancia de Assist\u00eancia Social (Cras), da zona Leste.<\/p>\n\n\n\n<p>O \u201cFam\u00edlias Fortes\u201d \u00e9 uma estrat\u00e9gia de preven\u00e7\u00e3o ao uso de \u00e1lcool e outras drogas voltada para crian\u00e7as e adolescentes de 10 a 14 anos. A metodologia foi desenvolvida pelo MJSP em parceria com organismos internacionais, como o Escrit\u00f3rio das Na\u00e7\u00f5es Unidas sobre Drogas e Crime e o Programa das Na\u00e7\u00f5es Unidas para o Desenvolvimento, sendo adaptada \u00e0 realidade brasileira.<\/p>\n\n\n\n<p>A forma\u00e7\u00e3o re\u00fane profissionais da assist\u00eancia social e utiliza uma metodologia ativa, participativa e desenvolvida em grupos. A proposta \u00e9 envolver simultaneamente adolescentes e seus respons\u00e1veis, promovendo o aprendizado conjunto e o fortalecimento das rela\u00e7\u00f5es familiares.<\/p>\n\n\n\n<p>Forma\u00e7\u00e3o<\/p>\n\n\n\n<p>De acordo com a coordenadora t\u00e9cnica do Centro de Conviv\u00eancia e Fortalecimento de V\u00ednculos da Semasc, Ingrid Mendon\u00e7a, a capacita\u00e7\u00e3o representa um avan\u00e7o importante para a pol\u00edtica de assist\u00eancia social do munic\u00edpio.<\/p>\n\n\n\n<p>\u201cPara n\u00f3s, \u00e9 muito gratificante participar dessa forma\u00e7\u00e3o, pois as equipes que ir\u00e3o atuar nos Cras pilotos da zona Leste sair\u00e3o qualificadas para implementar a metodologia em Manaus. A nossa inten\u00e7\u00e3o \u00e9 ampliar o programa para outras zonas da cidade, alcan\u00e7ando um n\u00famero maior de fam\u00edlias com uma metodologia que j\u00e1 apresenta resultados comprovados. Trata-se de uma iniciativa que aborda um tema sens\u00edvel e relevante, especialmente para crian\u00e7as e adolescentes que est\u00e3o expostos a contextos de vulnerabilidade e influ\u00eancia de subst\u00e2ncias psicoativas\u201d, destacou.<\/p>\n\n\n\n<p>A formadora t\u00e9cnica da metodologia \u201cFam\u00edlias Fortes\u201d, Bruna Matos, explica que a capacita\u00e7\u00e3o \u00e9 realizada em etapas e busca garantir autonomia \u00e0s equipes locais.<\/p>\n\n\n\n<p>\u201cEsta \u00e9 uma metodologia de preven\u00e7\u00e3o que atua, principalmente, em parceria com a pol\u00edtica de assist\u00eancia social. Durante esses quatro dias, realizamos a forma\u00e7\u00e3o de facilitadores, apresentando a metodologia e promovendo viv\u00eancias pr\u00e1ticas. Na sequ\u00eancia, tamb\u00e9m ser\u00e1 realizada a forma\u00e7\u00e3o de apoiadores e formadores locais. Ao final, o territ\u00f3rio estar\u00e1 preparado para implementar a metodologia com autonomia\u201d, explicou.<\/p>\n\n\n\n<p>Com a participa\u00e7\u00e3o na capacita\u00e7\u00e3o, a Prefeitura de Manaus pretende fortalecer as a\u00e7\u00f5es preventivas no munic\u00edpio, tendo os Cras da zona Leste como ponto de partida. A expectativa \u00e9 de que, a partir dos resultados obtidos, o programa seja expandido gradualmente para outras regi\u00f5es da cidade, ampliando o alcance da pol\u00edtica de prote\u00e7\u00e3o social.<\/p>\n\n\n\n<p>&#8212;<\/p>\n\n\n\n<p><strong>Texto <\/strong>&#8211; Fernanda Rodrigues \/ Semasc<\/p>\n\n\n\n<p><strong>Fotos <\/strong>&#8211; &nbsp;Diego Lima \/ Semasc<\/p>\n","protected":false},"excerpt":{"rendered":"","protected":false},"author":23,"featured_media":255549,"comment_status":"closed","ping_status":"closed","sticky":false,"template":"","format":"standard","meta":{"footnotes":""},"categories":[657],"tags":[190,151,19982,77,559,153,108],"acf":[],"yoast_head":"<!-- This site is optimized with the Yoast SEO plugin v23.0 - https:\/\/yoast.com\/wordpress\/plugins\/seo\/ -->\n<title>Prefeitura de Manaus participa de capacita\u00e7\u00e3o nacional para implementar programa \u2018Fam\u00edlias Fortes\u2019 na zona Leste<\/title>\n<meta name=\"description\" content=\"A Prefeitura de Manaus, por meio da Secretaria Municipal da Mulher, Assist\u00eancia Social e Cidadania (Semasc), participa de uma capacita\u00e7\u00e3o, desde segunda-feira, 23\/3, do programa \u201cFam\u00edlias Fortes\u201d, promovida pelo Minist\u00e9rio da Justi\u00e7a e Seguran\u00e7a P\u00fablica (MJSP), com apoio da Secretaria Nacional de Pol\u00edticas sobre Drogas.\" \/>\n<meta name=\"robots\" content=\"index, follow, max-snippet:-1, max-image-preview:large, max-video-preview:-1\" \/>\n<link rel=\"canonical\" href=\"https:\/\/www.manaus.am.gov.br\/semcom\/prefeitura-semasc-familiasfortes\/\" \/>\n<meta property=\"og:locale\" content=\"pt_BR\" \/>\n<meta property=\"og:type\" content=\"article\" \/>\n<meta property=\"og:title\" content=\"Prefeitura de Manaus participa de capacita\u00e7\u00e3o nacional para implementar programa \u2018Fam\u00edlias Fortes\u2019 na zona Leste\" \/>\n<meta property=\"og:description\" content=\"A Prefeitura de Manaus, por meio da Secretaria Municipal da Mulher, Assist\u00eancia Social e Cidadania (Semasc), participa de uma capacita\u00e7\u00e3o, desde segunda-feira, 23\/3, do programa \u201cFam\u00edlias Fortes\u201d, promovida pelo Minist\u00e9rio da Justi\u00e7a e Seguran\u00e7a P\u00fablica (MJSP), com apoio da Secretaria Nacional de Pol\u00edticas sobre Drogas.\" \/>\n<meta property=\"og:url\" content=\"https:\/\/www.manaus.am.gov.br\/semcom\/prefeitura-semasc-familiasfortes\/\" \/>\n<meta property=\"og:site_name\" content=\"SEMCOM\" \/>\n<meta property=\"article:published_time\" content=\"2026-03-26T16:47:25+00:00\" \/>\n<meta property=\"article:modified_time\" content=\"2026-03-26T17:27:33+00:00\" \/>\n<meta property=\"og:image\" content=\"https:\/\/www.manaus.am.gov.br\/semcom\/wp-content\/uploads\/sites\/5\/2026\/03\/WhatsApp-Image-2026-03-26-at-11.07.05-1.jpeg\" \/>\n\t<meta property=\"og:image:width\" content=\"1280\" \/>\n\t<meta property=\"og:image:height\" content=\"854\" \/>\n\t<meta property=\"og:image:type\" content=\"image\/jpeg\" \/>\n<meta name=\"author\" content=\"Adriana Costa\" \/>\n<meta name=\"twitter:card\" content=\"summary_large_image\" \/>\n<meta name=\"twitter:label1\" content=\"Written by\" \/>\n\t<meta name=\"twitter:data1\" content=\"Adriana Costa\" \/>\n\t<meta name=\"twitter:label2\" content=\"Est. reading time\" \/>\n\t<meta name=\"twitter:data2\" content=\"3 minutos\" \/>\n<script type=\"application\/ld+json\" class=\"yoast-schema-graph\">{\"@context\":\"https:\/\/schema.org\",\"@graph\":[{\"@type\":\"WebPage\",\"@id\":\"https:\/\/www.manaus.am.gov.br\/semcom\/prefeitura-semasc-familiasfortes\/\",\"url\":\"https:\/\/www.manaus.am.gov.br\/semcom\/prefeitura-semasc-familiasfortes\/\",\"name\":\"Prefeitura de Manaus participa de capacita\u00e7\u00e3o nacional para implementar programa \u2018Fam\u00edlias Fortes\u2019 na zona Leste\",\"isPartOf\":{\"@id\":\"https:\/\/www.manaus.am.gov.br\/semcom\/#website\"},\"primaryImageOfPage\":{\"@id\":\"https:\/\/www.manaus.am.gov.br\/semcom\/prefeitura-semasc-familiasfortes\/#primaryimage\"},\"image\":{\"@id\":\"https:\/\/www.manaus.am.gov.br\/semcom\/prefeitura-semasc-familiasfortes\/#primaryimage\"},\"thumbnailUrl\":\"https:\/\/www.manaus.am.gov.br\/semcom\/wp-content\/uploads\/sites\/5\/2026\/03\/WhatsApp-Image-2026-03-26-at-11.07.05-1.jpeg\",\"datePublished\":\"2026-03-26T16:47:25+00:00\",\"dateModified\":\"2026-03-26T17:27:33+00:00\",\"author\":{\"@id\":\"https:\/\/www.manaus.am.gov.br\/semcom\/#\/schema\/person\/4e49f4e267757a06ca072ec61b2b9968\"},\"description\":\"A Prefeitura de Manaus, por meio da Secretaria Municipal da Mulher, Assist\u00eancia Social e Cidadania (Semasc), participa de uma capacita\u00e7\u00e3o, desde segunda-feira, 23\/3, do programa \u201cFam\u00edlias Fortes\u201d, promovida pelo Minist\u00e9rio da Justi\u00e7a e Seguran\u00e7a P\u00fablica (MJSP), com apoio da Secretaria Nacional de Pol\u00edticas sobre Drogas.\",\"inLanguage\":\"pt-BR\",\"potentialAction\":[{\"@type\":\"ReadAction\",\"target\":[\"https:\/\/www.manaus.am.gov.br\/semcom\/prefeitura-semasc-familiasfortes\/\"]}]},{\"@type\":\"ImageObject\",\"inLanguage\":\"pt-BR\",\"@id\":\"https:\/\/www.manaus.am.gov.br\/semcom\/prefeitura-semasc-familiasfortes\/#primaryimage\",\"url\":\"https:\/\/www.manaus.am.gov.br\/semcom\/wp-content\/uploads\/sites\/5\/2026\/03\/WhatsApp-Image-2026-03-26-at-11.07.05-1.jpeg\",\"contentUrl\":\"https:\/\/www.manaus.am.gov.br\/semcom\/wp-content\/uploads\/sites\/5\/2026\/03\/WhatsApp-Image-2026-03-26-at-11.07.05-1.jpeg\",\"width\":1280,\"height\":854,\"caption\":\"#paratodosverem - Imagem mostra tr\u00eas servidoras avaliando conte\u00fado informativo do programa \\\"Fam\u00edlias Fortes\\\" durante treinamento\"},{\"@type\":\"WebSite\",\"@id\":\"https:\/\/www.manaus.am.gov.br\/semcom\/#website\",\"url\":\"https:\/\/www.manaus.am.gov.br\/semcom\/\",\"name\":\"SEMCOM\",\"description\":\"Secretaria Municipal de Comunica\u00e7\u00e3o\",\"potentialAction\":[{\"@type\":\"SearchAction\",\"target\":{\"@type\":\"EntryPoint\",\"urlTemplate\":\"https:\/\/www.manaus.am.gov.br\/semcom\/?s={search_term_string}\"},\"query-input\":\"required name=search_term_string\"}],\"inLanguage\":\"pt-BR\"},{\"@type\":\"Person\",\"@id\":\"https:\/\/www.manaus.am.gov.br\/semcom\/#\/schema\/person\/4e49f4e267757a06ca072ec61b2b9968\",\"name\":\"Adriana Costa\",\"image\":{\"@type\":\"ImageObject\",\"inLanguage\":\"pt-BR\",\"@id\":\"https:\/\/www.manaus.am.gov.br\/semcom\/#\/schema\/person\/image\/\",\"url\":\"https:\/\/secure.gravatar.com\/avatar\/576258617ef7194f718179e766d57bd4?s=96&d=mm&r=g\",\"contentUrl\":\"https:\/\/secure.gravatar.com\/avatar\/576258617ef7194f718179e766d57bd4?s=96&d=mm&r=g\",\"caption\":\"Adriana Costa\"}}]}<\/script>\n<!-- \/ Yoast SEO plugin. -->","yoast_head_json":{"title":"Prefeitura de Manaus participa de capacita\u00e7\u00e3o nacional para implementar programa \u2018Fam\u00edlias Fortes\u2019 na zona Leste","description":"A Prefeitura de Manaus, por meio da Secretaria Municipal da Mulher, Assist\u00eancia Social e Cidadania (Semasc), participa de uma capacita\u00e7\u00e3o, desde segunda-feira, 23\/3, do programa \u201cFam\u00edlias Fortes\u201d, promovida pelo Minist\u00e9rio da Justi\u00e7a e Seguran\u00e7a P\u00fablica (MJSP), com apoio da Secretaria Nacional de Pol\u00edticas sobre Drogas.","robots":{"index":"index","follow":"follow","max-snippet":"max-snippet:-1","max-image-preview":"max-image-preview:large","max-video-preview":"max-video-preview:-1"},"canonical":"https:\/\/www.manaus.am.gov.br\/semcom\/prefeitura-semasc-familiasfortes\/","og_locale":"pt_BR","og_type":"article","og_title":"Prefeitura de Manaus participa de capacita\u00e7\u00e3o nacional para implementar programa \u2018Fam\u00edlias Fortes\u2019 na zona Leste","og_description":"A Prefeitura de Manaus, por meio da Secretaria Municipal da Mulher, Assist\u00eancia Social e Cidadania (Semasc), participa de uma capacita\u00e7\u00e3o, desde segunda-feira, 23\/3, do programa \u201cFam\u00edlias Fortes\u201d, promovida pelo Minist\u00e9rio da Justi\u00e7a e Seguran\u00e7a P\u00fablica (MJSP), com apoio da Secretaria Nacional de Pol\u00edticas sobre Drogas.","og_url":"https:\/\/www.manaus.am.gov.br\/semcom\/prefeitura-semasc-familiasfortes\/","og_site_name":"SEMCOM","article_published_time":"2026-03-26T16:47:25+00:00","article_modified_time":"2026-03-26T17:27:33+00:00","og_image":[{"width":1280,"height":854,"url":"https:\/\/www.manaus.am.gov.br\/semcom\/wp-content\/uploads\/sites\/5\/2026\/03\/WhatsApp-Image-2026-03-26-at-11.07.05-1.jpeg","type":"image\/jpeg"}],"author":"Adriana Costa","twitter_card":"summary_large_image","twitter_misc":{"Written by":"Adriana Costa","Est. reading time":"3 minutos"},"schema":{"@context":"https:\/\/schema.org","@graph":[{"@type":"WebPage","@id":"https:\/\/www.manaus.am.gov.br\/semcom\/prefeitura-semasc-familiasfortes\/","url":"https:\/\/www.manaus.am.gov.br\/semcom\/prefeitura-semasc-familiasfortes\/","name":"Prefeitura de Manaus participa de capacita\u00e7\u00e3o nacional para implementar programa \u2018Fam\u00edlias Fortes\u2019 na zona Leste","isPartOf":{"@id":"https:\/\/www.manaus.am.gov.br\/semcom\/#website"},"primaryImageOfPage":{"@id":"https:\/\/www.manaus.am.gov.br\/semcom\/prefeitura-semasc-familiasfortes\/#primaryimage"},"image":{"@id":"https:\/\/www.manaus.am.gov.br\/semcom\/prefeitura-semasc-familiasfortes\/#primaryimage"},"thumbnailUrl":"https:\/\/www.manaus.am.gov.br\/semcom\/wp-content\/uploads\/sites\/5\/2026\/03\/WhatsApp-Image-2026-03-26-at-11.07.05-1.jpeg","datePublished":"2026-03-26T16:47:25+00:00","dateModified":"2026-03-26T17:27:33+00:00","author":{"@id":"https:\/\/www.manaus.am.gov.br\/semcom\/#\/schema\/person\/4e49f4e267757a06ca072ec61b2b9968"},"description":"A Prefeitura de Manaus, por meio da Secretaria Municipal da Mulher, Assist\u00eancia Social e Cidadania (Semasc), participa de uma capacita\u00e7\u00e3o, desde segunda-feira, 23\/3, do programa \u201cFam\u00edlias Fortes\u201d, promovida pelo Minist\u00e9rio da Justi\u00e7a e Seguran\u00e7a P\u00fablica (MJSP), com apoio da Secretaria Nacional de Pol\u00edticas sobre Drogas.","inLanguage":"pt-BR","potentialAction":[{"@type":"ReadAction","target":["https:\/\/www.manaus.am.gov.br\/semcom\/prefeitura-semasc-familiasfortes\/"]}]},{"@type":"ImageObject","inLanguage":"pt-BR","@id":"https:\/\/www.manaus.am.gov.br\/semcom\/prefeitura-semasc-familiasfortes\/#primaryimage","url":"https:\/\/www.manaus.am.gov.br\/semcom\/wp-content\/uploads\/sites\/5\/2026\/03\/WhatsApp-Image-2026-03-26-at-11.07.05-1.jpeg","contentUrl":"https:\/\/www.manaus.am.gov.br\/semcom\/wp-content\/uploads\/sites\/5\/2026\/03\/WhatsApp-Image-2026-03-26-at-11.07.05-1.jpeg","width":1280,"height":854,"caption":"#paratodosverem - Imagem mostra tr\u00eas servidoras avaliando conte\u00fado informativo do programa \"Fam\u00edlias Fortes\" durante treinamento"},{"@type":"WebSite","@id":"https:\/\/www.manaus.am.gov.br\/semcom\/#website","url":"https:\/\/www.manaus.am.gov.br\/semcom\/","name":"SEMCOM","description":"Secretaria Municipal de Comunica\u00e7\u00e3o","potentialAction":[{"@type":"SearchAction","target":{"@type":"EntryPoint","urlTemplate":"https:\/\/www.manaus.am.gov.br\/semcom\/?s={search_term_string}"},"query-input":"required name=search_term_string"}],"inLanguage":"pt-BR"},{"@type":"Person","@id":"https:\/\/www.manaus.am.gov.br\/semcom\/#\/schema\/person\/4e49f4e267757a06ca072ec61b2b9968","name":"Adriana Costa","image":{"@type":"ImageObject","inLanguage":"pt-BR","@id":"https:\/\/www.manaus.am.gov.br\/semcom\/#\/schema\/person\/image\/","url":"https:\/\/secure.gravatar.com\/avatar\/576258617ef7194f718179e766d57bd4?s=96&d=mm&r=g","contentUrl":"https:\/\/secure.gravatar.com\/avatar\/576258617ef7194f718179e766d57bd4?s=96&d=mm&r=g","caption":"Adriana Costa"}}]}},"_links":{"self":[{"href":"https:\/\/www.manaus.am.gov.br\/semcom\/wp-json\/wp\/v2\/posts\/255548"}],"collection":[{"href":"https:\/\/www.manaus.am.gov.br\/semcom\/wp-json\/wp\/v2\/posts"}],"about":[{"href":"https:\/\/www.manaus.am.gov.br\/semcom\/wp-json\/wp\/v2\/types\/post"}],"author":[{"embeddable":true,"href":"https:\/\/www.manaus.am.gov.br\/semcom\/wp-json\/wp\/v2\/users\/23"}],"replies":[{"embeddable":true,"href":"https:\/\/www.manaus.am.gov.br\/semcom\/wp-json\/wp\/v2\/comments?post=255548"}],"version-history":[{"count":1,"href":"https:\/\/www.manaus.am.gov.br\/semcom\/wp-json\/wp\/v2\/posts\/255548\/revisions"}],"predecessor-version":[{"id":255563,"href":"https:\/\/www.manaus.am.gov.br\/semcom\/wp-json\/wp\/v2\/posts\/255548\/revisions\/255563"}],"wp:featuredmedia":[{"embeddable":true,"href":"https:\/\/www.manaus.am.gov.br\/semcom\/wp-json\/wp\/v2\/media\/255549"}],"wp:attachment":[{"href":"https:\/\/www.manaus.am.gov.br\/semcom\/wp-json\/wp\/v2\/media?parent=255548"}],"wp:term":[{"taxonomy":"category","embeddable":true,"href":"https:\/\/www.manaus.am.gov.br\/semcom\/wp-json\/wp\/v2\/categories?post=255548"},{"taxonomy":"post_tag","embeddable":true,"href":"https:\/\/www.manaus.am.gov.br\/semcom\/wp-json\/wp\/v2\/tags?post=255548"}],"curies":[{"name":"wp","href":"https:\/\/api.w.org\/{rel}","templated":true}]}}