{"id":255387,"date":"2026-03-24T17:58:23","date_gmt":"2026-03-24T21:58:23","guid":{"rendered":"https:\/\/www.manaus.am.gov.br\/semcom\/atendimento-nova-sede-implurb\/"},"modified":"2026-03-24T17:58:23","modified_gmt":"2026-03-24T21:58:23","slug":"atendimento-nova-sede-implurb","status":"publish","type":"post","link":"https:\/\/www.manaus.am.gov.br\/semcom\/atendimento-nova-sede-implurb\/","title":{"rendered":"Requerentes aprovam atendimento na nova sede do Implurb, no Parque Mosaico"},"content":{"rendered":"\n<p>No segundo dia de funcionamento da nova sede do Instituto Municipal de Planejamento Urbano (Implurb), nesta ter\u00e7a-feira, 24\/3, usu\u00e1rios que procuraram atendimento demonstraram satisfa\u00e7\u00e3o com a estrutura e os servi\u00e7os oferecidos no mais novo endere\u00e7o da gest\u00e3o e licenciamento urban\u00edstico da Prefeitura de Manaus. Localizado na&nbsp;<a href=\"https:\/\/www.google.com\/maps\/search\/alameda+desembargador+Jo%C3%A3o+Machado,+n%C2%BA+750?entry=gmail&amp;source=g\" target=\"_blank\" rel=\"noreferrer noopener\">alameda desembargador Jo\u00e3o Machado, n\u00ba 750<\/a>, no Parque Mosaico, no bairro Tarum\u00e3, zona Oeste, o edif\u00edcio Arquiteto Claudemir Andrade foi constru\u00eddo para proporcionar uma experi\u00eancia mais din\u00e2mica e confort\u00e1vel para quem precisa dos servi\u00e7os do \u00f3rg\u00e3o.<\/p>\n\n\n\n<p>Logo na chegada, requerentes destacaram a facilidade em localizar o pr\u00e9dio e acessar os atendimentos, al\u00e9m da melhoria na sinaliza\u00e7\u00e3o, acessibilidade e estacionamento pr\u00f3prio.<\/p>\n\n\n\n<p>\u201cEu achei bem f\u00e1cil de encontrar o endere\u00e7o, vindo do bairro Cidade Nova, foi r\u00e1pido. O local \u00e9 bem localizado e, quando cheguei, j\u00e1 consegui me orientar direitinho, est\u00e1 tudo bem sinalizado. Faz toda a diferen\u00e7a para o p\u00fablico e foi a minha primeira vez no Implurb\u201d, afirmou o corretor de im\u00f3veis Leandro Barbosa.<\/p>\n\n\n\n<p>Para o aut\u00f4nomo Alan Randerson, chamou aten\u00e7\u00e3o a arquitetura do im\u00f3vel, o fluxo cont\u00ednuo e as divis\u00f5es internas, com um ambiente acolhedor.&nbsp;\u201cO ambiente est\u00e1 muito mais organizado. A gente consegue entender melhor para onde ir e como resolver as coisas, sem aquela distra\u00e7\u00e3o. Foi f\u00e1cil encontrar o edif\u00edcio e um dos grandes pontos \u00e9 a localiza\u00e7\u00e3o e o estacionamento amplo\u201d, destacou.<\/p>\n\n\n\n<p>Outro aspecto ressaltado foi a agilidade no atendimento, mesmo nos primeiros dias de funcionamento da nova sede, com a migra\u00e7\u00e3o de sistemas e a transi\u00e7\u00e3o de equipes. A qualidade do atendimento prestado pelos servidores tamb\u00e9m recebeu avalia\u00e7\u00f5es positivas, refor\u00e7ando o compromisso do instituto com o servi\u00e7o mais humanizado, priorizando a celeridade, sem comprometer a personaliza\u00e7\u00e3o.<\/p>\n\n\n\n<p>Para quem j\u00e1 havia utilizado os servi\u00e7os anteriormente, a mudan\u00e7a foi percebida como um avan\u00e7o significativo. \u201cJ\u00e1 vim outras vezes e agora est\u00e1 bem melhor. O espa\u00e7o \u00e9 mais confort\u00e1vel e o atendimento parece mais organizado, al\u00e9m de ser um pr\u00e9dio muito bonito\u201d, afirmou o requerente Rodrigo Amaro.<\/p>\n\n\n\n<p>Mesmo em fase inicial de funcionamento, a nova sede j\u00e1 demonstra avan\u00e7os na experi\u00eancia do cidad\u00e3o, aliando estrutura moderna e atendimento qualificado.<\/p>\n\n\n\n<p><strong>Mudan\u00e7a<\/strong><\/p>\n\n\n\n<p>Apenas o atendimento ao p\u00fablico para entrada de novos processos est\u00e1 sendo realizado no edif\u00edcio Arquiteto Claudemir Andrade. O Implurb est\u00e1 fazendo a transi\u00e7\u00e3o de suas atividades para o espa\u00e7o inaugurado no dia 19\/3. A unidade administrativa conta com 3.500 metros quadrados de \u00e1rea constru\u00edda, infraestrutura moderna e melhores condi\u00e7\u00f5es de&nbsp;atendimento&nbsp;ao p\u00fablico.<\/p>\n\n\n\n<p><br>A Ger\u00eancia de Atendimento (Geat) do Implurb tem como canais o telefone (92) 3625-2947, das 8h \u00e0s 14h, e dois outros n\u00fameros que funcionam apenas para WhatsApp: (92) 98842-1031 e (92) 98420-6589. O atendimento presencial na Geat \u00e9 das 8h \u00e0s 14h, sem intervalo (exceto feriados e pontos facultativos). A autarquia refor\u00e7a que estes canais s\u00e3o exclusivos para atendimento a processos e demandas junto ao instituto.<\/p>\n\n\n\n<p><br>Durante o per\u00edodo de mudan\u00e7a, que se estender\u00e1 at\u00e9 o fim da semana, as equipes atuar\u00e3o no deslocamento de mobili\u00e1rio, equipamentos e organiza\u00e7\u00e3o dos setores, o que poder\u00e1 ocasionar ajustes tempor\u00e1rios no&nbsp;atendimento&nbsp;presencial e na realiza\u00e7\u00e3o de atividades internas dos demais setores. O atendimento ao p\u00fablico ser\u00e1 normalizado gradualmente, assim que for conclu\u00edda a transi\u00e7\u00e3o.<\/p>\n\n\n\n<p>Todo o primeiro andar do edif\u00edcio j\u00e1 fez a mudan\u00e7a, incluindo os setores da Divis\u00e3o de Controle (Dicon), as Ger\u00eancias de Fiscaliza\u00e7\u00e3o de Obras (GFO) e de Postura (GFP); a Ger\u00eancia de Engenho Publicit\u00e1rio (GEP); a Ger\u00eancia de Com\u00e9rcio Fixo em \u00c1reas P\u00fablicas (GFAP); a Ger\u00eancia de C\u00e1lculo e Arrecada\u00e7\u00e3o (GCA); e a Ger\u00eancia de Patrim\u00f4nio, Materiais e Servi\u00e7os (GPMS).<\/p>\n\n\n\n<p><br>A Prefeitura de Manaus, por meio do&nbsp;Implurb, informa que adota todas as medidas necess\u00e1rias para garantir a continuidade dos servi\u00e7os essenciais e minimizar poss\u00edveis impactos, refor\u00e7ando o compromisso com a melhoria da gest\u00e3o p\u00fablica e a qualidade no&nbsp;atendimento&nbsp;\u00e0 popula\u00e7\u00e3o.<\/p>\n\n\n\n<p><br>Durante esse per\u00edodo, a orienta\u00e7\u00e3o \u00e9 que os contatos sejam feitos, preferencialmente, por meio dos e-mails institucionais ou pelos telefones dispon\u00edveis no\u00a0<a href=\"https:\/\/www.manaus.am.gov.br\/implurb\/o-implurb\/fale-conosco\/\" target=\"_blank\" rel=\"noreferrer noopener\">site<\/a>\u00a0do\u00a0Implurb.<\/p>\n\n\n\n<figure class=\"wp-block-image size-large\"><img loading=\"lazy\" decoding=\"async\" width=\"1024\" height=\"683\" src=\"https:\/\/www.manaus.am.gov.br\/semcom\/wp-content\/uploads\/sites\/5\/2026\/03\/55166397734_0e1d7e9550_k-1024x683.jpg\" alt=\"\" class=\"wp-image-255388\" srcset=\"https:\/\/www.manaus.am.gov.br\/semcom\/wp-content\/uploads\/sites\/5\/2026\/03\/55166397734_0e1d7e9550_k-1024x683.jpg 1024w, https:\/\/www.manaus.am.gov.br\/semcom\/wp-content\/uploads\/sites\/5\/2026\/03\/55166397734_0e1d7e9550_k-300x200.jpg 300w, https:\/\/www.manaus.am.gov.br\/semcom\/wp-content\/uploads\/sites\/5\/2026\/03\/55166397734_0e1d7e9550_k-768x512.jpg 768w, https:\/\/www.manaus.am.gov.br\/semcom\/wp-content\/uploads\/sites\/5\/2026\/03\/55166397734_0e1d7e9550_k-1536x1024.jpg 1536w, https:\/\/www.manaus.am.gov.br\/semcom\/wp-content\/uploads\/sites\/5\/2026\/03\/55166397734_0e1d7e9550_k.jpg 2047w\" sizes=\"(max-width: 1024px) 100vw, 1024px\" \/><figcaption class=\"wp-element-caption\">#paratodosverem &#8211; Atendimento na nova sede do Implurb<\/figcaption><\/figure>\n\n\n\n<p>&#8212; &#8212; &#8212;<\/p>\n\n\n\n<p><strong>Text<\/strong><strong>o<\/strong><strong>&nbsp;<\/strong>\u2013&nbsp;Divulga\u00e7\u00e3o\/Implurb<br><strong>Fotos<\/strong> &#8211; Cl\u00f3vis Miranda\/Semcom<\/p>\n\n\n\n<p><strong>Dispon\u00edveis em &#8211; <\/strong><a href=\"https:\/\/flic.kr\/s\/aHBqjCNZCH\">https:\/\/flic.kr\/s\/aHBqjCNZCH<\/a><\/p>\n","protected":false},"excerpt":{"rendered":"","protected":false},"author":39,"featured_media":255389,"comment_status":"closed","ping_status":"closed","sticky":false,"template":"","format":"standard","meta":{"footnotes":""},"categories":[424],"tags":[388,65,13432,2200,77,19934],"acf":[],"yoast_head":"<!-- This site is optimized with the Yoast SEO plugin v23.0 - https:\/\/yoast.com\/wordpress\/plugins\/seo\/ -->\n<title>Requerentes aprovam atendimento na nova sede do Implurb<\/title>\n<meta name=\"description\" content=\"Requerentes aprovam atendimento na nova sede do Implurb, no Parque Mosaico, no segundo dia de funcionamento.\" \/>\n<meta name=\"robots\" content=\"index, follow, max-snippet:-1, max-image-preview:large, max-video-preview:-1\" \/>\n<link rel=\"canonical\" href=\"https:\/\/www.manaus.am.gov.br\/semcom\/atendimento-nova-sede-implurb\/\" \/>\n<meta property=\"og:locale\" content=\"pt_BR\" \/>\n<meta property=\"og:type\" content=\"article\" \/>\n<meta property=\"og:title\" content=\"Requerentes aprovam atendimento na nova sede do Implurb\" \/>\n<meta property=\"og:description\" content=\"Requerentes aprovam atendimento na nova sede do Implurb, no Parque Mosaico, no segundo dia de funcionamento.\" \/>\n<meta property=\"og:url\" content=\"https:\/\/www.manaus.am.gov.br\/semcom\/atendimento-nova-sede-implurb\/\" \/>\n<meta property=\"og:site_name\" content=\"SEMCOM\" \/>\n<meta property=\"article:published_time\" content=\"2026-03-24T21:58:23+00:00\" \/>\n<meta property=\"og:image\" content=\"https:\/\/www.manaus.am.gov.br\/semcom\/wp-content\/uploads\/sites\/5\/2026\/03\/55165255687_4f8280f505_k.jpg\" \/>\n\t<meta property=\"og:image:width\" content=\"2047\" \/>\n\t<meta property=\"og:image:height\" content=\"1365\" \/>\n\t<meta property=\"og:image:type\" content=\"image\/jpeg\" \/>\n<meta name=\"author\" content=\"Bruna Greco\" \/>\n<meta name=\"twitter:card\" content=\"summary_large_image\" \/>\n<meta name=\"twitter:label1\" content=\"Written by\" \/>\n\t<meta name=\"twitter:data1\" content=\"Bruna Greco\" \/>\n\t<meta name=\"twitter:label2\" content=\"Est. reading time\" \/>\n\t<meta name=\"twitter:data2\" content=\"5 minutos\" \/>\n<script type=\"application\/ld+json\" class=\"yoast-schema-graph\">{\"@context\":\"https:\/\/schema.org\",\"@graph\":[{\"@type\":\"WebPage\",\"@id\":\"https:\/\/www.manaus.am.gov.br\/semcom\/atendimento-nova-sede-implurb\/\",\"url\":\"https:\/\/www.manaus.am.gov.br\/semcom\/atendimento-nova-sede-implurb\/\",\"name\":\"Requerentes aprovam atendimento na nova sede do Implurb\",\"isPartOf\":{\"@id\":\"https:\/\/www.manaus.am.gov.br\/semcom\/#website\"},\"primaryImageOfPage\":{\"@id\":\"https:\/\/www.manaus.am.gov.br\/semcom\/atendimento-nova-sede-implurb\/#primaryimage\"},\"image\":{\"@id\":\"https:\/\/www.manaus.am.gov.br\/semcom\/atendimento-nova-sede-implurb\/#primaryimage\"},\"thumbnailUrl\":\"https:\/\/www.manaus.am.gov.br\/semcom\/wp-content\/uploads\/sites\/5\/2026\/03\/55165255687_4f8280f505_k.jpg\",\"datePublished\":\"2026-03-24T21:58:23+00:00\",\"dateModified\":\"2026-03-24T21:58:23+00:00\",\"author\":{\"@id\":\"https:\/\/www.manaus.am.gov.br\/semcom\/#\/schema\/person\/05d223aea2bf115f9883a6ff3683d81b\"},\"description\":\"Requerentes aprovam atendimento na nova sede do Implurb, no Parque Mosaico, no segundo dia de funcionamento.\",\"inLanguage\":\"pt-BR\",\"potentialAction\":[{\"@type\":\"ReadAction\",\"target\":[\"https:\/\/www.manaus.am.gov.br\/semcom\/atendimento-nova-sede-implurb\/\"]}]},{\"@type\":\"ImageObject\",\"inLanguage\":\"pt-BR\",\"@id\":\"https:\/\/www.manaus.am.gov.br\/semcom\/atendimento-nova-sede-implurb\/#primaryimage\",\"url\":\"https:\/\/www.manaus.am.gov.br\/semcom\/wp-content\/uploads\/sites\/5\/2026\/03\/55165255687_4f8280f505_k.jpg\",\"contentUrl\":\"https:\/\/www.manaus.am.gov.br\/semcom\/wp-content\/uploads\/sites\/5\/2026\/03\/55165255687_4f8280f505_k.jpg\",\"width\":2047,\"height\":1365,\"caption\":\"#paratodosverem - Servidora do Implurb realizando atendimento de requerente na nova sede do \u00f3rg\u00e3o\"},{\"@type\":\"WebSite\",\"@id\":\"https:\/\/www.manaus.am.gov.br\/semcom\/#website\",\"url\":\"https:\/\/www.manaus.am.gov.br\/semcom\/\",\"name\":\"SEMCOM\",\"description\":\"Secretaria Municipal de Comunica\u00e7\u00e3o\",\"potentialAction\":[{\"@type\":\"SearchAction\",\"target\":{\"@type\":\"EntryPoint\",\"urlTemplate\":\"https:\/\/www.manaus.am.gov.br\/semcom\/?s={search_term_string}\"},\"query-input\":\"required name=search_term_string\"}],\"inLanguage\":\"pt-BR\"},{\"@type\":\"Person\",\"@id\":\"https:\/\/www.manaus.am.gov.br\/semcom\/#\/schema\/person\/05d223aea2bf115f9883a6ff3683d81b\",\"name\":\"Bruna Greco\",\"image\":{\"@type\":\"ImageObject\",\"inLanguage\":\"pt-BR\",\"@id\":\"https:\/\/www.manaus.am.gov.br\/semcom\/#\/schema\/person\/image\/\",\"url\":\"https:\/\/secure.gravatar.com\/avatar\/9c877d1a6adc2a055330e5c09a8653ce?s=96&d=mm&r=g\",\"contentUrl\":\"https:\/\/secure.gravatar.com\/avatar\/9c877d1a6adc2a055330e5c09a8653ce?s=96&d=mm&r=g\",\"caption\":\"Bruna Greco\"}}]}<\/script>\n<!-- \/ Yoast SEO plugin. -->","yoast_head_json":{"title":"Requerentes aprovam atendimento na nova sede do Implurb","description":"Requerentes aprovam atendimento na nova sede do Implurb, no Parque Mosaico, no segundo dia de funcionamento.","robots":{"index":"index","follow":"follow","max-snippet":"max-snippet:-1","max-image-preview":"max-image-preview:large","max-video-preview":"max-video-preview:-1"},"canonical":"https:\/\/www.manaus.am.gov.br\/semcom\/atendimento-nova-sede-implurb\/","og_locale":"pt_BR","og_type":"article","og_title":"Requerentes aprovam atendimento na nova sede do Implurb","og_description":"Requerentes aprovam atendimento na nova sede do Implurb, no Parque Mosaico, no segundo dia de funcionamento.","og_url":"https:\/\/www.manaus.am.gov.br\/semcom\/atendimento-nova-sede-implurb\/","og_site_name":"SEMCOM","article_published_time":"2026-03-24T21:58:23+00:00","og_image":[{"width":2047,"height":1365,"url":"https:\/\/www.manaus.am.gov.br\/semcom\/wp-content\/uploads\/sites\/5\/2026\/03\/55165255687_4f8280f505_k.jpg","type":"image\/jpeg"}],"author":"Bruna Greco","twitter_card":"summary_large_image","twitter_misc":{"Written by":"Bruna Greco","Est. reading time":"5 minutos"},"schema":{"@context":"https:\/\/schema.org","@graph":[{"@type":"WebPage","@id":"https:\/\/www.manaus.am.gov.br\/semcom\/atendimento-nova-sede-implurb\/","url":"https:\/\/www.manaus.am.gov.br\/semcom\/atendimento-nova-sede-implurb\/","name":"Requerentes aprovam atendimento na nova sede do Implurb","isPartOf":{"@id":"https:\/\/www.manaus.am.gov.br\/semcom\/#website"},"primaryImageOfPage":{"@id":"https:\/\/www.manaus.am.gov.br\/semcom\/atendimento-nova-sede-implurb\/#primaryimage"},"image":{"@id":"https:\/\/www.manaus.am.gov.br\/semcom\/atendimento-nova-sede-implurb\/#primaryimage"},"thumbnailUrl":"https:\/\/www.manaus.am.gov.br\/semcom\/wp-content\/uploads\/sites\/5\/2026\/03\/55165255687_4f8280f505_k.jpg","datePublished":"2026-03-24T21:58:23+00:00","dateModified":"2026-03-24T21:58:23+00:00","author":{"@id":"https:\/\/www.manaus.am.gov.br\/semcom\/#\/schema\/person\/05d223aea2bf115f9883a6ff3683d81b"},"description":"Requerentes aprovam atendimento na nova sede do Implurb, no Parque Mosaico, no segundo dia de funcionamento.","inLanguage":"pt-BR","potentialAction":[{"@type":"ReadAction","target":["https:\/\/www.manaus.am.gov.br\/semcom\/atendimento-nova-sede-implurb\/"]}]},{"@type":"ImageObject","inLanguage":"pt-BR","@id":"https:\/\/www.manaus.am.gov.br\/semcom\/atendimento-nova-sede-implurb\/#primaryimage","url":"https:\/\/www.manaus.am.gov.br\/semcom\/wp-content\/uploads\/sites\/5\/2026\/03\/55165255687_4f8280f505_k.jpg","contentUrl":"https:\/\/www.manaus.am.gov.br\/semcom\/wp-content\/uploads\/sites\/5\/2026\/03\/55165255687_4f8280f505_k.jpg","width":2047,"height":1365,"caption":"#paratodosverem - Servidora do Implurb realizando atendimento de requerente na nova sede do \u00f3rg\u00e3o"},{"@type":"WebSite","@id":"https:\/\/www.manaus.am.gov.br\/semcom\/#website","url":"https:\/\/www.manaus.am.gov.br\/semcom\/","name":"SEMCOM","description":"Secretaria Municipal de Comunica\u00e7\u00e3o","potentialAction":[{"@type":"SearchAction","target":{"@type":"EntryPoint","urlTemplate":"https:\/\/www.manaus.am.gov.br\/semcom\/?s={search_term_string}"},"query-input":"required name=search_term_string"}],"inLanguage":"pt-BR"},{"@type":"Person","@id":"https:\/\/www.manaus.am.gov.br\/semcom\/#\/schema\/person\/05d223aea2bf115f9883a6ff3683d81b","name":"Bruna Greco","image":{"@type":"ImageObject","inLanguage":"pt-BR","@id":"https:\/\/www.manaus.am.gov.br\/semcom\/#\/schema\/person\/image\/","url":"https:\/\/secure.gravatar.com\/avatar\/9c877d1a6adc2a055330e5c09a8653ce?s=96&d=mm&r=g","contentUrl":"https:\/\/secure.gravatar.com\/avatar\/9c877d1a6adc2a055330e5c09a8653ce?s=96&d=mm&r=g","caption":"Bruna Greco"}}]}},"_links":{"self":[{"href":"https:\/\/www.manaus.am.gov.br\/semcom\/wp-json\/wp\/v2\/posts\/255387"}],"collection":[{"href":"https:\/\/www.manaus.am.gov.br\/semcom\/wp-json\/wp\/v2\/posts"}],"about":[{"href":"https:\/\/www.manaus.am.gov.br\/semcom\/wp-json\/wp\/v2\/types\/post"}],"author":[{"embeddable":true,"href":"https:\/\/www.manaus.am.gov.br\/semcom\/wp-json\/wp\/v2\/users\/39"}],"replies":[{"embeddable":true,"href":"https:\/\/www.manaus.am.gov.br\/semcom\/wp-json\/wp\/v2\/comments?post=255387"}],"version-history":[{"count":1,"href":"https:\/\/www.manaus.am.gov.br\/semcom\/wp-json\/wp\/v2\/posts\/255387\/revisions"}],"predecessor-version":[{"id":255390,"href":"https:\/\/www.manaus.am.gov.br\/semcom\/wp-json\/wp\/v2\/posts\/255387\/revisions\/255390"}],"wp:featuredmedia":[{"embeddable":true,"href":"https:\/\/www.manaus.am.gov.br\/semcom\/wp-json\/wp\/v2\/media\/255389"}],"wp:attachment":[{"href":"https:\/\/www.manaus.am.gov.br\/semcom\/wp-json\/wp\/v2\/media?parent=255387"}],"wp:term":[{"taxonomy":"category","embeddable":true,"href":"https:\/\/www.manaus.am.gov.br\/semcom\/wp-json\/wp\/v2\/categories?post=255387"},{"taxonomy":"post_tag","embeddable":true,"href":"https:\/\/www.manaus.am.gov.br\/semcom\/wp-json\/wp\/v2\/tags?post=255387"}],"curies":[{"name":"wp","href":"https:\/\/api.w.org\/{rel}","templated":true}]}}