{"id":255307,"date":"2026-03-24T10:35:57","date_gmt":"2026-03-24T14:35:57","guid":{"rendered":"https:\/\/www.manaus.am.gov.br\/semcom\/prefeitura-proconmanaus-pesquisagas\/"},"modified":"2026-03-24T14:18:44","modified_gmt":"2026-03-24T17:18:44","slug":"prefeitura-proconmanaus-pesquisagas","status":"publish","type":"post","link":"https:\/\/www.manaus.am.gov.br\/semcom\/prefeitura-proconmanaus-pesquisagas\/","title":{"rendered":"Pesquisa divulgada pelo Procon Manaus aponta varia\u00e7\u00e3o de at\u00e9 R$ 27 no pre\u00e7o do g\u00e1s de cozinha"},"content":{"rendered":"\n<p>A <a href=\"https:\/\/www.manaus.am.gov.br\/\">Prefeitura de Manaus<\/a>, por meio do <a href=\"https:\/\/www.procon.am.gov.br\/\">Servi\u00e7o de Atendimento e Prote\u00e7\u00e3o ao Consumidor<\/a> (Procon Manaus), divulgou, nesta ter\u00e7a-feira, 24\/3, o resultado da primeira pesquisa mensal de g\u00e1s de cozinha em estabelecimentos da capital. O levantamento tem como objetivo dar \u00eanfase \u00e0 prote\u00e7\u00e3o dos interesses dos consumidores quanto aos pre\u00e7os e \u00e0s ofertas de produtos e servi\u00e7os.<\/p>\n\n\n\n<p>A presidente do Procon Manaus, Onilda Abreu, refor\u00e7ou o car\u00e1ter informativo da pesquisa. \u201cEssa pesquisa tem como principal objetivo levar informa\u00e7\u00e3o clara ao consumidor, permitindo que ele acompanhe os pre\u00e7os praticados na cidade e fa\u00e7a escolhas mais vantajosas. O acesso \u00e0 informa\u00e7\u00e3o \u00e9 um direito e tamb\u00e9m uma ferramenta importante de prote\u00e7\u00e3o nas rela\u00e7\u00f5es de consumo\u201d, afirmou.<\/p>\n\n\n\n<p>A coleta de dados foi realizada no dia 19 de mar\u00e7o pela Divis\u00e3o de Fiscaliza\u00e7\u00e3o do \u00f3rg\u00e3o, tendo como objeto de an\u00e1lise os botij\u00f5es de g\u00e1s de cozinha nos tamanhos de 7 quilos, 8 quilos e 13 quilos. Ao todo, foram avaliados 25 estabelecimentos distribu\u00eddos por todas as zonas da cidade. Em rela\u00e7\u00e3o ao botij\u00e3o de 13 quilos, o menor pre\u00e7o identificado foi de R$ 119 e o maior, de R$ 137.<\/p>\n\n\n\n<p>O botij\u00e3o de 7 quilos apresentou valores entre R$ 74 e R$ 84, com diferen\u00e7a de R$ 10. No caso do botij\u00e3o de 8 quilos, os pre\u00e7os variaram de R$ 80 a R$ 107, registrando uma diferen\u00e7a de R$ 27 entre o menor e o maior valor encontrado.<\/p>\n\n\n\n<p>Os valores constatados referem-se exclusivamente aos pre\u00e7os praticados para pagamentos \u00e0 vista, n\u00e3o incluindo eventuais taxas adicionais, como a cobran\u00e7a de entrega domiciliar, que podem variar conforme a distribuidora e a localidade atendida. Destaca-se que os pre\u00e7os informados correspondem aos valores praticados na data de realiza\u00e7\u00e3o da pesquisa, podendo sofrer altera\u00e7\u00f5es posteriores.<\/p>\n\n\n\n<p>O Procon Manaus refor\u00e7a que os resultados obtidos servem como refer\u00eancia para os consumidores e salienta a import\u00e2ncia de pesquisar antes de realizar a compra.<\/p>\n\n\n\n<p>Confira a pesquisa completa aqui.<\/p>\n\n\n\n<div data-wp-interactive=\"\" class=\"wp-block-file\"><object data-wp-bind--hidden=\"!selectors.core.file.hasPdfPreview\" hidden class=\"wp-block-file__embed\" data=\"https:\/\/www.manaus.am.gov.br\/semcom\/wp-content\/uploads\/sites\/5\/2026\/03\/Pesquisa-Gas-de-cozinha.pdf\" type=\"application\/pdf\" style=\"width:100%;height:600px\" aria-label=\"Incorporado de Pesquisa G\u00e1s de cozinha.\"><\/object><a id=\"wp-block-file--media-fba9e733-16f6-4c8b-80dc-cb5bf964cb0e\" href=\"https:\/\/www.manaus.am.gov.br\/semcom\/wp-content\/uploads\/sites\/5\/2026\/03\/Pesquisa-Gas-de-cozinha.pdf\">Pesquisa G\u00e1s de cozinha<\/a><a href=\"https:\/\/www.manaus.am.gov.br\/semcom\/wp-content\/uploads\/sites\/5\/2026\/03\/Pesquisa-Gas-de-cozinha.pdf\" class=\"wp-block-file__button wp-element-button\" download aria-describedby=\"wp-block-file--media-fba9e733-16f6-4c8b-80dc-cb5bf964cb0e\">Baixar<\/a><\/div>\n\n\n\n<p>&#8212; &#8212; &#8212;<\/p>\n\n\n\n<p><strong>Texto <\/strong>\u2013 Deborah Borges \/ Procon Manaus<\/p>\n\n\n\n<p><strong>Fotos <\/strong>\u2013 Divulga\u00e7\u00e3o e Cl\u00f3vis Miranda\/Semcom Arquivo<\/p>\n","protected":false},"excerpt":{"rendered":"","protected":false},"author":23,"featured_media":255308,"comment_status":"closed","ping_status":"closed","sticky":false,"template":"","format":"standard","meta":{"footnotes":""},"categories":[3335],"tags":[19918,5985,77,5594],"acf":[],"yoast_head":"<!-- This site is optimized with the Yoast SEO plugin v23.0 - https:\/\/yoast.com\/wordpress\/plugins\/seo\/ -->\n<title>Pesquisa divulgada pelo Procon Manaus aponta varia\u00e7\u00e3o de at\u00e9 R$ 27 no pre\u00e7o do g\u00e1s de cozinha<\/title>\n<meta name=\"description\" content=\"A Prefeitura de Manaus, por meio do Servi\u00e7o de Atendimento e Prote\u00e7\u00e3o ao Consumidor (Procon Manaus), divulgou, nesta ter\u00e7a-feira, 24\/3, o resultado da primeira pesquisa mensal de g\u00e1s de cozinha em estabelecimentos da capital.\" \/>\n<meta name=\"robots\" content=\"index, follow, max-snippet:-1, max-image-preview:large, max-video-preview:-1\" \/>\n<link rel=\"canonical\" href=\"https:\/\/www.manaus.am.gov.br\/semcom\/prefeitura-proconmanaus-pesquisagas\/\" \/>\n<meta property=\"og:locale\" content=\"pt_BR\" \/>\n<meta property=\"og:type\" content=\"article\" \/>\n<meta property=\"og:title\" content=\"Pesquisa divulgada pelo Procon Manaus aponta varia\u00e7\u00e3o de at\u00e9 R$ 27 no pre\u00e7o do g\u00e1s de cozinha\" \/>\n<meta property=\"og:description\" content=\"A Prefeitura de Manaus, por meio do Servi\u00e7o de Atendimento e Prote\u00e7\u00e3o ao Consumidor (Procon Manaus), divulgou, nesta ter\u00e7a-feira, 24\/3, o resultado da primeira pesquisa mensal de g\u00e1s de cozinha em estabelecimentos da capital.\" \/>\n<meta property=\"og:url\" content=\"https:\/\/www.manaus.am.gov.br\/semcom\/prefeitura-proconmanaus-pesquisagas\/\" \/>\n<meta property=\"og:site_name\" content=\"SEMCOM\" \/>\n<meta property=\"article:published_time\" content=\"2026-03-24T14:35:57+00:00\" \/>\n<meta property=\"article:modified_time\" content=\"2026-03-24T17:18:44+00:00\" \/>\n<meta property=\"og:image\" content=\"https:\/\/www.manaus.am.gov.br\/semcom\/wp-content\/uploads\/sites\/5\/2026\/03\/WhatsApp-Image-2026-03-24-at-10.26.00-2.jpeg\" \/>\n\t<meta property=\"og:image:width\" content=\"1600\" \/>\n\t<meta property=\"og:image:height\" content=\"1066\" \/>\n\t<meta property=\"og:image:type\" content=\"image\/jpeg\" \/>\n<meta name=\"author\" content=\"Adriana Costa\" \/>\n<meta name=\"twitter:card\" content=\"summary_large_image\" \/>\n<meta name=\"twitter:label1\" content=\"Written by\" \/>\n\t<meta name=\"twitter:data1\" content=\"Adriana Costa\" \/>\n\t<meta name=\"twitter:label2\" content=\"Est. reading time\" \/>\n\t<meta name=\"twitter:data2\" content=\"3 minutos\" \/>\n<script type=\"application\/ld+json\" class=\"yoast-schema-graph\">{\"@context\":\"https:\/\/schema.org\",\"@graph\":[{\"@type\":\"WebPage\",\"@id\":\"https:\/\/www.manaus.am.gov.br\/semcom\/prefeitura-proconmanaus-pesquisagas\/\",\"url\":\"https:\/\/www.manaus.am.gov.br\/semcom\/prefeitura-proconmanaus-pesquisagas\/\",\"name\":\"Pesquisa divulgada pelo Procon Manaus aponta varia\u00e7\u00e3o de at\u00e9 R$ 27 no pre\u00e7o do g\u00e1s de cozinha\",\"isPartOf\":{\"@id\":\"https:\/\/www.manaus.am.gov.br\/semcom\/#website\"},\"primaryImageOfPage\":{\"@id\":\"https:\/\/www.manaus.am.gov.br\/semcom\/prefeitura-proconmanaus-pesquisagas\/#primaryimage\"},\"image\":{\"@id\":\"https:\/\/www.manaus.am.gov.br\/semcom\/prefeitura-proconmanaus-pesquisagas\/#primaryimage\"},\"thumbnailUrl\":\"https:\/\/www.manaus.am.gov.br\/semcom\/wp-content\/uploads\/sites\/5\/2026\/03\/WhatsApp-Image-2026-03-24-at-10.26.00-2.jpeg\",\"datePublished\":\"2026-03-24T14:35:57+00:00\",\"dateModified\":\"2026-03-24T17:18:44+00:00\",\"author\":{\"@id\":\"https:\/\/www.manaus.am.gov.br\/semcom\/#\/schema\/person\/4e49f4e267757a06ca072ec61b2b9968\"},\"description\":\"A Prefeitura de Manaus, por meio do Servi\u00e7o de Atendimento e Prote\u00e7\u00e3o ao Consumidor (Procon Manaus), divulgou, nesta ter\u00e7a-feira, 24\/3, o resultado da primeira pesquisa mensal de g\u00e1s de cozinha em estabelecimentos da capital.\",\"inLanguage\":\"pt-BR\",\"potentialAction\":[{\"@type\":\"ReadAction\",\"target\":[\"https:\/\/www.manaus.am.gov.br\/semcom\/prefeitura-proconmanaus-pesquisagas\/\"]}]},{\"@type\":\"ImageObject\",\"inLanguage\":\"pt-BR\",\"@id\":\"https:\/\/www.manaus.am.gov.br\/semcom\/prefeitura-proconmanaus-pesquisagas\/#primaryimage\",\"url\":\"https:\/\/www.manaus.am.gov.br\/semcom\/wp-content\/uploads\/sites\/5\/2026\/03\/WhatsApp-Image-2026-03-24-at-10.26.00-2.jpeg\",\"contentUrl\":\"https:\/\/www.manaus.am.gov.br\/semcom\/wp-content\/uploads\/sites\/5\/2026\/03\/WhatsApp-Image-2026-03-24-at-10.26.00-2.jpeg\",\"width\":1600,\"height\":1066,\"caption\":\"#paratodosverem - M\u00e3o carrega botij\u00e3o de g\u00e1s de cozinha\"},{\"@type\":\"WebSite\",\"@id\":\"https:\/\/www.manaus.am.gov.br\/semcom\/#website\",\"url\":\"https:\/\/www.manaus.am.gov.br\/semcom\/\",\"name\":\"SEMCOM\",\"description\":\"Secretaria Municipal de Comunica\u00e7\u00e3o\",\"potentialAction\":[{\"@type\":\"SearchAction\",\"target\":{\"@type\":\"EntryPoint\",\"urlTemplate\":\"https:\/\/www.manaus.am.gov.br\/semcom\/?s={search_term_string}\"},\"query-input\":\"required name=search_term_string\"}],\"inLanguage\":\"pt-BR\"},{\"@type\":\"Person\",\"@id\":\"https:\/\/www.manaus.am.gov.br\/semcom\/#\/schema\/person\/4e49f4e267757a06ca072ec61b2b9968\",\"name\":\"Adriana Costa\",\"image\":{\"@type\":\"ImageObject\",\"inLanguage\":\"pt-BR\",\"@id\":\"https:\/\/www.manaus.am.gov.br\/semcom\/#\/schema\/person\/image\/\",\"url\":\"https:\/\/secure.gravatar.com\/avatar\/576258617ef7194f718179e766d57bd4?s=96&d=mm&r=g\",\"contentUrl\":\"https:\/\/secure.gravatar.com\/avatar\/576258617ef7194f718179e766d57bd4?s=96&d=mm&r=g\",\"caption\":\"Adriana Costa\"}}]}<\/script>\n<!-- \/ Yoast SEO plugin. -->","yoast_head_json":{"title":"Pesquisa divulgada pelo Procon Manaus aponta varia\u00e7\u00e3o de at\u00e9 R$ 27 no pre\u00e7o do g\u00e1s de cozinha","description":"A Prefeitura de Manaus, por meio do Servi\u00e7o de Atendimento e Prote\u00e7\u00e3o ao Consumidor (Procon Manaus), divulgou, nesta ter\u00e7a-feira, 24\/3, o resultado da primeira pesquisa mensal de g\u00e1s de cozinha em estabelecimentos da capital.","robots":{"index":"index","follow":"follow","max-snippet":"max-snippet:-1","max-image-preview":"max-image-preview:large","max-video-preview":"max-video-preview:-1"},"canonical":"https:\/\/www.manaus.am.gov.br\/semcom\/prefeitura-proconmanaus-pesquisagas\/","og_locale":"pt_BR","og_type":"article","og_title":"Pesquisa divulgada pelo Procon Manaus aponta varia\u00e7\u00e3o de at\u00e9 R$ 27 no pre\u00e7o do g\u00e1s de cozinha","og_description":"A Prefeitura de Manaus, por meio do Servi\u00e7o de Atendimento e Prote\u00e7\u00e3o ao Consumidor (Procon Manaus), divulgou, nesta ter\u00e7a-feira, 24\/3, o resultado da primeira pesquisa mensal de g\u00e1s de cozinha em estabelecimentos da capital.","og_url":"https:\/\/www.manaus.am.gov.br\/semcom\/prefeitura-proconmanaus-pesquisagas\/","og_site_name":"SEMCOM","article_published_time":"2026-03-24T14:35:57+00:00","article_modified_time":"2026-03-24T17:18:44+00:00","og_image":[{"width":1600,"height":1066,"url":"https:\/\/www.manaus.am.gov.br\/semcom\/wp-content\/uploads\/sites\/5\/2026\/03\/WhatsApp-Image-2026-03-24-at-10.26.00-2.jpeg","type":"image\/jpeg"}],"author":"Adriana Costa","twitter_card":"summary_large_image","twitter_misc":{"Written by":"Adriana Costa","Est. reading time":"3 minutos"},"schema":{"@context":"https:\/\/schema.org","@graph":[{"@type":"WebPage","@id":"https:\/\/www.manaus.am.gov.br\/semcom\/prefeitura-proconmanaus-pesquisagas\/","url":"https:\/\/www.manaus.am.gov.br\/semcom\/prefeitura-proconmanaus-pesquisagas\/","name":"Pesquisa divulgada pelo Procon Manaus aponta varia\u00e7\u00e3o de at\u00e9 R$ 27 no pre\u00e7o do g\u00e1s de cozinha","isPartOf":{"@id":"https:\/\/www.manaus.am.gov.br\/semcom\/#website"},"primaryImageOfPage":{"@id":"https:\/\/www.manaus.am.gov.br\/semcom\/prefeitura-proconmanaus-pesquisagas\/#primaryimage"},"image":{"@id":"https:\/\/www.manaus.am.gov.br\/semcom\/prefeitura-proconmanaus-pesquisagas\/#primaryimage"},"thumbnailUrl":"https:\/\/www.manaus.am.gov.br\/semcom\/wp-content\/uploads\/sites\/5\/2026\/03\/WhatsApp-Image-2026-03-24-at-10.26.00-2.jpeg","datePublished":"2026-03-24T14:35:57+00:00","dateModified":"2026-03-24T17:18:44+00:00","author":{"@id":"https:\/\/www.manaus.am.gov.br\/semcom\/#\/schema\/person\/4e49f4e267757a06ca072ec61b2b9968"},"description":"A Prefeitura de Manaus, por meio do Servi\u00e7o de Atendimento e Prote\u00e7\u00e3o ao Consumidor (Procon Manaus), divulgou, nesta ter\u00e7a-feira, 24\/3, o resultado da primeira pesquisa mensal de g\u00e1s de cozinha em estabelecimentos da capital.","inLanguage":"pt-BR","potentialAction":[{"@type":"ReadAction","target":["https:\/\/www.manaus.am.gov.br\/semcom\/prefeitura-proconmanaus-pesquisagas\/"]}]},{"@type":"ImageObject","inLanguage":"pt-BR","@id":"https:\/\/www.manaus.am.gov.br\/semcom\/prefeitura-proconmanaus-pesquisagas\/#primaryimage","url":"https:\/\/www.manaus.am.gov.br\/semcom\/wp-content\/uploads\/sites\/5\/2026\/03\/WhatsApp-Image-2026-03-24-at-10.26.00-2.jpeg","contentUrl":"https:\/\/www.manaus.am.gov.br\/semcom\/wp-content\/uploads\/sites\/5\/2026\/03\/WhatsApp-Image-2026-03-24-at-10.26.00-2.jpeg","width":1600,"height":1066,"caption":"#paratodosverem - M\u00e3o carrega botij\u00e3o de g\u00e1s de cozinha"},{"@type":"WebSite","@id":"https:\/\/www.manaus.am.gov.br\/semcom\/#website","url":"https:\/\/www.manaus.am.gov.br\/semcom\/","name":"SEMCOM","description":"Secretaria Municipal de Comunica\u00e7\u00e3o","potentialAction":[{"@type":"SearchAction","target":{"@type":"EntryPoint","urlTemplate":"https:\/\/www.manaus.am.gov.br\/semcom\/?s={search_term_string}"},"query-input":"required name=search_term_string"}],"inLanguage":"pt-BR"},{"@type":"Person","@id":"https:\/\/www.manaus.am.gov.br\/semcom\/#\/schema\/person\/4e49f4e267757a06ca072ec61b2b9968","name":"Adriana Costa","image":{"@type":"ImageObject","inLanguage":"pt-BR","@id":"https:\/\/www.manaus.am.gov.br\/semcom\/#\/schema\/person\/image\/","url":"https:\/\/secure.gravatar.com\/avatar\/576258617ef7194f718179e766d57bd4?s=96&d=mm&r=g","contentUrl":"https:\/\/secure.gravatar.com\/avatar\/576258617ef7194f718179e766d57bd4?s=96&d=mm&r=g","caption":"Adriana Costa"}}]}},"_links":{"self":[{"href":"https:\/\/www.manaus.am.gov.br\/semcom\/wp-json\/wp\/v2\/posts\/255307"}],"collection":[{"href":"https:\/\/www.manaus.am.gov.br\/semcom\/wp-json\/wp\/v2\/posts"}],"about":[{"href":"https:\/\/www.manaus.am.gov.br\/semcom\/wp-json\/wp\/v2\/types\/post"}],"author":[{"embeddable":true,"href":"https:\/\/www.manaus.am.gov.br\/semcom\/wp-json\/wp\/v2\/users\/23"}],"replies":[{"embeddable":true,"href":"https:\/\/www.manaus.am.gov.br\/semcom\/wp-json\/wp\/v2\/comments?post=255307"}],"version-history":[{"count":8,"href":"https:\/\/www.manaus.am.gov.br\/semcom\/wp-json\/wp\/v2\/posts\/255307\/revisions"}],"predecessor-version":[{"id":255334,"href":"https:\/\/www.manaus.am.gov.br\/semcom\/wp-json\/wp\/v2\/posts\/255307\/revisions\/255334"}],"wp:featuredmedia":[{"embeddable":true,"href":"https:\/\/www.manaus.am.gov.br\/semcom\/wp-json\/wp\/v2\/media\/255308"}],"wp:attachment":[{"href":"https:\/\/www.manaus.am.gov.br\/semcom\/wp-json\/wp\/v2\/media?parent=255307"}],"wp:term":[{"taxonomy":"category","embeddable":true,"href":"https:\/\/www.manaus.am.gov.br\/semcom\/wp-json\/wp\/v2\/categories?post=255307"},{"taxonomy":"post_tag","embeddable":true,"href":"https:\/\/www.manaus.am.gov.br\/semcom\/wp-json\/wp\/v2\/tags?post=255307"}],"curies":[{"name":"wp","href":"https:\/\/api.w.org\/{rel}","templated":true}]}}