{"id":255242,"date":"2026-03-23T15:29:56","date_gmt":"2026-03-23T18:29:56","guid":{"rendered":"https:\/\/www.manaus.am.gov.br\/semcom\/prefeitura-maternidade-prevencao-infeccao\/"},"modified":"2026-03-23T15:38:46","modified_gmt":"2026-03-23T18:38:46","slug":"prefeitura-maternidade-dr-moura-tapajoz-prevencao-infeccao","status":"publish","type":"post","link":"https:\/\/www.manaus.am.gov.br\/semcom\/prefeitura-maternidade-dr-moura-tapajoz-prevencao-infeccao\/","title":{"rendered":"Preven\u00e7\u00e3o e tratamento de infec\u00e7\u00e3o de s\u00edtio cir\u00fargico \u00e9 tema de palestra na Maternidade Dr. Moura Tapaj\u00f3z"},"content":{"rendered":"\n<p>A Comiss\u00e3o de Controle de Infec\u00e7\u00e3o Hospitalar da Maternidade Dr. Moura Tapaj\u00f3z (CCIH\/MMT), da <a href=\"https:\/\/www.manaus.am.gov.br\/\">Prefeitura de Manaus<\/a>, promoveu, na manh\u00e3 desta\u00a0segunda-feira, 23\/3, uma palestra sobre o Protocolo de Preven\u00e7\u00e3o de Infec\u00e7\u00e3o de S\u00edtio Cir\u00fargico. A apresenta\u00e7\u00e3o do conte\u00fado ficou a cargo da enfermeira da CCIH\/MMT,\u00a0Kalyria Kyrk, e teve como objetivo refor\u00e7ar as orienta\u00e7\u00f5es para que os procedimentos se tornem cada vez mais eficientes e seguros, a fim de\u00a0diminuir complica\u00e7\u00f5es p\u00f3s-operat\u00f3rias e promover uma recupera\u00e7\u00e3o mais segura e r\u00e1pida para os pacientes submetidos a cirurgias.<\/p>\n\n\n\n<p>Segundo Kalyria, entre todos os protocolos necess\u00e1rios \u00e0 seguran\u00e7a da unidade hospitalar, a aten\u00e7\u00e3o aos processos voltados para a redu\u00e7\u00e3o dos riscos de contamina\u00e7\u00e3o no centro cir\u00fargico \u00e9 uma prioridade.<\/p>\n\n\n\n<p>\u201cComo sempre digo, devemos refor\u00e7ar, periodicamente, as orienta\u00e7\u00f5es para que os procedimentos se tornem cada vez mais eficientes e seguros, desde a mais simples lavagem das m\u00e3os antes e depois de qualquer atendimento, at\u00e9 a\u00e7\u00f5es mais complexas. Para isso, temos um Protocolo de Preven\u00e7\u00e3o de Infec\u00e7\u00e3o de S\u00edtio Cir\u00fargico, assim como um Protocolo de Antibioticoprofilaxia e Antibioticoterapia em Ginecologia e Obstetr\u00edcia, ou seja, temos todas as ferramentas e procedimentos padronizados para reduzir ao m\u00e1ximo a ocorr\u00eancia de infec\u00e7\u00f5es\u201d, destacou a enfermeira.<\/p>\n\n\n\n<p>A enfermeira obstetra e diretora da MMT, N\u00fabia Cruz, esclareceu que o evento teve o objetivo de reduzir o \u00edndice de infec\u00e7\u00f5es, de modo a diminuir o tempo de interna\u00e7\u00e3o e elevar a qualidade do cuidado cir\u00fargico oferecido. \u201cA preven\u00e7\u00e3o de infec\u00e7\u00e3o de s\u00edtio cir\u00fargico \u00e9 de extrema import\u00e2ncia, pois sabemos que a mulher que acabou de ter beb\u00ea por meio de uma cesariana j\u00e1 se encontra em uma situa\u00e7\u00e3o naturalmente fr\u00e1gil, em raz\u00e3o de ter passado por um procedimento cir\u00fargico. Ent\u00e3o, nesses casos, uma intercorr\u00eancia infecciosa pode atrapalhar muito todo o processo puerperal\u201d, explicou N\u00fabia.<\/p>\n\n\n\n<p>A diretora frisou que a infec\u00e7\u00e3o de s\u00edtio cir\u00fargico \u00e9 a principal complica\u00e7\u00e3o da opera\u00e7\u00e3o cesariana e a infec\u00e7\u00e3o puerperal (ap\u00f3s o parto) ainda \u00e9 referenciada como uma das principais causas de \u00f3bitos maternos no Brasil. \u201cMas essa \u00e9 uma realidade evit\u00e1vel e que estamos trabalhando incansavelmente para mudar\u201d, avaliou N\u00fabia.<\/p>\n\n\n\n<p>A enfermeira Kalyria Kyrk tamb\u00e9m destacou como uma intercorr\u00eancia infecciosa pode atrapalhar todo o processo puerperal, elencando algumas das in\u00fameras raz\u00f5es pelas quais as infec\u00e7\u00f5es de s\u00edtio cir\u00fargico devem ser evitadas. \u201cApenas o fato de serem a principal causa de morte materna j\u00e1 seria argumento suficiente para se trabalhar para evitar ao m\u00e1ximo as infec\u00e7\u00f5es de s\u00edtio cir\u00fargico, mas elas tamb\u00e9m t\u00eam outras s\u00e9rias consequ\u00eancias negativas: prolongam o per\u00edodo de interna\u00e7\u00e3o das pacientes, aumentando as despesas hospitalares; desestimulam a amamenta\u00e7\u00e3o; desfavorecem o v\u00ednculo m\u00e3e-filho e ainda est\u00e3o relacionadas ao desenvolvimento da depress\u00e3o p\u00f3s-parto\u201d, esclareceu a enfermeira.<\/p>\n\n\n\n<p>Os profissionais de sa\u00fade presentes foram orientados sobre diversos protocolos a serem seguidos durante os procedimentos cir\u00fargicos e relembrados da import\u00e2ncia da higieniza\u00e7\u00e3o das m\u00e3os antes e depois de todo e qualquer contato com as pessoas atendidas, inclusive depois de remover as luvas. Tamb\u00e9m foram relembradas sobre as principais medidas para controle da infec\u00e7\u00e3o de s\u00edtio cir\u00fargico, que incluem uma preven\u00e7\u00e3o pr\u00e9-operat\u00f3ria eficiente; t\u00e9cnicas cir\u00fargicas seguras e desinfec\u00e7\u00e3o rigorosa; uso adequado de antibi\u00f3ticos profil\u00e1ticos; controle da temperatura corporal e da glicemia; e boas pr\u00e1ticas de cuidado p\u00f3s-operat\u00f3rio por parte das equipes e dos pr\u00f3prios pacientes.<\/p>\n\n\n\n<p>&nbsp;&#8212; &#8212; &#8212;<\/p>\n\n\n\n<p><strong>Texto <\/strong>&#8211;&nbsp;Marcella Normando\/ Semsa<\/p>\n\n\n\n<p><strong>Fotos <\/strong>&#8211;&nbsp;Divulga\u00e7\u00e3o\/Semsa<\/p>\n","protected":false},"excerpt":{"rendered":"","protected":false},"author":23,"featured_media":255243,"comment_status":"closed","ping_status":"closed","sticky":false,"template":"","format":"standard","meta":{"footnotes":""},"categories":[42],"tags":[19891,752,293,77,162],"acf":[],"yoast_head":"<!-- This site is optimized with the Yoast SEO plugin v23.0 - https:\/\/yoast.com\/wordpress\/plugins\/seo\/ -->\n<title>Preven\u00e7\u00e3o e tratamento de infec\u00e7\u00e3o de s\u00edtio cir\u00fargico \u00e9 tema de palestra na Maternidade Dr. Moura Tapaj\u00f3z<\/title>\n<meta name=\"description\" content=\"A Comiss\u00e3o de Controle de Infec\u00e7\u00e3o Hospitalar da Maternidade Dr. Moura Tapaj\u00f3z (CCIH\/MMT), da Prefeitura de Manaus, promoveu, na manh\u00e3 desta segunda-feira, 23\/3, uma palestra sobre o Protocolo de Preven\u00e7\u00e3o de Infec\u00e7\u00e3o de S\u00edtio Cir\u00fargico.\" \/>\n<meta name=\"robots\" content=\"index, follow, max-snippet:-1, max-image-preview:large, max-video-preview:-1\" \/>\n<link rel=\"canonical\" href=\"https:\/\/www.manaus.am.gov.br\/semcom\/prefeitura-maternidade-prevencao-infeccao\/\" \/>\n<meta property=\"og:locale\" content=\"pt_BR\" \/>\n<meta property=\"og:type\" content=\"article\" \/>\n<meta property=\"og:title\" content=\"Preven\u00e7\u00e3o e tratamento de infec\u00e7\u00e3o de s\u00edtio cir\u00fargico \u00e9 tema de palestra na Maternidade Dr. Moura Tapaj\u00f3z\" \/>\n<meta property=\"og:description\" content=\"A Comiss\u00e3o de Controle de Infec\u00e7\u00e3o Hospitalar da Maternidade Dr. Moura Tapaj\u00f3z (CCIH\/MMT), da Prefeitura de Manaus, promoveu, na manh\u00e3 desta segunda-feira, 23\/3, uma palestra sobre o Protocolo de Preven\u00e7\u00e3o de Infec\u00e7\u00e3o de S\u00edtio Cir\u00fargico.\" \/>\n<meta property=\"og:url\" content=\"https:\/\/www.manaus.am.gov.br\/semcom\/prefeitura-maternidade-prevencao-infeccao\/\" \/>\n<meta property=\"og:site_name\" content=\"SEMCOM\" \/>\n<meta property=\"article:published_time\" content=\"2026-03-23T18:29:56+00:00\" \/>\n<meta property=\"article:modified_time\" content=\"2026-03-23T18:38:46+00:00\" \/>\n<meta property=\"og:image\" content=\"https:\/\/www.manaus.am.gov.br\/semcom\/wp-content\/uploads\/sites\/5\/2026\/03\/SEMSA-MANAUS_SITIO-CIRURGICO-1-.jpeg\" \/>\n\t<meta property=\"og:image:width\" content=\"1600\" \/>\n\t<meta property=\"og:image:height\" content=\"939\" \/>\n\t<meta property=\"og:image:type\" content=\"image\/jpeg\" \/>\n<meta name=\"author\" content=\"Adriana Costa\" \/>\n<meta name=\"twitter:card\" content=\"summary_large_image\" \/>\n<meta name=\"twitter:label1\" content=\"Written by\" \/>\n\t<meta name=\"twitter:data1\" content=\"Adriana Costa\" \/>\n\t<meta name=\"twitter:label2\" content=\"Est. reading time\" \/>\n\t<meta name=\"twitter:data2\" content=\"4 minutos\" \/>\n<script type=\"application\/ld+json\" class=\"yoast-schema-graph\">{\"@context\":\"https:\/\/schema.org\",\"@graph\":[{\"@type\":\"WebPage\",\"@id\":\"https:\/\/www.manaus.am.gov.br\/semcom\/prefeitura-maternidade-prevencao-infeccao\/\",\"url\":\"https:\/\/www.manaus.am.gov.br\/semcom\/prefeitura-maternidade-prevencao-infeccao\/\",\"name\":\"Preven\u00e7\u00e3o e tratamento de infec\u00e7\u00e3o de s\u00edtio cir\u00fargico \u00e9 tema de palestra na Maternidade Dr. Moura Tapaj\u00f3z\",\"isPartOf\":{\"@id\":\"https:\/\/www.manaus.am.gov.br\/semcom\/#website\"},\"primaryImageOfPage\":{\"@id\":\"https:\/\/www.manaus.am.gov.br\/semcom\/prefeitura-maternidade-prevencao-infeccao\/#primaryimage\"},\"image\":{\"@id\":\"https:\/\/www.manaus.am.gov.br\/semcom\/prefeitura-maternidade-prevencao-infeccao\/#primaryimage\"},\"thumbnailUrl\":\"https:\/\/www.manaus.am.gov.br\/semcom\/wp-content\/uploads\/sites\/5\/2026\/03\/SEMSA-MANAUS_SITIO-CIRURGICO-1-.jpeg\",\"datePublished\":\"2026-03-23T18:29:56+00:00\",\"dateModified\":\"2026-03-23T18:38:46+00:00\",\"author\":{\"@id\":\"https:\/\/www.manaus.am.gov.br\/semcom\/#\/schema\/person\/4e49f4e267757a06ca072ec61b2b9968\"},\"description\":\"A Comiss\u00e3o de Controle de Infec\u00e7\u00e3o Hospitalar da Maternidade Dr. Moura Tapaj\u00f3z (CCIH\/MMT), da Prefeitura de Manaus, promoveu, na manh\u00e3 desta segunda-feira, 23\/3, uma palestra sobre o Protocolo de Preven\u00e7\u00e3o de Infec\u00e7\u00e3o de S\u00edtio Cir\u00fargico.\",\"inLanguage\":\"pt-BR\",\"potentialAction\":[{\"@type\":\"ReadAction\",\"target\":[\"https:\/\/www.manaus.am.gov.br\/semcom\/prefeitura-maternidade-prevencao-infeccao\/\"]}]},{\"@type\":\"ImageObject\",\"inLanguage\":\"pt-BR\",\"@id\":\"https:\/\/www.manaus.am.gov.br\/semcom\/prefeitura-maternidade-prevencao-infeccao\/#primaryimage\",\"url\":\"https:\/\/www.manaus.am.gov.br\/semcom\/wp-content\/uploads\/sites\/5\/2026\/03\/SEMSA-MANAUS_SITIO-CIRURGICO-1-.jpeg\",\"contentUrl\":\"https:\/\/www.manaus.am.gov.br\/semcom\/wp-content\/uploads\/sites\/5\/2026\/03\/SEMSA-MANAUS_SITIO-CIRURGICO-1-.jpeg\",\"width\":1600,\"height\":939,\"caption\":\"#paratodosverem - Palestra sobre preven\u00e7\u00e3o de infec\u00e7\u00e3o de s\u00edtio cir\u00fargico na Maternidade Dr. Moura Tapaj\u00f3z\"},{\"@type\":\"WebSite\",\"@id\":\"https:\/\/www.manaus.am.gov.br\/semcom\/#website\",\"url\":\"https:\/\/www.manaus.am.gov.br\/semcom\/\",\"name\":\"SEMCOM\",\"description\":\"Secretaria Municipal de Comunica\u00e7\u00e3o\",\"potentialAction\":[{\"@type\":\"SearchAction\",\"target\":{\"@type\":\"EntryPoint\",\"urlTemplate\":\"https:\/\/www.manaus.am.gov.br\/semcom\/?s={search_term_string}\"},\"query-input\":\"required name=search_term_string\"}],\"inLanguage\":\"pt-BR\"},{\"@type\":\"Person\",\"@id\":\"https:\/\/www.manaus.am.gov.br\/semcom\/#\/schema\/person\/4e49f4e267757a06ca072ec61b2b9968\",\"name\":\"Adriana Costa\",\"image\":{\"@type\":\"ImageObject\",\"inLanguage\":\"pt-BR\",\"@id\":\"https:\/\/www.manaus.am.gov.br\/semcom\/#\/schema\/person\/image\/\",\"url\":\"https:\/\/secure.gravatar.com\/avatar\/576258617ef7194f718179e766d57bd4?s=96&d=mm&r=g\",\"contentUrl\":\"https:\/\/secure.gravatar.com\/avatar\/576258617ef7194f718179e766d57bd4?s=96&d=mm&r=g\",\"caption\":\"Adriana Costa\"}}]}<\/script>\n<!-- \/ Yoast SEO plugin. -->","yoast_head_json":{"title":"Preven\u00e7\u00e3o e tratamento de infec\u00e7\u00e3o de s\u00edtio cir\u00fargico \u00e9 tema de palestra na Maternidade Dr. Moura Tapaj\u00f3z","description":"A Comiss\u00e3o de Controle de Infec\u00e7\u00e3o Hospitalar da Maternidade Dr. Moura Tapaj\u00f3z (CCIH\/MMT), da Prefeitura de Manaus, promoveu, na manh\u00e3 desta segunda-feira, 23\/3, uma palestra sobre o Protocolo de Preven\u00e7\u00e3o de Infec\u00e7\u00e3o de S\u00edtio Cir\u00fargico.","robots":{"index":"index","follow":"follow","max-snippet":"max-snippet:-1","max-image-preview":"max-image-preview:large","max-video-preview":"max-video-preview:-1"},"canonical":"https:\/\/www.manaus.am.gov.br\/semcom\/prefeitura-maternidade-prevencao-infeccao\/","og_locale":"pt_BR","og_type":"article","og_title":"Preven\u00e7\u00e3o e tratamento de infec\u00e7\u00e3o de s\u00edtio cir\u00fargico \u00e9 tema de palestra na Maternidade Dr. Moura Tapaj\u00f3z","og_description":"A Comiss\u00e3o de Controle de Infec\u00e7\u00e3o Hospitalar da Maternidade Dr. Moura Tapaj\u00f3z (CCIH\/MMT), da Prefeitura de Manaus, promoveu, na manh\u00e3 desta segunda-feira, 23\/3, uma palestra sobre o Protocolo de Preven\u00e7\u00e3o de Infec\u00e7\u00e3o de S\u00edtio Cir\u00fargico.","og_url":"https:\/\/www.manaus.am.gov.br\/semcom\/prefeitura-maternidade-prevencao-infeccao\/","og_site_name":"SEMCOM","article_published_time":"2026-03-23T18:29:56+00:00","article_modified_time":"2026-03-23T18:38:46+00:00","og_image":[{"width":1600,"height":939,"url":"https:\/\/www.manaus.am.gov.br\/semcom\/wp-content\/uploads\/sites\/5\/2026\/03\/SEMSA-MANAUS_SITIO-CIRURGICO-1-.jpeg","type":"image\/jpeg"}],"author":"Adriana Costa","twitter_card":"summary_large_image","twitter_misc":{"Written by":"Adriana Costa","Est. reading time":"4 minutos"},"schema":{"@context":"https:\/\/schema.org","@graph":[{"@type":"WebPage","@id":"https:\/\/www.manaus.am.gov.br\/semcom\/prefeitura-maternidade-prevencao-infeccao\/","url":"https:\/\/www.manaus.am.gov.br\/semcom\/prefeitura-maternidade-prevencao-infeccao\/","name":"Preven\u00e7\u00e3o e tratamento de infec\u00e7\u00e3o de s\u00edtio cir\u00fargico \u00e9 tema de palestra na Maternidade Dr. Moura Tapaj\u00f3z","isPartOf":{"@id":"https:\/\/www.manaus.am.gov.br\/semcom\/#website"},"primaryImageOfPage":{"@id":"https:\/\/www.manaus.am.gov.br\/semcom\/prefeitura-maternidade-prevencao-infeccao\/#primaryimage"},"image":{"@id":"https:\/\/www.manaus.am.gov.br\/semcom\/prefeitura-maternidade-prevencao-infeccao\/#primaryimage"},"thumbnailUrl":"https:\/\/www.manaus.am.gov.br\/semcom\/wp-content\/uploads\/sites\/5\/2026\/03\/SEMSA-MANAUS_SITIO-CIRURGICO-1-.jpeg","datePublished":"2026-03-23T18:29:56+00:00","dateModified":"2026-03-23T18:38:46+00:00","author":{"@id":"https:\/\/www.manaus.am.gov.br\/semcom\/#\/schema\/person\/4e49f4e267757a06ca072ec61b2b9968"},"description":"A Comiss\u00e3o de Controle de Infec\u00e7\u00e3o Hospitalar da Maternidade Dr. Moura Tapaj\u00f3z (CCIH\/MMT), da Prefeitura de Manaus, promoveu, na manh\u00e3 desta segunda-feira, 23\/3, uma palestra sobre o Protocolo de Preven\u00e7\u00e3o de Infec\u00e7\u00e3o de S\u00edtio Cir\u00fargico.","inLanguage":"pt-BR","potentialAction":[{"@type":"ReadAction","target":["https:\/\/www.manaus.am.gov.br\/semcom\/prefeitura-maternidade-prevencao-infeccao\/"]}]},{"@type":"ImageObject","inLanguage":"pt-BR","@id":"https:\/\/www.manaus.am.gov.br\/semcom\/prefeitura-maternidade-prevencao-infeccao\/#primaryimage","url":"https:\/\/www.manaus.am.gov.br\/semcom\/wp-content\/uploads\/sites\/5\/2026\/03\/SEMSA-MANAUS_SITIO-CIRURGICO-1-.jpeg","contentUrl":"https:\/\/www.manaus.am.gov.br\/semcom\/wp-content\/uploads\/sites\/5\/2026\/03\/SEMSA-MANAUS_SITIO-CIRURGICO-1-.jpeg","width":1600,"height":939,"caption":"#paratodosverem - Palestra sobre preven\u00e7\u00e3o de infec\u00e7\u00e3o de s\u00edtio cir\u00fargico na Maternidade Dr. Moura Tapaj\u00f3z"},{"@type":"WebSite","@id":"https:\/\/www.manaus.am.gov.br\/semcom\/#website","url":"https:\/\/www.manaus.am.gov.br\/semcom\/","name":"SEMCOM","description":"Secretaria Municipal de Comunica\u00e7\u00e3o","potentialAction":[{"@type":"SearchAction","target":{"@type":"EntryPoint","urlTemplate":"https:\/\/www.manaus.am.gov.br\/semcom\/?s={search_term_string}"},"query-input":"required name=search_term_string"}],"inLanguage":"pt-BR"},{"@type":"Person","@id":"https:\/\/www.manaus.am.gov.br\/semcom\/#\/schema\/person\/4e49f4e267757a06ca072ec61b2b9968","name":"Adriana Costa","image":{"@type":"ImageObject","inLanguage":"pt-BR","@id":"https:\/\/www.manaus.am.gov.br\/semcom\/#\/schema\/person\/image\/","url":"https:\/\/secure.gravatar.com\/avatar\/576258617ef7194f718179e766d57bd4?s=96&d=mm&r=g","contentUrl":"https:\/\/secure.gravatar.com\/avatar\/576258617ef7194f718179e766d57bd4?s=96&d=mm&r=g","caption":"Adriana Costa"}}]}},"_links":{"self":[{"href":"https:\/\/www.manaus.am.gov.br\/semcom\/wp-json\/wp\/v2\/posts\/255242"}],"collection":[{"href":"https:\/\/www.manaus.am.gov.br\/semcom\/wp-json\/wp\/v2\/posts"}],"about":[{"href":"https:\/\/www.manaus.am.gov.br\/semcom\/wp-json\/wp\/v2\/types\/post"}],"author":[{"embeddable":true,"href":"https:\/\/www.manaus.am.gov.br\/semcom\/wp-json\/wp\/v2\/users\/23"}],"replies":[{"embeddable":true,"href":"https:\/\/www.manaus.am.gov.br\/semcom\/wp-json\/wp\/v2\/comments?post=255242"}],"version-history":[{"count":1,"href":"https:\/\/www.manaus.am.gov.br\/semcom\/wp-json\/wp\/v2\/posts\/255242\/revisions"}],"predecessor-version":[{"id":255250,"href":"https:\/\/www.manaus.am.gov.br\/semcom\/wp-json\/wp\/v2\/posts\/255242\/revisions\/255250"}],"wp:featuredmedia":[{"embeddable":true,"href":"https:\/\/www.manaus.am.gov.br\/semcom\/wp-json\/wp\/v2\/media\/255243"}],"wp:attachment":[{"href":"https:\/\/www.manaus.am.gov.br\/semcom\/wp-json\/wp\/v2\/media?parent=255242"}],"wp:term":[{"taxonomy":"category","embeddable":true,"href":"https:\/\/www.manaus.am.gov.br\/semcom\/wp-json\/wp\/v2\/categories?post=255242"},{"taxonomy":"post_tag","embeddable":true,"href":"https:\/\/www.manaus.am.gov.br\/semcom\/wp-json\/wp\/v2\/tags?post=255242"}],"curies":[{"name":"wp","href":"https:\/\/api.w.org\/{rel}","templated":true}]}}