{"id":254923,"date":"2026-03-18T16:20:15","date_gmt":"2026-03-18T20:20:15","guid":{"rendered":"https:\/\/www.manaus.am.gov.br\/semcom\/evento-aprimoramento-sus-brasilia\/"},"modified":"2026-03-19T13:54:39","modified_gmt":"2026-03-19T16:54:39","slug":"evento-aprimoramento-sus-brasilia","status":"publish","type":"post","link":"https:\/\/www.manaus.am.gov.br\/semcom\/evento-aprimoramento-sus-brasilia\/","title":{"rendered":"Prefeitura de Manaus participa de evento que discute aprimoramento do SUS em Bras\u00edlia"},"content":{"rendered":"\n<p>A <a href=\"https:\/\/www.manaus.am.gov.br\/\">Prefeitura de Manaus<\/a>, por meio da <a href=\"https:\/\/www.instagram.com\/semsamanaus\/\">Secretaria Municipal de Sa\u00fade<\/a> (Semsa), participa, nesta quarta-feira, 18\/3, da reuni\u00e3o do Conselho Nacional de Secretarias Municipais de Sa\u00fade (Conares), que acontece em Bras\u00edlia (DF). O evento, que re\u00fane secret\u00e1rios municipais de sa\u00fade e representantes do Conselhos de Secretarias Municipais de Sa\u00fade (Cosems), tem o objetivo de avaliar cen\u00e1rios da sa\u00fade p\u00fablica, discutir e definir\u00a0estrat\u00e9gias para o aprimoramento do Sistema \u00danico de Sa\u00fade (SUS) nos munic\u00edpios do Brasil.<\/p>\n\n\n\n<p>A titular da Semsa, Sh\u00e1dia Fraxe, afirmou que a reuni\u00e3o representa a possibilidade de discutir, de forma ampla, temas que fazem parte da rotina dos gestores municipais e representantes do Conares, todos envolvidos na melhoria do SUS.<\/p>\n\n\n\n<p>\u201cAqui neste evento, n\u00f3s lidamos com realidades diferentes porque o Brasil \u00e9 um pa\u00eds de dimens\u00f5es continentais, mas ao mesmo tempo, percebemos que h\u00e1 situa\u00e7\u00f5es e realidades que se assemelham com a que vivenciamos e por isso \u00e9 muito enriquecedor participar desses debates. Trocamos experi\u00eancias e sa\u00edmos mais motivados para o fortalecimento do SUS\u201d, destaca a gestora.<\/p>\n\n\n\n<p>Os subsecret\u00e1rios municipais de Gest\u00e3o da Sa\u00fade, Djalma Coelho, e de Gest\u00e3o Administrativa e Planejamento, Nagib Salem, tamb\u00e9m participam da reuni\u00e3o.<\/p>\n\n\n\n<p>A pauta do evento no turno matutino contemplou a cerim\u00f4nia de formatura do Curso de forma\u00e7\u00e3o t\u00e9cnica do Agente Comunit\u00e1rio de Sa\u00fade (ACS) e Agente Comunit\u00e1rio de Endemias (ACE) que integram o Programa Mais Sa\u00fade com Agente.<\/p>\n\n\n\n<p>Em seguida, houve a exibi\u00e7\u00e3o do webdocument\u00e1rio \u201cBrasil, aqui tem SUS\u201d, que em sua oitava temporada mostra a experi\u00eancia bem-sucedida da cidade de Benevides, localizada na regi\u00e3o metropolitana de Bel\u00e9m, no estado do Par\u00e1, de 64 mil habitantes. Ao longo do v\u00eddeo, os espectadores conhecem a hist\u00f3ria de supera\u00e7\u00e3o do munic\u00edpio, que fortaleceu as a\u00e7\u00f5es de busca ativa e de atendimento domiciliar para assegurar o diagn\u00f3stico precoce em \u00e1reas ribeirinhas e distantes.<\/p>\n\n\n\n<p>A parceria na imuniza\u00e7\u00e3o entre o Servi\u00e7o Social da Ind\u00fastria (Sesi), o Conselho Nacional de Secretarias Municipais de Sa\u00fade (Conasems) e o Projeto Insulinoterapia, fruto de parceria entre Conasems e Minist\u00e9rio da Sa\u00fade, tamb\u00e9m comp\u00f5em a agenda do encontro.<\/p>\n\n\n\n<figure class=\"wp-block-image size-full\"><img loading=\"lazy\" decoding=\"async\" width=\"799\" height=\"533\" src=\"https:\/\/www.manaus.am.gov.br\/semcom\/wp-content\/uploads\/sites\/5\/2026\/03\/CONARES_Maria-Luiza-Diniz-Conasems.jpg\" alt=\"\" class=\"wp-image-254925\" srcset=\"https:\/\/www.manaus.am.gov.br\/semcom\/wp-content\/uploads\/sites\/5\/2026\/03\/CONARES_Maria-Luiza-Diniz-Conasems.jpg 799w, https:\/\/www.manaus.am.gov.br\/semcom\/wp-content\/uploads\/sites\/5\/2026\/03\/CONARES_Maria-Luiza-Diniz-Conasems-300x200.jpg 300w, https:\/\/www.manaus.am.gov.br\/semcom\/wp-content\/uploads\/sites\/5\/2026\/03\/CONARES_Maria-Luiza-Diniz-Conasems-768x512.jpg 768w\" sizes=\"(max-width: 799px) 100vw, 799px\" \/><figcaption class=\"wp-element-caption\">#paratodosverem &#8211; Participa\u00e7\u00e3o de gestores<\/figcaption><\/figure>\n\n\n\n<p>&#8212; &#8212; &#8212;<\/p>\n\n\n\n<p><strong>Texto &#8211;&nbsp;<\/strong>Divulga\u00e7\u00e3o\/Semsa<\/p>\n\n\n\n<p><strong>Fotos &#8211;<\/strong>&nbsp;Divulga\u00e7\u00e3o\/Semsa e Maria Lu\u00edza Diniz\/Conasems<\/p>\n","protected":false},"excerpt":{"rendered":"","protected":false},"author":39,"featured_media":254924,"comment_status":"closed","ping_status":"closed","sticky":false,"template":"","format":"standard","meta":{"footnotes":""},"categories":[1657],"tags":[19804,9378,11969,77,162],"acf":[],"yoast_head":"<!-- This site is optimized with the Yoast SEO plugin v23.0 - https:\/\/yoast.com\/wordpress\/plugins\/seo\/ -->\n<title>Prefeitura participa de evento que discute aprimoramento do SUS<\/title>\n<meta name=\"description\" content=\"Prefeitura de Manaus, por meio da Semsa, participa de evento que discute aprimoramento do SUS em Bras\u00edlia (DF).\" \/>\n<meta name=\"robots\" content=\"index, follow, max-snippet:-1, max-image-preview:large, max-video-preview:-1\" \/>\n<link rel=\"canonical\" href=\"https:\/\/www.manaus.am.gov.br\/semcom\/evento-aprimoramento-sus-brasilia\/\" \/>\n<meta property=\"og:locale\" content=\"pt_BR\" \/>\n<meta property=\"og:type\" content=\"article\" \/>\n<meta property=\"og:title\" content=\"Prefeitura participa de evento que discute aprimoramento do SUS\" \/>\n<meta property=\"og:description\" content=\"Prefeitura de Manaus, por meio da Semsa, participa de evento que discute aprimoramento do SUS em Bras\u00edlia (DF).\" \/>\n<meta property=\"og:url\" content=\"https:\/\/www.manaus.am.gov.br\/semcom\/evento-aprimoramento-sus-brasilia\/\" \/>\n<meta property=\"og:site_name\" content=\"SEMCOM\" \/>\n<meta property=\"article:published_time\" content=\"2026-03-18T20:20:15+00:00\" \/>\n<meta property=\"article:modified_time\" content=\"2026-03-19T16:54:39+00:00\" \/>\n<meta property=\"og:image\" content=\"https:\/\/www.manaus.am.gov.br\/semcom\/wp-content\/uploads\/sites\/5\/2026\/03\/CONARES-_Maria-Luiza-Diniz_Conasems2.jpeg\" \/>\n\t<meta property=\"og:image:width\" content=\"1200\" \/>\n\t<meta property=\"og:image:height\" content=\"765\" \/>\n\t<meta property=\"og:image:type\" content=\"image\/jpeg\" \/>\n<meta name=\"author\" content=\"Bruna Greco\" \/>\n<meta name=\"twitter:card\" content=\"summary_large_image\" \/>\n<meta name=\"twitter:label1\" content=\"Written by\" \/>\n\t<meta name=\"twitter:data1\" content=\"Bruna Greco\" \/>\n\t<meta name=\"twitter:label2\" content=\"Est. reading time\" \/>\n\t<meta name=\"twitter:data2\" content=\"3 minutos\" \/>\n<script type=\"application\/ld+json\" class=\"yoast-schema-graph\">{\"@context\":\"https:\/\/schema.org\",\"@graph\":[{\"@type\":\"WebPage\",\"@id\":\"https:\/\/www.manaus.am.gov.br\/semcom\/evento-aprimoramento-sus-brasilia\/\",\"url\":\"https:\/\/www.manaus.am.gov.br\/semcom\/evento-aprimoramento-sus-brasilia\/\",\"name\":\"Prefeitura participa de evento que discute aprimoramento do SUS\",\"isPartOf\":{\"@id\":\"https:\/\/www.manaus.am.gov.br\/semcom\/#website\"},\"primaryImageOfPage\":{\"@id\":\"https:\/\/www.manaus.am.gov.br\/semcom\/evento-aprimoramento-sus-brasilia\/#primaryimage\"},\"image\":{\"@id\":\"https:\/\/www.manaus.am.gov.br\/semcom\/evento-aprimoramento-sus-brasilia\/#primaryimage\"},\"thumbnailUrl\":\"https:\/\/www.manaus.am.gov.br\/semcom\/wp-content\/uploads\/sites\/5\/2026\/03\/CONARES-_Maria-Luiza-Diniz_Conasems2.jpeg\",\"datePublished\":\"2026-03-18T20:20:15+00:00\",\"dateModified\":\"2026-03-19T16:54:39+00:00\",\"author\":{\"@id\":\"https:\/\/www.manaus.am.gov.br\/semcom\/#\/schema\/person\/05d223aea2bf115f9883a6ff3683d81b\"},\"description\":\"Prefeitura de Manaus, por meio da Semsa, participa de evento que discute aprimoramento do SUS em Bras\u00edlia (DF).\",\"inLanguage\":\"pt-BR\",\"potentialAction\":[{\"@type\":\"ReadAction\",\"target\":[\"https:\/\/www.manaus.am.gov.br\/semcom\/evento-aprimoramento-sus-brasilia\/\"]}]},{\"@type\":\"ImageObject\",\"inLanguage\":\"pt-BR\",\"@id\":\"https:\/\/www.manaus.am.gov.br\/semcom\/evento-aprimoramento-sus-brasilia\/#primaryimage\",\"url\":\"https:\/\/www.manaus.am.gov.br\/semcom\/wp-content\/uploads\/sites\/5\/2026\/03\/CONARES-_Maria-Luiza-Diniz_Conasems2.jpeg\",\"contentUrl\":\"https:\/\/www.manaus.am.gov.br\/semcom\/wp-content\/uploads\/sites\/5\/2026\/03\/CONARES-_Maria-Luiza-Diniz_Conasems2.jpeg\",\"width\":1200,\"height\":765,\"caption\":\"#paratodosverem - Titular da Semsa, Sh\u00e1dia Fraxe, acompanhada dos subsecret\u00e1rios municipais de Gest\u00e3o da Sa\u00fade, Djalma Coelho, e de Gest\u00e3o Administrativa e Planejamento, Nagib Salem, e outros gestores, durante reuni\u00e3o do Conares, em Bras\u00edlia\"},{\"@type\":\"WebSite\",\"@id\":\"https:\/\/www.manaus.am.gov.br\/semcom\/#website\",\"url\":\"https:\/\/www.manaus.am.gov.br\/semcom\/\",\"name\":\"SEMCOM\",\"description\":\"Secretaria Municipal de Comunica\u00e7\u00e3o\",\"potentialAction\":[{\"@type\":\"SearchAction\",\"target\":{\"@type\":\"EntryPoint\",\"urlTemplate\":\"https:\/\/www.manaus.am.gov.br\/semcom\/?s={search_term_string}\"},\"query-input\":\"required name=search_term_string\"}],\"inLanguage\":\"pt-BR\"},{\"@type\":\"Person\",\"@id\":\"https:\/\/www.manaus.am.gov.br\/semcom\/#\/schema\/person\/05d223aea2bf115f9883a6ff3683d81b\",\"name\":\"Bruna Greco\",\"image\":{\"@type\":\"ImageObject\",\"inLanguage\":\"pt-BR\",\"@id\":\"https:\/\/www.manaus.am.gov.br\/semcom\/#\/schema\/person\/image\/\",\"url\":\"https:\/\/secure.gravatar.com\/avatar\/9c877d1a6adc2a055330e5c09a8653ce?s=96&d=mm&r=g\",\"contentUrl\":\"https:\/\/secure.gravatar.com\/avatar\/9c877d1a6adc2a055330e5c09a8653ce?s=96&d=mm&r=g\",\"caption\":\"Bruna Greco\"}}]}<\/script>\n<!-- \/ Yoast SEO plugin. -->","yoast_head_json":{"title":"Prefeitura participa de evento que discute aprimoramento do SUS","description":"Prefeitura de Manaus, por meio da Semsa, participa de evento que discute aprimoramento do SUS em Bras\u00edlia (DF).","robots":{"index":"index","follow":"follow","max-snippet":"max-snippet:-1","max-image-preview":"max-image-preview:large","max-video-preview":"max-video-preview:-1"},"canonical":"https:\/\/www.manaus.am.gov.br\/semcom\/evento-aprimoramento-sus-brasilia\/","og_locale":"pt_BR","og_type":"article","og_title":"Prefeitura participa de evento que discute aprimoramento do SUS","og_description":"Prefeitura de Manaus, por meio da Semsa, participa de evento que discute aprimoramento do SUS em Bras\u00edlia (DF).","og_url":"https:\/\/www.manaus.am.gov.br\/semcom\/evento-aprimoramento-sus-brasilia\/","og_site_name":"SEMCOM","article_published_time":"2026-03-18T20:20:15+00:00","article_modified_time":"2026-03-19T16:54:39+00:00","og_image":[{"width":1200,"height":765,"url":"https:\/\/www.manaus.am.gov.br\/semcom\/wp-content\/uploads\/sites\/5\/2026\/03\/CONARES-_Maria-Luiza-Diniz_Conasems2.jpeg","type":"image\/jpeg"}],"author":"Bruna Greco","twitter_card":"summary_large_image","twitter_misc":{"Written by":"Bruna Greco","Est. reading time":"3 minutos"},"schema":{"@context":"https:\/\/schema.org","@graph":[{"@type":"WebPage","@id":"https:\/\/www.manaus.am.gov.br\/semcom\/evento-aprimoramento-sus-brasilia\/","url":"https:\/\/www.manaus.am.gov.br\/semcom\/evento-aprimoramento-sus-brasilia\/","name":"Prefeitura participa de evento que discute aprimoramento do SUS","isPartOf":{"@id":"https:\/\/www.manaus.am.gov.br\/semcom\/#website"},"primaryImageOfPage":{"@id":"https:\/\/www.manaus.am.gov.br\/semcom\/evento-aprimoramento-sus-brasilia\/#primaryimage"},"image":{"@id":"https:\/\/www.manaus.am.gov.br\/semcom\/evento-aprimoramento-sus-brasilia\/#primaryimage"},"thumbnailUrl":"https:\/\/www.manaus.am.gov.br\/semcom\/wp-content\/uploads\/sites\/5\/2026\/03\/CONARES-_Maria-Luiza-Diniz_Conasems2.jpeg","datePublished":"2026-03-18T20:20:15+00:00","dateModified":"2026-03-19T16:54:39+00:00","author":{"@id":"https:\/\/www.manaus.am.gov.br\/semcom\/#\/schema\/person\/05d223aea2bf115f9883a6ff3683d81b"},"description":"Prefeitura de Manaus, por meio da Semsa, participa de evento que discute aprimoramento do SUS em Bras\u00edlia (DF).","inLanguage":"pt-BR","potentialAction":[{"@type":"ReadAction","target":["https:\/\/www.manaus.am.gov.br\/semcom\/evento-aprimoramento-sus-brasilia\/"]}]},{"@type":"ImageObject","inLanguage":"pt-BR","@id":"https:\/\/www.manaus.am.gov.br\/semcom\/evento-aprimoramento-sus-brasilia\/#primaryimage","url":"https:\/\/www.manaus.am.gov.br\/semcom\/wp-content\/uploads\/sites\/5\/2026\/03\/CONARES-_Maria-Luiza-Diniz_Conasems2.jpeg","contentUrl":"https:\/\/www.manaus.am.gov.br\/semcom\/wp-content\/uploads\/sites\/5\/2026\/03\/CONARES-_Maria-Luiza-Diniz_Conasems2.jpeg","width":1200,"height":765,"caption":"#paratodosverem - Titular da Semsa, Sh\u00e1dia Fraxe, acompanhada dos subsecret\u00e1rios municipais de Gest\u00e3o da Sa\u00fade, Djalma Coelho, e de Gest\u00e3o Administrativa e Planejamento, Nagib Salem, e outros gestores, durante reuni\u00e3o do Conares, em Bras\u00edlia"},{"@type":"WebSite","@id":"https:\/\/www.manaus.am.gov.br\/semcom\/#website","url":"https:\/\/www.manaus.am.gov.br\/semcom\/","name":"SEMCOM","description":"Secretaria Municipal de Comunica\u00e7\u00e3o","potentialAction":[{"@type":"SearchAction","target":{"@type":"EntryPoint","urlTemplate":"https:\/\/www.manaus.am.gov.br\/semcom\/?s={search_term_string}"},"query-input":"required name=search_term_string"}],"inLanguage":"pt-BR"},{"@type":"Person","@id":"https:\/\/www.manaus.am.gov.br\/semcom\/#\/schema\/person\/05d223aea2bf115f9883a6ff3683d81b","name":"Bruna Greco","image":{"@type":"ImageObject","inLanguage":"pt-BR","@id":"https:\/\/www.manaus.am.gov.br\/semcom\/#\/schema\/person\/image\/","url":"https:\/\/secure.gravatar.com\/avatar\/9c877d1a6adc2a055330e5c09a8653ce?s=96&d=mm&r=g","contentUrl":"https:\/\/secure.gravatar.com\/avatar\/9c877d1a6adc2a055330e5c09a8653ce?s=96&d=mm&r=g","caption":"Bruna Greco"}}]}},"_links":{"self":[{"href":"https:\/\/www.manaus.am.gov.br\/semcom\/wp-json\/wp\/v2\/posts\/254923"}],"collection":[{"href":"https:\/\/www.manaus.am.gov.br\/semcom\/wp-json\/wp\/v2\/posts"}],"about":[{"href":"https:\/\/www.manaus.am.gov.br\/semcom\/wp-json\/wp\/v2\/types\/post"}],"author":[{"embeddable":true,"href":"https:\/\/www.manaus.am.gov.br\/semcom\/wp-json\/wp\/v2\/users\/39"}],"replies":[{"embeddable":true,"href":"https:\/\/www.manaus.am.gov.br\/semcom\/wp-json\/wp\/v2\/comments?post=254923"}],"version-history":[{"count":3,"href":"https:\/\/www.manaus.am.gov.br\/semcom\/wp-json\/wp\/v2\/posts\/254923\/revisions"}],"predecessor-version":[{"id":254972,"href":"https:\/\/www.manaus.am.gov.br\/semcom\/wp-json\/wp\/v2\/posts\/254923\/revisions\/254972"}],"wp:featuredmedia":[{"embeddable":true,"href":"https:\/\/www.manaus.am.gov.br\/semcom\/wp-json\/wp\/v2\/media\/254924"}],"wp:attachment":[{"href":"https:\/\/www.manaus.am.gov.br\/semcom\/wp-json\/wp\/v2\/media?parent=254923"}],"wp:term":[{"taxonomy":"category","embeddable":true,"href":"https:\/\/www.manaus.am.gov.br\/semcom\/wp-json\/wp\/v2\/categories?post=254923"},{"taxonomy":"post_tag","embeddable":true,"href":"https:\/\/www.manaus.am.gov.br\/semcom\/wp-json\/wp\/v2\/tags?post=254923"}],"curies":[{"name":"wp","href":"https:\/\/api.w.org\/{rel}","templated":true}]}}