{"id":254913,"date":"2026-03-18T16:58:25","date_gmt":"2026-03-18T19:58:25","guid":{"rendered":"https:\/\/www.manaus.am.gov.br\/semcom\/capacitacao-fiscais-de-transporte\/"},"modified":"2026-03-18T17:06:41","modified_gmt":"2026-03-18T20:06:41","slug":"capacitacao-fiscais-de-transporte","status":"publish","type":"post","link":"https:\/\/www.manaus.am.gov.br\/semcom\/capacitacao-fiscais-de-transporte\/","title":{"rendered":"Prefeitura alinha capacita\u00e7\u00e3o para fiscais de transporte com apoio da Espi e Guarda Municipal em Manaus"},"content":{"rendered":"\n<p>A <a href=\"https:\/\/www.manaus.am.gov.br\/\">Prefeitura de Manaus<\/a>, por meio do <a href=\"https:\/\/www.instagram.com\/immu_manaus\/\">Instituto Municipal de Mobilidade Urbana<\/a> (IMMU), em parceria com a Escola de Servi\u00e7o P\u00fablico Municipal e Inclus\u00e3o Socioeducacional (Espi) e Guarda Municipal de Manaus (GMM), promover\u00e1,\u00a0no pr\u00f3ximo dia 25\/3, um novo ciclo de capacita\u00e7\u00e3o voltado aos fiscais de transporte da capital. A a\u00e7\u00e3o visa o aprimoramento t\u00e9cnico e comportamental dos agentes que atuam nas ruas.<\/p>\n\n\n\n<p>O curso de mentoria abordar\u00e1 t\u00e9cnicas de abordagem, orienta\u00e7\u00e3o a motoristas, an\u00e1lise t\u00e1tica em situa\u00e7\u00f5es de crise e controle emocional durante as fiscaliza\u00e7\u00f5es. A proposta inclui atividades pr\u00e1ticas e simula\u00e7\u00f5es baseadas em ocorr\u00eancias reais, visando preparar os fiscais para lidar com diferentes cen\u00e1rios do cotidiano com mais seguran\u00e7a, equil\u00edbrio e profissionalismo.<\/p>\n\n\n\n<p>O diretor de Opera\u00e7\u00f5es de Transporte do IMMU, Val Freitas, refor\u00e7ou a import\u00e2ncia da iniciativa. \u201cNosso objetivo \u00e9 qualificar ainda mais os fiscais, unindo teoria e pr\u00e1tica com apoio da Guarda Municipal e da Espi, garantindo uma atua\u00e7\u00e3o mais humanizada, t\u00e9cnica e eficiente junto \u00e0 popula\u00e7\u00e3o\u201d, destacou.<\/p>\n\n\n\n<p>A gerente de ensino e pesquisa, Juliana Mota, destacou o papel pedag\u00f3gico da Espi no processo de forma\u00e7\u00e3o. \u201cVamos trabalhar viv\u00eancias reais, com simula\u00e7\u00f5es pr\u00e1ticas do que os fiscais enfrentam no dia a dia, desde a abordagem at\u00e9 o gerenciamento das emo\u00e7\u00f5es em situa\u00e7\u00f5es de conflito\u201d, concluiu.<\/p>\n\n\n\n<p>&#8212; &#8212; &#8212;&nbsp;<\/p>\n\n\n\n<p><strong>Texto e foto<\/strong>&nbsp;\u2013 Marcelo Lima\/IMMU<\/p>\n\n\n\n<p> <\/p>\n","protected":false},"excerpt":{"rendered":"","protected":false},"author":39,"featured_media":254914,"comment_status":"closed","ping_status":"closed","sticky":false,"template":"","format":"standard","meta":{"footnotes":""},"categories":[51],"tags":[19800,190,5290,12,77],"acf":[],"yoast_head":"<!-- This site is optimized with the Yoast SEO plugin v23.0 - https:\/\/yoast.com\/wordpress\/plugins\/seo\/ -->\n<title>Capacita\u00e7\u00e3o para fiscais de transporte<\/title>\n<meta name=\"description\" content=\"Prefeitura de Manaus, por meio do IMMU, alinha capacita\u00e7\u00e3o para fiscais de transporte com apoio da Espi e Guarda Municipal na cidade.\" \/>\n<meta name=\"robots\" content=\"index, follow, max-snippet:-1, max-image-preview:large, max-video-preview:-1\" \/>\n<link rel=\"canonical\" href=\"https:\/\/www.manaus.am.gov.br\/semcom\/capacitacao-fiscais-de-transporte\/\" \/>\n<meta property=\"og:locale\" content=\"pt_BR\" \/>\n<meta property=\"og:type\" content=\"article\" \/>\n<meta property=\"og:title\" content=\"Capacita\u00e7\u00e3o para fiscais de transporte\" \/>\n<meta property=\"og:description\" content=\"Prefeitura de Manaus, por meio do IMMU, alinha capacita\u00e7\u00e3o para fiscais de transporte com apoio da Espi e Guarda Municipal na cidade.\" \/>\n<meta property=\"og:url\" content=\"https:\/\/www.manaus.am.gov.br\/semcom\/capacitacao-fiscais-de-transporte\/\" \/>\n<meta property=\"og:site_name\" content=\"SEMCOM\" \/>\n<meta property=\"article:published_time\" content=\"2026-03-18T19:58:25+00:00\" \/>\n<meta property=\"article:modified_time\" content=\"2026-03-18T20:06:41+00:00\" \/>\n<meta property=\"og:image\" content=\"https:\/\/www.manaus.am.gov.br\/semcom\/wp-content\/uploads\/sites\/5\/2026\/03\/WhatsApp-Image-2026-03-18-at-14.24.29.jpeg\" \/>\n\t<meta property=\"og:image:width\" content=\"1600\" \/>\n\t<meta property=\"og:image:height\" content=\"1200\" \/>\n\t<meta property=\"og:image:type\" content=\"image\/jpeg\" \/>\n<meta name=\"author\" content=\"Bruna Greco\" \/>\n<meta name=\"twitter:card\" content=\"summary_large_image\" \/>\n<meta name=\"twitter:label1\" content=\"Written by\" \/>\n\t<meta name=\"twitter:data1\" content=\"Bruna Greco\" \/>\n\t<meta name=\"twitter:label2\" content=\"Est. reading time\" \/>\n\t<meta name=\"twitter:data2\" content=\"2 minutos\" \/>\n<script type=\"application\/ld+json\" class=\"yoast-schema-graph\">{\"@context\":\"https:\/\/schema.org\",\"@graph\":[{\"@type\":\"WebPage\",\"@id\":\"https:\/\/www.manaus.am.gov.br\/semcom\/capacitacao-fiscais-de-transporte\/\",\"url\":\"https:\/\/www.manaus.am.gov.br\/semcom\/capacitacao-fiscais-de-transporte\/\",\"name\":\"Capacita\u00e7\u00e3o para fiscais de transporte\",\"isPartOf\":{\"@id\":\"https:\/\/www.manaus.am.gov.br\/semcom\/#website\"},\"primaryImageOfPage\":{\"@id\":\"https:\/\/www.manaus.am.gov.br\/semcom\/capacitacao-fiscais-de-transporte\/#primaryimage\"},\"image\":{\"@id\":\"https:\/\/www.manaus.am.gov.br\/semcom\/capacitacao-fiscais-de-transporte\/#primaryimage\"},\"thumbnailUrl\":\"https:\/\/www.manaus.am.gov.br\/semcom\/wp-content\/uploads\/sites\/5\/2026\/03\/WhatsApp-Image-2026-03-18-at-14.24.29.jpeg\",\"datePublished\":\"2026-03-18T19:58:25+00:00\",\"dateModified\":\"2026-03-18T20:06:41+00:00\",\"author\":{\"@id\":\"https:\/\/www.manaus.am.gov.br\/semcom\/#\/schema\/person\/05d223aea2bf115f9883a6ff3683d81b\"},\"description\":\"Prefeitura de Manaus, por meio do IMMU, alinha capacita\u00e7\u00e3o para fiscais de transporte com apoio da Espi e Guarda Municipal na cidade.\",\"inLanguage\":\"pt-BR\",\"potentialAction\":[{\"@type\":\"ReadAction\",\"target\":[\"https:\/\/www.manaus.am.gov.br\/semcom\/capacitacao-fiscais-de-transporte\/\"]}]},{\"@type\":\"ImageObject\",\"inLanguage\":\"pt-BR\",\"@id\":\"https:\/\/www.manaus.am.gov.br\/semcom\/capacitacao-fiscais-de-transporte\/#primaryimage\",\"url\":\"https:\/\/www.manaus.am.gov.br\/semcom\/wp-content\/uploads\/sites\/5\/2026\/03\/WhatsApp-Image-2026-03-18-at-14.24.29.jpeg\",\"contentUrl\":\"https:\/\/www.manaus.am.gov.br\/semcom\/wp-content\/uploads\/sites\/5\/2026\/03\/WhatsApp-Image-2026-03-18-at-14.24.29.jpeg\",\"width\":1600,\"height\":1200,\"caption\":\"#paratodosverem - Reuni\u00e3o de alinhamento para capacita\u00e7\u00e3o de fiscais de transporte\"},{\"@type\":\"WebSite\",\"@id\":\"https:\/\/www.manaus.am.gov.br\/semcom\/#website\",\"url\":\"https:\/\/www.manaus.am.gov.br\/semcom\/\",\"name\":\"SEMCOM\",\"description\":\"Secretaria Municipal de Comunica\u00e7\u00e3o\",\"potentialAction\":[{\"@type\":\"SearchAction\",\"target\":{\"@type\":\"EntryPoint\",\"urlTemplate\":\"https:\/\/www.manaus.am.gov.br\/semcom\/?s={search_term_string}\"},\"query-input\":\"required name=search_term_string\"}],\"inLanguage\":\"pt-BR\"},{\"@type\":\"Person\",\"@id\":\"https:\/\/www.manaus.am.gov.br\/semcom\/#\/schema\/person\/05d223aea2bf115f9883a6ff3683d81b\",\"name\":\"Bruna Greco\",\"image\":{\"@type\":\"ImageObject\",\"inLanguage\":\"pt-BR\",\"@id\":\"https:\/\/www.manaus.am.gov.br\/semcom\/#\/schema\/person\/image\/\",\"url\":\"https:\/\/secure.gravatar.com\/avatar\/9c877d1a6adc2a055330e5c09a8653ce?s=96&d=mm&r=g\",\"contentUrl\":\"https:\/\/secure.gravatar.com\/avatar\/9c877d1a6adc2a055330e5c09a8653ce?s=96&d=mm&r=g\",\"caption\":\"Bruna Greco\"}}]}<\/script>\n<!-- \/ Yoast SEO plugin. -->","yoast_head_json":{"title":"Capacita\u00e7\u00e3o para fiscais de transporte","description":"Prefeitura de Manaus, por meio do IMMU, alinha capacita\u00e7\u00e3o para fiscais de transporte com apoio da Espi e Guarda Municipal na cidade.","robots":{"index":"index","follow":"follow","max-snippet":"max-snippet:-1","max-image-preview":"max-image-preview:large","max-video-preview":"max-video-preview:-1"},"canonical":"https:\/\/www.manaus.am.gov.br\/semcom\/capacitacao-fiscais-de-transporte\/","og_locale":"pt_BR","og_type":"article","og_title":"Capacita\u00e7\u00e3o para fiscais de transporte","og_description":"Prefeitura de Manaus, por meio do IMMU, alinha capacita\u00e7\u00e3o para fiscais de transporte com apoio da Espi e Guarda Municipal na cidade.","og_url":"https:\/\/www.manaus.am.gov.br\/semcom\/capacitacao-fiscais-de-transporte\/","og_site_name":"SEMCOM","article_published_time":"2026-03-18T19:58:25+00:00","article_modified_time":"2026-03-18T20:06:41+00:00","og_image":[{"width":1600,"height":1200,"url":"https:\/\/www.manaus.am.gov.br\/semcom\/wp-content\/uploads\/sites\/5\/2026\/03\/WhatsApp-Image-2026-03-18-at-14.24.29.jpeg","type":"image\/jpeg"}],"author":"Bruna Greco","twitter_card":"summary_large_image","twitter_misc":{"Written by":"Bruna Greco","Est. reading time":"2 minutos"},"schema":{"@context":"https:\/\/schema.org","@graph":[{"@type":"WebPage","@id":"https:\/\/www.manaus.am.gov.br\/semcom\/capacitacao-fiscais-de-transporte\/","url":"https:\/\/www.manaus.am.gov.br\/semcom\/capacitacao-fiscais-de-transporte\/","name":"Capacita\u00e7\u00e3o para fiscais de transporte","isPartOf":{"@id":"https:\/\/www.manaus.am.gov.br\/semcom\/#website"},"primaryImageOfPage":{"@id":"https:\/\/www.manaus.am.gov.br\/semcom\/capacitacao-fiscais-de-transporte\/#primaryimage"},"image":{"@id":"https:\/\/www.manaus.am.gov.br\/semcom\/capacitacao-fiscais-de-transporte\/#primaryimage"},"thumbnailUrl":"https:\/\/www.manaus.am.gov.br\/semcom\/wp-content\/uploads\/sites\/5\/2026\/03\/WhatsApp-Image-2026-03-18-at-14.24.29.jpeg","datePublished":"2026-03-18T19:58:25+00:00","dateModified":"2026-03-18T20:06:41+00:00","author":{"@id":"https:\/\/www.manaus.am.gov.br\/semcom\/#\/schema\/person\/05d223aea2bf115f9883a6ff3683d81b"},"description":"Prefeitura de Manaus, por meio do IMMU, alinha capacita\u00e7\u00e3o para fiscais de transporte com apoio da Espi e Guarda Municipal na cidade.","inLanguage":"pt-BR","potentialAction":[{"@type":"ReadAction","target":["https:\/\/www.manaus.am.gov.br\/semcom\/capacitacao-fiscais-de-transporte\/"]}]},{"@type":"ImageObject","inLanguage":"pt-BR","@id":"https:\/\/www.manaus.am.gov.br\/semcom\/capacitacao-fiscais-de-transporte\/#primaryimage","url":"https:\/\/www.manaus.am.gov.br\/semcom\/wp-content\/uploads\/sites\/5\/2026\/03\/WhatsApp-Image-2026-03-18-at-14.24.29.jpeg","contentUrl":"https:\/\/www.manaus.am.gov.br\/semcom\/wp-content\/uploads\/sites\/5\/2026\/03\/WhatsApp-Image-2026-03-18-at-14.24.29.jpeg","width":1600,"height":1200,"caption":"#paratodosverem - Reuni\u00e3o de alinhamento para capacita\u00e7\u00e3o de fiscais de transporte"},{"@type":"WebSite","@id":"https:\/\/www.manaus.am.gov.br\/semcom\/#website","url":"https:\/\/www.manaus.am.gov.br\/semcom\/","name":"SEMCOM","description":"Secretaria Municipal de Comunica\u00e7\u00e3o","potentialAction":[{"@type":"SearchAction","target":{"@type":"EntryPoint","urlTemplate":"https:\/\/www.manaus.am.gov.br\/semcom\/?s={search_term_string}"},"query-input":"required name=search_term_string"}],"inLanguage":"pt-BR"},{"@type":"Person","@id":"https:\/\/www.manaus.am.gov.br\/semcom\/#\/schema\/person\/05d223aea2bf115f9883a6ff3683d81b","name":"Bruna Greco","image":{"@type":"ImageObject","inLanguage":"pt-BR","@id":"https:\/\/www.manaus.am.gov.br\/semcom\/#\/schema\/person\/image\/","url":"https:\/\/secure.gravatar.com\/avatar\/9c877d1a6adc2a055330e5c09a8653ce?s=96&d=mm&r=g","contentUrl":"https:\/\/secure.gravatar.com\/avatar\/9c877d1a6adc2a055330e5c09a8653ce?s=96&d=mm&r=g","caption":"Bruna Greco"}}]}},"_links":{"self":[{"href":"https:\/\/www.manaus.am.gov.br\/semcom\/wp-json\/wp\/v2\/posts\/254913"}],"collection":[{"href":"https:\/\/www.manaus.am.gov.br\/semcom\/wp-json\/wp\/v2\/posts"}],"about":[{"href":"https:\/\/www.manaus.am.gov.br\/semcom\/wp-json\/wp\/v2\/types\/post"}],"author":[{"embeddable":true,"href":"https:\/\/www.manaus.am.gov.br\/semcom\/wp-json\/wp\/v2\/users\/39"}],"replies":[{"embeddable":true,"href":"https:\/\/www.manaus.am.gov.br\/semcom\/wp-json\/wp\/v2\/comments?post=254913"}],"version-history":[{"count":2,"href":"https:\/\/www.manaus.am.gov.br\/semcom\/wp-json\/wp\/v2\/posts\/254913\/revisions"}],"predecessor-version":[{"id":254920,"href":"https:\/\/www.manaus.am.gov.br\/semcom\/wp-json\/wp\/v2\/posts\/254913\/revisions\/254920"}],"wp:featuredmedia":[{"embeddable":true,"href":"https:\/\/www.manaus.am.gov.br\/semcom\/wp-json\/wp\/v2\/media\/254914"}],"wp:attachment":[{"href":"https:\/\/www.manaus.am.gov.br\/semcom\/wp-json\/wp\/v2\/media?parent=254913"}],"wp:term":[{"taxonomy":"category","embeddable":true,"href":"https:\/\/www.manaus.am.gov.br\/semcom\/wp-json\/wp\/v2\/categories?post=254913"},{"taxonomy":"post_tag","embeddable":true,"href":"https:\/\/www.manaus.am.gov.br\/semcom\/wp-json\/wp\/v2\/tags?post=254913"}],"curies":[{"name":"wp","href":"https:\/\/api.w.org\/{rel}","templated":true}]}}