{"id":254867,"date":"2026-03-17T20:11:22","date_gmt":"2026-03-18T00:11:22","guid":{"rendered":"https:\/\/www.manaus.am.gov.br\/semcom\/deposito-e-comercializacao-irregular\/"},"modified":"2026-03-18T12:30:57","modified_gmt":"2026-03-18T15:30:57","slug":"deposito-e-comercializacao-irregular","status":"publish","type":"post","link":"https:\/\/www.manaus.am.gov.br\/semcom\/deposito-e-comercializacao-irregular\/","title":{"rendered":"Prefeitura combate dep\u00f3sito e comercializa\u00e7\u00e3o irregular de res\u00edduos em Manaus"},"content":{"rendered":"\n<p>A<a href=\"https:\/\/www.instagram.com\/prefeiturademanaus\/\"> Prefeitura de Manaus <\/a>realizou, nesta ter\u00e7a-feira, 17\/3, mais uma fase da opera\u00e7\u00e3o \u201cCombate ao Descarte Irregular de Res\u00edduos e Entulhos\u201d, uma a\u00e7\u00e3o integrada e coordenada pela Secretaria Municipal de Meio Ambiente e Sustentabilidade<a href=\"https:\/\/www.manaus.am.gov.br\/\"> (Semmas<\/a>), para coibir pr\u00e1ticas ilegais que comprometem o meio ambiente e a qualidade de vida. Ao todo, cinco locais foram fiscalizados na zona Leste da capital.\u00a0<\/p>\n\n\n\n<p>Desta vez, o foco da opera\u00e7\u00e3o foi em estabelecimentos que atuam na comercializa\u00e7\u00e3o de materiais descartados, popularmente conhecidos como sucatarias e que precisam atender \u00e0s normas de seguran\u00e7a e meio ambiente, como o armazenamento adequado, a classifica\u00e7\u00e3o de res\u00edduos e apresentar o certificado de destina\u00e7\u00e3o final.<\/p>\n\n\n\n<p>\u201cO armazenamento irregular de res\u00edduos \u00e9 um transtorno para os moradores do entorno. Estamos atendendo as den\u00fancias da popula\u00e7\u00e3o em focos insalubres. O nosso objetivo \u00e9 promover a educa\u00e7\u00e3o e controle ambiental, orientando os propriet\u00e1rios de que eles podem sim trabalhar formalmente com a comercializa\u00e7\u00e3o de recicl\u00e1veis, desde que atendam \u00e0s normas de seguran\u00e7a e meio ambiente\u201d, afirmou o secret\u00e1rio da Semmas, Fransu\u00e1 Matos.<\/p>\n\n\n\n<p>A opera\u00e7\u00e3o faz parte das a\u00e7\u00f5es permanentes de uma for\u00e7a-tarefa composta por equipes das secretarias municipais de Meio Ambiente e Sustentabilidade (Semmas), Limpeza Urbana (Semulsp), Finan\u00e7as, Planejamento e Tecnologia da Informa\u00e7\u00e3o (Semef), do Instituto Municipal de Planejamento Urbano (Implurb), Guarda Municipal de Manaus (GMM),&nbsp; Instituto Municipal de Mobilidade Urbana (IMMU) e Vigil\u00e2ncia Sanit\u00e1ria (Visa Manaus). As fiscaliza\u00e7\u00f5es ocorrem periodicamente e integram a pol\u00edtica de gest\u00e3o ambiental de Manaus, priorizando a qualidade de vida da popula\u00e7\u00e3o e do meio ambiente como um todo.<\/p>\n\n\n\n<p>Durante a a\u00e7\u00e3o, foram verificados dep\u00f3sitos irregulares, incluindo o uso do passeio p\u00fablico e grande ac\u00famulo de res\u00edduos, que podem se tornar focos de atra\u00e7\u00e3o de pragas urbanas. Dos cinco locais fiscalizados, foram lavrados tr\u00eas autos de infra\u00e7\u00e3o pela Semmas e dois de interdi\u00e7\u00e3o pela Semef.<\/p>\n\n\n\n<p>A auditora fiscal da Semef, Perp\u00e9tua Bas\u00edlio, afirma que alguns locais visitados em opera\u00e7\u00f5es anteriores j\u00e1 est\u00e3o se regularizando. &#8220;Ainda assim as a\u00e7\u00f5es s\u00e3o necess\u00e1rias, uma vez que h\u00e1 locais que j\u00e1 foram notificados anteriormente e permaneceram irregulares, como foi o caso das duas interdi\u00e7\u00f5es de hoje realizadas pela Semef&#8221;.<\/p>\n\n\n\n<p><strong>Como denunciar dep\u00f3sitos irregulares de res\u00edduos<\/strong><\/p>\n\n\n\n<p>De acordo com o diretor de Fiscaliza\u00e7\u00e3o da Semmas, Cesar Lopes, a forma irregular como estes res\u00edduos s\u00e3o armazenados pode gerar danos ao meio ambiente, como o entupimento do sistema urbano de drenagem.<\/p>\n\n\n\n<figure class=\"wp-block-image size-large\"><img loading=\"lazy\" decoding=\"async\" width=\"1024\" height=\"768\" src=\"https:\/\/www.manaus.am.gov.br\/semcom\/wp-content\/uploads\/sites\/5\/2026\/03\/Agentes-da-prefeitura-em-fiscalizacao-na-zona-Leste-de-Manaus-1024x768.jpg\" alt=\"\" class=\"wp-image-254868\" srcset=\"https:\/\/www.manaus.am.gov.br\/semcom\/wp-content\/uploads\/sites\/5\/2026\/03\/Agentes-da-prefeitura-em-fiscalizacao-na-zona-Leste-de-Manaus-1024x768.jpg 1024w, https:\/\/www.manaus.am.gov.br\/semcom\/wp-content\/uploads\/sites\/5\/2026\/03\/Agentes-da-prefeitura-em-fiscalizacao-na-zona-Leste-de-Manaus-300x225.jpg 300w, https:\/\/www.manaus.am.gov.br\/semcom\/wp-content\/uploads\/sites\/5\/2026\/03\/Agentes-da-prefeitura-em-fiscalizacao-na-zona-Leste-de-Manaus-768x576.jpg 768w, https:\/\/www.manaus.am.gov.br\/semcom\/wp-content\/uploads\/sites\/5\/2026\/03\/Agentes-da-prefeitura-em-fiscalizacao-na-zona-Leste-de-Manaus.jpg 1280w\" sizes=\"(max-width: 1024px) 100vw, 1024px\" \/><figcaption class=\"wp-element-caption\">#paratodosverem &#8211; Agentes da prefeitura em fiscaliza\u00e7\u00e3o na zona Leste de Manaus<\/figcaption><\/figure>\n\n\n\n<p>Ele destaca que existe uma legisla\u00e7\u00e3o que precisa ser seguida.&nbsp; \u201cO artigo 136 do C\u00f3digo Ambiental de Manaus pro\u00edbe condutas que degradam o meio ambiente urbano, como lan\u00e7ar entulhos em locais n\u00e3o permitidos e depositar res\u00edduos inertes inadequadamente, sujeitando o infrator a penalidades\u201d, afirmou o diretor.<\/p>\n\n\n\n<p>A popula\u00e7\u00e3o pode denunciar o descarte e armazenamento irregular de res\u00edduos por meio dos canais oficiais do Disk Semulsp: (92) 98842-1202 \/ 1276 \/ 1277 \/ 4738 (apenas WhatsApp). Tamb\u00e9m \u00e9 poss\u00edvel formalizar e acompanhar den\u00fancias, acessando: <a href=\"http:\/\/slim.manaus.am.gov.br\">slim.manaus.am.gov.br<\/a>.&nbsp;<\/p>\n\n\n\n<p><br>\u2014&#8211; \u2014- \u2014&#8211;<br><strong>Texto &#8211;<\/strong> Taianna Castro \/ Semmas<br><strong>Fotos &#8211;<\/strong> Vit\u00f3ria Viegas \/ Semmas<\/p>\n","protected":false},"excerpt":{"rendered":"","protected":false},"author":68,"featured_media":254869,"comment_status":"closed","ping_status":"closed","sticky":false,"template":"","format":"standard","meta":{"footnotes":""},"categories":[56],"tags":[13832,19791,19792,77],"acf":[],"yoast_head":"<!-- This site is optimized with the Yoast SEO plugin v23.0 - https:\/\/yoast.com\/wordpress\/plugins\/seo\/ -->\n<title>PMM combate dep\u00f3sito e comercializa\u00e7\u00e3o irregular de res\u00edduos<\/title>\n<meta name=\"description\" content=\"A Prefeitura de Manaus realizou, nesta ter\u00e7a-feira, 17\/3, mais uma fase da opera\u00e7\u00e3o \u201cCombate ao Descarte Irregular de Res\u00edduos e Entulhos\u201d.\" \/>\n<meta name=\"robots\" content=\"index, follow, max-snippet:-1, max-image-preview:large, max-video-preview:-1\" \/>\n<link rel=\"canonical\" href=\"https:\/\/www.manaus.am.gov.br\/semcom\/deposito-e-comercializacao-irregular\/\" \/>\n<meta property=\"og:locale\" content=\"pt_BR\" \/>\n<meta property=\"og:type\" content=\"article\" \/>\n<meta property=\"og:title\" content=\"PMM combate dep\u00f3sito e comercializa\u00e7\u00e3o irregular de res\u00edduos\" \/>\n<meta property=\"og:description\" content=\"A Prefeitura de Manaus realizou, nesta ter\u00e7a-feira, 17\/3, mais uma fase da opera\u00e7\u00e3o \u201cCombate ao Descarte Irregular de Res\u00edduos e Entulhos\u201d.\" \/>\n<meta property=\"og:url\" content=\"https:\/\/www.manaus.am.gov.br\/semcom\/deposito-e-comercializacao-irregular\/\" \/>\n<meta property=\"og:site_name\" content=\"SEMCOM\" \/>\n<meta property=\"article:published_time\" content=\"2026-03-18T00:11:22+00:00\" \/>\n<meta property=\"article:modified_time\" content=\"2026-03-18T15:30:57+00:00\" \/>\n<meta property=\"og:image\" content=\"https:\/\/www.manaus.am.gov.br\/semcom\/wp-content\/uploads\/sites\/5\/2026\/03\/Operacao-integra-secretarias-no-combate-ao-descarte-e-comercializacao-irregular-de-residuos.jpg\" \/>\n\t<meta property=\"og:image:width\" content=\"1280\" \/>\n\t<meta property=\"og:image:height\" content=\"960\" \/>\n\t<meta property=\"og:image:type\" content=\"image\/jpeg\" \/>\n<meta name=\"author\" content=\"bvalente\" \/>\n<meta name=\"twitter:card\" content=\"summary_large_image\" \/>\n<meta name=\"twitter:label1\" content=\"Written by\" \/>\n\t<meta name=\"twitter:data1\" content=\"bvalente\" \/>\n\t<meta name=\"twitter:label2\" content=\"Est. reading time\" \/>\n\t<meta name=\"twitter:data2\" content=\"4 minutos\" \/>\n<script type=\"application\/ld+json\" class=\"yoast-schema-graph\">{\"@context\":\"https:\/\/schema.org\",\"@graph\":[{\"@type\":\"WebPage\",\"@id\":\"https:\/\/www.manaus.am.gov.br\/semcom\/deposito-e-comercializacao-irregular\/\",\"url\":\"https:\/\/www.manaus.am.gov.br\/semcom\/deposito-e-comercializacao-irregular\/\",\"name\":\"PMM combate dep\u00f3sito e comercializa\u00e7\u00e3o irregular de res\u00edduos\",\"isPartOf\":{\"@id\":\"https:\/\/www.manaus.am.gov.br\/semcom\/#website\"},\"primaryImageOfPage\":{\"@id\":\"https:\/\/www.manaus.am.gov.br\/semcom\/deposito-e-comercializacao-irregular\/#primaryimage\"},\"image\":{\"@id\":\"https:\/\/www.manaus.am.gov.br\/semcom\/deposito-e-comercializacao-irregular\/#primaryimage\"},\"thumbnailUrl\":\"https:\/\/www.manaus.am.gov.br\/semcom\/wp-content\/uploads\/sites\/5\/2026\/03\/Operacao-integra-secretarias-no-combate-ao-descarte-e-comercializacao-irregular-de-residuos.jpg\",\"datePublished\":\"2026-03-18T00:11:22+00:00\",\"dateModified\":\"2026-03-18T15:30:57+00:00\",\"author\":{\"@id\":\"https:\/\/www.manaus.am.gov.br\/semcom\/#\/schema\/person\/466a0e03ae4b6062809046bd560ac955\"},\"description\":\"A Prefeitura de Manaus realizou, nesta ter\u00e7a-feira, 17\/3, mais uma fase da opera\u00e7\u00e3o \u201cCombate ao Descarte Irregular de Res\u00edduos e Entulhos\u201d.\",\"inLanguage\":\"pt-BR\",\"potentialAction\":[{\"@type\":\"ReadAction\",\"target\":[\"https:\/\/www.manaus.am.gov.br\/semcom\/deposito-e-comercializacao-irregular\/\"]}]},{\"@type\":\"ImageObject\",\"inLanguage\":\"pt-BR\",\"@id\":\"https:\/\/www.manaus.am.gov.br\/semcom\/deposito-e-comercializacao-irregular\/#primaryimage\",\"url\":\"https:\/\/www.manaus.am.gov.br\/semcom\/wp-content\/uploads\/sites\/5\/2026\/03\/Operacao-integra-secretarias-no-combate-ao-descarte-e-comercializacao-irregular-de-residuos.jpg\",\"contentUrl\":\"https:\/\/www.manaus.am.gov.br\/semcom\/wp-content\/uploads\/sites\/5\/2026\/03\/Operacao-integra-secretarias-no-combate-ao-descarte-e-comercializacao-irregular-de-residuos.jpg\",\"width\":1280,\"height\":960,\"caption\":\"#paratodosverem - Opera\u00e7\u00e3o integra secretarias no combate ao descarte e comercializa\u00e7\u00e3o irregular de res\u00edduos\"},{\"@type\":\"WebSite\",\"@id\":\"https:\/\/www.manaus.am.gov.br\/semcom\/#website\",\"url\":\"https:\/\/www.manaus.am.gov.br\/semcom\/\",\"name\":\"SEMCOM\",\"description\":\"Secretaria Municipal de Comunica\u00e7\u00e3o\",\"potentialAction\":[{\"@type\":\"SearchAction\",\"target\":{\"@type\":\"EntryPoint\",\"urlTemplate\":\"https:\/\/www.manaus.am.gov.br\/semcom\/?s={search_term_string}\"},\"query-input\":\"required name=search_term_string\"}],\"inLanguage\":\"pt-BR\"},{\"@type\":\"Person\",\"@id\":\"https:\/\/www.manaus.am.gov.br\/semcom\/#\/schema\/person\/466a0e03ae4b6062809046bd560ac955\",\"name\":\"bvalente\",\"image\":{\"@type\":\"ImageObject\",\"inLanguage\":\"pt-BR\",\"@id\":\"https:\/\/www.manaus.am.gov.br\/semcom\/#\/schema\/person\/image\/\",\"url\":\"https:\/\/secure.gravatar.com\/avatar\/3e69bc2b014bdad41adfec3a39de07d2?s=96&d=mm&r=g\",\"contentUrl\":\"https:\/\/secure.gravatar.com\/avatar\/3e69bc2b014bdad41adfec3a39de07d2?s=96&d=mm&r=g\",\"caption\":\"bvalente\"}}]}<\/script>\n<!-- \/ Yoast SEO plugin. -->","yoast_head_json":{"title":"PMM combate dep\u00f3sito e comercializa\u00e7\u00e3o irregular de res\u00edduos","description":"A Prefeitura de Manaus realizou, nesta ter\u00e7a-feira, 17\/3, mais uma fase da opera\u00e7\u00e3o \u201cCombate ao Descarte Irregular de Res\u00edduos e Entulhos\u201d.","robots":{"index":"index","follow":"follow","max-snippet":"max-snippet:-1","max-image-preview":"max-image-preview:large","max-video-preview":"max-video-preview:-1"},"canonical":"https:\/\/www.manaus.am.gov.br\/semcom\/deposito-e-comercializacao-irregular\/","og_locale":"pt_BR","og_type":"article","og_title":"PMM combate dep\u00f3sito e comercializa\u00e7\u00e3o irregular de res\u00edduos","og_description":"A Prefeitura de Manaus realizou, nesta ter\u00e7a-feira, 17\/3, mais uma fase da opera\u00e7\u00e3o \u201cCombate ao Descarte Irregular de Res\u00edduos e Entulhos\u201d.","og_url":"https:\/\/www.manaus.am.gov.br\/semcom\/deposito-e-comercializacao-irregular\/","og_site_name":"SEMCOM","article_published_time":"2026-03-18T00:11:22+00:00","article_modified_time":"2026-03-18T15:30:57+00:00","og_image":[{"width":1280,"height":960,"url":"https:\/\/www.manaus.am.gov.br\/semcom\/wp-content\/uploads\/sites\/5\/2026\/03\/Operacao-integra-secretarias-no-combate-ao-descarte-e-comercializacao-irregular-de-residuos.jpg","type":"image\/jpeg"}],"author":"bvalente","twitter_card":"summary_large_image","twitter_misc":{"Written by":"bvalente","Est. reading time":"4 minutos"},"schema":{"@context":"https:\/\/schema.org","@graph":[{"@type":"WebPage","@id":"https:\/\/www.manaus.am.gov.br\/semcom\/deposito-e-comercializacao-irregular\/","url":"https:\/\/www.manaus.am.gov.br\/semcom\/deposito-e-comercializacao-irregular\/","name":"PMM combate dep\u00f3sito e comercializa\u00e7\u00e3o irregular de res\u00edduos","isPartOf":{"@id":"https:\/\/www.manaus.am.gov.br\/semcom\/#website"},"primaryImageOfPage":{"@id":"https:\/\/www.manaus.am.gov.br\/semcom\/deposito-e-comercializacao-irregular\/#primaryimage"},"image":{"@id":"https:\/\/www.manaus.am.gov.br\/semcom\/deposito-e-comercializacao-irregular\/#primaryimage"},"thumbnailUrl":"https:\/\/www.manaus.am.gov.br\/semcom\/wp-content\/uploads\/sites\/5\/2026\/03\/Operacao-integra-secretarias-no-combate-ao-descarte-e-comercializacao-irregular-de-residuos.jpg","datePublished":"2026-03-18T00:11:22+00:00","dateModified":"2026-03-18T15:30:57+00:00","author":{"@id":"https:\/\/www.manaus.am.gov.br\/semcom\/#\/schema\/person\/466a0e03ae4b6062809046bd560ac955"},"description":"A Prefeitura de Manaus realizou, nesta ter\u00e7a-feira, 17\/3, mais uma fase da opera\u00e7\u00e3o \u201cCombate ao Descarte Irregular de Res\u00edduos e Entulhos\u201d.","inLanguage":"pt-BR","potentialAction":[{"@type":"ReadAction","target":["https:\/\/www.manaus.am.gov.br\/semcom\/deposito-e-comercializacao-irregular\/"]}]},{"@type":"ImageObject","inLanguage":"pt-BR","@id":"https:\/\/www.manaus.am.gov.br\/semcom\/deposito-e-comercializacao-irregular\/#primaryimage","url":"https:\/\/www.manaus.am.gov.br\/semcom\/wp-content\/uploads\/sites\/5\/2026\/03\/Operacao-integra-secretarias-no-combate-ao-descarte-e-comercializacao-irregular-de-residuos.jpg","contentUrl":"https:\/\/www.manaus.am.gov.br\/semcom\/wp-content\/uploads\/sites\/5\/2026\/03\/Operacao-integra-secretarias-no-combate-ao-descarte-e-comercializacao-irregular-de-residuos.jpg","width":1280,"height":960,"caption":"#paratodosverem - Opera\u00e7\u00e3o integra secretarias no combate ao descarte e comercializa\u00e7\u00e3o irregular de res\u00edduos"},{"@type":"WebSite","@id":"https:\/\/www.manaus.am.gov.br\/semcom\/#website","url":"https:\/\/www.manaus.am.gov.br\/semcom\/","name":"SEMCOM","description":"Secretaria Municipal de Comunica\u00e7\u00e3o","potentialAction":[{"@type":"SearchAction","target":{"@type":"EntryPoint","urlTemplate":"https:\/\/www.manaus.am.gov.br\/semcom\/?s={search_term_string}"},"query-input":"required name=search_term_string"}],"inLanguage":"pt-BR"},{"@type":"Person","@id":"https:\/\/www.manaus.am.gov.br\/semcom\/#\/schema\/person\/466a0e03ae4b6062809046bd560ac955","name":"bvalente","image":{"@type":"ImageObject","inLanguage":"pt-BR","@id":"https:\/\/www.manaus.am.gov.br\/semcom\/#\/schema\/person\/image\/","url":"https:\/\/secure.gravatar.com\/avatar\/3e69bc2b014bdad41adfec3a39de07d2?s=96&d=mm&r=g","contentUrl":"https:\/\/secure.gravatar.com\/avatar\/3e69bc2b014bdad41adfec3a39de07d2?s=96&d=mm&r=g","caption":"bvalente"}}]}},"_links":{"self":[{"href":"https:\/\/www.manaus.am.gov.br\/semcom\/wp-json\/wp\/v2\/posts\/254867"}],"collection":[{"href":"https:\/\/www.manaus.am.gov.br\/semcom\/wp-json\/wp\/v2\/posts"}],"about":[{"href":"https:\/\/www.manaus.am.gov.br\/semcom\/wp-json\/wp\/v2\/types\/post"}],"author":[{"embeddable":true,"href":"https:\/\/www.manaus.am.gov.br\/semcom\/wp-json\/wp\/v2\/users\/68"}],"replies":[{"embeddable":true,"href":"https:\/\/www.manaus.am.gov.br\/semcom\/wp-json\/wp\/v2\/comments?post=254867"}],"version-history":[{"count":3,"href":"https:\/\/www.manaus.am.gov.br\/semcom\/wp-json\/wp\/v2\/posts\/254867\/revisions"}],"predecessor-version":[{"id":254872,"href":"https:\/\/www.manaus.am.gov.br\/semcom\/wp-json\/wp\/v2\/posts\/254867\/revisions\/254872"}],"wp:featuredmedia":[{"embeddable":true,"href":"https:\/\/www.manaus.am.gov.br\/semcom\/wp-json\/wp\/v2\/media\/254869"}],"wp:attachment":[{"href":"https:\/\/www.manaus.am.gov.br\/semcom\/wp-json\/wp\/v2\/media?parent=254867"}],"wp:term":[{"taxonomy":"category","embeddable":true,"href":"https:\/\/www.manaus.am.gov.br\/semcom\/wp-json\/wp\/v2\/categories?post=254867"},{"taxonomy":"post_tag","embeddable":true,"href":"https:\/\/www.manaus.am.gov.br\/semcom\/wp-json\/wp\/v2\/tags?post=254867"}],"curies":[{"name":"wp","href":"https:\/\/api.w.org\/{rel}","templated":true}]}}