{"id":254862,"date":"2026-03-17T17:33:42","date_gmt":"2026-03-17T21:33:42","guid":{"rendered":"https:\/\/www.manaus.am.gov.br\/semcom\/servicos-saude-mulheres-zona-sul\/"},"modified":"2026-03-18T12:31:23","modified_gmt":"2026-03-18T15:31:23","slug":"servicos-saude-mulheres-zona-sul","status":"publish","type":"post","link":"https:\/\/www.manaus.am.gov.br\/semcom\/servicos-saude-mulheres-zona-sul\/","title":{"rendered":"Prefeitura de Manaus refor\u00e7a servi\u00e7os de sa\u00fade para mulheres na zona Sul da capital"},"content":{"rendered":"\n<p>A<a href=\"https:\/\/www.instagram.com\/prefeiturademanaus\/\"> Prefeitura de Manaus, <\/a>por meio da Secretaria Municipal de Sa\u00fade<a href=\"https:\/\/www.manaus.am.gov.br\/\"> (Semsa)<\/a>, refor\u00e7a a import\u00e2ncia da preven\u00e7\u00e3o e do combate ao c\u00e2ncer do colo do \u00fatero com a 10\u00aa edi\u00e7\u00e3o do Circuito da Mulher. A programa\u00e7\u00e3o, que teve in\u00edcio na segunda-feira, 16\/3, se encerra nesta ter\u00e7a, 17\/3, na Unidade de Sa\u00fade da Fam\u00edlia (USF) Dr. Ant\u00f4nio Reis, localizada no bairro Bet\u00e2nia, na zona Sul da capital.<\/p>\n\n\n\n<p>A a\u00e7\u00e3o integra o \u201cMar\u00e7o Lil\u00e1s\u201d, campanha de conscientiza\u00e7\u00e3o sobre c\u00e2ncer do colo uterino e envolve a oferta de uma s\u00e9rie de servi\u00e7os de sa\u00fade como consultas m\u00e9dicas, mamografia, ultrassom transvaginal, exame preventivo do c\u00e2ncer do colo do \u00fatero, vacina\u00e7\u00e3o, testagem r\u00e1pida para Infec\u00e7\u00f5es Sexualmente Transmiss\u00edveis (ISTs) e atualiza\u00e7\u00e3o do calend\u00e1rio vacinal.<\/p>\n\n\n\n<p>A din\u00e2mica da programa\u00e7\u00e3o foi organizada de modo que as usu\u00e1rias sejam atendidas em oito esta\u00e7\u00f5es onde cada servi\u00e7o \u00e9 ofertado. Sendo assim, as&nbsp;usu\u00e1rias passam pela consulta com m\u00e9dicos, realizam mamografia, coleta do preventivo, teste r\u00e1pido, t\u00eam o calend\u00e1rio vacinal atualizado e concluem o circuito com a realiza\u00e7\u00e3o do ultrassom transvaginal.<\/p>\n\n\n\n<p>A gestora do estabelecimento de sa\u00fade, enfermeira Rejane Miranda, explica que o Circuito da Mulher, evento que \u00e9 promovido duas vezes ao ano, j\u00e1 foi assimilado pela comunidade como um momento em que a sa\u00fade da mulher precisa ser priorizada.<\/p>\n\n\n\n<p>\u201cN\u00f3s j\u00e1 estamos na nona edi\u00e7\u00e3o desse evento, que neste m\u00eas de mar\u00e7o tem o objetivo de refor\u00e7ar a preven\u00e7\u00e3o e o combate ao c\u00e2ncer do colo do \u00fatero. Sabemos que a comunidade percebe o valor do Circuito porque muitas usu\u00e1rias nos procuram para receber os atendimentos. Mas \u00e9 importante ressaltar que esses servi\u00e7os de sa\u00fade fazem parte da nossa rotina, ou seja, quem n\u00e3o p\u00f4de vir hoje, pode vir nos outros dias\u201d, acentuou.<\/p>\n\n\n\n<p>Ao longo deste m\u00eas, todas as unidades da Semsa est\u00e3o intensificando a oferta de servi\u00e7os de sa\u00fade ao segmento feminino refor\u00e7ando a import\u00e2ncia da realiza\u00e7\u00e3o do exame preventivo do c\u00e2ncer do colo do \u00fatero.<\/p>\n\n\n\n<p>Al\u00e9m das unidades de sa\u00fade, a Semsa oferta o exame Papanicolau e outros procedimentos nas cinco Unidades M\u00f3veis de Sa\u00fade, que percorrem todas as zonas geogr\u00e1ficas da capital.<\/p>\n\n\n\n<figure class=\"wp-block-image size-large\"><img loading=\"lazy\" decoding=\"async\" width=\"1024\" height=\"571\" src=\"https:\/\/www.manaus.am.gov.br\/semcom\/wp-content\/uploads\/sites\/5\/2026\/03\/SEMSA-MANAUS_CIRCUITO-DA-MULHER-6-1024x571.jpeg\" alt=\"\" class=\"wp-image-254865\" srcset=\"https:\/\/www.manaus.am.gov.br\/semcom\/wp-content\/uploads\/sites\/5\/2026\/03\/SEMSA-MANAUS_CIRCUITO-DA-MULHER-6-1024x571.jpeg 1024w, https:\/\/www.manaus.am.gov.br\/semcom\/wp-content\/uploads\/sites\/5\/2026\/03\/SEMSA-MANAUS_CIRCUITO-DA-MULHER-6-300x167.jpeg 300w, https:\/\/www.manaus.am.gov.br\/semcom\/wp-content\/uploads\/sites\/5\/2026\/03\/SEMSA-MANAUS_CIRCUITO-DA-MULHER-6-768x428.jpeg 768w, https:\/\/www.manaus.am.gov.br\/semcom\/wp-content\/uploads\/sites\/5\/2026\/03\/SEMSA-MANAUS_CIRCUITO-DA-MULHER-6.jpeg 1465w\" sizes=\"(max-width: 1024px) 100vw, 1024px\" \/><figcaption class=\"wp-element-caption\">#paratodosverem &#8211; Mulheres aguardando atendimento<\/figcaption><\/figure>\n\n\n\n<p>&#8212; &#8212; &#8212;<\/p>\n\n\n\n<p><strong>Texto e fotos &#8211;<\/strong>&nbsp;Divulga\u00e7\u00e3o\/Semsa&nbsp;<\/p>\n","protected":false},"excerpt":{"rendered":"","protected":false},"author":39,"featured_media":254863,"comment_status":"closed","ping_status":"closed","sticky":false,"template":"","format":"standard","meta":{"footnotes":""},"categories":[213],"tags":[77,162,3438],"acf":[],"yoast_head":"<!-- This site is optimized with the Yoast SEO plugin v23.0 - https:\/\/yoast.com\/wordpress\/plugins\/seo\/ -->\n<title>Servi\u00e7os de sa\u00fade para mulheres na zona Sul da capital<\/title>\n<meta name=\"description\" content=\"Prefeitura de Manaus, por meio da Semsa, refor\u00e7a servi\u00e7os de sa\u00fade para mulheres na zona Sul da capital com o Circuito da Mulher.\" \/>\n<meta name=\"robots\" content=\"index, follow, max-snippet:-1, max-image-preview:large, max-video-preview:-1\" \/>\n<link rel=\"canonical\" href=\"https:\/\/www.manaus.am.gov.br\/semcom\/servicos-saude-mulheres-zona-sul\/\" \/>\n<meta property=\"og:locale\" content=\"pt_BR\" \/>\n<meta property=\"og:type\" content=\"article\" \/>\n<meta property=\"og:title\" content=\"Servi\u00e7os de sa\u00fade para mulheres na zona Sul da capital\" \/>\n<meta property=\"og:description\" content=\"Prefeitura de Manaus, por meio da Semsa, refor\u00e7a servi\u00e7os de sa\u00fade para mulheres na zona Sul da capital com o Circuito da Mulher.\" \/>\n<meta property=\"og:url\" content=\"https:\/\/www.manaus.am.gov.br\/semcom\/servicos-saude-mulheres-zona-sul\/\" \/>\n<meta property=\"og:site_name\" content=\"SEMCOM\" \/>\n<meta property=\"article:published_time\" content=\"2026-03-17T21:33:42+00:00\" \/>\n<meta property=\"article:modified_time\" content=\"2026-03-18T15:31:23+00:00\" \/>\n<meta property=\"og:image\" content=\"https:\/\/www.manaus.am.gov.br\/semcom\/wp-content\/uploads\/sites\/5\/2026\/03\/SEMSA-MANAUS_CIRCUITO-DA-MULHER-5.jpeg\" \/>\n\t<meta property=\"og:image:width\" content=\"1600\" \/>\n\t<meta property=\"og:image:height\" content=\"900\" \/>\n\t<meta property=\"og:image:type\" content=\"image\/jpeg\" \/>\n<meta name=\"author\" content=\"Bruna Greco\" \/>\n<meta name=\"twitter:card\" content=\"summary_large_image\" \/>\n<meta name=\"twitter:label1\" content=\"Written by\" \/>\n\t<meta name=\"twitter:data1\" content=\"Bruna Greco\" \/>\n\t<meta name=\"twitter:label2\" content=\"Est. reading time\" \/>\n\t<meta name=\"twitter:data2\" content=\"3 minutos\" \/>\n<script type=\"application\/ld+json\" class=\"yoast-schema-graph\">{\"@context\":\"https:\/\/schema.org\",\"@graph\":[{\"@type\":\"WebPage\",\"@id\":\"https:\/\/www.manaus.am.gov.br\/semcom\/servicos-saude-mulheres-zona-sul\/\",\"url\":\"https:\/\/www.manaus.am.gov.br\/semcom\/servicos-saude-mulheres-zona-sul\/\",\"name\":\"Servi\u00e7os de sa\u00fade para mulheres na zona Sul da capital\",\"isPartOf\":{\"@id\":\"https:\/\/www.manaus.am.gov.br\/semcom\/#website\"},\"primaryImageOfPage\":{\"@id\":\"https:\/\/www.manaus.am.gov.br\/semcom\/servicos-saude-mulheres-zona-sul\/#primaryimage\"},\"image\":{\"@id\":\"https:\/\/www.manaus.am.gov.br\/semcom\/servicos-saude-mulheres-zona-sul\/#primaryimage\"},\"thumbnailUrl\":\"https:\/\/www.manaus.am.gov.br\/semcom\/wp-content\/uploads\/sites\/5\/2026\/03\/SEMSA-MANAUS_CIRCUITO-DA-MULHER-5.jpeg\",\"datePublished\":\"2026-03-17T21:33:42+00:00\",\"dateModified\":\"2026-03-18T15:31:23+00:00\",\"author\":{\"@id\":\"https:\/\/www.manaus.am.gov.br\/semcom\/#\/schema\/person\/05d223aea2bf115f9883a6ff3683d81b\"},\"description\":\"Prefeitura de Manaus, por meio da Semsa, refor\u00e7a servi\u00e7os de sa\u00fade para mulheres na zona Sul da capital com o Circuito da Mulher.\",\"inLanguage\":\"pt-BR\",\"potentialAction\":[{\"@type\":\"ReadAction\",\"target\":[\"https:\/\/www.manaus.am.gov.br\/semcom\/servicos-saude-mulheres-zona-sul\/\"]}]},{\"@type\":\"ImageObject\",\"inLanguage\":\"pt-BR\",\"@id\":\"https:\/\/www.manaus.am.gov.br\/semcom\/servicos-saude-mulheres-zona-sul\/#primaryimage\",\"url\":\"https:\/\/www.manaus.am.gov.br\/semcom\/wp-content\/uploads\/sites\/5\/2026\/03\/SEMSA-MANAUS_CIRCUITO-DA-MULHER-5.jpeg\",\"contentUrl\":\"https:\/\/www.manaus.am.gov.br\/semcom\/wp-content\/uploads\/sites\/5\/2026\/03\/SEMSA-MANAUS_CIRCUITO-DA-MULHER-5.jpeg\",\"width\":1600,\"height\":900,\"caption\":\"#paratodosverem - Mulher recebendo imuniza\u00e7\u00e3o durante a a 10\u00aa edi\u00e7\u00e3o do Circuito da Mulher\"},{\"@type\":\"WebSite\",\"@id\":\"https:\/\/www.manaus.am.gov.br\/semcom\/#website\",\"url\":\"https:\/\/www.manaus.am.gov.br\/semcom\/\",\"name\":\"SEMCOM\",\"description\":\"Secretaria Municipal de Comunica\u00e7\u00e3o\",\"potentialAction\":[{\"@type\":\"SearchAction\",\"target\":{\"@type\":\"EntryPoint\",\"urlTemplate\":\"https:\/\/www.manaus.am.gov.br\/semcom\/?s={search_term_string}\"},\"query-input\":\"required name=search_term_string\"}],\"inLanguage\":\"pt-BR\"},{\"@type\":\"Person\",\"@id\":\"https:\/\/www.manaus.am.gov.br\/semcom\/#\/schema\/person\/05d223aea2bf115f9883a6ff3683d81b\",\"name\":\"Bruna Greco\",\"image\":{\"@type\":\"ImageObject\",\"inLanguage\":\"pt-BR\",\"@id\":\"https:\/\/www.manaus.am.gov.br\/semcom\/#\/schema\/person\/image\/\",\"url\":\"https:\/\/secure.gravatar.com\/avatar\/9c877d1a6adc2a055330e5c09a8653ce?s=96&d=mm&r=g\",\"contentUrl\":\"https:\/\/secure.gravatar.com\/avatar\/9c877d1a6adc2a055330e5c09a8653ce?s=96&d=mm&r=g\",\"caption\":\"Bruna Greco\"}}]}<\/script>\n<!-- \/ Yoast SEO plugin. -->","yoast_head_json":{"title":"Servi\u00e7os de sa\u00fade para mulheres na zona Sul da capital","description":"Prefeitura de Manaus, por meio da Semsa, refor\u00e7a servi\u00e7os de sa\u00fade para mulheres na zona Sul da capital com o Circuito da Mulher.","robots":{"index":"index","follow":"follow","max-snippet":"max-snippet:-1","max-image-preview":"max-image-preview:large","max-video-preview":"max-video-preview:-1"},"canonical":"https:\/\/www.manaus.am.gov.br\/semcom\/servicos-saude-mulheres-zona-sul\/","og_locale":"pt_BR","og_type":"article","og_title":"Servi\u00e7os de sa\u00fade para mulheres na zona Sul da capital","og_description":"Prefeitura de Manaus, por meio da Semsa, refor\u00e7a servi\u00e7os de sa\u00fade para mulheres na zona Sul da capital com o Circuito da Mulher.","og_url":"https:\/\/www.manaus.am.gov.br\/semcom\/servicos-saude-mulheres-zona-sul\/","og_site_name":"SEMCOM","article_published_time":"2026-03-17T21:33:42+00:00","article_modified_time":"2026-03-18T15:31:23+00:00","og_image":[{"width":1600,"height":900,"url":"https:\/\/www.manaus.am.gov.br\/semcom\/wp-content\/uploads\/sites\/5\/2026\/03\/SEMSA-MANAUS_CIRCUITO-DA-MULHER-5.jpeg","type":"image\/jpeg"}],"author":"Bruna Greco","twitter_card":"summary_large_image","twitter_misc":{"Written by":"Bruna Greco","Est. reading time":"3 minutos"},"schema":{"@context":"https:\/\/schema.org","@graph":[{"@type":"WebPage","@id":"https:\/\/www.manaus.am.gov.br\/semcom\/servicos-saude-mulheres-zona-sul\/","url":"https:\/\/www.manaus.am.gov.br\/semcom\/servicos-saude-mulheres-zona-sul\/","name":"Servi\u00e7os de sa\u00fade para mulheres na zona Sul da capital","isPartOf":{"@id":"https:\/\/www.manaus.am.gov.br\/semcom\/#website"},"primaryImageOfPage":{"@id":"https:\/\/www.manaus.am.gov.br\/semcom\/servicos-saude-mulheres-zona-sul\/#primaryimage"},"image":{"@id":"https:\/\/www.manaus.am.gov.br\/semcom\/servicos-saude-mulheres-zona-sul\/#primaryimage"},"thumbnailUrl":"https:\/\/www.manaus.am.gov.br\/semcom\/wp-content\/uploads\/sites\/5\/2026\/03\/SEMSA-MANAUS_CIRCUITO-DA-MULHER-5.jpeg","datePublished":"2026-03-17T21:33:42+00:00","dateModified":"2026-03-18T15:31:23+00:00","author":{"@id":"https:\/\/www.manaus.am.gov.br\/semcom\/#\/schema\/person\/05d223aea2bf115f9883a6ff3683d81b"},"description":"Prefeitura de Manaus, por meio da Semsa, refor\u00e7a servi\u00e7os de sa\u00fade para mulheres na zona Sul da capital com o Circuito da Mulher.","inLanguage":"pt-BR","potentialAction":[{"@type":"ReadAction","target":["https:\/\/www.manaus.am.gov.br\/semcom\/servicos-saude-mulheres-zona-sul\/"]}]},{"@type":"ImageObject","inLanguage":"pt-BR","@id":"https:\/\/www.manaus.am.gov.br\/semcom\/servicos-saude-mulheres-zona-sul\/#primaryimage","url":"https:\/\/www.manaus.am.gov.br\/semcom\/wp-content\/uploads\/sites\/5\/2026\/03\/SEMSA-MANAUS_CIRCUITO-DA-MULHER-5.jpeg","contentUrl":"https:\/\/www.manaus.am.gov.br\/semcom\/wp-content\/uploads\/sites\/5\/2026\/03\/SEMSA-MANAUS_CIRCUITO-DA-MULHER-5.jpeg","width":1600,"height":900,"caption":"#paratodosverem - Mulher recebendo imuniza\u00e7\u00e3o durante a a 10\u00aa edi\u00e7\u00e3o do Circuito da Mulher"},{"@type":"WebSite","@id":"https:\/\/www.manaus.am.gov.br\/semcom\/#website","url":"https:\/\/www.manaus.am.gov.br\/semcom\/","name":"SEMCOM","description":"Secretaria Municipal de Comunica\u00e7\u00e3o","potentialAction":[{"@type":"SearchAction","target":{"@type":"EntryPoint","urlTemplate":"https:\/\/www.manaus.am.gov.br\/semcom\/?s={search_term_string}"},"query-input":"required name=search_term_string"}],"inLanguage":"pt-BR"},{"@type":"Person","@id":"https:\/\/www.manaus.am.gov.br\/semcom\/#\/schema\/person\/05d223aea2bf115f9883a6ff3683d81b","name":"Bruna Greco","image":{"@type":"ImageObject","inLanguage":"pt-BR","@id":"https:\/\/www.manaus.am.gov.br\/semcom\/#\/schema\/person\/image\/","url":"https:\/\/secure.gravatar.com\/avatar\/9c877d1a6adc2a055330e5c09a8653ce?s=96&d=mm&r=g","contentUrl":"https:\/\/secure.gravatar.com\/avatar\/9c877d1a6adc2a055330e5c09a8653ce?s=96&d=mm&r=g","caption":"Bruna Greco"}}]}},"_links":{"self":[{"href":"https:\/\/www.manaus.am.gov.br\/semcom\/wp-json\/wp\/v2\/posts\/254862"}],"collection":[{"href":"https:\/\/www.manaus.am.gov.br\/semcom\/wp-json\/wp\/v2\/posts"}],"about":[{"href":"https:\/\/www.manaus.am.gov.br\/semcom\/wp-json\/wp\/v2\/types\/post"}],"author":[{"embeddable":true,"href":"https:\/\/www.manaus.am.gov.br\/semcom\/wp-json\/wp\/v2\/users\/39"}],"replies":[{"embeddable":true,"href":"https:\/\/www.manaus.am.gov.br\/semcom\/wp-json\/wp\/v2\/comments?post=254862"}],"version-history":[{"count":4,"href":"https:\/\/www.manaus.am.gov.br\/semcom\/wp-json\/wp\/v2\/posts\/254862\/revisions"}],"predecessor-version":[{"id":254874,"href":"https:\/\/www.manaus.am.gov.br\/semcom\/wp-json\/wp\/v2\/posts\/254862\/revisions\/254874"}],"wp:featuredmedia":[{"embeddable":true,"href":"https:\/\/www.manaus.am.gov.br\/semcom\/wp-json\/wp\/v2\/media\/254863"}],"wp:attachment":[{"href":"https:\/\/www.manaus.am.gov.br\/semcom\/wp-json\/wp\/v2\/media?parent=254862"}],"wp:term":[{"taxonomy":"category","embeddable":true,"href":"https:\/\/www.manaus.am.gov.br\/semcom\/wp-json\/wp\/v2\/categories?post=254862"},{"taxonomy":"post_tag","embeddable":true,"href":"https:\/\/www.manaus.am.gov.br\/semcom\/wp-json\/wp\/v2\/tags?post=254862"}],"curies":[{"name":"wp","href":"https:\/\/api.w.org\/{rel}","templated":true}]}}