{"id":254850,"date":"2026-03-17T16:21:41","date_gmt":"2026-03-17T20:21:41","guid":{"rendered":"https:\/\/www.manaus.am.gov.br\/semcom\/vistoria-apartamentos-do-residencial-morar-melhor-13\/"},"modified":"2026-03-18T12:33:05","modified_gmt":"2026-03-18T15:33:05","slug":"vistoria-apartamentos-do-residencial-morar-melhor-13","status":"publish","type":"post","link":"https:\/\/www.manaus.am.gov.br\/semcom\/vistoria-apartamentos-do-residencial-morar-melhor-13\/","title":{"rendered":"David Almeida acompanha vistoria de 192 fam\u00edlias que receber\u00e3o apartamentos do residencial Morar Melhor 13"},"content":{"rendered":"\n<p>O prefeito de Manaus, David Almeida, acompanhou, nesta ter\u00e7a-feira, 17\/3, a vistoria t\u00e9cnica realizada pelas primeiras 192 fam\u00edlias contempladas no residencial Morar Melhor 13 (MM13), localizado na rua Jacururu, no bairro Tarum\u00e3-A\u00e7u, regi\u00e3o do Parque das Tribos, zona Oeste da capital.&nbsp; A etapa antecede a entrega oficial das unidades habitacionais, que totalizam 576 apartamentos.<\/p>\n\n\n\n<p>Durante a visita, os 192 benefici\u00e1rios selecionados pela Caixa Econ\u00f4mica Federal puderam entrar, pela primeira vez, nos apartamentos e verificar, acompanhados por t\u00e9cnicos da institui\u00e7\u00e3o financeira e da construtora respons\u00e1vel, as condi\u00e7\u00f5es das unidades. Na vistoria, os futuros moradores conferem o funcionamento de \u00e1gua, energia el\u00e9trica, banheiros, portas e demais estruturas dos im\u00f3veis.<\/p>\n\n\n\n<p>\u201cEssa \u00e9 a primeira visita t\u00e9cnica para que as fam\u00edlias selecionadas possam verificar se est\u00e1 funcionando a \u00e1gua, a luz, os banheiros e as portas. Essa vistoria \u00e9 feita junto com os t\u00e9cnicos da Caixa Econ\u00f4mica Federal para que, no dia 24 de mar\u00e7o, possamos realizar a entrega dessas moradias\u201d, afirmou o prefeito David Almeida.<\/p>\n\n\n\n<p>O empreendimento integra o programa \u201cMinha Casa, Minha Vida\u201d, executado em parceria entre o governo federal e a<a href=\"https:\/\/www.instagram.com\/prefeiturademanaus\/\"> Prefeitura de Manaus<\/a>. Al\u00e9m da \u00e1rea destinada \u00e0 constru\u00e7\u00e3o do residencial, o munic\u00edpio tamb\u00e9m aportou recursos complementares para viabilizar a conclus\u00e3o das unidades habitacionais.<\/p>\n\n\n\n<p>O secret\u00e1rio municipal de Habita\u00e7\u00e3o e Assuntos Fundi\u00e1rios, Jesus Alves, destacou que a cria\u00e7\u00e3o da pasta permitiu estruturar uma pol\u00edtica p\u00fablica voltada \u00e0 redu\u00e7\u00e3o do d\u00e9ficit habitacional na capital.<\/p>\n\n\n\n<p>\u201cAt\u00e9 2023, Manaus n\u00e3o tinha uma secretaria espec\u00edfica para tratar da pol\u00edtica habitacional. A partir da cria\u00e7\u00e3o da Semhaf, passamos a estruturar esse trabalho e, hoje, come\u00e7amos a entregar resultados concretos para fam\u00edlias que aguardavam h\u00e1 muitos anos pela casa pr\u00f3pria\u201d, ressaltou.<\/p>\n\n\n\n<p>Entre as hist\u00f3rias que simbolizam o alcance social do programa est\u00e1 a de Vanessa Costa Santana, de 36 anos. Ap\u00f3s enfrentar depend\u00eancia qu\u00edmica e viver em situa\u00e7\u00e3o de rua, ela iniciou tratamento na Fazenda da Esperan\u00e7a e agora se prepara para recome\u00e7ar a vida ao receber o pr\u00f3prio apartamento.<\/p>\n\n\n\n<p>\u201cHoje, eu tenho uma nova vida, uma mudan\u00e7a de vida. Eu estou muito feliz por esse recome\u00e7o e agrade\u00e7o a Deus e a todas as pessoas que me ajudaram at\u00e9 aqui\u201d, relatou Vanessa.<\/p>\n\n\n\n<p>Nesta primeira etapa, 192 fam\u00edlias receber\u00e3o os apartamentos. Ao todo, o residencial Morar Melhor 13 contar\u00e1 com 576 unidades habitacionais destinadas a fam\u00edlias em situa\u00e7\u00e3o de vulnerabilidade social.<\/p>\n\n\n\n<p>Al\u00e9m da moradia, as fam\u00edlias tamb\u00e9m receber\u00e3o itens b\u00e1sicos para o in\u00edcio da nova etapa, como televis\u00e3o, geladeira, fog\u00e3o, ventilador, cama, colch\u00e3o e roupeiro, garantindo melhores condi\u00e7\u00f5es para o recome\u00e7o das fam\u00edlias contempladas.<\/p>\n\n\n\n<p><strong>Nova lista de contemplados publicada<\/strong><\/p>\n\n\n\n<p>A Secretaria Municipal de Habita\u00e7\u00e3o e Assuntos Fundi\u00e1rios <a href=\"https:\/\/www.manaus.am.gov.br\/\">(Semhaf)<\/a> tamb\u00e9m anunciou que j\u00e1 est\u00e1 dispon\u00edvel no Di\u00e1rio Oficial do Munic\u00edpio (DOM), edi\u00e7\u00e3o n\u00ba 6.271, publicada na segunda-feira, 16\/3, a lista com mais 192 candidatos contemplados para o empreendimento Morar Melhor 14 (MM14), tamb\u00e9m localizado na rua Jacururu, no Tarum\u00e3-A\u00e7u.<\/p>\n\n\n\n<p>A publica\u00e7\u00e3o torna p\u00fablica a rela\u00e7\u00e3o completa dos benefici\u00e1rios selecionados conforme os crit\u00e9rios do programa habitacional e pode ser consultada no portal oficial do Di\u00e1rio Oficial do Munic\u00edpio.<\/p>\n\n\n\n<p>Com a nova lista, a prefeitura amplia o n\u00famero de fam\u00edlias beneficiadas pelos programas habitacionais executados em parceria com o governo federal, avan\u00e7ando no enfrentamento do d\u00e9ficit de moradia na capital amazonense.<\/p>\n\n\n\n<figure class=\"wp-block-image size-large\"><img loading=\"lazy\" decoding=\"async\" width=\"1024\" height=\"682\" src=\"https:\/\/www.manaus.am.gov.br\/semcom\/wp-content\/uploads\/sites\/5\/2026\/03\/WhatsApp-Image-2026-03-17-at-15.58.44-1-1024x682.jpeg\" alt=\"\" class=\"wp-image-254851\" srcset=\"https:\/\/www.manaus.am.gov.br\/semcom\/wp-content\/uploads\/sites\/5\/2026\/03\/WhatsApp-Image-2026-03-17-at-15.58.44-1-1024x682.jpeg 1024w, https:\/\/www.manaus.am.gov.br\/semcom\/wp-content\/uploads\/sites\/5\/2026\/03\/WhatsApp-Image-2026-03-17-at-15.58.44-1-300x200.jpeg 300w, https:\/\/www.manaus.am.gov.br\/semcom\/wp-content\/uploads\/sites\/5\/2026\/03\/WhatsApp-Image-2026-03-17-at-15.58.44-1-768x512.jpeg 768w, https:\/\/www.manaus.am.gov.br\/semcom\/wp-content\/uploads\/sites\/5\/2026\/03\/WhatsApp-Image-2026-03-17-at-15.58.44-1-1536x1023.jpeg 1536w, https:\/\/www.manaus.am.gov.br\/semcom\/wp-content\/uploads\/sites\/5\/2026\/03\/WhatsApp-Image-2026-03-17-at-15.58.44-1.jpeg 1600w\" sizes=\"(max-width: 1024px) 100vw, 1024px\" \/><figcaption class=\"wp-element-caption\">#paratodosverem &#8211; Vistoria<\/figcaption><\/figure>\n\n\n\n<p>&#8212; &#8212; &#8212;<\/p>\n\n\n\n<p><strong>Texto <\/strong>&#8211; Emanuelle Baires\/Semcom-Prefeito<\/p>\n\n\n\n<p><strong>Fotos<\/strong> &#8211; Dhyeizo Lemos\/Semcom-Prefeito<\/p>\n","protected":false},"excerpt":{"rendered":"","protected":false},"author":39,"featured_media":254852,"comment_status":"closed","ping_status":"closed","sticky":false,"template":"","format":"standard","meta":{"footnotes":""},"categories":[2162],"tags":[19786,19787,35,19788,1356],"acf":[],"yoast_head":"<!-- This site is optimized with the Yoast SEO plugin v23.0 - https:\/\/yoast.com\/wordpress\/plugins\/seo\/ -->\n<title>Vistoria de 192 fam\u00edlias que receber\u00e3o apartamentos do residencial Morar Melhor 13<\/title>\n<meta name=\"description\" content=\"David Almeida acompanha vistoria de 192 fam\u00edlias que receber\u00e3o apartamentos do residencial Morar Melhor 13.\" \/>\n<meta name=\"robots\" content=\"index, follow, max-snippet:-1, max-image-preview:large, max-video-preview:-1\" \/>\n<link rel=\"canonical\" href=\"https:\/\/www.manaus.am.gov.br\/semcom\/vistoria-apartamentos-do-residencial-morar-melhor-13\/\" \/>\n<meta property=\"og:locale\" content=\"pt_BR\" \/>\n<meta property=\"og:type\" content=\"article\" \/>\n<meta property=\"og:title\" content=\"Vistoria de 192 fam\u00edlias que receber\u00e3o apartamentos do residencial Morar Melhor 13\" \/>\n<meta property=\"og:description\" content=\"David Almeida acompanha vistoria de 192 fam\u00edlias que receber\u00e3o apartamentos do residencial Morar Melhor 13.\" \/>\n<meta property=\"og:url\" content=\"https:\/\/www.manaus.am.gov.br\/semcom\/vistoria-apartamentos-do-residencial-morar-melhor-13\/\" \/>\n<meta property=\"og:site_name\" content=\"SEMCOM\" \/>\n<meta property=\"article:published_time\" content=\"2026-03-17T20:21:41+00:00\" \/>\n<meta property=\"article:modified_time\" content=\"2026-03-18T15:33:05+00:00\" \/>\n<meta property=\"og:image\" content=\"https:\/\/www.manaus.am.gov.br\/semcom\/wp-content\/uploads\/sites\/5\/2026\/03\/WhatsApp-Image-2026-03-17-at-15.59.00.jpeg\" \/>\n\t<meta property=\"og:image:width\" content=\"1600\" \/>\n\t<meta property=\"og:image:height\" content=\"1066\" \/>\n\t<meta property=\"og:image:type\" content=\"image\/jpeg\" \/>\n<meta name=\"author\" content=\"Bruna Greco\" \/>\n<meta name=\"twitter:card\" content=\"summary_large_image\" \/>\n<meta name=\"twitter:label1\" content=\"Written by\" \/>\n\t<meta name=\"twitter:data1\" content=\"Bruna Greco\" \/>\n\t<meta name=\"twitter:label2\" content=\"Est. reading time\" \/>\n\t<meta name=\"twitter:data2\" content=\"4 minutos\" \/>\n<script type=\"application\/ld+json\" class=\"yoast-schema-graph\">{\"@context\":\"https:\/\/schema.org\",\"@graph\":[{\"@type\":\"WebPage\",\"@id\":\"https:\/\/www.manaus.am.gov.br\/semcom\/vistoria-apartamentos-do-residencial-morar-melhor-13\/\",\"url\":\"https:\/\/www.manaus.am.gov.br\/semcom\/vistoria-apartamentos-do-residencial-morar-melhor-13\/\",\"name\":\"Vistoria de 192 fam\u00edlias que receber\u00e3o apartamentos do residencial Morar Melhor 13\",\"isPartOf\":{\"@id\":\"https:\/\/www.manaus.am.gov.br\/semcom\/#website\"},\"primaryImageOfPage\":{\"@id\":\"https:\/\/www.manaus.am.gov.br\/semcom\/vistoria-apartamentos-do-residencial-morar-melhor-13\/#primaryimage\"},\"image\":{\"@id\":\"https:\/\/www.manaus.am.gov.br\/semcom\/vistoria-apartamentos-do-residencial-morar-melhor-13\/#primaryimage\"},\"thumbnailUrl\":\"https:\/\/www.manaus.am.gov.br\/semcom\/wp-content\/uploads\/sites\/5\/2026\/03\/WhatsApp-Image-2026-03-17-at-15.59.00.jpeg\",\"datePublished\":\"2026-03-17T20:21:41+00:00\",\"dateModified\":\"2026-03-18T15:33:05+00:00\",\"author\":{\"@id\":\"https:\/\/www.manaus.am.gov.br\/semcom\/#\/schema\/person\/05d223aea2bf115f9883a6ff3683d81b\"},\"description\":\"David Almeida acompanha vistoria de 192 fam\u00edlias que receber\u00e3o apartamentos do residencial Morar Melhor 13.\",\"inLanguage\":\"pt-BR\",\"potentialAction\":[{\"@type\":\"ReadAction\",\"target\":[\"https:\/\/www.manaus.am.gov.br\/semcom\/vistoria-apartamentos-do-residencial-morar-melhor-13\/\"]}]},{\"@type\":\"ImageObject\",\"inLanguage\":\"pt-BR\",\"@id\":\"https:\/\/www.manaus.am.gov.br\/semcom\/vistoria-apartamentos-do-residencial-morar-melhor-13\/#primaryimage\",\"url\":\"https:\/\/www.manaus.am.gov.br\/semcom\/wp-content\/uploads\/sites\/5\/2026\/03\/WhatsApp-Image-2026-03-17-at-15.59.00.jpeg\",\"contentUrl\":\"https:\/\/www.manaus.am.gov.br\/semcom\/wp-content\/uploads\/sites\/5\/2026\/03\/WhatsApp-Image-2026-03-17-at-15.59.00.jpeg\",\"width\":1600,\"height\":1066,\"caption\":\"#paratodosverem - Prefeito de Manaus, David Almeida, acompanhado do titular da Semhaf, Jesus Alves, discursando durante vistoria t\u00e9cnica no residencial Morar Melhor 13 (MM13), localizado na rua Jacururu, no bairro Tarum\u00e3-A\u00e7u\"},{\"@type\":\"WebSite\",\"@id\":\"https:\/\/www.manaus.am.gov.br\/semcom\/#website\",\"url\":\"https:\/\/www.manaus.am.gov.br\/semcom\/\",\"name\":\"SEMCOM\",\"description\":\"Secretaria Municipal de Comunica\u00e7\u00e3o\",\"potentialAction\":[{\"@type\":\"SearchAction\",\"target\":{\"@type\":\"EntryPoint\",\"urlTemplate\":\"https:\/\/www.manaus.am.gov.br\/semcom\/?s={search_term_string}\"},\"query-input\":\"required name=search_term_string\"}],\"inLanguage\":\"pt-BR\"},{\"@type\":\"Person\",\"@id\":\"https:\/\/www.manaus.am.gov.br\/semcom\/#\/schema\/person\/05d223aea2bf115f9883a6ff3683d81b\",\"name\":\"Bruna Greco\",\"image\":{\"@type\":\"ImageObject\",\"inLanguage\":\"pt-BR\",\"@id\":\"https:\/\/www.manaus.am.gov.br\/semcom\/#\/schema\/person\/image\/\",\"url\":\"https:\/\/secure.gravatar.com\/avatar\/9c877d1a6adc2a055330e5c09a8653ce?s=96&d=mm&r=g\",\"contentUrl\":\"https:\/\/secure.gravatar.com\/avatar\/9c877d1a6adc2a055330e5c09a8653ce?s=96&d=mm&r=g\",\"caption\":\"Bruna Greco\"}}]}<\/script>\n<!-- \/ Yoast SEO plugin. -->","yoast_head_json":{"title":"Vistoria de 192 fam\u00edlias que receber\u00e3o apartamentos do residencial Morar Melhor 13","description":"David Almeida acompanha vistoria de 192 fam\u00edlias que receber\u00e3o apartamentos do residencial Morar Melhor 13.","robots":{"index":"index","follow":"follow","max-snippet":"max-snippet:-1","max-image-preview":"max-image-preview:large","max-video-preview":"max-video-preview:-1"},"canonical":"https:\/\/www.manaus.am.gov.br\/semcom\/vistoria-apartamentos-do-residencial-morar-melhor-13\/","og_locale":"pt_BR","og_type":"article","og_title":"Vistoria de 192 fam\u00edlias que receber\u00e3o apartamentos do residencial Morar Melhor 13","og_description":"David Almeida acompanha vistoria de 192 fam\u00edlias que receber\u00e3o apartamentos do residencial Morar Melhor 13.","og_url":"https:\/\/www.manaus.am.gov.br\/semcom\/vistoria-apartamentos-do-residencial-morar-melhor-13\/","og_site_name":"SEMCOM","article_published_time":"2026-03-17T20:21:41+00:00","article_modified_time":"2026-03-18T15:33:05+00:00","og_image":[{"width":1600,"height":1066,"url":"https:\/\/www.manaus.am.gov.br\/semcom\/wp-content\/uploads\/sites\/5\/2026\/03\/WhatsApp-Image-2026-03-17-at-15.59.00.jpeg","type":"image\/jpeg"}],"author":"Bruna Greco","twitter_card":"summary_large_image","twitter_misc":{"Written by":"Bruna Greco","Est. reading time":"4 minutos"},"schema":{"@context":"https:\/\/schema.org","@graph":[{"@type":"WebPage","@id":"https:\/\/www.manaus.am.gov.br\/semcom\/vistoria-apartamentos-do-residencial-morar-melhor-13\/","url":"https:\/\/www.manaus.am.gov.br\/semcom\/vistoria-apartamentos-do-residencial-morar-melhor-13\/","name":"Vistoria de 192 fam\u00edlias que receber\u00e3o apartamentos do residencial Morar Melhor 13","isPartOf":{"@id":"https:\/\/www.manaus.am.gov.br\/semcom\/#website"},"primaryImageOfPage":{"@id":"https:\/\/www.manaus.am.gov.br\/semcom\/vistoria-apartamentos-do-residencial-morar-melhor-13\/#primaryimage"},"image":{"@id":"https:\/\/www.manaus.am.gov.br\/semcom\/vistoria-apartamentos-do-residencial-morar-melhor-13\/#primaryimage"},"thumbnailUrl":"https:\/\/www.manaus.am.gov.br\/semcom\/wp-content\/uploads\/sites\/5\/2026\/03\/WhatsApp-Image-2026-03-17-at-15.59.00.jpeg","datePublished":"2026-03-17T20:21:41+00:00","dateModified":"2026-03-18T15:33:05+00:00","author":{"@id":"https:\/\/www.manaus.am.gov.br\/semcom\/#\/schema\/person\/05d223aea2bf115f9883a6ff3683d81b"},"description":"David Almeida acompanha vistoria de 192 fam\u00edlias que receber\u00e3o apartamentos do residencial Morar Melhor 13.","inLanguage":"pt-BR","potentialAction":[{"@type":"ReadAction","target":["https:\/\/www.manaus.am.gov.br\/semcom\/vistoria-apartamentos-do-residencial-morar-melhor-13\/"]}]},{"@type":"ImageObject","inLanguage":"pt-BR","@id":"https:\/\/www.manaus.am.gov.br\/semcom\/vistoria-apartamentos-do-residencial-morar-melhor-13\/#primaryimage","url":"https:\/\/www.manaus.am.gov.br\/semcom\/wp-content\/uploads\/sites\/5\/2026\/03\/WhatsApp-Image-2026-03-17-at-15.59.00.jpeg","contentUrl":"https:\/\/www.manaus.am.gov.br\/semcom\/wp-content\/uploads\/sites\/5\/2026\/03\/WhatsApp-Image-2026-03-17-at-15.59.00.jpeg","width":1600,"height":1066,"caption":"#paratodosverem - Prefeito de Manaus, David Almeida, acompanhado do titular da Semhaf, Jesus Alves, discursando durante vistoria t\u00e9cnica no residencial Morar Melhor 13 (MM13), localizado na rua Jacururu, no bairro Tarum\u00e3-A\u00e7u"},{"@type":"WebSite","@id":"https:\/\/www.manaus.am.gov.br\/semcom\/#website","url":"https:\/\/www.manaus.am.gov.br\/semcom\/","name":"SEMCOM","description":"Secretaria Municipal de Comunica\u00e7\u00e3o","potentialAction":[{"@type":"SearchAction","target":{"@type":"EntryPoint","urlTemplate":"https:\/\/www.manaus.am.gov.br\/semcom\/?s={search_term_string}"},"query-input":"required name=search_term_string"}],"inLanguage":"pt-BR"},{"@type":"Person","@id":"https:\/\/www.manaus.am.gov.br\/semcom\/#\/schema\/person\/05d223aea2bf115f9883a6ff3683d81b","name":"Bruna Greco","image":{"@type":"ImageObject","inLanguage":"pt-BR","@id":"https:\/\/www.manaus.am.gov.br\/semcom\/#\/schema\/person\/image\/","url":"https:\/\/secure.gravatar.com\/avatar\/9c877d1a6adc2a055330e5c09a8653ce?s=96&d=mm&r=g","contentUrl":"https:\/\/secure.gravatar.com\/avatar\/9c877d1a6adc2a055330e5c09a8653ce?s=96&d=mm&r=g","caption":"Bruna Greco"}}]}},"_links":{"self":[{"href":"https:\/\/www.manaus.am.gov.br\/semcom\/wp-json\/wp\/v2\/posts\/254850"}],"collection":[{"href":"https:\/\/www.manaus.am.gov.br\/semcom\/wp-json\/wp\/v2\/posts"}],"about":[{"href":"https:\/\/www.manaus.am.gov.br\/semcom\/wp-json\/wp\/v2\/types\/post"}],"author":[{"embeddable":true,"href":"https:\/\/www.manaus.am.gov.br\/semcom\/wp-json\/wp\/v2\/users\/39"}],"replies":[{"embeddable":true,"href":"https:\/\/www.manaus.am.gov.br\/semcom\/wp-json\/wp\/v2\/comments?post=254850"}],"version-history":[{"count":3,"href":"https:\/\/www.manaus.am.gov.br\/semcom\/wp-json\/wp\/v2\/posts\/254850\/revisions"}],"predecessor-version":[{"id":254878,"href":"https:\/\/www.manaus.am.gov.br\/semcom\/wp-json\/wp\/v2\/posts\/254850\/revisions\/254878"}],"wp:featuredmedia":[{"embeddable":true,"href":"https:\/\/www.manaus.am.gov.br\/semcom\/wp-json\/wp\/v2\/media\/254852"}],"wp:attachment":[{"href":"https:\/\/www.manaus.am.gov.br\/semcom\/wp-json\/wp\/v2\/media?parent=254850"}],"wp:term":[{"taxonomy":"category","embeddable":true,"href":"https:\/\/www.manaus.am.gov.br\/semcom\/wp-json\/wp\/v2\/categories?post=254850"},{"taxonomy":"post_tag","embeddable":true,"href":"https:\/\/www.manaus.am.gov.br\/semcom\/wp-json\/wp\/v2\/tags?post=254850"}],"curies":[{"name":"wp","href":"https:\/\/api.w.org\/{rel}","templated":true}]}}