{"id":254848,"date":"2026-03-17T17:13:01","date_gmt":"2026-03-17T20:13:01","guid":{"rendered":"https:\/\/www.manaus.am.gov.br\/semcom\/academia-de-formacao-da-guarda-municipal-da-amazonia\/"},"modified":"2026-03-18T12:33:52","modified_gmt":"2026-03-18T15:33:52","slug":"academia-de-formacao-da-guarda-municipal-da-amazonia","status":"publish","type":"post","link":"https:\/\/www.manaus.am.gov.br\/semcom\/academia-de-formacao-da-guarda-municipal-da-amazonia\/","title":{"rendered":"David Almeida lan\u00e7a pedra fundamental da primeira Academia de Forma\u00e7\u00e3o da Guarda Municipal da Amaz\u00f4nia"},"content":{"rendered":"\n<p>O prefeito de Manaus, David Almeida, lan\u00e7ou, nesta ter\u00e7a-feira, 17\/3, a pedra fundamental da Academia de Forma\u00e7\u00e3o da Guarda Municipal da Amaz\u00f4nia, primeira estrutura do g\u00eanero na regi\u00e3o dedicada \u00e0 forma\u00e7\u00e3o, capacita\u00e7\u00e3o e aperfei\u00e7oamento de guardas municipais. A iniciativa marca um novo avan\u00e7o no fortalecimento da seguran\u00e7a p\u00fablica municipal e na moderniza\u00e7\u00e3o da Guarda Municipal de Manaus.<\/p>\n\n\n\n<p>Durante a cerim\u00f4nia, o prefeito David Almeida destacou que a cria\u00e7\u00e3o da academia integra um planejamento iniciado em sua gest\u00e3o para reestruturar e valorizar a Guarda Municipal da capital, ampliando a capacidade de forma\u00e7\u00e3o e qualifica\u00e7\u00e3o dos agentes.<\/p>\n\n\n\n<p>\u201cQuando assumimos a prefeitura, encontramos uma Guarda Municipal com 74 anos de exist\u00eancia e uma estrutura muito limitada. Iniciamos um planejamento, realizamos concurso p\u00fablico, armamos e capacitamos nossos guardas e agora damos mais um passo importante com a cria\u00e7\u00e3o da primeira academia de forma\u00e7\u00e3o de guardas municipais da Amaz\u00f4nia. Nada disso acontece por acaso. \u00c9 fruto de planejamento e de respeito ao servidor p\u00fablico\u201d, afirmou o prefeito.<\/p>\n\n\n\n<p>David Almeida tamb\u00e9m anunciou que o edital do novo concurso p\u00fablico da Guarda Municipal ser\u00e1 publicado no pr\u00f3ximo dia 23, com previs\u00e3o de convoca\u00e7\u00e3o de 590 novos agentes. A medida faz parte do planejamento da <a href=\"https:\/\/www.instagram.com\/prefeiturademanaus\/\">Prefeitura de Manaus<\/a> para ampliar gradualmente o efetivo da corpora\u00e7\u00e3o at\u00e9 alcan\u00e7ar mil guardas municipais at\u00e9 2028.<\/p>\n\n\n\n<p>\u201cHoje temos cerca de 420 guardas municipais. Com o novo concurso, vamos avan\u00e7ar para um efetivo de mil homens e mulheres treinados e preparados para atuar de forma complementar \u00e0s demais for\u00e7as de seguran\u00e7a, ajudando a melhorar a seguran\u00e7a p\u00fablica da nossa cidade\u201d, explicou.<\/p>\n\n\n\n<p>O prefeito ressaltou ainda que a academia permitir\u00e1 que<a href=\"https:\/\/www.manaus.am.gov.br\/\"> Manaus<\/a> compartilhe sua experi\u00eancia com outros munic\u00edpios do Amazonas e da regi\u00e3o amaz\u00f4nica, contribuindo para fortalecer as pol\u00edticas p\u00fablicas de seguran\u00e7a.<\/p>\n\n\n\n<p>\u201cEssa estrutura vai permitir que Manaus coloque toda a expertise que desenvolveu \u00e0 disposi\u00e7\u00e3o dos munic\u00edpios do interior e de outras cidades da Amaz\u00f4nia. Vamos ajudar na forma\u00e7\u00e3o e qualifica\u00e7\u00e3o das guardas municipais, contribuindo para melhorar a seguran\u00e7a p\u00fablica em toda a regi\u00e3o\u201d, disse.<\/p>\n\n\n\n<p>David Almeida tamb\u00e9m destacou que a implanta\u00e7\u00e3o da academia se tornou poss\u00edvel ap\u00f3s mudan\u00e7as estruturais realizadas pela gest\u00e3o municipal na organiza\u00e7\u00e3o das carreiras do servi\u00e7o p\u00fablico, incluindo a cria\u00e7\u00e3o do plano de cargos e carreiras que passou a contemplar a Guarda Municipal, permitindo a realiza\u00e7\u00e3o de concursos e a amplia\u00e7\u00e3o da corpora\u00e7\u00e3o.<\/p>\n\n\n\n<p>O secret\u00e1rio municipal de Seguran\u00e7a P\u00fablica e Defesa Social, Alberto de Siqueira Neto, afirmou que a academia representa um marco hist\u00f3rico para a evolu\u00e7\u00e3o da Guarda Municipal de Manaus e permitir\u00e1 elevar o padr\u00e3o de forma\u00e7\u00e3o dos agentes.<\/p>\n\n\n\n<p>\u201cHoje \u00e9 um dia hist\u00f3rico. Estamos criando uma academia que vai formar guardas municipais de Manaus e tamb\u00e9m de outros munic\u00edpios. A estrutura ser\u00e1 completa, com forma\u00e7\u00e3o te\u00f3rica, treinamento f\u00edsico, defesa pessoal, armamento e capacita\u00e7\u00e3o t\u00e9cnica. Isso permitir\u00e1 padronizar e elevar o n\u00edvel de forma\u00e7\u00e3o dos nossos agentes\u201d, afirmou o secret\u00e1rio.<\/p>\n\n\n\n<p>Segundo o secret\u00e1rio, a academia tamb\u00e9m permitir\u00e1 ampliar parcerias com outras for\u00e7as de seguran\u00e7a, como Pol\u00edcia Federal, Ex\u00e9rcito e institui\u00e7\u00f5es estaduais, fortalecendo a forma\u00e7\u00e3o t\u00e9cnica e operacional dos agentes municipais.<\/p>\n\n\n\n<p><strong>Estrutura da academia<\/strong><\/p>\n\n\n\n<p>A Academia de Forma\u00e7\u00e3o da Guarda Municipal da Amaz\u00f4nia ter\u00e1 capacidade para aproximadamente 200 pessoas e contar\u00e1 com estrutura voltada \u00e0 forma\u00e7\u00e3o acad\u00eamica, treinamento operacional e suporte administrativo.<\/p>\n\n\n\n<p>O projeto prev\u00ea quatro salas de aula com capacidade para 50 alunos cada, alojamentos masculino e feminino, biblioteca, sala de estudos, audit\u00f3rio, setor administrativo, sala dos professores e refeit\u00f3rio. A estrutura tamb\u00e9m contar\u00e1 com academia de muscula\u00e7\u00e3o, pista de atletismo e \u00e1reas destinadas ao treinamento de defesa pessoal e prepara\u00e7\u00e3o f\u00edsica dos agentes.<\/p>\n\n\n\n<p>Al\u00e9m da forma\u00e7\u00e3o da Guarda Municipal, o espa\u00e7o tamb\u00e9m poder\u00e1 apoiar atividades de capacita\u00e7\u00e3o de servidores municipais por meio de integra\u00e7\u00e3o com a Escola de Servi\u00e7o P\u00fablico da Prefeitura de Manaus, ampliando as oportunidades de qualifica\u00e7\u00e3o dentro da administra\u00e7\u00e3o p\u00fablica.<\/p>\n\n\n\n<p>A previs\u00e3o da Prefeitura de Manaus \u00e9 que a academia esteja conclu\u00edda e em funcionamento em cerca de um ano e meio, passando a atender tanto a forma\u00e7\u00e3o da Guarda Municipal da capital quanto parcerias com munic\u00edpios do interior e outras institui\u00e7\u00f5es de seguran\u00e7a p\u00fablica.<\/p>\n\n\n\n<p>&#8212; &#8212; &#8212;<br><strong>Texto &#8211;<\/strong> Emanuelle Baires\/Semcom-Prefeito e Divulga\u00e7\u00e3o\/Semseg<br><strong>Fotos &#8211;<\/strong> Dhyeizo Lemos\/Semcom-Prefeito<br><strong>Dispon\u00edveis em &#8211; <\/strong><a href=\"https:\/\/flic.kr\/s\/aHBqjCNohx\">https:\/\/flic.kr\/s\/aHBqjCNohx<\/a><\/p>\n","protected":false},"excerpt":{"rendered":"","protected":false},"author":68,"featured_media":254849,"comment_status":"closed","ping_status":"closed","sticky":false,"template":"","format":"standard","meta":{"footnotes":""},"categories":[9850],"tags":[19784,19785,77,7995],"acf":[],"yoast_head":"<!-- This site is optimized with the Yoast SEO plugin v23.0 - https:\/\/yoast.com\/wordpress\/plugins\/seo\/ -->\n<title>David Almeida lan\u00e7a pedra fundamental da primeira Academia de Forma\u00e7\u00e3o da Guarda Municipal da Amaz\u00f4nia<\/title>\n<meta name=\"description\" content=\"O prefeito de Manaus, David Almeida, lan\u00e7ou, nesta ter\u00e7a-feira, a pedra fundamental da Academia de Forma\u00e7\u00e3o da Guarda Municipal da Amaz\u00f4nia.\" \/>\n<meta name=\"robots\" content=\"index, follow, max-snippet:-1, max-image-preview:large, max-video-preview:-1\" \/>\n<link rel=\"canonical\" href=\"https:\/\/www.manaus.am.gov.br\/semcom\/academia-de-formacao-da-guarda-municipal-da-amazonia\/\" \/>\n<meta property=\"og:locale\" content=\"pt_BR\" \/>\n<meta property=\"og:type\" content=\"article\" \/>\n<meta property=\"og:title\" content=\"David Almeida lan\u00e7a pedra fundamental da primeira Academia de Forma\u00e7\u00e3o da Guarda Municipal da Amaz\u00f4nia\" \/>\n<meta property=\"og:description\" content=\"O prefeito de Manaus, David Almeida, lan\u00e7ou, nesta ter\u00e7a-feira, a pedra fundamental da Academia de Forma\u00e7\u00e3o da Guarda Municipal da Amaz\u00f4nia.\" \/>\n<meta property=\"og:url\" content=\"https:\/\/www.manaus.am.gov.br\/semcom\/academia-de-formacao-da-guarda-municipal-da-amazonia\/\" \/>\n<meta property=\"og:site_name\" content=\"SEMCOM\" \/>\n<meta property=\"article:published_time\" content=\"2026-03-17T20:13:01+00:00\" \/>\n<meta property=\"article:modified_time\" content=\"2026-03-18T15:33:52+00:00\" \/>\n<meta property=\"og:image\" content=\"https:\/\/www.manaus.am.gov.br\/semcom\/wp-content\/uploads\/sites\/5\/2026\/03\/WhatsApp-Image-2026-03-17-at-16.06.39.jpeg\" \/>\n\t<meta property=\"og:image:width\" content=\"1600\" \/>\n\t<meta property=\"og:image:height\" content=\"1066\" \/>\n\t<meta property=\"og:image:type\" content=\"image\/jpeg\" \/>\n<meta name=\"author\" content=\"bvalente\" \/>\n<meta name=\"twitter:card\" content=\"summary_large_image\" \/>\n<meta name=\"twitter:label1\" content=\"Written by\" \/>\n\t<meta name=\"twitter:data1\" content=\"bvalente\" \/>\n\t<meta name=\"twitter:label2\" content=\"Est. reading time\" \/>\n\t<meta name=\"twitter:data2\" content=\"4 minutos\" \/>\n<script type=\"application\/ld+json\" class=\"yoast-schema-graph\">{\"@context\":\"https:\/\/schema.org\",\"@graph\":[{\"@type\":\"WebPage\",\"@id\":\"https:\/\/www.manaus.am.gov.br\/semcom\/academia-de-formacao-da-guarda-municipal-da-amazonia\/\",\"url\":\"https:\/\/www.manaus.am.gov.br\/semcom\/academia-de-formacao-da-guarda-municipal-da-amazonia\/\",\"name\":\"David Almeida lan\u00e7a pedra fundamental da primeira Academia de Forma\u00e7\u00e3o da Guarda Municipal da Amaz\u00f4nia\",\"isPartOf\":{\"@id\":\"https:\/\/www.manaus.am.gov.br\/semcom\/#website\"},\"primaryImageOfPage\":{\"@id\":\"https:\/\/www.manaus.am.gov.br\/semcom\/academia-de-formacao-da-guarda-municipal-da-amazonia\/#primaryimage\"},\"image\":{\"@id\":\"https:\/\/www.manaus.am.gov.br\/semcom\/academia-de-formacao-da-guarda-municipal-da-amazonia\/#primaryimage\"},\"thumbnailUrl\":\"https:\/\/www.manaus.am.gov.br\/semcom\/wp-content\/uploads\/sites\/5\/2026\/03\/WhatsApp-Image-2026-03-17-at-16.06.39.jpeg\",\"datePublished\":\"2026-03-17T20:13:01+00:00\",\"dateModified\":\"2026-03-18T15:33:52+00:00\",\"author\":{\"@id\":\"https:\/\/www.manaus.am.gov.br\/semcom\/#\/schema\/person\/466a0e03ae4b6062809046bd560ac955\"},\"description\":\"O prefeito de Manaus, David Almeida, lan\u00e7ou, nesta ter\u00e7a-feira, a pedra fundamental da Academia de Forma\u00e7\u00e3o da Guarda Municipal da Amaz\u00f4nia.\",\"inLanguage\":\"pt-BR\",\"potentialAction\":[{\"@type\":\"ReadAction\",\"target\":[\"https:\/\/www.manaus.am.gov.br\/semcom\/academia-de-formacao-da-guarda-municipal-da-amazonia\/\"]}]},{\"@type\":\"ImageObject\",\"inLanguage\":\"pt-BR\",\"@id\":\"https:\/\/www.manaus.am.gov.br\/semcom\/academia-de-formacao-da-guarda-municipal-da-amazonia\/#primaryimage\",\"url\":\"https:\/\/www.manaus.am.gov.br\/semcom\/wp-content\/uploads\/sites\/5\/2026\/03\/WhatsApp-Image-2026-03-17-at-16.06.39.jpeg\",\"contentUrl\":\"https:\/\/www.manaus.am.gov.br\/semcom\/wp-content\/uploads\/sites\/5\/2026\/03\/WhatsApp-Image-2026-03-17-at-16.06.39.jpeg\",\"width\":1600,\"height\":1066,\"caption\":\"#paratodosverem - Prefeito de Manaus, David Almeida e autoridades durante lan\u00e7amento da pedra fundamental da Academia de Forma\u00e7\u00e3o da Guarda Municipal da Amaz\u00f4nia\"},{\"@type\":\"WebSite\",\"@id\":\"https:\/\/www.manaus.am.gov.br\/semcom\/#website\",\"url\":\"https:\/\/www.manaus.am.gov.br\/semcom\/\",\"name\":\"SEMCOM\",\"description\":\"Secretaria Municipal de Comunica\u00e7\u00e3o\",\"potentialAction\":[{\"@type\":\"SearchAction\",\"target\":{\"@type\":\"EntryPoint\",\"urlTemplate\":\"https:\/\/www.manaus.am.gov.br\/semcom\/?s={search_term_string}\"},\"query-input\":\"required name=search_term_string\"}],\"inLanguage\":\"pt-BR\"},{\"@type\":\"Person\",\"@id\":\"https:\/\/www.manaus.am.gov.br\/semcom\/#\/schema\/person\/466a0e03ae4b6062809046bd560ac955\",\"name\":\"bvalente\",\"image\":{\"@type\":\"ImageObject\",\"inLanguage\":\"pt-BR\",\"@id\":\"https:\/\/www.manaus.am.gov.br\/semcom\/#\/schema\/person\/image\/\",\"url\":\"https:\/\/secure.gravatar.com\/avatar\/3e69bc2b014bdad41adfec3a39de07d2?s=96&d=mm&r=g\",\"contentUrl\":\"https:\/\/secure.gravatar.com\/avatar\/3e69bc2b014bdad41adfec3a39de07d2?s=96&d=mm&r=g\",\"caption\":\"bvalente\"}}]}<\/script>\n<!-- \/ Yoast SEO plugin. -->","yoast_head_json":{"title":"David Almeida lan\u00e7a pedra fundamental da primeira Academia de Forma\u00e7\u00e3o da Guarda Municipal da Amaz\u00f4nia","description":"O prefeito de Manaus, David Almeida, lan\u00e7ou, nesta ter\u00e7a-feira, a pedra fundamental da Academia de Forma\u00e7\u00e3o da Guarda Municipal da Amaz\u00f4nia.","robots":{"index":"index","follow":"follow","max-snippet":"max-snippet:-1","max-image-preview":"max-image-preview:large","max-video-preview":"max-video-preview:-1"},"canonical":"https:\/\/www.manaus.am.gov.br\/semcom\/academia-de-formacao-da-guarda-municipal-da-amazonia\/","og_locale":"pt_BR","og_type":"article","og_title":"David Almeida lan\u00e7a pedra fundamental da primeira Academia de Forma\u00e7\u00e3o da Guarda Municipal da Amaz\u00f4nia","og_description":"O prefeito de Manaus, David Almeida, lan\u00e7ou, nesta ter\u00e7a-feira, a pedra fundamental da Academia de Forma\u00e7\u00e3o da Guarda Municipal da Amaz\u00f4nia.","og_url":"https:\/\/www.manaus.am.gov.br\/semcom\/academia-de-formacao-da-guarda-municipal-da-amazonia\/","og_site_name":"SEMCOM","article_published_time":"2026-03-17T20:13:01+00:00","article_modified_time":"2026-03-18T15:33:52+00:00","og_image":[{"width":1600,"height":1066,"url":"https:\/\/www.manaus.am.gov.br\/semcom\/wp-content\/uploads\/sites\/5\/2026\/03\/WhatsApp-Image-2026-03-17-at-16.06.39.jpeg","type":"image\/jpeg"}],"author":"bvalente","twitter_card":"summary_large_image","twitter_misc":{"Written by":"bvalente","Est. reading time":"4 minutos"},"schema":{"@context":"https:\/\/schema.org","@graph":[{"@type":"WebPage","@id":"https:\/\/www.manaus.am.gov.br\/semcom\/academia-de-formacao-da-guarda-municipal-da-amazonia\/","url":"https:\/\/www.manaus.am.gov.br\/semcom\/academia-de-formacao-da-guarda-municipal-da-amazonia\/","name":"David Almeida lan\u00e7a pedra fundamental da primeira Academia de Forma\u00e7\u00e3o da Guarda Municipal da Amaz\u00f4nia","isPartOf":{"@id":"https:\/\/www.manaus.am.gov.br\/semcom\/#website"},"primaryImageOfPage":{"@id":"https:\/\/www.manaus.am.gov.br\/semcom\/academia-de-formacao-da-guarda-municipal-da-amazonia\/#primaryimage"},"image":{"@id":"https:\/\/www.manaus.am.gov.br\/semcom\/academia-de-formacao-da-guarda-municipal-da-amazonia\/#primaryimage"},"thumbnailUrl":"https:\/\/www.manaus.am.gov.br\/semcom\/wp-content\/uploads\/sites\/5\/2026\/03\/WhatsApp-Image-2026-03-17-at-16.06.39.jpeg","datePublished":"2026-03-17T20:13:01+00:00","dateModified":"2026-03-18T15:33:52+00:00","author":{"@id":"https:\/\/www.manaus.am.gov.br\/semcom\/#\/schema\/person\/466a0e03ae4b6062809046bd560ac955"},"description":"O prefeito de Manaus, David Almeida, lan\u00e7ou, nesta ter\u00e7a-feira, a pedra fundamental da Academia de Forma\u00e7\u00e3o da Guarda Municipal da Amaz\u00f4nia.","inLanguage":"pt-BR","potentialAction":[{"@type":"ReadAction","target":["https:\/\/www.manaus.am.gov.br\/semcom\/academia-de-formacao-da-guarda-municipal-da-amazonia\/"]}]},{"@type":"ImageObject","inLanguage":"pt-BR","@id":"https:\/\/www.manaus.am.gov.br\/semcom\/academia-de-formacao-da-guarda-municipal-da-amazonia\/#primaryimage","url":"https:\/\/www.manaus.am.gov.br\/semcom\/wp-content\/uploads\/sites\/5\/2026\/03\/WhatsApp-Image-2026-03-17-at-16.06.39.jpeg","contentUrl":"https:\/\/www.manaus.am.gov.br\/semcom\/wp-content\/uploads\/sites\/5\/2026\/03\/WhatsApp-Image-2026-03-17-at-16.06.39.jpeg","width":1600,"height":1066,"caption":"#paratodosverem - Prefeito de Manaus, David Almeida e autoridades durante lan\u00e7amento da pedra fundamental da Academia de Forma\u00e7\u00e3o da Guarda Municipal da Amaz\u00f4nia"},{"@type":"WebSite","@id":"https:\/\/www.manaus.am.gov.br\/semcom\/#website","url":"https:\/\/www.manaus.am.gov.br\/semcom\/","name":"SEMCOM","description":"Secretaria Municipal de Comunica\u00e7\u00e3o","potentialAction":[{"@type":"SearchAction","target":{"@type":"EntryPoint","urlTemplate":"https:\/\/www.manaus.am.gov.br\/semcom\/?s={search_term_string}"},"query-input":"required name=search_term_string"}],"inLanguage":"pt-BR"},{"@type":"Person","@id":"https:\/\/www.manaus.am.gov.br\/semcom\/#\/schema\/person\/466a0e03ae4b6062809046bd560ac955","name":"bvalente","image":{"@type":"ImageObject","inLanguage":"pt-BR","@id":"https:\/\/www.manaus.am.gov.br\/semcom\/#\/schema\/person\/image\/","url":"https:\/\/secure.gravatar.com\/avatar\/3e69bc2b014bdad41adfec3a39de07d2?s=96&d=mm&r=g","contentUrl":"https:\/\/secure.gravatar.com\/avatar\/3e69bc2b014bdad41adfec3a39de07d2?s=96&d=mm&r=g","caption":"bvalente"}}]}},"_links":{"self":[{"href":"https:\/\/www.manaus.am.gov.br\/semcom\/wp-json\/wp\/v2\/posts\/254848"}],"collection":[{"href":"https:\/\/www.manaus.am.gov.br\/semcom\/wp-json\/wp\/v2\/posts"}],"about":[{"href":"https:\/\/www.manaus.am.gov.br\/semcom\/wp-json\/wp\/v2\/types\/post"}],"author":[{"embeddable":true,"href":"https:\/\/www.manaus.am.gov.br\/semcom\/wp-json\/wp\/v2\/users\/68"}],"replies":[{"embeddable":true,"href":"https:\/\/www.manaus.am.gov.br\/semcom\/wp-json\/wp\/v2\/comments?post=254848"}],"version-history":[{"count":1,"href":"https:\/\/www.manaus.am.gov.br\/semcom\/wp-json\/wp\/v2\/posts\/254848\/revisions"}],"predecessor-version":[{"id":254879,"href":"https:\/\/www.manaus.am.gov.br\/semcom\/wp-json\/wp\/v2\/posts\/254848\/revisions\/254879"}],"wp:featuredmedia":[{"embeddable":true,"href":"https:\/\/www.manaus.am.gov.br\/semcom\/wp-json\/wp\/v2\/media\/254849"}],"wp:attachment":[{"href":"https:\/\/www.manaus.am.gov.br\/semcom\/wp-json\/wp\/v2\/media?parent=254848"}],"wp:term":[{"taxonomy":"category","embeddable":true,"href":"https:\/\/www.manaus.am.gov.br\/semcom\/wp-json\/wp\/v2\/categories?post=254848"},{"taxonomy":"post_tag","embeddable":true,"href":"https:\/\/www.manaus.am.gov.br\/semcom\/wp-json\/wp\/v2\/tags?post=254848"}],"curies":[{"name":"wp","href":"https:\/\/api.w.org\/{rel}","templated":true}]}}