{"id":254842,"date":"2026-03-17T16:03:18","date_gmt":"2026-03-17T20:03:18","guid":{"rendered":"https:\/\/www.manaus.am.gov.br\/semcom\/segunda-lista-familias-contempladas-minha-casa-minha-vida\/"},"modified":"2026-03-18T14:00:05","modified_gmt":"2026-03-18T17:00:05","slug":"segunda-lista-familias-contempladas-minha-casa-minha-vida","status":"publish","type":"post","link":"https:\/\/www.manaus.am.gov.br\/semcom\/segunda-lista-familias-contempladas-minha-casa-minha-vida\/","title":{"rendered":"Prefeitura de Manaus divulga segunda lista com mais 192 fam\u00edlias contempladas no \u2018Minha Casa, Minha Vida\u2019"},"content":{"rendered":"\n<p>A <a href=\"https:\/\/www.manaus.am.gov.br\/\">Prefeitura de Manaus<\/a>, por meio da <a href=\"https:\/\/www.instagram.com\/semhafmanaus\/\">Secretaria Municipal de Habita\u00e7\u00e3o e Assuntos Fundi\u00e1rios<\/a> (Semhaf), publicou, nessa segunda-feira, 16\/3, no Di\u00e1rio Oficial do Munic\u00edpio (DOM), a segunda lista de benefici\u00e1rios, agora do Morar Melhor 14 (MM14), vinculado ao programa federal \u201cMinha Casa, Minha Vida\u201d. S\u00e3o mais 192 fam\u00edlias que ter\u00e3o acesso \u00e0 moradia no empreendimento localizado na rua Jacururu, no Parque das Tribos, bairro Tarum\u00e3-A\u00e7u, zona Oeste da capital.<\/p>\n\n\n\n<p>Com a publica\u00e7\u00e3o, somam-se 384 fam\u00edlias contempladas nas duas primeiras listas dos residenciais. A entrega dos apartamentos marca o in\u00edcio de uma nova etapa na vida de centenas de fam\u00edlias. Cada unidade ser\u00e1 entregue mobiliada, com base box, colch\u00e3o, geladeira, fog\u00e3o, roupeiro, ventilador e TV de 32 polegadas.<\/p>\n\n\n\n<p>De acordo com o prefeito David Almeida, a entrega dos apartamentos representar\u00e1 um marco hist\u00f3rico para Manaus. \u201cEsse momento \u00e9 o resultado de muito trabalho, de muita dedica\u00e7\u00e3o da nossa equipe, da parceria com o governo federal e com o senador Eduardo Braga. Estamos entregando mais do que apartamentos, estamos devolvendo dignidade, estabilidade e esperan\u00e7a para quem mais precisa&#8221;, disse Almeida.<\/p>\n\n\n\n<p>A sele\u00e7\u00e3o das fam\u00edlias ocorreu com base nos crit\u00e9rios estabelecidos na Portaria n\u00ba 75\/2025 do Minist\u00e9rio das Cidades e na Portaria n\u00ba 26\/2025 da pr\u00f3pria secretaria, que regulamentam o processo de escolha dos benefici\u00e1rios dos empreendimentos habitacionais vinculados ao programa.<\/p>\n\n\n\n<p>O secret\u00e1rio municipal de Habita\u00e7\u00e3o e Assuntos Fundi\u00e1rios, Jesus Alves, destacou o significado por tr\u00e1s de cada nome publicado na lista. \u201cQuando a gente v\u00ea essas fam\u00edlias sendo contempladas, a gente n\u00e3o v\u00ea n\u00fameros. V\u00ea hist\u00f3rias. V\u00ea a m\u00e3e que sonhou a vida inteira com um lugar seguro para criar seus filhos. V\u00ea o idoso que trabalhou por d\u00e9cadas e nunca conseguiu sair do aluguel. V\u00ea a fam\u00edlia que dividia um c\u00f4modo pequeno e vai finalmente ter um lar de verdade&#8221;, afirmou Alves.<\/p>\n\n\n\n<p>O MM14 integra um conjunto de empreendimentos habitacionais viabilizados pela Semhaf em parceria com o governo federal, por meio do \u201cMinha Casa, Minha Vida\u201d, com apoio da Caixa Econ\u00f4mica Federal. O programa tem promovido o acesso \u00e0 moradia digna para fam\u00edlias de baixa renda em Manaus. A Semhaf \u00e9 respons\u00e1vel pela gest\u00e3o e operacionaliza\u00e7\u00e3o do programa na capital amazonense e a Caixa Econ\u00f4mica Federal quem opera os recursos, analisa a documenta\u00e7\u00e3o, aprova os financiamentos e viabiliza a entrega dos im\u00f3veis \u00e0s fam\u00edlias.<\/p>\n\n\n\n<p>Al\u00e9m das 384 unidades j\u00e1 contempladas, a Prefeitura de Manaus prev\u00ea a entrega de mais 4.300 apartamentos ao longo deste ano e 2027.<\/p>\n\n\n\n<p>A lista com os nomes das fam\u00edlias contempladas pode ser consultada no link <a href=\"https:\/\/dom.manaus.am.gov.br\/pdf\/2026\/marco\/DOM%206271%2016.03.2026%20CAD%201.pdf\">https:\/\/dom.manaus.am.gov.br\/pdf\/2026\/marco\/DOM%206271%2016.03.2026%20CAD%201.pdf<\/a>.<\/p>\n\n\n\n<p><strong>Inscri\u00e7\u00f5es<\/strong><\/p>\n\n\n\n<p>Quem ainda n\u00e3o se inscreveu no programa tem uma nova oportunidade. As inscri\u00e7\u00f5es est\u00e3o reabertas e podem ser realizadas at\u00e9 o dia 29 de maio pelo site <a href=\"https:\/\/simhab.manaus.am.gov.br\/\">simhab.manaus.am.gov.br<\/a>.<\/p>\n\n\n\n<figure class=\"wp-block-image size-full\"><img loading=\"lazy\" decoding=\"async\" width=\"800\" height=\"600\" src=\"https:\/\/www.manaus.am.gov.br\/semcom\/wp-content\/uploads\/sites\/5\/2026\/03\/WhatsApp-Image-2026-03-17-at-15.49.42.jpeg\" alt=\"\" class=\"wp-image-254844\" srcset=\"https:\/\/www.manaus.am.gov.br\/semcom\/wp-content\/uploads\/sites\/5\/2026\/03\/WhatsApp-Image-2026-03-17-at-15.49.42.jpeg 800w, https:\/\/www.manaus.am.gov.br\/semcom\/wp-content\/uploads\/sites\/5\/2026\/03\/WhatsApp-Image-2026-03-17-at-15.49.42-300x225.jpeg 300w, https:\/\/www.manaus.am.gov.br\/semcom\/wp-content\/uploads\/sites\/5\/2026\/03\/WhatsApp-Image-2026-03-17-at-15.49.42-768x576.jpeg 768w\" sizes=\"(max-width: 800px) 100vw, 800px\" \/><figcaption class=\"wp-element-caption\">#paratodosverem &#8211; Habitacional<\/figcaption><\/figure>\n\n\n\n<p>&#8212; &#8212; &#8212;<\/p>\n\n\n\n<p><strong>Texto <\/strong>&#8211; Leonardo Fierro\/Semhaf e Divulga\u00e7\u00e3o\/Semcom<\/p>\n\n\n\n<p><strong>Fotos \u2013 <\/strong>Arquivo\/Semcom<\/p>\n","protected":false},"excerpt":{"rendered":"","protected":false},"author":39,"featured_media":254892,"comment_status":"closed","ping_status":"closed","sticky":false,"template":"","format":"standard","meta":{"footnotes":""},"categories":[400],"tags":[19782,2128,77,19783,5352],"acf":[],"yoast_head":"<!-- This site is optimized with the Yoast SEO plugin v23.0 - https:\/\/yoast.com\/wordpress\/plugins\/seo\/ -->\n<title>Segunda lista com mais 192 fam\u00edlias contempladas no \u2018Minha Casa, Minha Vida\u2019<\/title>\n<meta name=\"description\" content=\"Prefeitura de Manaus divulga segunda lista com mais 192 fam\u00edlias contempladas no \u2018Minha Casa, Minha Vida\u2019.\" \/>\n<meta name=\"robots\" content=\"index, follow, max-snippet:-1, max-image-preview:large, max-video-preview:-1\" \/>\n<link rel=\"canonical\" href=\"https:\/\/www.manaus.am.gov.br\/semcom\/segunda-lista-familias-contempladas-minha-casa-minha-vida\/\" \/>\n<meta property=\"og:locale\" content=\"pt_BR\" \/>\n<meta property=\"og:type\" content=\"article\" \/>\n<meta property=\"og:title\" content=\"Segunda lista com mais 192 fam\u00edlias contempladas no \u2018Minha Casa, Minha Vida\u2019\" \/>\n<meta property=\"og:description\" content=\"Prefeitura de Manaus divulga segunda lista com mais 192 fam\u00edlias contempladas no \u2018Minha Casa, Minha Vida\u2019.\" \/>\n<meta property=\"og:url\" content=\"https:\/\/www.manaus.am.gov.br\/semcom\/segunda-lista-familias-contempladas-minha-casa-minha-vida\/\" \/>\n<meta property=\"og:site_name\" content=\"SEMCOM\" \/>\n<meta property=\"article:published_time\" content=\"2026-03-17T20:03:18+00:00\" \/>\n<meta property=\"article:modified_time\" content=\"2026-03-18T17:00:05+00:00\" \/>\n<meta property=\"og:image\" content=\"https:\/\/www.manaus.am.gov.br\/semcom\/wp-content\/uploads\/sites\/5\/2026\/03\/WhatsApp-Image-2026-03-17-at-15.50.12.jpeg\" \/>\n\t<meta property=\"og:image:width\" content=\"799\" \/>\n\t<meta property=\"og:image:height\" content=\"533\" \/>\n\t<meta property=\"og:image:type\" content=\"image\/jpeg\" \/>\n<meta name=\"author\" content=\"Bruna Greco\" \/>\n<meta name=\"twitter:card\" content=\"summary_large_image\" \/>\n<meta name=\"twitter:label1\" content=\"Written by\" \/>\n\t<meta name=\"twitter:data1\" content=\"Bruna Greco\" \/>\n\t<meta name=\"twitter:label2\" content=\"Est. reading time\" \/>\n\t<meta name=\"twitter:data2\" content=\"3 minutos\" \/>\n<script type=\"application\/ld+json\" class=\"yoast-schema-graph\">{\"@context\":\"https:\/\/schema.org\",\"@graph\":[{\"@type\":\"WebPage\",\"@id\":\"https:\/\/www.manaus.am.gov.br\/semcom\/segunda-lista-familias-contempladas-minha-casa-minha-vida\/\",\"url\":\"https:\/\/www.manaus.am.gov.br\/semcom\/segunda-lista-familias-contempladas-minha-casa-minha-vida\/\",\"name\":\"Segunda lista com mais 192 fam\u00edlias contempladas no \u2018Minha Casa, Minha Vida\u2019\",\"isPartOf\":{\"@id\":\"https:\/\/www.manaus.am.gov.br\/semcom\/#website\"},\"primaryImageOfPage\":{\"@id\":\"https:\/\/www.manaus.am.gov.br\/semcom\/segunda-lista-familias-contempladas-minha-casa-minha-vida\/#primaryimage\"},\"image\":{\"@id\":\"https:\/\/www.manaus.am.gov.br\/semcom\/segunda-lista-familias-contempladas-minha-casa-minha-vida\/#primaryimage\"},\"thumbnailUrl\":\"https:\/\/www.manaus.am.gov.br\/semcom\/wp-content\/uploads\/sites\/5\/2026\/03\/55153389893_bf69074304_k.jpg\",\"datePublished\":\"2026-03-17T20:03:18+00:00\",\"dateModified\":\"2026-03-18T17:00:05+00:00\",\"author\":{\"@id\":\"https:\/\/www.manaus.am.gov.br\/semcom\/#\/schema\/person\/05d223aea2bf115f9883a6ff3683d81b\"},\"description\":\"Prefeitura de Manaus divulga segunda lista com mais 192 fam\u00edlias contempladas no \u2018Minha Casa, Minha Vida\u2019.\",\"inLanguage\":\"pt-BR\",\"potentialAction\":[{\"@type\":\"ReadAction\",\"target\":[\"https:\/\/www.manaus.am.gov.br\/semcom\/segunda-lista-familias-contempladas-minha-casa-minha-vida\/\"]}]},{\"@type\":\"ImageObject\",\"inLanguage\":\"pt-BR\",\"@id\":\"https:\/\/www.manaus.am.gov.br\/semcom\/segunda-lista-familias-contempladas-minha-casa-minha-vida\/#primaryimage\",\"url\":\"https:\/\/www.manaus.am.gov.br\/semcom\/wp-content\/uploads\/sites\/5\/2026\/03\/55153389893_bf69074304_k.jpg\",\"contentUrl\":\"https:\/\/www.manaus.am.gov.br\/semcom\/wp-content\/uploads\/sites\/5\/2026\/03\/55153389893_bf69074304_k.jpg\",\"width\":2048,\"height\":1365,\"caption\":\"#paratodosverem - Prefeito de Manaus, David Almeida, na varanda de apartamento de habitacional \\\"Minha Casa, Minha Vida\\\"\"},{\"@type\":\"WebSite\",\"@id\":\"https:\/\/www.manaus.am.gov.br\/semcom\/#website\",\"url\":\"https:\/\/www.manaus.am.gov.br\/semcom\/\",\"name\":\"SEMCOM\",\"description\":\"Secretaria Municipal de Comunica\u00e7\u00e3o\",\"potentialAction\":[{\"@type\":\"SearchAction\",\"target\":{\"@type\":\"EntryPoint\",\"urlTemplate\":\"https:\/\/www.manaus.am.gov.br\/semcom\/?s={search_term_string}\"},\"query-input\":\"required name=search_term_string\"}],\"inLanguage\":\"pt-BR\"},{\"@type\":\"Person\",\"@id\":\"https:\/\/www.manaus.am.gov.br\/semcom\/#\/schema\/person\/05d223aea2bf115f9883a6ff3683d81b\",\"name\":\"Bruna Greco\",\"image\":{\"@type\":\"ImageObject\",\"inLanguage\":\"pt-BR\",\"@id\":\"https:\/\/www.manaus.am.gov.br\/semcom\/#\/schema\/person\/image\/\",\"url\":\"https:\/\/secure.gravatar.com\/avatar\/9c877d1a6adc2a055330e5c09a8653ce?s=96&d=mm&r=g\",\"contentUrl\":\"https:\/\/secure.gravatar.com\/avatar\/9c877d1a6adc2a055330e5c09a8653ce?s=96&d=mm&r=g\",\"caption\":\"Bruna Greco\"}}]}<\/script>\n<!-- \/ Yoast SEO plugin. -->","yoast_head_json":{"title":"Segunda lista com mais 192 fam\u00edlias contempladas no \u2018Minha Casa, Minha Vida\u2019","description":"Prefeitura de Manaus divulga segunda lista com mais 192 fam\u00edlias contempladas no \u2018Minha Casa, Minha Vida\u2019.","robots":{"index":"index","follow":"follow","max-snippet":"max-snippet:-1","max-image-preview":"max-image-preview:large","max-video-preview":"max-video-preview:-1"},"canonical":"https:\/\/www.manaus.am.gov.br\/semcom\/segunda-lista-familias-contempladas-minha-casa-minha-vida\/","og_locale":"pt_BR","og_type":"article","og_title":"Segunda lista com mais 192 fam\u00edlias contempladas no \u2018Minha Casa, Minha Vida\u2019","og_description":"Prefeitura de Manaus divulga segunda lista com mais 192 fam\u00edlias contempladas no \u2018Minha Casa, Minha Vida\u2019.","og_url":"https:\/\/www.manaus.am.gov.br\/semcom\/segunda-lista-familias-contempladas-minha-casa-minha-vida\/","og_site_name":"SEMCOM","article_published_time":"2026-03-17T20:03:18+00:00","article_modified_time":"2026-03-18T17:00:05+00:00","og_image":[{"width":799,"height":533,"url":"https:\/\/www.manaus.am.gov.br\/semcom\/wp-content\/uploads\/sites\/5\/2026\/03\/WhatsApp-Image-2026-03-17-at-15.50.12.jpeg","type":"image\/jpeg"}],"author":"Bruna Greco","twitter_card":"summary_large_image","twitter_misc":{"Written by":"Bruna Greco","Est. reading time":"3 minutos"},"schema":{"@context":"https:\/\/schema.org","@graph":[{"@type":"WebPage","@id":"https:\/\/www.manaus.am.gov.br\/semcom\/segunda-lista-familias-contempladas-minha-casa-minha-vida\/","url":"https:\/\/www.manaus.am.gov.br\/semcom\/segunda-lista-familias-contempladas-minha-casa-minha-vida\/","name":"Segunda lista com mais 192 fam\u00edlias contempladas no \u2018Minha Casa, Minha Vida\u2019","isPartOf":{"@id":"https:\/\/www.manaus.am.gov.br\/semcom\/#website"},"primaryImageOfPage":{"@id":"https:\/\/www.manaus.am.gov.br\/semcom\/segunda-lista-familias-contempladas-minha-casa-minha-vida\/#primaryimage"},"image":{"@id":"https:\/\/www.manaus.am.gov.br\/semcom\/segunda-lista-familias-contempladas-minha-casa-minha-vida\/#primaryimage"},"thumbnailUrl":"https:\/\/www.manaus.am.gov.br\/semcom\/wp-content\/uploads\/sites\/5\/2026\/03\/55153389893_bf69074304_k.jpg","datePublished":"2026-03-17T20:03:18+00:00","dateModified":"2026-03-18T17:00:05+00:00","author":{"@id":"https:\/\/www.manaus.am.gov.br\/semcom\/#\/schema\/person\/05d223aea2bf115f9883a6ff3683d81b"},"description":"Prefeitura de Manaus divulga segunda lista com mais 192 fam\u00edlias contempladas no \u2018Minha Casa, Minha Vida\u2019.","inLanguage":"pt-BR","potentialAction":[{"@type":"ReadAction","target":["https:\/\/www.manaus.am.gov.br\/semcom\/segunda-lista-familias-contempladas-minha-casa-minha-vida\/"]}]},{"@type":"ImageObject","inLanguage":"pt-BR","@id":"https:\/\/www.manaus.am.gov.br\/semcom\/segunda-lista-familias-contempladas-minha-casa-minha-vida\/#primaryimage","url":"https:\/\/www.manaus.am.gov.br\/semcom\/wp-content\/uploads\/sites\/5\/2026\/03\/55153389893_bf69074304_k.jpg","contentUrl":"https:\/\/www.manaus.am.gov.br\/semcom\/wp-content\/uploads\/sites\/5\/2026\/03\/55153389893_bf69074304_k.jpg","width":2048,"height":1365,"caption":"#paratodosverem - Prefeito de Manaus, David Almeida, na varanda de apartamento de habitacional \"Minha Casa, Minha Vida\""},{"@type":"WebSite","@id":"https:\/\/www.manaus.am.gov.br\/semcom\/#website","url":"https:\/\/www.manaus.am.gov.br\/semcom\/","name":"SEMCOM","description":"Secretaria Municipal de Comunica\u00e7\u00e3o","potentialAction":[{"@type":"SearchAction","target":{"@type":"EntryPoint","urlTemplate":"https:\/\/www.manaus.am.gov.br\/semcom\/?s={search_term_string}"},"query-input":"required name=search_term_string"}],"inLanguage":"pt-BR"},{"@type":"Person","@id":"https:\/\/www.manaus.am.gov.br\/semcom\/#\/schema\/person\/05d223aea2bf115f9883a6ff3683d81b","name":"Bruna Greco","image":{"@type":"ImageObject","inLanguage":"pt-BR","@id":"https:\/\/www.manaus.am.gov.br\/semcom\/#\/schema\/person\/image\/","url":"https:\/\/secure.gravatar.com\/avatar\/9c877d1a6adc2a055330e5c09a8653ce?s=96&d=mm&r=g","contentUrl":"https:\/\/secure.gravatar.com\/avatar\/9c877d1a6adc2a055330e5c09a8653ce?s=96&d=mm&r=g","caption":"Bruna Greco"}}]}},"_links":{"self":[{"href":"https:\/\/www.manaus.am.gov.br\/semcom\/wp-json\/wp\/v2\/posts\/254842"}],"collection":[{"href":"https:\/\/www.manaus.am.gov.br\/semcom\/wp-json\/wp\/v2\/posts"}],"about":[{"href":"https:\/\/www.manaus.am.gov.br\/semcom\/wp-json\/wp\/v2\/types\/post"}],"author":[{"embeddable":true,"href":"https:\/\/www.manaus.am.gov.br\/semcom\/wp-json\/wp\/v2\/users\/39"}],"replies":[{"embeddable":true,"href":"https:\/\/www.manaus.am.gov.br\/semcom\/wp-json\/wp\/v2\/comments?post=254842"}],"version-history":[{"count":5,"href":"https:\/\/www.manaus.am.gov.br\/semcom\/wp-json\/wp\/v2\/posts\/254842\/revisions"}],"predecessor-version":[{"id":254893,"href":"https:\/\/www.manaus.am.gov.br\/semcom\/wp-json\/wp\/v2\/posts\/254842\/revisions\/254893"}],"wp:featuredmedia":[{"embeddable":true,"href":"https:\/\/www.manaus.am.gov.br\/semcom\/wp-json\/wp\/v2\/media\/254892"}],"wp:attachment":[{"href":"https:\/\/www.manaus.am.gov.br\/semcom\/wp-json\/wp\/v2\/media?parent=254842"}],"wp:term":[{"taxonomy":"category","embeddable":true,"href":"https:\/\/www.manaus.am.gov.br\/semcom\/wp-json\/wp\/v2\/categories?post=254842"},{"taxonomy":"post_tag","embeddable":true,"href":"https:\/\/www.manaus.am.gov.br\/semcom\/wp-json\/wp\/v2\/tags?post=254842"}],"curies":[{"name":"wp","href":"https:\/\/api.w.org\/{rel}","templated":true}]}}