{"id":254811,"date":"2026-03-17T13:07:23","date_gmt":"2026-03-17T17:07:23","guid":{"rendered":"https:\/\/www.manaus.am.gov.br\/semcom\/campanha-mobilizacao-tuberculose-2\/"},"modified":"2026-03-17T14:13:28","modified_gmt":"2026-03-17T17:13:28","slug":"campanha-mobilizacao-tuberculose-2","status":"publish","type":"post","link":"https:\/\/www.manaus.am.gov.br\/semcom\/campanha-mobilizacao-tuberculose-2\/","title":{"rendered":"Prefeitura de Manaus inicia campanha de mobiliza\u00e7\u00e3o contra a tuberculose"},"content":{"rendered":"\n<p>A <a href=\"https:\/\/www.manaus.am.gov.br\/\">Prefeitura de Manaus<\/a>, por meio da <a href=\"https:\/\/www.instagram.com\/semsamanaus\/\">Secretaria Municipal de Sa\u00fade<\/a> (Semsa), iniciou, nesta ter\u00e7a-feira, 17\/3, a Campanha de Mobiliza\u00e7\u00e3o contra Tuberculose 2026, na Unidade de Sa\u00fade da Fam\u00edlia (USF) Adalgiza Barbosa de Lima, na zona Oeste.\u00a0A programa\u00e7\u00e3o, organizada em alus\u00e3o ao Dia Mundial de Combate \u00e0 Tuberculose, celebrado em 24 de mar\u00e7o, tem como objetivo mobilizar a rede municipal de sa\u00fade e a sociedade para intensificar as a\u00e7\u00f5es de preven\u00e7\u00e3o, diagn\u00f3stico e tratamento da doen\u00e7a.<\/p>\n\n\n\n<p>A chefe do N\u00facleo de Controle de Tuberculose da Semsa, enfermeira Anne Kimi Okazaki, informa que Manaus j\u00e1 registrou 471 casos novos da doen\u00e7a neste ano e que a campanha, que seguir\u00e1 por todo o m\u00eas de mar\u00e7o, vai refor\u00e7ar as a\u00e7\u00f5es educativas sobre os principais sintomas da tuberculose e as medidas de preven\u00e7\u00e3o, e ampliar o trabalho de detec\u00e7\u00e3o precoce de casos.<\/p>\n\n\n\n<p>\u201cHaver\u00e1 a intensifica\u00e7\u00e3o na oferta do exame de escarro para os sintom\u00e1ticos respirat\u00f3rios, que s\u00e3o as pessoas que apresentam tosse por duas semanas ou mais. A tosse \u00e9 o principal sintoma da tuberculose e \u00e9 importante realizar o exame o mais r\u00e1pido poss\u00edvel, iniciando o tratamento. Assim, o paciente apresenta menos risco de desenvolver sintomas graves, vai obter a cura e deixar de transmitir a tuberculose\u201d, destacou Anne Kimi.<\/p>\n\n\n\n<p><strong>Infec\u00e7\u00e3o latente<\/strong><\/p>\n\n\n\n<p>Durante a campanha, as unidades de sa\u00fade ir\u00e3o refor\u00e7ar tamb\u00e9m a oferta do exame para o diagn\u00f3stico da infec\u00e7\u00e3o latente da tuberculose, que ocorre quando a pessoa foi infectada&nbsp;pelo&nbsp;<em>Mycobacterium tuberculosis<\/em>, mas n\u00e3o tem ainda a manifesta\u00e7\u00e3o ativa da doen\u00e7a.<\/p>\n\n\n\n<p>De acordo com Anne Kimi, o exame \u00e9&nbsp;direcionado especialmente para a avalia\u00e7\u00e3o de contatos, que s\u00e3o as&nbsp;pessoas que convivem de forma pr\u00f3xima e prolongada com os pacientes com tuberculose ativa, como os que vivem no mesmo domic\u00edlio.<\/p>\n\n\n\n<p>\u201cPessoas com a tuberculose latente, caso n\u00e3o fa\u00e7am o tratamento preventivo, t\u00eam maior risco de adoecimento no futuro. O bacilo pode ser ativado no caso do organismo apresentar, por algum motivo, uma altera\u00e7\u00e3o na imunidade. Com isso, o paciente vai desenvolver a tuberculose ativa e iniciar um novo ciclo de transmiss\u00e3o da doen\u00e7a. Uma pessoa com tuberculose ativa, sem diagn\u00f3stico e sem tratamento, pode transmitir a doen\u00e7a para at\u00e9 dez pessoas no per\u00edodo de um ano\u201d, alerta a enfermeira.<\/p>\n\n\n\n<p>Dados de 2025, quando houve o registro de 3.282 casos novos de tuberculose, mostram que apenas 49,7% dos contatos identificados buscaram avalia\u00e7\u00e3o nas unidades de sa\u00fade, resultando em 1.696 tratamentos preventivos iniciados. Para um controle mais eficaz da doen\u00e7a, o ideal \u00e9 que, no m\u00ednimo, 70% dos contatos sejam examinados.<\/p>\n\n\n\n<p>\u201cA campanha vai enfatizar a import\u00e2ncia da avalia\u00e7\u00e3o dos contatos de pacientes com tratamento da tuberculose ativa, incluindo a busca retroativa de contatos de casos diagnosticados em 2024 e 2025. \u00c9 essencial avaliar os contatos para identificar se desenvolveram a tuberculose ativa ou se t\u00eam a tuberculose latente, e iniciar o tratamento\u201d, refor\u00e7ou Anne Kimi.<\/p>\n\n\n\n<p><strong>Sintomas<\/strong><\/p>\n\n\n\n<p>Doen\u00e7a infecciosa e transmiss\u00edvel,&nbsp;a tuberculose \u00e9 causada pelo&nbsp;micobact\u00e9ria<em>&nbsp;Mycobacterium tuberculosis&nbsp;<\/em>ou Bacilo de Koch (BK), que afeta prioritariamente os pulm\u00f5es. A transmiss\u00e3o ocorre quando, ao falar, espirrar e, principalmente, ao tossir, as pessoas com tuberculose ativa lan\u00e7am no ar part\u00edculas em forma de aeross\u00f3is que cont\u00eam bacilos, podendo transmitir a doen\u00e7a para outras pessoas.<\/p>\n\n\n\n<p>A diretora de Vigil\u00e2ncia Epidemiol\u00f3gica, Ambiental, Zoonoses e da Sa\u00fade do Trabalhador (Dvae\/Semsa), enfermeira Marin\u00e9lia Ferreira, esclareceu que, al\u00e9m da febre, a tuberculose pode ter como sintomas o suor noturno, perda de peso, falta de apetite, dor no peito ou nas costas, e febre baixa no final da tarde. \u201cA campanha em mar\u00e7o \u00e9 uma oportunidade para sensibilizar a popula\u00e7\u00e3o e manter o alerta para os sintomas, lembrando que em alguns casos, o paciente pode apresentar apenas um ou dois desses sintomas\u201d, apontou.<\/p>\n\n\n\n<p>A diretora informou que os profissionais nas unidades de sa\u00fade est\u00e3o orientados a realizar um trabalho de educa\u00e7\u00e3o em sa\u00fade com a comunidade para enfatizar informa\u00e7\u00f5es mais qualificadas sobre a doen\u00e7a. \u201cAinda h\u00e1 muito preconceito e medo em rela\u00e7\u00e3o \u00e0 tuberculose.&nbsp;Algumas pessoas&nbsp;acham que n\u00e3o&nbsp;t\u00eam&nbsp;tratamento ou cura. Mas a verdade \u00e9 que a tuberculose tem cura, com tratamento dispon\u00edvel gratuitamente no Sistema \u00danico de Sa\u00fade (SUS)\u201d, salientou.<\/p>\n\n\n\n<p>A rede municipal de sa\u00fade conta com 56 unidades de sa\u00fade com a oferta do exame&nbsp;Prova Tubercul\u00ednica, que detecta a ocorr\u00eancia de tuberculose latente. A lista com o endere\u00e7o das unidades que realizam os exames de diagn\u00f3stico da doen\u00e7a pode ser consultada no site da Semsa, no endere\u00e7o&nbsp;<a href=\"http:\/\/www.manaus.am.gov.br\/semsa\/vigilancia\/vigilancia-epidemiologica\/controle-da-tuberculose-2\/\" target=\"_blank\" rel=\"noreferrer noopener\">www.manaus.am.gov.br\/semsa\/vigilancia\/vigilancia-epidemiologica\/controle-da-tuberculose-2\/<\/a>&nbsp;.<\/p>\n\n\n\n<figure class=\"wp-block-image size-large\"><img loading=\"lazy\" decoding=\"async\" width=\"1024\" height=\"768\" src=\"https:\/\/www.manaus.am.gov.br\/semcom\/wp-content\/uploads\/sites\/5\/2026\/03\/Semsa-Manaus-Campanha-Tuberculose-26-1-1024x768.jpg\" alt=\"\" class=\"wp-image-254812\" srcset=\"https:\/\/www.manaus.am.gov.br\/semcom\/wp-content\/uploads\/sites\/5\/2026\/03\/Semsa-Manaus-Campanha-Tuberculose-26-1-1024x768.jpg 1024w, https:\/\/www.manaus.am.gov.br\/semcom\/wp-content\/uploads\/sites\/5\/2026\/03\/Semsa-Manaus-Campanha-Tuberculose-26-1-300x225.jpg 300w, https:\/\/www.manaus.am.gov.br\/semcom\/wp-content\/uploads\/sites\/5\/2026\/03\/Semsa-Manaus-Campanha-Tuberculose-26-1-768x576.jpg 768w, https:\/\/www.manaus.am.gov.br\/semcom\/wp-content\/uploads\/sites\/5\/2026\/03\/Semsa-Manaus-Campanha-Tuberculose-26-1-1536x1152.jpg 1536w, https:\/\/www.manaus.am.gov.br\/semcom\/wp-content\/uploads\/sites\/5\/2026\/03\/Semsa-Manaus-Campanha-Tuberculose-26-1-2048x1536.jpg 2048w\" sizes=\"(max-width: 1024px) 100vw, 1024px\" \/><figcaption class=\"wp-element-caption\">#paratodosverem &#8211; Equipe da Semsa<\/figcaption><\/figure>\n\n\n\n<p>&#8212; &#8212; &#8212;<\/p>\n\n\n\n<p><strong>Texto &#8211;<\/strong>&nbsp;Euriv\u00e2nia Gal\u00facio\/Semsa<\/p>\n\n\n\n<p><strong>Fotos &#8211;<\/strong>&nbsp;Divulga\u00e7\u00e3o\/Semsa<\/p>\n","protected":false},"excerpt":{"rendered":"","protected":false},"author":39,"featured_media":254813,"comment_status":"closed","ping_status":"closed","sticky":false,"template":"","format":"standard","meta":{"footnotes":""},"categories":[170],"tags":[1249,269,19776,77,162],"acf":[],"yoast_head":"<!-- This site is optimized with the Yoast SEO plugin v23.0 - https:\/\/yoast.com\/wordpress\/plugins\/seo\/ -->\n<title>Prefeitura inicia campanha de mobiliza\u00e7\u00e3o contra a tuberculose<\/title>\n<meta name=\"description\" content=\"Prefeitura de Manaus, por meio da Semsa, inicia, nesta ter\u00e7a-feira, 17\/3, campanha de mobiliza\u00e7\u00e3o contra a tuberculose.\" \/>\n<meta name=\"robots\" content=\"index, follow, max-snippet:-1, max-image-preview:large, max-video-preview:-1\" \/>\n<link rel=\"canonical\" href=\"https:\/\/www.manaus.am.gov.br\/semcom\/campanha-mobilizacao-tuberculose-2\/\" \/>\n<meta property=\"og:locale\" content=\"pt_BR\" \/>\n<meta property=\"og:type\" content=\"article\" \/>\n<meta property=\"og:title\" content=\"Prefeitura inicia campanha de mobiliza\u00e7\u00e3o contra a tuberculose\" \/>\n<meta property=\"og:description\" content=\"Prefeitura de Manaus, por meio da Semsa, inicia, nesta ter\u00e7a-feira, 17\/3, campanha de mobiliza\u00e7\u00e3o contra a tuberculose.\" \/>\n<meta property=\"og:url\" content=\"https:\/\/www.manaus.am.gov.br\/semcom\/campanha-mobilizacao-tuberculose-2\/\" \/>\n<meta property=\"og:site_name\" content=\"SEMCOM\" \/>\n<meta property=\"article:published_time\" content=\"2026-03-17T17:07:23+00:00\" \/>\n<meta property=\"article:modified_time\" content=\"2026-03-17T17:13:28+00:00\" \/>\n<meta property=\"og:image\" content=\"https:\/\/www.manaus.am.gov.br\/semcom\/wp-content\/uploads\/sites\/5\/2026\/03\/Semsa-Manaus-Campanha-Tuberculose-9.jpg\" \/>\n\t<meta property=\"og:image:width\" content=\"4080\" \/>\n\t<meta property=\"og:image:height\" content=\"3060\" \/>\n\t<meta property=\"og:image:type\" content=\"image\/jpeg\" \/>\n<meta name=\"author\" content=\"Bruna Greco\" \/>\n<meta name=\"twitter:card\" content=\"summary_large_image\" \/>\n<meta name=\"twitter:label1\" content=\"Written by\" \/>\n\t<meta name=\"twitter:data1\" content=\"Bruna Greco\" \/>\n\t<meta name=\"twitter:label2\" content=\"Est. reading time\" \/>\n\t<meta name=\"twitter:data2\" content=\"5 minutos\" \/>\n<script type=\"application\/ld+json\" class=\"yoast-schema-graph\">{\"@context\":\"https:\/\/schema.org\",\"@graph\":[{\"@type\":\"WebPage\",\"@id\":\"https:\/\/www.manaus.am.gov.br\/semcom\/campanha-mobilizacao-tuberculose-2\/\",\"url\":\"https:\/\/www.manaus.am.gov.br\/semcom\/campanha-mobilizacao-tuberculose-2\/\",\"name\":\"Prefeitura inicia campanha de mobiliza\u00e7\u00e3o contra a tuberculose\",\"isPartOf\":{\"@id\":\"https:\/\/www.manaus.am.gov.br\/semcom\/#website\"},\"primaryImageOfPage\":{\"@id\":\"https:\/\/www.manaus.am.gov.br\/semcom\/campanha-mobilizacao-tuberculose-2\/#primaryimage\"},\"image\":{\"@id\":\"https:\/\/www.manaus.am.gov.br\/semcom\/campanha-mobilizacao-tuberculose-2\/#primaryimage\"},\"thumbnailUrl\":\"https:\/\/www.manaus.am.gov.br\/semcom\/wp-content\/uploads\/sites\/5\/2026\/03\/Semsa-Manaus-Campanha-Tuberculose-9.jpg\",\"datePublished\":\"2026-03-17T17:07:23+00:00\",\"dateModified\":\"2026-03-17T17:13:28+00:00\",\"author\":{\"@id\":\"https:\/\/www.manaus.am.gov.br\/semcom\/#\/schema\/person\/05d223aea2bf115f9883a6ff3683d81b\"},\"description\":\"Prefeitura de Manaus, por meio da Semsa, inicia, nesta ter\u00e7a-feira, 17\/3, campanha de mobiliza\u00e7\u00e3o contra a tuberculose.\",\"inLanguage\":\"pt-BR\",\"potentialAction\":[{\"@type\":\"ReadAction\",\"target\":[\"https:\/\/www.manaus.am.gov.br\/semcom\/campanha-mobilizacao-tuberculose-2\/\"]}]},{\"@type\":\"ImageObject\",\"inLanguage\":\"pt-BR\",\"@id\":\"https:\/\/www.manaus.am.gov.br\/semcom\/campanha-mobilizacao-tuberculose-2\/#primaryimage\",\"url\":\"https:\/\/www.manaus.am.gov.br\/semcom\/wp-content\/uploads\/sites\/5\/2026\/03\/Semsa-Manaus-Campanha-Tuberculose-9.jpg\",\"contentUrl\":\"https:\/\/www.manaus.am.gov.br\/semcom\/wp-content\/uploads\/sites\/5\/2026\/03\/Semsa-Manaus-Campanha-Tuberculose-9.jpg\",\"width\":4080,\"height\":3060,\"caption\":\"#paratodosverem - Diretora do Dvae\/Semsa, Marin\u00e9lia Ferreira, palestrando durante a\u00e7\u00e3o campanha de mobiliza\u00e7\u00e3o contra a tuberculose na USF Adalgiza Barbosa de Lima\"},{\"@type\":\"WebSite\",\"@id\":\"https:\/\/www.manaus.am.gov.br\/semcom\/#website\",\"url\":\"https:\/\/www.manaus.am.gov.br\/semcom\/\",\"name\":\"SEMCOM\",\"description\":\"Secretaria Municipal de Comunica\u00e7\u00e3o\",\"potentialAction\":[{\"@type\":\"SearchAction\",\"target\":{\"@type\":\"EntryPoint\",\"urlTemplate\":\"https:\/\/www.manaus.am.gov.br\/semcom\/?s={search_term_string}\"},\"query-input\":\"required name=search_term_string\"}],\"inLanguage\":\"pt-BR\"},{\"@type\":\"Person\",\"@id\":\"https:\/\/www.manaus.am.gov.br\/semcom\/#\/schema\/person\/05d223aea2bf115f9883a6ff3683d81b\",\"name\":\"Bruna Greco\",\"image\":{\"@type\":\"ImageObject\",\"inLanguage\":\"pt-BR\",\"@id\":\"https:\/\/www.manaus.am.gov.br\/semcom\/#\/schema\/person\/image\/\",\"url\":\"https:\/\/secure.gravatar.com\/avatar\/9c877d1a6adc2a055330e5c09a8653ce?s=96&d=mm&r=g\",\"contentUrl\":\"https:\/\/secure.gravatar.com\/avatar\/9c877d1a6adc2a055330e5c09a8653ce?s=96&d=mm&r=g\",\"caption\":\"Bruna Greco\"}}]}<\/script>\n<!-- \/ Yoast SEO plugin. -->","yoast_head_json":{"title":"Prefeitura inicia campanha de mobiliza\u00e7\u00e3o contra a tuberculose","description":"Prefeitura de Manaus, por meio da Semsa, inicia, nesta ter\u00e7a-feira, 17\/3, campanha de mobiliza\u00e7\u00e3o contra a tuberculose.","robots":{"index":"index","follow":"follow","max-snippet":"max-snippet:-1","max-image-preview":"max-image-preview:large","max-video-preview":"max-video-preview:-1"},"canonical":"https:\/\/www.manaus.am.gov.br\/semcom\/campanha-mobilizacao-tuberculose-2\/","og_locale":"pt_BR","og_type":"article","og_title":"Prefeitura inicia campanha de mobiliza\u00e7\u00e3o contra a tuberculose","og_description":"Prefeitura de Manaus, por meio da Semsa, inicia, nesta ter\u00e7a-feira, 17\/3, campanha de mobiliza\u00e7\u00e3o contra a tuberculose.","og_url":"https:\/\/www.manaus.am.gov.br\/semcom\/campanha-mobilizacao-tuberculose-2\/","og_site_name":"SEMCOM","article_published_time":"2026-03-17T17:07:23+00:00","article_modified_time":"2026-03-17T17:13:28+00:00","og_image":[{"width":4080,"height":3060,"url":"https:\/\/www.manaus.am.gov.br\/semcom\/wp-content\/uploads\/sites\/5\/2026\/03\/Semsa-Manaus-Campanha-Tuberculose-9.jpg","type":"image\/jpeg"}],"author":"Bruna Greco","twitter_card":"summary_large_image","twitter_misc":{"Written by":"Bruna Greco","Est. reading time":"5 minutos"},"schema":{"@context":"https:\/\/schema.org","@graph":[{"@type":"WebPage","@id":"https:\/\/www.manaus.am.gov.br\/semcom\/campanha-mobilizacao-tuberculose-2\/","url":"https:\/\/www.manaus.am.gov.br\/semcom\/campanha-mobilizacao-tuberculose-2\/","name":"Prefeitura inicia campanha de mobiliza\u00e7\u00e3o contra a tuberculose","isPartOf":{"@id":"https:\/\/www.manaus.am.gov.br\/semcom\/#website"},"primaryImageOfPage":{"@id":"https:\/\/www.manaus.am.gov.br\/semcom\/campanha-mobilizacao-tuberculose-2\/#primaryimage"},"image":{"@id":"https:\/\/www.manaus.am.gov.br\/semcom\/campanha-mobilizacao-tuberculose-2\/#primaryimage"},"thumbnailUrl":"https:\/\/www.manaus.am.gov.br\/semcom\/wp-content\/uploads\/sites\/5\/2026\/03\/Semsa-Manaus-Campanha-Tuberculose-9.jpg","datePublished":"2026-03-17T17:07:23+00:00","dateModified":"2026-03-17T17:13:28+00:00","author":{"@id":"https:\/\/www.manaus.am.gov.br\/semcom\/#\/schema\/person\/05d223aea2bf115f9883a6ff3683d81b"},"description":"Prefeitura de Manaus, por meio da Semsa, inicia, nesta ter\u00e7a-feira, 17\/3, campanha de mobiliza\u00e7\u00e3o contra a tuberculose.","inLanguage":"pt-BR","potentialAction":[{"@type":"ReadAction","target":["https:\/\/www.manaus.am.gov.br\/semcom\/campanha-mobilizacao-tuberculose-2\/"]}]},{"@type":"ImageObject","inLanguage":"pt-BR","@id":"https:\/\/www.manaus.am.gov.br\/semcom\/campanha-mobilizacao-tuberculose-2\/#primaryimage","url":"https:\/\/www.manaus.am.gov.br\/semcom\/wp-content\/uploads\/sites\/5\/2026\/03\/Semsa-Manaus-Campanha-Tuberculose-9.jpg","contentUrl":"https:\/\/www.manaus.am.gov.br\/semcom\/wp-content\/uploads\/sites\/5\/2026\/03\/Semsa-Manaus-Campanha-Tuberculose-9.jpg","width":4080,"height":3060,"caption":"#paratodosverem - Diretora do Dvae\/Semsa, Marin\u00e9lia Ferreira, palestrando durante a\u00e7\u00e3o campanha de mobiliza\u00e7\u00e3o contra a tuberculose na USF Adalgiza Barbosa de Lima"},{"@type":"WebSite","@id":"https:\/\/www.manaus.am.gov.br\/semcom\/#website","url":"https:\/\/www.manaus.am.gov.br\/semcom\/","name":"SEMCOM","description":"Secretaria Municipal de Comunica\u00e7\u00e3o","potentialAction":[{"@type":"SearchAction","target":{"@type":"EntryPoint","urlTemplate":"https:\/\/www.manaus.am.gov.br\/semcom\/?s={search_term_string}"},"query-input":"required name=search_term_string"}],"inLanguage":"pt-BR"},{"@type":"Person","@id":"https:\/\/www.manaus.am.gov.br\/semcom\/#\/schema\/person\/05d223aea2bf115f9883a6ff3683d81b","name":"Bruna Greco","image":{"@type":"ImageObject","inLanguage":"pt-BR","@id":"https:\/\/www.manaus.am.gov.br\/semcom\/#\/schema\/person\/image\/","url":"https:\/\/secure.gravatar.com\/avatar\/9c877d1a6adc2a055330e5c09a8653ce?s=96&d=mm&r=g","contentUrl":"https:\/\/secure.gravatar.com\/avatar\/9c877d1a6adc2a055330e5c09a8653ce?s=96&d=mm&r=g","caption":"Bruna Greco"}}]}},"_links":{"self":[{"href":"https:\/\/www.manaus.am.gov.br\/semcom\/wp-json\/wp\/v2\/posts\/254811"}],"collection":[{"href":"https:\/\/www.manaus.am.gov.br\/semcom\/wp-json\/wp\/v2\/posts"}],"about":[{"href":"https:\/\/www.manaus.am.gov.br\/semcom\/wp-json\/wp\/v2\/types\/post"}],"author":[{"embeddable":true,"href":"https:\/\/www.manaus.am.gov.br\/semcom\/wp-json\/wp\/v2\/users\/39"}],"replies":[{"embeddable":true,"href":"https:\/\/www.manaus.am.gov.br\/semcom\/wp-json\/wp\/v2\/comments?post=254811"}],"version-history":[{"count":3,"href":"https:\/\/www.manaus.am.gov.br\/semcom\/wp-json\/wp\/v2\/posts\/254811\/revisions"}],"predecessor-version":[{"id":254818,"href":"https:\/\/www.manaus.am.gov.br\/semcom\/wp-json\/wp\/v2\/posts\/254811\/revisions\/254818"}],"wp:featuredmedia":[{"embeddable":true,"href":"https:\/\/www.manaus.am.gov.br\/semcom\/wp-json\/wp\/v2\/media\/254813"}],"wp:attachment":[{"href":"https:\/\/www.manaus.am.gov.br\/semcom\/wp-json\/wp\/v2\/media?parent=254811"}],"wp:term":[{"taxonomy":"category","embeddable":true,"href":"https:\/\/www.manaus.am.gov.br\/semcom\/wp-json\/wp\/v2\/categories?post=254811"},{"taxonomy":"post_tag","embeddable":true,"href":"https:\/\/www.manaus.am.gov.br\/semcom\/wp-json\/wp\/v2\/tags?post=254811"}],"curies":[{"name":"wp","href":"https:\/\/api.w.org\/{rel}","templated":true}]}}