{"id":254795,"date":"2026-03-16T21:51:48","date_gmt":"2026-03-17T00:51:48","guid":{"rendered":"https:\/\/www.manaus.am.gov.br\/semcom\/dia-nacional-ouvidor\/"},"modified":"2026-03-16T21:51:49","modified_gmt":"2026-03-17T00:51:49","slug":"dia-nacional-ouvidor","status":"publish","type":"post","link":"https:\/\/www.manaus.am.gov.br\/semcom\/dia-nacional-ouvidor\/","title":{"rendered":"Prefeitura de Manaus celebra o Dia Nacional do Ouvidor"},"content":{"rendered":"\n<p>A Prefeitura de Manaus, por meio da Ouvidoria-Geral do Munic\u00edpio (OGM), \u00f3rg\u00e3o integrante da Controladoria-Geral do Munic\u00edpio (CGM), celebrou o Dia Nacional do Ouvidor, nesta segunda-feira, 16\/3, no Casar\u00e3o da Inova\u00e7\u00e3o Cassina, localizado na rua Bernardo Ramos, no Centro Hist\u00f3rico de Manaus.<\/p>\n\n\n\n<p>O evento foi conduzido pelo ouvidor-geral do munic\u00edpio, Ebenezer Bezerra, e contou com a presen\u00e7a do controlador-geral do munic\u00edpio, Alessandro Moreira; convidados da Controladoria-Geral da Uni\u00e3o (CGU),&nbsp; N\u00facleo de A\u00e7\u00f5es de Ouvidoria e Preven\u00e7\u00e3o da Corrup\u00e7\u00e3o (Naop CGU-R\/AM), Raphael Novo e Waldemar Farias, e os ouvidores da Prefeitura de Manaus, que formam o Sistema Municipal de Ouvidorias (Sismouv).<\/p>\n\n\n\n<p>O titular do \u00f3rg\u00e3o exaltou a import\u00e2ncia da reuni\u00e3o no Dia Nacional do Ouvidor. \u201cFoi uma orienta\u00e7\u00e3o do prefeito David Almeida para que n\u00f3s fiz\u00e9ssemos esse encontro com os ouvidores setoriais, para avaliarmos como est\u00e1 a gest\u00e3o, como est\u00e1 a presta\u00e7\u00e3o desses servi\u00e7os, as evolu\u00e7\u00f5es que temos alcan\u00e7ado at\u00e9 agora e projetar para o futuro as nossas metas, que s\u00e3o de atender as manifesta\u00e7\u00f5es da sociedade em 100%, todas atendidas e respondidas dentro do prazo legal\u201d, destacou.<\/p>\n\n\n\n<p>Alessandro Moreira afirmou o papel fundamental das ouvidorias no cotidiano ao parabenizar os ouvidores. \u201cHoje, \u00e9 um dia de celebra\u00e7\u00e3o e tamb\u00e9m de discuss\u00e3o para a melhoria dos procedimentos de ouvidoria no munic\u00edpio; \u00e9 uma atividade centen\u00e1ria e, na gest\u00e3o do prefeito David Almeida, \u00e9 por meio da Ouvidoria que traremos melhorias para a presta\u00e7\u00e3o dos servi\u00e7os p\u00fablicos e que eles atinjam o dia a dia da popula\u00e7\u00e3o, garantindo qualidade de vida para a sociedade\u201d, pontuou.<\/p>\n\n\n\n<p>Raphael Novo, coordenador do Naop e em nome da CGU, reafirmou o compromisso do \u00f3rg\u00e3o em colaborar com a administra\u00e7\u00e3o municipal e parabenizou a prefeitura pela iniciativa de reconhecer o trabalho desempenhado pelos seus ouvidores.<\/p>\n\n\n\n<p>\u201cN\u00f3s queremos agradecer o convite, e a CGU est\u00e1 sempre \u00e0 disposi\u00e7\u00e3o, estamos sempre em contato com a Ouvidoria-Geral, para colaborar quanto ao uso do sistema Fala.BR e outros assuntos pertinentes \u00e0 nossa atua\u00e7\u00e3o. Parab\u00e9ns a todos os ouvidores e parab\u00e9ns \u00e0 Prefeitura de Manaus por valorizar e reconhecer a atua\u00e7\u00e3o de cada um junto \u00e0 popula\u00e7\u00e3o\u201d, disse.<\/p>\n\n\n\n<p><strong>Ouvidoria Itinerante<\/strong><\/p>\n\n\n<div class=\"wp-block-image\">\n<figure class=\"aligncenter size-large\"><img decoding=\"async\" src=\"https:\/\/www.manaus.am.gov.br\/wp-content\/uploads\/2026\/03\/Ouvidoria-Comemoracao-1-1024x683.jpg\" alt=\"\" class=\"wp-image-289881\" \/><figcaption class=\"wp-element-caption\">#paratodosverem &#8211; ouvidores-setoriais da prefeitura no evento em comemora\u00e7\u00e3o ao Dia do Ouvidor<\/figcaption><\/figure><\/div>\n\n\n<p>Ebenezer Bezerra ratificou a movimenta\u00e7\u00e3o da prefeitura para realizar a implementa\u00e7\u00e3o do projeto da \u2018Ouvidoria Itinerante\u2019. \u201c\u00c9 uma prioridade do prefeito David Almeida, implantar em definitivo a Ouvidoria Itinerante. N\u00f3s entendemos que \u00e9 necess\u00e1rio que a gest\u00e3o v\u00e1 at\u00e9 ao bairro, \u00e0 comunidade para ouvir a popula\u00e7\u00e3o, ver in loco as necessidades, trazer para a gest\u00e3o e fazer com que isso resulte em melhorias claras para as pessoas, pois o objetivo da Ouvidoria \u00e9 transformar as manifesta\u00e7\u00f5es em governan\u00e7a\u201d, explicou.&nbsp;&nbsp;<\/p>\n\n\n\n<p>O titular da CGM refor\u00e7ou que, por meio do formato itinerante, a gest\u00e3o municipal se aproximar\u00e1, de fato, do cidad\u00e3o e potencializar\u00e1 ainda mais a atua\u00e7\u00e3o dos \u00f3rg\u00e3os da prefeitura. \u201cA Ouvidoria Itinerante vai aproximar ainda mais a gest\u00e3o do prefeito David \u00e0 popula\u00e7\u00e3o, que entender\u00e1 a aplica\u00e7\u00e3o dos recursos p\u00fablicos, ter\u00e1 no\u00e7\u00e3o de como eles ser\u00e3o aplicados para, assim, contribuir com a melhoria na vida de todos em infraestrutura, saneamento b\u00e1sico, sa\u00fade, educa\u00e7\u00e3o, gera\u00e7\u00e3o de empregos, em tudo aquilo que \u00e9 de responsabilidade da Prefeitura de Manaus nesses anos exitosos de gest\u00e3o\u2019, concluiu.<\/p>\n\n\n\n<p><strong>Marco legal<\/strong><\/p>\n\n\n\n<p>O Dia Nacional do Ouvidor \u00e9 celebrado no dia 16 de mar\u00e7o, institu\u00eddo pela lei federal 12.632\/2012, e reconhece a fun\u00e7\u00e3o dos servidores que acolhem com sensibilidade as manifesta\u00e7\u00f5es da popula\u00e7\u00e3o (elogios, solicita\u00e7\u00f5es, sugest\u00f5es, den\u00fancias, cr\u00edticas), e as transformam em dados que trazem melhorias e aprimoramento de servi\u00e7os aos \u00f3rg\u00e3os e institui\u00e7\u00f5es por meio das ouvidorias.<\/p>\n\n\n\n<p>Na Prefeitura de Manaus, a Ouvidoria-Geral do Munic\u00edpio \u00e9 o \u00f3rg\u00e3o central do Sistema Municipal de Ouvidorias (Sismouv), respons\u00e1vel pelo acolhimento das manifesta\u00e7\u00f5es dos usu\u00e1rios dos servi\u00e7os prestados pela administra\u00e7\u00e3o municipal; o sistema de ouvidorias do munic\u00edpio \u00e9 composto pela ouvidorias setoriais e seccionais presentes em todas as pastas da prefeitura.<\/p>\n\n\n\n<p>O ouvidor setorial da Secretaria Municipal de Meio Ambiente e Sustentabilidade (Semmas), Lucas Di Castro, destacou a import\u00e2ncia dos ouvidores dentro do andamento das atividades do servi\u00e7o p\u00fablico. \u201cO ouvidor \u00e9 fundamental nessa comunica\u00e7\u00e3o da prefeitura com o mun\u00edcipe e tamb\u00e9m entre as secretarias. A troca de experi\u00eancias com os outros colegas ouvidores \u00e9 essencial para que possamos trazer melhorias para os servi\u00e7os prestados e atender a popula\u00e7\u00e3o com excel\u00eancia\u201d, finalizou.<\/p>\n\n\n\n<p>Por meio da Ouvidoria, o cidad\u00e3o estar\u00e1 amparado pela administra\u00e7\u00e3o p\u00fablica, j\u00e1 que suas manifesta\u00e7\u00f5es visam promover melhorias ao servi\u00e7o p\u00fablico e aumentar os \u00edndices de satisfa\u00e7\u00e3o, al\u00e9m de fazer com que a sociedade colabore com a administra\u00e7\u00e3o p\u00fablica.<\/p>\n\n\n\n<p>No Dia Nacional do Ouvidor, a Prefeitura de Manaus reconhece o papel fundamental de uma gest\u00e3o que busca se aproximar do cidad\u00e3o de forma sens\u00edvel ao dar voz aos seus anseios e fortalecer o exerc\u00edcio da cidadania, ao mesmo tempo que ratifica a governan\u00e7a p\u00fablica e transpar\u00eancia institucional.<\/p>\n\n\n\n<p>&#8212; &#8212; &#8212;<\/p>\n\n\n\n<p><strong>Texto<\/strong> &#8211; Oliveira Junior \/ CGM<\/p>\n\n\n\n<p><strong>Fotos<\/strong> &#8211; Ant\u00f4nio Pereira \/ Semcom<\/p>\n\n\n\n<p><strong>Dispon\u00edveis em<\/strong> &#8211; <a href=\"https:\/\/flic.kr\/s\/aHBqjCNcCk\">https:\/\/flic.kr\/s\/aHBqjCNcCk<\/a><\/p>\n","protected":false},"excerpt":{"rendered":"","protected":false},"author":61,"featured_media":254796,"comment_status":"closed","ping_status":"closed","sticky":false,"template":"","format":"standard","meta":{"footnotes":""},"categories":[779],"tags":[35,19774,10771,77],"acf":[],"yoast_head":"<!-- This site is optimized with the Yoast SEO plugin v23.0 - https:\/\/yoast.com\/wordpress\/plugins\/seo\/ -->\n<title>Prefeitura de Manaus celebra o Dia Nacional do Ouvidor<\/title>\n<meta name=\"description\" content=\"A Prefeitura de Manaus, por meio da Ouvidoria-Geral do Munic\u00edpio (OGM), \u00f3rg\u00e3o integrante da Controladoria-Geral do Munic\u00edpio (CGM), celebrou o Dia Nacional do Ouvidor.\" \/>\n<meta name=\"robots\" content=\"index, follow, max-snippet:-1, max-image-preview:large, max-video-preview:-1\" \/>\n<link rel=\"canonical\" href=\"https:\/\/www.manaus.am.gov.br\/semcom\/dia-nacional-ouvidor\/\" \/>\n<meta property=\"og:locale\" content=\"pt_BR\" \/>\n<meta property=\"og:type\" content=\"article\" \/>\n<meta property=\"og:title\" content=\"Prefeitura de Manaus celebra o Dia Nacional do Ouvidor\" \/>\n<meta property=\"og:description\" content=\"A Prefeitura de Manaus, por meio da Ouvidoria-Geral do Munic\u00edpio (OGM), \u00f3rg\u00e3o integrante da Controladoria-Geral do Munic\u00edpio (CGM), celebrou o Dia Nacional do Ouvidor.\" \/>\n<meta property=\"og:url\" content=\"https:\/\/www.manaus.am.gov.br\/semcom\/dia-nacional-ouvidor\/\" \/>\n<meta property=\"og:site_name\" content=\"SEMCOM\" \/>\n<meta property=\"article:published_time\" content=\"2026-03-17T00:51:48+00:00\" \/>\n<meta property=\"article:modified_time\" content=\"2026-03-17T00:51:49+00:00\" \/>\n<meta property=\"og:image\" content=\"https:\/\/www.manaus.am.gov.br\/semcom\/wp-content\/uploads\/sites\/5\/2026\/03\/Ouvidoria-Comemoracao-3.jpg\" \/>\n\t<meta property=\"og:image:width\" content=\"2048\" \/>\n\t<meta property=\"og:image:height\" content=\"1365\" \/>\n\t<meta property=\"og:image:type\" content=\"image\/jpeg\" \/>\n<meta name=\"author\" content=\"smonteiro\" \/>\n<meta name=\"twitter:card\" content=\"summary_large_image\" \/>\n<meta name=\"twitter:label1\" content=\"Written by\" \/>\n\t<meta name=\"twitter:data1\" content=\"smonteiro\" \/>\n\t<meta name=\"twitter:label2\" content=\"Est. reading time\" \/>\n\t<meta name=\"twitter:data2\" content=\"5 minutos\" \/>\n<script type=\"application\/ld+json\" class=\"yoast-schema-graph\">{\"@context\":\"https:\/\/schema.org\",\"@graph\":[{\"@type\":\"WebPage\",\"@id\":\"https:\/\/www.manaus.am.gov.br\/semcom\/dia-nacional-ouvidor\/\",\"url\":\"https:\/\/www.manaus.am.gov.br\/semcom\/dia-nacional-ouvidor\/\",\"name\":\"Prefeitura de Manaus celebra o Dia Nacional do Ouvidor\",\"isPartOf\":{\"@id\":\"https:\/\/www.manaus.am.gov.br\/semcom\/#website\"},\"primaryImageOfPage\":{\"@id\":\"https:\/\/www.manaus.am.gov.br\/semcom\/dia-nacional-ouvidor\/#primaryimage\"},\"image\":{\"@id\":\"https:\/\/www.manaus.am.gov.br\/semcom\/dia-nacional-ouvidor\/#primaryimage\"},\"thumbnailUrl\":\"https:\/\/www.manaus.am.gov.br\/semcom\/wp-content\/uploads\/sites\/5\/2026\/03\/Ouvidoria-Comemoracao-3.jpg\",\"datePublished\":\"2026-03-17T00:51:48+00:00\",\"dateModified\":\"2026-03-17T00:51:49+00:00\",\"author\":{\"@id\":\"https:\/\/www.manaus.am.gov.br\/semcom\/#\/schema\/person\/ab4dcf766a54dff74e8d267f5c591961\"},\"description\":\"A Prefeitura de Manaus, por meio da Ouvidoria-Geral do Munic\u00edpio (OGM), \u00f3rg\u00e3o integrante da Controladoria-Geral do Munic\u00edpio (CGM), celebrou o Dia Nacional do Ouvidor.\",\"inLanguage\":\"pt-BR\",\"potentialAction\":[{\"@type\":\"ReadAction\",\"target\":[\"https:\/\/www.manaus.am.gov.br\/semcom\/dia-nacional-ouvidor\/\"]}]},{\"@type\":\"ImageObject\",\"inLanguage\":\"pt-BR\",\"@id\":\"https:\/\/www.manaus.am.gov.br\/semcom\/dia-nacional-ouvidor\/#primaryimage\",\"url\":\"https:\/\/www.manaus.am.gov.br\/semcom\/wp-content\/uploads\/sites\/5\/2026\/03\/Ouvidoria-Comemoracao-3.jpg\",\"contentUrl\":\"https:\/\/www.manaus.am.gov.br\/semcom\/wp-content\/uploads\/sites\/5\/2026\/03\/Ouvidoria-Comemoracao-3.jpg\",\"width\":2048,\"height\":1365,\"caption\":\"#paratodosverem - evento em comemora\u00e7\u00e3o ao Dia do Ouvidor\"},{\"@type\":\"WebSite\",\"@id\":\"https:\/\/www.manaus.am.gov.br\/semcom\/#website\",\"url\":\"https:\/\/www.manaus.am.gov.br\/semcom\/\",\"name\":\"SEMCOM\",\"description\":\"Secretaria Municipal de Comunica\u00e7\u00e3o\",\"potentialAction\":[{\"@type\":\"SearchAction\",\"target\":{\"@type\":\"EntryPoint\",\"urlTemplate\":\"https:\/\/www.manaus.am.gov.br\/semcom\/?s={search_term_string}\"},\"query-input\":\"required name=search_term_string\"}],\"inLanguage\":\"pt-BR\"},{\"@type\":\"Person\",\"@id\":\"https:\/\/www.manaus.am.gov.br\/semcom\/#\/schema\/person\/ab4dcf766a54dff74e8d267f5c591961\",\"name\":\"smonteiro\",\"image\":{\"@type\":\"ImageObject\",\"inLanguage\":\"pt-BR\",\"@id\":\"https:\/\/www.manaus.am.gov.br\/semcom\/#\/schema\/person\/image\/\",\"url\":\"https:\/\/secure.gravatar.com\/avatar\/21c8776ef61d9272c73322052e042d77?s=96&d=mm&r=g\",\"contentUrl\":\"https:\/\/secure.gravatar.com\/avatar\/21c8776ef61d9272c73322052e042d77?s=96&d=mm&r=g\",\"caption\":\"smonteiro\"}}]}<\/script>\n<!-- \/ Yoast SEO plugin. -->","yoast_head_json":{"title":"Prefeitura de Manaus celebra o Dia Nacional do Ouvidor","description":"A Prefeitura de Manaus, por meio da Ouvidoria-Geral do Munic\u00edpio (OGM), \u00f3rg\u00e3o integrante da Controladoria-Geral do Munic\u00edpio (CGM), celebrou o Dia Nacional do Ouvidor.","robots":{"index":"index","follow":"follow","max-snippet":"max-snippet:-1","max-image-preview":"max-image-preview:large","max-video-preview":"max-video-preview:-1"},"canonical":"https:\/\/www.manaus.am.gov.br\/semcom\/dia-nacional-ouvidor\/","og_locale":"pt_BR","og_type":"article","og_title":"Prefeitura de Manaus celebra o Dia Nacional do Ouvidor","og_description":"A Prefeitura de Manaus, por meio da Ouvidoria-Geral do Munic\u00edpio (OGM), \u00f3rg\u00e3o integrante da Controladoria-Geral do Munic\u00edpio (CGM), celebrou o Dia Nacional do Ouvidor.","og_url":"https:\/\/www.manaus.am.gov.br\/semcom\/dia-nacional-ouvidor\/","og_site_name":"SEMCOM","article_published_time":"2026-03-17T00:51:48+00:00","article_modified_time":"2026-03-17T00:51:49+00:00","og_image":[{"width":2048,"height":1365,"url":"https:\/\/www.manaus.am.gov.br\/semcom\/wp-content\/uploads\/sites\/5\/2026\/03\/Ouvidoria-Comemoracao-3.jpg","type":"image\/jpeg"}],"author":"smonteiro","twitter_card":"summary_large_image","twitter_misc":{"Written by":"smonteiro","Est. reading time":"5 minutos"},"schema":{"@context":"https:\/\/schema.org","@graph":[{"@type":"WebPage","@id":"https:\/\/www.manaus.am.gov.br\/semcom\/dia-nacional-ouvidor\/","url":"https:\/\/www.manaus.am.gov.br\/semcom\/dia-nacional-ouvidor\/","name":"Prefeitura de Manaus celebra o Dia Nacional do Ouvidor","isPartOf":{"@id":"https:\/\/www.manaus.am.gov.br\/semcom\/#website"},"primaryImageOfPage":{"@id":"https:\/\/www.manaus.am.gov.br\/semcom\/dia-nacional-ouvidor\/#primaryimage"},"image":{"@id":"https:\/\/www.manaus.am.gov.br\/semcom\/dia-nacional-ouvidor\/#primaryimage"},"thumbnailUrl":"https:\/\/www.manaus.am.gov.br\/semcom\/wp-content\/uploads\/sites\/5\/2026\/03\/Ouvidoria-Comemoracao-3.jpg","datePublished":"2026-03-17T00:51:48+00:00","dateModified":"2026-03-17T00:51:49+00:00","author":{"@id":"https:\/\/www.manaus.am.gov.br\/semcom\/#\/schema\/person\/ab4dcf766a54dff74e8d267f5c591961"},"description":"A Prefeitura de Manaus, por meio da Ouvidoria-Geral do Munic\u00edpio (OGM), \u00f3rg\u00e3o integrante da Controladoria-Geral do Munic\u00edpio (CGM), celebrou o Dia Nacional do Ouvidor.","inLanguage":"pt-BR","potentialAction":[{"@type":"ReadAction","target":["https:\/\/www.manaus.am.gov.br\/semcom\/dia-nacional-ouvidor\/"]}]},{"@type":"ImageObject","inLanguage":"pt-BR","@id":"https:\/\/www.manaus.am.gov.br\/semcom\/dia-nacional-ouvidor\/#primaryimage","url":"https:\/\/www.manaus.am.gov.br\/semcom\/wp-content\/uploads\/sites\/5\/2026\/03\/Ouvidoria-Comemoracao-3.jpg","contentUrl":"https:\/\/www.manaus.am.gov.br\/semcom\/wp-content\/uploads\/sites\/5\/2026\/03\/Ouvidoria-Comemoracao-3.jpg","width":2048,"height":1365,"caption":"#paratodosverem - evento em comemora\u00e7\u00e3o ao Dia do Ouvidor"},{"@type":"WebSite","@id":"https:\/\/www.manaus.am.gov.br\/semcom\/#website","url":"https:\/\/www.manaus.am.gov.br\/semcom\/","name":"SEMCOM","description":"Secretaria Municipal de Comunica\u00e7\u00e3o","potentialAction":[{"@type":"SearchAction","target":{"@type":"EntryPoint","urlTemplate":"https:\/\/www.manaus.am.gov.br\/semcom\/?s={search_term_string}"},"query-input":"required name=search_term_string"}],"inLanguage":"pt-BR"},{"@type":"Person","@id":"https:\/\/www.manaus.am.gov.br\/semcom\/#\/schema\/person\/ab4dcf766a54dff74e8d267f5c591961","name":"smonteiro","image":{"@type":"ImageObject","inLanguage":"pt-BR","@id":"https:\/\/www.manaus.am.gov.br\/semcom\/#\/schema\/person\/image\/","url":"https:\/\/secure.gravatar.com\/avatar\/21c8776ef61d9272c73322052e042d77?s=96&d=mm&r=g","contentUrl":"https:\/\/secure.gravatar.com\/avatar\/21c8776ef61d9272c73322052e042d77?s=96&d=mm&r=g","caption":"smonteiro"}}]}},"_links":{"self":[{"href":"https:\/\/www.manaus.am.gov.br\/semcom\/wp-json\/wp\/v2\/posts\/254795"}],"collection":[{"href":"https:\/\/www.manaus.am.gov.br\/semcom\/wp-json\/wp\/v2\/posts"}],"about":[{"href":"https:\/\/www.manaus.am.gov.br\/semcom\/wp-json\/wp\/v2\/types\/post"}],"author":[{"embeddable":true,"href":"https:\/\/www.manaus.am.gov.br\/semcom\/wp-json\/wp\/v2\/users\/61"}],"replies":[{"embeddable":true,"href":"https:\/\/www.manaus.am.gov.br\/semcom\/wp-json\/wp\/v2\/comments?post=254795"}],"version-history":[{"count":0,"href":"https:\/\/www.manaus.am.gov.br\/semcom\/wp-json\/wp\/v2\/posts\/254795\/revisions"}],"wp:featuredmedia":[{"embeddable":true,"href":"https:\/\/www.manaus.am.gov.br\/semcom\/wp-json\/wp\/v2\/media\/254796"}],"wp:attachment":[{"href":"https:\/\/www.manaus.am.gov.br\/semcom\/wp-json\/wp\/v2\/media?parent=254795"}],"wp:term":[{"taxonomy":"category","embeddable":true,"href":"https:\/\/www.manaus.am.gov.br\/semcom\/wp-json\/wp\/v2\/categories?post=254795"},{"taxonomy":"post_tag","embeddable":true,"href":"https:\/\/www.manaus.am.gov.br\/semcom\/wp-json\/wp\/v2\/tags?post=254795"}],"curies":[{"name":"wp","href":"https:\/\/api.w.org\/{rel}","templated":true}]}}