{"id":254791,"date":"2026-03-16T19:29:47","date_gmt":"2026-03-16T23:29:47","guid":{"rendered":"https:\/\/www.manaus.am.gov.br\/semcom\/mudas-parque-linear\/"},"modified":"2026-03-17T12:03:08","modified_gmt":"2026-03-17T15:03:08","slug":"mudas-parque-linear","status":"publish","type":"post","link":"https:\/\/www.manaus.am.gov.br\/semcom\/mudas-parque-linear\/","title":{"rendered":"Prefeitura de Manaus j\u00e1 plantou mais de 6 mil mudas em parque linear no Novo Aleixo"},"content":{"rendered":"\n<p>A<a href=\"https:\/\/www.instagram.com\/prefeiturademanaus\/\"> Prefeitura de Manaus<\/a>, por meio da Secretaria Municipal de Meio Ambiente e Sustentabilidade <a href=\"https:\/\/www.manaus.am.gov.br\/\">(Semmas)<\/a> deu in\u00edcio, nesta segunda-feira, 16\/3, ao plantio de mudas em \u00e1rea ocupada de forma irregular, no Novo Aleixo, zona Leste. A a\u00e7\u00e3o ocorre ap\u00f3s demoli\u00e7\u00e3o administrativa de constru\u00e7\u00e3o irregular em \u00e1rea p\u00fablica realizada pela prefeitura, no \u00faltimo fim de semana. Ao todo, 60 mudas foram plantadas no local, que deve continuar recebendo interven\u00e7\u00f5es da gest\u00e3o ambiental, por estarem no Parque Linear do Novo Aleixo &#8211; cuja \u00e1rea protegida tem o Igarap\u00e9 do Mindu em sua extens\u00e3o.<\/p>\n\n\n\n<p>Em todo o espa\u00e7o da alameda Alphaville, que faz parte do Parque Linear Amazonino Armando Mendes, no Novo Aleixo, j\u00e1 foram plantadas, pela Prefeitura de Manaus, mais de seis mil mudas, de 2021 at\u00e9 fevereiro de 2026, no trecho que inclui as duas etapas do parque Amazonino Armando Mendes, o parque Gigantes da Floresta e a faixa de \u00c1rea de Preserva\u00e7\u00e3o Permanente (APP), ao longo do igarap\u00e9 do Mindu, naquela regi\u00e3o. No parque Gigantes da Floresta, por exemplo, j\u00e1 \u00e9 poss\u00edvel encontrar mudas de mais de dois metros de altura.<\/p>\n\n\n\n<p>\u201cA gest\u00e3o do prefeito David Almeida j\u00e1 realizou diversas interven\u00e7\u00f5es de recupera\u00e7\u00e3o de \u00e1rea degradada no Parque Linear do Novo Aleixo, com o prop\u00f3sito de proteger a vegeta\u00e7\u00e3o nativa, o Igarap\u00e9 do Mindu, al\u00e9m de garantir a manuten\u00e7\u00e3o de seu corredor ecol\u00f3gico, impedindo constru\u00e7\u00f5es em local de preserva\u00e7\u00e3o, aliando tudo isso ao lazer, com o parque Gigantes da Floresta\u201d, destacou o secret\u00e1rio da Semmas, Fransu\u00e1 Matos.<\/p>\n\n\n\n<p>As esp\u00e9cies plantadas na a\u00e7\u00e3o desta segunda-feira foram: Munguba, Mungubarana, Kumaru, Andiroba, Jatob\u00e1, Mangueira e Castanhola.<\/p>\n\n\n<div class=\"wp-block-image\">\n<figure class=\"aligncenter size-large\"><img loading=\"lazy\" decoding=\"async\" width=\"1024\" height=\"768\" src=\"https:\/\/www.manaus.am.gov.br\/semcom\/wp-content\/uploads\/sites\/5\/2026\/03\/Semmas-Plantio-1024x768.jpg\" alt=\"\" class=\"wp-image-254792\" srcset=\"https:\/\/www.manaus.am.gov.br\/semcom\/wp-content\/uploads\/sites\/5\/2026\/03\/Semmas-Plantio-1024x768.jpg 1024w, https:\/\/www.manaus.am.gov.br\/semcom\/wp-content\/uploads\/sites\/5\/2026\/03\/Semmas-Plantio-300x225.jpg 300w, https:\/\/www.manaus.am.gov.br\/semcom\/wp-content\/uploads\/sites\/5\/2026\/03\/Semmas-Plantio-768x576.jpg 768w, https:\/\/www.manaus.am.gov.br\/semcom\/wp-content\/uploads\/sites\/5\/2026\/03\/Semmas-Plantio.jpg 1032w\" sizes=\"(max-width: 1024px) 100vw, 1024px\" \/><figcaption class=\"wp-element-caption\">#paratodosverem &#8211; equipe da Semmas envolvida na a\u00e7\u00e3o<\/figcaption><\/figure><\/div>\n\n\n<p>O coordenador de Plantio da Semmas, Raimundo Ara\u00fajo, ressaltou a import\u00e2ncia da colabora\u00e7\u00e3o da popula\u00e7\u00e3o na preserva\u00e7\u00e3o destes espa\u00e7os: \u201cEstamos fazendo a recupera\u00e7\u00e3o desta \u00e1rea antes ocupada irregularmente, dando um novo sentido ao local, assim como fizemos em diversos outros pontos da cidade. Se cada vizinho fizer a sua parte de nos ajudar a cuidar destas futuras \u00e1rvores, teremos aqui um bosque repleto de atrativos para os p\u00e1ssaros, macacos e pessoas\u201d, disse Ara\u00fajo.<\/p>\n\n\n\n<p>&#8212; &#8212; &#8212;<\/p>\n\n\n\n<p><strong>Texto<\/strong> &#8211; Taianna Castro \/ Semmas<\/p>\n\n\n\n<p><strong>Fotos<\/strong> &#8211; Vit\u00f3ria Viegas \/ Semmas<\/p>\n","protected":false},"excerpt":{"rendered":"","protected":false},"author":61,"featured_media":254793,"comment_status":"closed","ping_status":"closed","sticky":false,"template":"","format":"standard","meta":{"footnotes":""},"categories":[134],"tags":[35,8296,14372,77,19],"acf":[],"yoast_head":"<!-- This site is optimized with the Yoast SEO plugin v23.0 - https:\/\/yoast.com\/wordpress\/plugins\/seo\/ -->\n<title>Prefeitura de Manaus j\u00e1 plantou mais de 6 mil mudas em parque linear no Novo Aleixo<\/title>\n<meta name=\"description\" content=\"A Prefeitura de Manaus, por meio da Secretaria Municipal de Meio Ambiente e Sustentabilidade (Semmas) deu in\u00edcio, nesta segunda-feira, 16\/3, ao plantio de mudas em \u00e1rea ocupada de forma irregular, no Novo Aleixo.\" \/>\n<meta name=\"robots\" content=\"index, follow, max-snippet:-1, max-image-preview:large, max-video-preview:-1\" \/>\n<link rel=\"canonical\" href=\"https:\/\/www.manaus.am.gov.br\/semcom\/mudas-parque-linear\/\" \/>\n<meta property=\"og:locale\" content=\"pt_BR\" \/>\n<meta property=\"og:type\" content=\"article\" \/>\n<meta property=\"og:title\" content=\"Prefeitura de Manaus j\u00e1 plantou mais de 6 mil mudas em parque linear no Novo Aleixo\" \/>\n<meta property=\"og:description\" content=\"A Prefeitura de Manaus, por meio da Secretaria Municipal de Meio Ambiente e Sustentabilidade (Semmas) deu in\u00edcio, nesta segunda-feira, 16\/3, ao plantio de mudas em \u00e1rea ocupada de forma irregular, no Novo Aleixo.\" \/>\n<meta property=\"og:url\" content=\"https:\/\/www.manaus.am.gov.br\/semcom\/mudas-parque-linear\/\" \/>\n<meta property=\"og:site_name\" content=\"SEMCOM\" \/>\n<meta property=\"article:published_time\" content=\"2026-03-16T23:29:47+00:00\" \/>\n<meta property=\"article:modified_time\" content=\"2026-03-17T15:03:08+00:00\" \/>\n<meta property=\"og:image\" content=\"https:\/\/www.manaus.am.gov.br\/semcom\/wp-content\/uploads\/sites\/5\/2026\/03\/Semmas-Plantio.png\" \/>\n\t<meta property=\"og:image:width\" content=\"1150\" \/>\n\t<meta property=\"og:image:height\" content=\"815\" \/>\n\t<meta property=\"og:image:type\" content=\"image\/png\" \/>\n<meta name=\"author\" content=\"smonteiro\" \/>\n<meta name=\"twitter:card\" content=\"summary_large_image\" \/>\n<meta name=\"twitter:label1\" content=\"Written by\" \/>\n\t<meta name=\"twitter:data1\" content=\"smonteiro\" \/>\n\t<meta name=\"twitter:label2\" content=\"Est. reading time\" \/>\n\t<meta name=\"twitter:data2\" content=\"3 minutos\" \/>\n<script type=\"application\/ld+json\" class=\"yoast-schema-graph\">{\"@context\":\"https:\/\/schema.org\",\"@graph\":[{\"@type\":\"WebPage\",\"@id\":\"https:\/\/www.manaus.am.gov.br\/semcom\/mudas-parque-linear\/\",\"url\":\"https:\/\/www.manaus.am.gov.br\/semcom\/mudas-parque-linear\/\",\"name\":\"Prefeitura de Manaus j\u00e1 plantou mais de 6 mil mudas em parque linear no Novo Aleixo\",\"isPartOf\":{\"@id\":\"https:\/\/www.manaus.am.gov.br\/semcom\/#website\"},\"primaryImageOfPage\":{\"@id\":\"https:\/\/www.manaus.am.gov.br\/semcom\/mudas-parque-linear\/#primaryimage\"},\"image\":{\"@id\":\"https:\/\/www.manaus.am.gov.br\/semcom\/mudas-parque-linear\/#primaryimage\"},\"thumbnailUrl\":\"https:\/\/www.manaus.am.gov.br\/semcom\/wp-content\/uploads\/sites\/5\/2026\/03\/Semmas-Plantio.png\",\"datePublished\":\"2026-03-16T23:29:47+00:00\",\"dateModified\":\"2026-03-17T15:03:08+00:00\",\"author\":{\"@id\":\"https:\/\/www.manaus.am.gov.br\/semcom\/#\/schema\/person\/ab4dcf766a54dff74e8d267f5c591961\"},\"description\":\"A Prefeitura de Manaus, por meio da Secretaria Municipal de Meio Ambiente e Sustentabilidade (Semmas) deu in\u00edcio, nesta segunda-feira, 16\/3, ao plantio de mudas em \u00e1rea ocupada de forma irregular, no Novo Aleixo.\",\"inLanguage\":\"pt-BR\",\"potentialAction\":[{\"@type\":\"ReadAction\",\"target\":[\"https:\/\/www.manaus.am.gov.br\/semcom\/mudas-parque-linear\/\"]}]},{\"@type\":\"ImageObject\",\"inLanguage\":\"pt-BR\",\"@id\":\"https:\/\/www.manaus.am.gov.br\/semcom\/mudas-parque-linear\/#primaryimage\",\"url\":\"https:\/\/www.manaus.am.gov.br\/semcom\/wp-content\/uploads\/sites\/5\/2026\/03\/Semmas-Plantio.png\",\"contentUrl\":\"https:\/\/www.manaus.am.gov.br\/semcom\/wp-content\/uploads\/sites\/5\/2026\/03\/Semmas-Plantio.png\",\"width\":1150,\"height\":815,\"caption\":\"#paratodosverem - servidores da Semmas realizando o plantio de mudas\"},{\"@type\":\"WebSite\",\"@id\":\"https:\/\/www.manaus.am.gov.br\/semcom\/#website\",\"url\":\"https:\/\/www.manaus.am.gov.br\/semcom\/\",\"name\":\"SEMCOM\",\"description\":\"Secretaria Municipal de Comunica\u00e7\u00e3o\",\"potentialAction\":[{\"@type\":\"SearchAction\",\"target\":{\"@type\":\"EntryPoint\",\"urlTemplate\":\"https:\/\/www.manaus.am.gov.br\/semcom\/?s={search_term_string}\"},\"query-input\":\"required name=search_term_string\"}],\"inLanguage\":\"pt-BR\"},{\"@type\":\"Person\",\"@id\":\"https:\/\/www.manaus.am.gov.br\/semcom\/#\/schema\/person\/ab4dcf766a54dff74e8d267f5c591961\",\"name\":\"smonteiro\",\"image\":{\"@type\":\"ImageObject\",\"inLanguage\":\"pt-BR\",\"@id\":\"https:\/\/www.manaus.am.gov.br\/semcom\/#\/schema\/person\/image\/\",\"url\":\"https:\/\/secure.gravatar.com\/avatar\/21c8776ef61d9272c73322052e042d77?s=96&d=mm&r=g\",\"contentUrl\":\"https:\/\/secure.gravatar.com\/avatar\/21c8776ef61d9272c73322052e042d77?s=96&d=mm&r=g\",\"caption\":\"smonteiro\"}}]}<\/script>\n<!-- \/ Yoast SEO plugin. -->","yoast_head_json":{"title":"Prefeitura de Manaus j\u00e1 plantou mais de 6 mil mudas em parque linear no Novo Aleixo","description":"A Prefeitura de Manaus, por meio da Secretaria Municipal de Meio Ambiente e Sustentabilidade (Semmas) deu in\u00edcio, nesta segunda-feira, 16\/3, ao plantio de mudas em \u00e1rea ocupada de forma irregular, no Novo Aleixo.","robots":{"index":"index","follow":"follow","max-snippet":"max-snippet:-1","max-image-preview":"max-image-preview:large","max-video-preview":"max-video-preview:-1"},"canonical":"https:\/\/www.manaus.am.gov.br\/semcom\/mudas-parque-linear\/","og_locale":"pt_BR","og_type":"article","og_title":"Prefeitura de Manaus j\u00e1 plantou mais de 6 mil mudas em parque linear no Novo Aleixo","og_description":"A Prefeitura de Manaus, por meio da Secretaria Municipal de Meio Ambiente e Sustentabilidade (Semmas) deu in\u00edcio, nesta segunda-feira, 16\/3, ao plantio de mudas em \u00e1rea ocupada de forma irregular, no Novo Aleixo.","og_url":"https:\/\/www.manaus.am.gov.br\/semcom\/mudas-parque-linear\/","og_site_name":"SEMCOM","article_published_time":"2026-03-16T23:29:47+00:00","article_modified_time":"2026-03-17T15:03:08+00:00","og_image":[{"width":1150,"height":815,"url":"https:\/\/www.manaus.am.gov.br\/semcom\/wp-content\/uploads\/sites\/5\/2026\/03\/Semmas-Plantio.png","type":"image\/png"}],"author":"smonteiro","twitter_card":"summary_large_image","twitter_misc":{"Written by":"smonteiro","Est. reading time":"3 minutos"},"schema":{"@context":"https:\/\/schema.org","@graph":[{"@type":"WebPage","@id":"https:\/\/www.manaus.am.gov.br\/semcom\/mudas-parque-linear\/","url":"https:\/\/www.manaus.am.gov.br\/semcom\/mudas-parque-linear\/","name":"Prefeitura de Manaus j\u00e1 plantou mais de 6 mil mudas em parque linear no Novo Aleixo","isPartOf":{"@id":"https:\/\/www.manaus.am.gov.br\/semcom\/#website"},"primaryImageOfPage":{"@id":"https:\/\/www.manaus.am.gov.br\/semcom\/mudas-parque-linear\/#primaryimage"},"image":{"@id":"https:\/\/www.manaus.am.gov.br\/semcom\/mudas-parque-linear\/#primaryimage"},"thumbnailUrl":"https:\/\/www.manaus.am.gov.br\/semcom\/wp-content\/uploads\/sites\/5\/2026\/03\/Semmas-Plantio.png","datePublished":"2026-03-16T23:29:47+00:00","dateModified":"2026-03-17T15:03:08+00:00","author":{"@id":"https:\/\/www.manaus.am.gov.br\/semcom\/#\/schema\/person\/ab4dcf766a54dff74e8d267f5c591961"},"description":"A Prefeitura de Manaus, por meio da Secretaria Municipal de Meio Ambiente e Sustentabilidade (Semmas) deu in\u00edcio, nesta segunda-feira, 16\/3, ao plantio de mudas em \u00e1rea ocupada de forma irregular, no Novo Aleixo.","inLanguage":"pt-BR","potentialAction":[{"@type":"ReadAction","target":["https:\/\/www.manaus.am.gov.br\/semcom\/mudas-parque-linear\/"]}]},{"@type":"ImageObject","inLanguage":"pt-BR","@id":"https:\/\/www.manaus.am.gov.br\/semcom\/mudas-parque-linear\/#primaryimage","url":"https:\/\/www.manaus.am.gov.br\/semcom\/wp-content\/uploads\/sites\/5\/2026\/03\/Semmas-Plantio.png","contentUrl":"https:\/\/www.manaus.am.gov.br\/semcom\/wp-content\/uploads\/sites\/5\/2026\/03\/Semmas-Plantio.png","width":1150,"height":815,"caption":"#paratodosverem - servidores da Semmas realizando o plantio de mudas"},{"@type":"WebSite","@id":"https:\/\/www.manaus.am.gov.br\/semcom\/#website","url":"https:\/\/www.manaus.am.gov.br\/semcom\/","name":"SEMCOM","description":"Secretaria Municipal de Comunica\u00e7\u00e3o","potentialAction":[{"@type":"SearchAction","target":{"@type":"EntryPoint","urlTemplate":"https:\/\/www.manaus.am.gov.br\/semcom\/?s={search_term_string}"},"query-input":"required name=search_term_string"}],"inLanguage":"pt-BR"},{"@type":"Person","@id":"https:\/\/www.manaus.am.gov.br\/semcom\/#\/schema\/person\/ab4dcf766a54dff74e8d267f5c591961","name":"smonteiro","image":{"@type":"ImageObject","inLanguage":"pt-BR","@id":"https:\/\/www.manaus.am.gov.br\/semcom\/#\/schema\/person\/image\/","url":"https:\/\/secure.gravatar.com\/avatar\/21c8776ef61d9272c73322052e042d77?s=96&d=mm&r=g","contentUrl":"https:\/\/secure.gravatar.com\/avatar\/21c8776ef61d9272c73322052e042d77?s=96&d=mm&r=g","caption":"smonteiro"}}]}},"_links":{"self":[{"href":"https:\/\/www.manaus.am.gov.br\/semcom\/wp-json\/wp\/v2\/posts\/254791"}],"collection":[{"href":"https:\/\/www.manaus.am.gov.br\/semcom\/wp-json\/wp\/v2\/posts"}],"about":[{"href":"https:\/\/www.manaus.am.gov.br\/semcom\/wp-json\/wp\/v2\/types\/post"}],"author":[{"embeddable":true,"href":"https:\/\/www.manaus.am.gov.br\/semcom\/wp-json\/wp\/v2\/users\/61"}],"replies":[{"embeddable":true,"href":"https:\/\/www.manaus.am.gov.br\/semcom\/wp-json\/wp\/v2\/comments?post=254791"}],"version-history":[{"count":3,"href":"https:\/\/www.manaus.am.gov.br\/semcom\/wp-json\/wp\/v2\/posts\/254791\/revisions"}],"predecessor-version":[{"id":254800,"href":"https:\/\/www.manaus.am.gov.br\/semcom\/wp-json\/wp\/v2\/posts\/254791\/revisions\/254800"}],"wp:featuredmedia":[{"embeddable":true,"href":"https:\/\/www.manaus.am.gov.br\/semcom\/wp-json\/wp\/v2\/media\/254793"}],"wp:attachment":[{"href":"https:\/\/www.manaus.am.gov.br\/semcom\/wp-json\/wp\/v2\/media?parent=254791"}],"wp:term":[{"taxonomy":"category","embeddable":true,"href":"https:\/\/www.manaus.am.gov.br\/semcom\/wp-json\/wp\/v2\/categories?post=254791"},{"taxonomy":"post_tag","embeddable":true,"href":"https:\/\/www.manaus.am.gov.br\/semcom\/wp-json\/wp\/v2\/tags?post=254791"}],"curies":[{"name":"wp","href":"https:\/\/api.w.org\/{rel}","templated":true}]}}