{"id":254777,"date":"2026-03-16T18:21:16","date_gmt":"2026-03-16T22:21:16","guid":{"rendered":"https:\/\/www.manaus.am.gov.br\/semcom\/entrega-ubs-movel\/"},"modified":"2026-03-17T12:05:13","modified_gmt":"2026-03-17T15:05:13","slug":"entrega-ubs-movel","status":"publish","type":"post","link":"https:\/\/www.manaus.am.gov.br\/semcom\/entrega-ubs-movel\/","title":{"rendered":"David Almeida entrega UBS M\u00f3vel e amplia acesso \u00e0 sa\u00fade b\u00e1sica em \u00e1reas vulner\u00e1veis"},"content":{"rendered":"\n<p>O prefeito de Manaus, David Almeida, entregou, nesta segunda-feira, 16\/3, uma Unidade B\u00e1sica de Sa\u00fade M\u00f3vel (UBSM). O novo equipamento vai levar atendimento da aten\u00e7\u00e3o prim\u00e1ria a bairros com dificuldade de acesso \u00e0s unidades fixas ou que enfrentam vazios assistenciais. A estrutura come\u00e7ou a funcionar no bairro Col\u00f4nia Oliveira Machado, zona Sul da capital.<\/p>\n\n\n\n<p>Com capacidade para realizar aproximadamente 2.400 procedimentos por m\u00eas, a unidade funcionar\u00e1 de segunda a sexta-feira, das 7h \u00e0s 17h, ofertando praticamente toda a carteira de servi\u00e7os da aten\u00e7\u00e3o prim\u00e1ria. Entre os atendimentos est\u00e3o consultas m\u00e9dicas e de enfermagem, pr\u00e9-natal, vacina\u00e7\u00e3o, coleta de exames laboratoriais, testes r\u00e1pidos para HIV, s\u00edfilis e hepatites, acompanhamento de hipertensos e diab\u00e9ticos e dispensa\u00e7\u00e3o de medicamentos.<\/p>\n\n\n<div class=\"wp-block-image\">\n<figure class=\"aligncenter size-full\"><img loading=\"lazy\" decoding=\"async\" width=\"799\" height=\"533\" src=\"https:\/\/www.manaus.am.gov.br\/semcom\/wp-content\/uploads\/sites\/5\/2026\/03\/Prefeito-UBS-Movel-3.jpeg\" alt=\"\" class=\"wp-image-254779\" srcset=\"https:\/\/www.manaus.am.gov.br\/semcom\/wp-content\/uploads\/sites\/5\/2026\/03\/Prefeito-UBS-Movel-3.jpeg 799w, https:\/\/www.manaus.am.gov.br\/semcom\/wp-content\/uploads\/sites\/5\/2026\/03\/Prefeito-UBS-Movel-3-300x200.jpeg 300w, https:\/\/www.manaus.am.gov.br\/semcom\/wp-content\/uploads\/sites\/5\/2026\/03\/Prefeito-UBS-Movel-3-768x512.jpeg 768w\" sizes=\"(max-width: 799px) 100vw, 799px\" \/><figcaption class=\"wp-element-caption\">#paratodosverem &#8211; equipe da UBS M\u00f3vel com o prefeito e o Z\u00e9 Gotinha<\/figcaption><\/figure><\/div>\n\n\n<p>Durante a entrega, o prefeito David Almeida destacou que a nova estrutura refor\u00e7a a estrat\u00e9gia da gest\u00e3o municipal de ampliar o acesso da popula\u00e7\u00e3o \u00e0 sa\u00fade b\u00e1sica. \u201cEssa unidade chega exatamente para atender \u00e1reas onde existe vazio assistencial ou onde uma unidade esteja em reforma. Aqui no Col\u00f4nia Oliveira Machado, por exemplo, a UBS do bairro est\u00e1 passando por obras e essa unidade vem para garantir que a popula\u00e7\u00e3o n\u00e3o fique sem atendimento\u201d, afirmou o chefe do Executivo municipal.<\/p>\n\n\n\n<p>David Almeida tamb\u00e9m ressaltou que a estrutura da unidade \u00e9 preparada para oferecer atendimento completo, semelhante ao de uma unidade fixa. \u201cEsta unidade atende a todas as especifica\u00e7\u00f5es do Minist\u00e9rio da Sa\u00fade. Aqui, a popula\u00e7\u00e3o encontra praticamente toda a carteira de servi\u00e7os da aten\u00e7\u00e3o prim\u00e1ria, com consultas, exames, vacina\u00e7\u00e3o e farm\u00e1cia com dispensa\u00e7\u00e3o de medicamentos. \u00c9 mais um avan\u00e7o nos investimentos da<a href=\"https:\/\/www.instagram.com\/prefeiturademanaus\/\"> Prefeitura de Manau<\/a>s na sa\u00fade b\u00e1sica\u201d, disse.<\/p>\n\n\n\n<p>A secret\u00e1ria municipal de Sa\u00fade, Shadia Fraxe, explicou que a nova estrutura fortalece o programa de sa\u00fade itinerante do munic\u00edpio e amplia a capacidade de atendimento da rede. \u201cEsta unidade vem para aproximar o atendimento das pessoas que vivem em \u00e1reas de maior vulnerabilidade ou com dificuldade de acesso \u00e0s unidades f\u00edsicas. Aqui, oferecemos praticamente todos os servi\u00e7os da aten\u00e7\u00e3o prim\u00e1ria, com consultas m\u00e9dicas, consulta de enfermagem, vacina\u00e7\u00e3o, coleta de exames, testes r\u00e1pidos e acompanhamento de diversas condi\u00e7\u00f5es de sa\u00fade\u201d, destacou.<\/p>\n\n\n\n<p>Segundo a secret\u00e1ria, a estrutura tamb\u00e9m amplia a estrat\u00e9gia de unidades m\u00f3veis implantada pela Secretaria Municipal de Sa\u00fade <a href=\"https:\/\/www.manaus.am.gov.br\/\">(Semsa<\/a>). \u201cJ\u00e1 contamos com cinco unidades m\u00f3veis voltadas \u00e0 sa\u00fade da mulher e uma unidade odontol\u00f3gica m\u00f3vel. Agora, ampliamos esse modelo com uma unidade que atende o p\u00fablico em geral e que poder\u00e1 atuar em diferentes territ\u00f3rios da cidade, de acordo com as necessidades assistenciais\u201d, completou.<\/p>\n\n\n\n<p>A UBS m\u00f3vel possui dois consult\u00f3rios cl\u00ednicos, sala de imuniza\u00e7\u00e3o, sala de dispensa\u00e7\u00e3o de medicamentos, \u00e1rea de espera, banheiro, copa e espa\u00e7o para armazenamento de materiais. A equipe \u00e9 formada por nove profissionais, incluindo m\u00e9dico cl\u00ednico geral, enfermeiro, t\u00e9cnicos de enfermagem, t\u00e9cnicos em patologia cl\u00ednica, farmac\u00eautico e equipe administrativa. Segundo a chefe do N\u00facleo de Programas de Sa\u00fade M\u00f3vel, Meliza Souza, o atendimento \u00e9 destinado a todos os p\u00fablicos.<\/p>\n\n\n\n<p>\u201cNossos atendimentos contemplam todos os programas realizados na aten\u00e7\u00e3o prim\u00e1ria \u00e0 sa\u00fade. Vai atender crian\u00e7as, adolescentes, mulheres, homens, trans, idosos. Todo esse n\u00facleo de pessoas vai ter acesso ao nosso atendimento\u201d, disse.<\/p>\n\n\n\n<p>Para os moradores do bairro, a chegada da UBS m\u00f3vel representa um refor\u00e7o importante no atendimento de sa\u00fade, enquanto a unidade fixa da regi\u00e3o passa por reforma. \u00c9 o que afirma a conselheira local de sa\u00fade e moradora do local, Tati Bezerra. \u201c\u00c9 uma UBS m\u00f3vel, como se fosse uma UBS na nossa \u00e1rea, e isso \u00e9 muito importante para a nossa comunidade\u201d, destacou.<\/p>\n\n\n<div class=\"wp-block-image\">\n<figure class=\"aligncenter size-full\"><img loading=\"lazy\" decoding=\"async\" width=\"799\" height=\"533\" src=\"https:\/\/www.manaus.am.gov.br\/semcom\/wp-content\/uploads\/sites\/5\/2026\/03\/Prefeito-UBS-Movel-1.jpeg\" alt=\"\" class=\"wp-image-254778\" srcset=\"https:\/\/www.manaus.am.gov.br\/semcom\/wp-content\/uploads\/sites\/5\/2026\/03\/Prefeito-UBS-Movel-1.jpeg 799w, https:\/\/www.manaus.am.gov.br\/semcom\/wp-content\/uploads\/sites\/5\/2026\/03\/Prefeito-UBS-Movel-1-300x200.jpeg 300w, https:\/\/www.manaus.am.gov.br\/semcom\/wp-content\/uploads\/sites\/5\/2026\/03\/Prefeito-UBS-Movel-1-768x512.jpeg 768w\" sizes=\"(max-width: 799px) 100vw, 799px\" \/><figcaption class=\"wp-element-caption\">#paratodosverem &#8211; a moradora aprovou a iniciativa<\/figcaption><\/figure><\/div>\n\n\n<p><strong>Amplia\u00e7\u00e3o da cobertura<\/strong><\/p>\n\n\n\n<p>Desde 2021, a Prefeitura de Manaus tem ampliado de forma significativa a cobertura da aten\u00e7\u00e3o prim\u00e1ria na cidade. \u201cQuando assumimos a prefeitura, Manaus tinha apenas 47% de cobertura de aten\u00e7\u00e3o prim\u00e1ria. Hoje, j\u00e1 chegamos a 92%. Praticamente dobramos a cobertura e seguimos investindo para garantir atendimento cada vez mais pr\u00f3ximo e resolutivo para a popula\u00e7\u00e3o\u201d, destacou David Almeida.<\/p>\n\n\n\n<p>Al\u00e9m da nova UBS m\u00f3vel, a rede municipal conta com cinco unidades m\u00f3veis voltadas \u00e0 sa\u00fade da mulher e uma unidade odontol\u00f3gica m\u00f3vel, ampliando o atendimento itinerante em diferentes regi\u00f5es da cidade.<\/p>\n\n\n\n<p>&#8212; &#8212; &#8212;<\/p>\n\n\n\n<p><strong>Texto<\/strong> &#8211; Emanuelle Baires \/ Semcom-Prefeito e Divulga\u00e7\u00e3o \/ Semsa<\/p>\n\n\n\n<p><strong>Fotos<\/strong> &#8211; Dhyeizo Lemos \/ Semcom-Prefeito<\/p>\n\n\n\n<p><strong>Dispon\u00edveis em &#8211;<\/strong> <a href=\"https:\/\/www.flickr.com\/gp\/prefeiturademanaus\/U2z5CTJ20Q\">https:\/\/www.flickr.com\/gp\/prefeiturademanaus\/U2z5CTJ20Q<\/a><\/p>\n","protected":false},"excerpt":{"rendered":"","protected":false},"author":61,"featured_media":254780,"comment_status":"closed","ping_status":"closed","sticky":false,"template":"","format":"standard","meta":{"footnotes":""},"categories":[42],"tags":[35,77,162,1807],"acf":[],"yoast_head":"<!-- This site is optimized with the Yoast SEO plugin v23.0 - https:\/\/yoast.com\/wordpress\/plugins\/seo\/ -->\n<title>David Almeida entrega UBS M\u00f3vel e amplia acesso \u00e0 sa\u00fade b\u00e1sica em \u00e1reas vulner\u00e1veis<\/title>\n<meta name=\"description\" content=\"O prefeito de Manaus, David Almeida, entregou, nesta segunda-feira, 16\/3, uma Unidade B\u00e1sica de Sa\u00fade M\u00f3vel (UBSM).\" \/>\n<meta name=\"robots\" content=\"index, follow, max-snippet:-1, max-image-preview:large, max-video-preview:-1\" \/>\n<link rel=\"canonical\" href=\"https:\/\/www.manaus.am.gov.br\/semcom\/entrega-ubs-movel\/\" \/>\n<meta property=\"og:locale\" content=\"pt_BR\" \/>\n<meta property=\"og:type\" content=\"article\" \/>\n<meta property=\"og:title\" content=\"David Almeida entrega UBS M\u00f3vel e amplia acesso \u00e0 sa\u00fade b\u00e1sica em \u00e1reas vulner\u00e1veis\" \/>\n<meta property=\"og:description\" content=\"O prefeito de Manaus, David Almeida, entregou, nesta segunda-feira, 16\/3, uma Unidade B\u00e1sica de Sa\u00fade M\u00f3vel (UBSM).\" \/>\n<meta property=\"og:url\" content=\"https:\/\/www.manaus.am.gov.br\/semcom\/entrega-ubs-movel\/\" \/>\n<meta property=\"og:site_name\" content=\"SEMCOM\" \/>\n<meta property=\"article:published_time\" content=\"2026-03-16T22:21:16+00:00\" \/>\n<meta property=\"article:modified_time\" content=\"2026-03-17T15:05:13+00:00\" \/>\n<meta property=\"og:image\" content=\"https:\/\/www.manaus.am.gov.br\/semcom\/wp-content\/uploads\/sites\/5\/2026\/03\/Prefeito-UBS-Movel-4.jpeg\" \/>\n\t<meta property=\"og:image:width\" content=\"799\" \/>\n\t<meta property=\"og:image:height\" content=\"533\" \/>\n\t<meta property=\"og:image:type\" content=\"image\/jpeg\" \/>\n<meta name=\"author\" content=\"smonteiro\" \/>\n<meta name=\"twitter:card\" content=\"summary_large_image\" \/>\n<meta name=\"twitter:label1\" content=\"Written by\" \/>\n\t<meta name=\"twitter:data1\" content=\"smonteiro\" \/>\n\t<meta name=\"twitter:label2\" content=\"Est. reading time\" \/>\n\t<meta name=\"twitter:data2\" content=\"5 minutos\" \/>\n<script type=\"application\/ld+json\" class=\"yoast-schema-graph\">{\"@context\":\"https:\/\/schema.org\",\"@graph\":[{\"@type\":\"WebPage\",\"@id\":\"https:\/\/www.manaus.am.gov.br\/semcom\/entrega-ubs-movel\/\",\"url\":\"https:\/\/www.manaus.am.gov.br\/semcom\/entrega-ubs-movel\/\",\"name\":\"David Almeida entrega UBS M\u00f3vel e amplia acesso \u00e0 sa\u00fade b\u00e1sica em \u00e1reas vulner\u00e1veis\",\"isPartOf\":{\"@id\":\"https:\/\/www.manaus.am.gov.br\/semcom\/#website\"},\"primaryImageOfPage\":{\"@id\":\"https:\/\/www.manaus.am.gov.br\/semcom\/entrega-ubs-movel\/#primaryimage\"},\"image\":{\"@id\":\"https:\/\/www.manaus.am.gov.br\/semcom\/entrega-ubs-movel\/#primaryimage\"},\"thumbnailUrl\":\"https:\/\/www.manaus.am.gov.br\/semcom\/wp-content\/uploads\/sites\/5\/2026\/03\/Prefeito-UBS-Movel-4.jpeg\",\"datePublished\":\"2026-03-16T22:21:16+00:00\",\"dateModified\":\"2026-03-17T15:05:13+00:00\",\"author\":{\"@id\":\"https:\/\/www.manaus.am.gov.br\/semcom\/#\/schema\/person\/ab4dcf766a54dff74e8d267f5c591961\"},\"description\":\"O prefeito de Manaus, David Almeida, entregou, nesta segunda-feira, 16\/3, uma Unidade B\u00e1sica de Sa\u00fade M\u00f3vel (UBSM).\",\"inLanguage\":\"pt-BR\",\"potentialAction\":[{\"@type\":\"ReadAction\",\"target\":[\"https:\/\/www.manaus.am.gov.br\/semcom\/entrega-ubs-movel\/\"]}]},{\"@type\":\"ImageObject\",\"inLanguage\":\"pt-BR\",\"@id\":\"https:\/\/www.manaus.am.gov.br\/semcom\/entrega-ubs-movel\/#primaryimage\",\"url\":\"https:\/\/www.manaus.am.gov.br\/semcom\/wp-content\/uploads\/sites\/5\/2026\/03\/Prefeito-UBS-Movel-4.jpeg\",\"contentUrl\":\"https:\/\/www.manaus.am.gov.br\/semcom\/wp-content\/uploads\/sites\/5\/2026\/03\/Prefeito-UBS-Movel-4.jpeg\",\"width\":799,\"height\":533,\"caption\":\"#paratodosverem - prefeito David Almeida entrega a UBS M\u00f3vel\"},{\"@type\":\"WebSite\",\"@id\":\"https:\/\/www.manaus.am.gov.br\/semcom\/#website\",\"url\":\"https:\/\/www.manaus.am.gov.br\/semcom\/\",\"name\":\"SEMCOM\",\"description\":\"Secretaria Municipal de Comunica\u00e7\u00e3o\",\"potentialAction\":[{\"@type\":\"SearchAction\",\"target\":{\"@type\":\"EntryPoint\",\"urlTemplate\":\"https:\/\/www.manaus.am.gov.br\/semcom\/?s={search_term_string}\"},\"query-input\":\"required name=search_term_string\"}],\"inLanguage\":\"pt-BR\"},{\"@type\":\"Person\",\"@id\":\"https:\/\/www.manaus.am.gov.br\/semcom\/#\/schema\/person\/ab4dcf766a54dff74e8d267f5c591961\",\"name\":\"smonteiro\",\"image\":{\"@type\":\"ImageObject\",\"inLanguage\":\"pt-BR\",\"@id\":\"https:\/\/www.manaus.am.gov.br\/semcom\/#\/schema\/person\/image\/\",\"url\":\"https:\/\/secure.gravatar.com\/avatar\/21c8776ef61d9272c73322052e042d77?s=96&d=mm&r=g\",\"contentUrl\":\"https:\/\/secure.gravatar.com\/avatar\/21c8776ef61d9272c73322052e042d77?s=96&d=mm&r=g\",\"caption\":\"smonteiro\"}}]}<\/script>\n<!-- \/ Yoast SEO plugin. -->","yoast_head_json":{"title":"David Almeida entrega UBS M\u00f3vel e amplia acesso \u00e0 sa\u00fade b\u00e1sica em \u00e1reas vulner\u00e1veis","description":"O prefeito de Manaus, David Almeida, entregou, nesta segunda-feira, 16\/3, uma Unidade B\u00e1sica de Sa\u00fade M\u00f3vel (UBSM).","robots":{"index":"index","follow":"follow","max-snippet":"max-snippet:-1","max-image-preview":"max-image-preview:large","max-video-preview":"max-video-preview:-1"},"canonical":"https:\/\/www.manaus.am.gov.br\/semcom\/entrega-ubs-movel\/","og_locale":"pt_BR","og_type":"article","og_title":"David Almeida entrega UBS M\u00f3vel e amplia acesso \u00e0 sa\u00fade b\u00e1sica em \u00e1reas vulner\u00e1veis","og_description":"O prefeito de Manaus, David Almeida, entregou, nesta segunda-feira, 16\/3, uma Unidade B\u00e1sica de Sa\u00fade M\u00f3vel (UBSM).","og_url":"https:\/\/www.manaus.am.gov.br\/semcom\/entrega-ubs-movel\/","og_site_name":"SEMCOM","article_published_time":"2026-03-16T22:21:16+00:00","article_modified_time":"2026-03-17T15:05:13+00:00","og_image":[{"width":799,"height":533,"url":"https:\/\/www.manaus.am.gov.br\/semcom\/wp-content\/uploads\/sites\/5\/2026\/03\/Prefeito-UBS-Movel-4.jpeg","type":"image\/jpeg"}],"author":"smonteiro","twitter_card":"summary_large_image","twitter_misc":{"Written by":"smonteiro","Est. reading time":"5 minutos"},"schema":{"@context":"https:\/\/schema.org","@graph":[{"@type":"WebPage","@id":"https:\/\/www.manaus.am.gov.br\/semcom\/entrega-ubs-movel\/","url":"https:\/\/www.manaus.am.gov.br\/semcom\/entrega-ubs-movel\/","name":"David Almeida entrega UBS M\u00f3vel e amplia acesso \u00e0 sa\u00fade b\u00e1sica em \u00e1reas vulner\u00e1veis","isPartOf":{"@id":"https:\/\/www.manaus.am.gov.br\/semcom\/#website"},"primaryImageOfPage":{"@id":"https:\/\/www.manaus.am.gov.br\/semcom\/entrega-ubs-movel\/#primaryimage"},"image":{"@id":"https:\/\/www.manaus.am.gov.br\/semcom\/entrega-ubs-movel\/#primaryimage"},"thumbnailUrl":"https:\/\/www.manaus.am.gov.br\/semcom\/wp-content\/uploads\/sites\/5\/2026\/03\/Prefeito-UBS-Movel-4.jpeg","datePublished":"2026-03-16T22:21:16+00:00","dateModified":"2026-03-17T15:05:13+00:00","author":{"@id":"https:\/\/www.manaus.am.gov.br\/semcom\/#\/schema\/person\/ab4dcf766a54dff74e8d267f5c591961"},"description":"O prefeito de Manaus, David Almeida, entregou, nesta segunda-feira, 16\/3, uma Unidade B\u00e1sica de Sa\u00fade M\u00f3vel (UBSM).","inLanguage":"pt-BR","potentialAction":[{"@type":"ReadAction","target":["https:\/\/www.manaus.am.gov.br\/semcom\/entrega-ubs-movel\/"]}]},{"@type":"ImageObject","inLanguage":"pt-BR","@id":"https:\/\/www.manaus.am.gov.br\/semcom\/entrega-ubs-movel\/#primaryimage","url":"https:\/\/www.manaus.am.gov.br\/semcom\/wp-content\/uploads\/sites\/5\/2026\/03\/Prefeito-UBS-Movel-4.jpeg","contentUrl":"https:\/\/www.manaus.am.gov.br\/semcom\/wp-content\/uploads\/sites\/5\/2026\/03\/Prefeito-UBS-Movel-4.jpeg","width":799,"height":533,"caption":"#paratodosverem - prefeito David Almeida entrega a UBS M\u00f3vel"},{"@type":"WebSite","@id":"https:\/\/www.manaus.am.gov.br\/semcom\/#website","url":"https:\/\/www.manaus.am.gov.br\/semcom\/","name":"SEMCOM","description":"Secretaria Municipal de Comunica\u00e7\u00e3o","potentialAction":[{"@type":"SearchAction","target":{"@type":"EntryPoint","urlTemplate":"https:\/\/www.manaus.am.gov.br\/semcom\/?s={search_term_string}"},"query-input":"required name=search_term_string"}],"inLanguage":"pt-BR"},{"@type":"Person","@id":"https:\/\/www.manaus.am.gov.br\/semcom\/#\/schema\/person\/ab4dcf766a54dff74e8d267f5c591961","name":"smonteiro","image":{"@type":"ImageObject","inLanguage":"pt-BR","@id":"https:\/\/www.manaus.am.gov.br\/semcom\/#\/schema\/person\/image\/","url":"https:\/\/secure.gravatar.com\/avatar\/21c8776ef61d9272c73322052e042d77?s=96&d=mm&r=g","contentUrl":"https:\/\/secure.gravatar.com\/avatar\/21c8776ef61d9272c73322052e042d77?s=96&d=mm&r=g","caption":"smonteiro"}}]}},"_links":{"self":[{"href":"https:\/\/www.manaus.am.gov.br\/semcom\/wp-json\/wp\/v2\/posts\/254777"}],"collection":[{"href":"https:\/\/www.manaus.am.gov.br\/semcom\/wp-json\/wp\/v2\/posts"}],"about":[{"href":"https:\/\/www.manaus.am.gov.br\/semcom\/wp-json\/wp\/v2\/types\/post"}],"author":[{"embeddable":true,"href":"https:\/\/www.manaus.am.gov.br\/semcom\/wp-json\/wp\/v2\/users\/61"}],"replies":[{"embeddable":true,"href":"https:\/\/www.manaus.am.gov.br\/semcom\/wp-json\/wp\/v2\/comments?post=254777"}],"version-history":[{"count":5,"href":"https:\/\/www.manaus.am.gov.br\/semcom\/wp-json\/wp\/v2\/posts\/254777\/revisions"}],"predecessor-version":[{"id":254804,"href":"https:\/\/www.manaus.am.gov.br\/semcom\/wp-json\/wp\/v2\/posts\/254777\/revisions\/254804"}],"wp:featuredmedia":[{"embeddable":true,"href":"https:\/\/www.manaus.am.gov.br\/semcom\/wp-json\/wp\/v2\/media\/254780"}],"wp:attachment":[{"href":"https:\/\/www.manaus.am.gov.br\/semcom\/wp-json\/wp\/v2\/media?parent=254777"}],"wp:term":[{"taxonomy":"category","embeddable":true,"href":"https:\/\/www.manaus.am.gov.br\/semcom\/wp-json\/wp\/v2\/categories?post=254777"},{"taxonomy":"post_tag","embeddable":true,"href":"https:\/\/www.manaus.am.gov.br\/semcom\/wp-json\/wp\/v2\/tags?post=254777"}],"curies":[{"name":"wp","href":"https:\/\/api.w.org\/{rel}","templated":true}]}}