{"id":254744,"date":"2026-03-16T15:06:47","date_gmt":"2026-03-16T18:06:47","guid":{"rendered":"https:\/\/www.manaus.am.gov.br\/semcom\/prefeitura-semed-municipiadas-2\/"},"modified":"2026-03-16T15:18:18","modified_gmt":"2026-03-16T18:18:18","slug":"prefeitura-semed-27a-municipiadas-2","status":"publish","type":"post","link":"https:\/\/www.manaus.am.gov.br\/semcom\/prefeitura-semed-27a-municipiadas-2\/","title":{"rendered":"Prefeitura de Manaus inicia seletivas da 27\u00aa\u00a0Municip\u00edadas\u00a0da rede municipal de educa\u00e7\u00e3o"},"content":{"rendered":"\n<p>A <a href=\"https:\/\/www.manaus.am.gov.br\/\">Prefeitura de Manaus<\/a>, iniciou, nesta segunda-feira, 16\/3, as seletivas para a 27\u00aa\u00a0Municip\u00edadas\u00a0da <a href=\"https:\/\/www.instagram.com\/semedmanaus\/\">Secretaria Municipal de Educa\u00e7\u00e3o<\/a> (Semed). A a\u00e7\u00e3o come\u00e7ou pela Divis\u00e3o Distrital Zonal (DDZ) Norte, na escola municipal Anna\u00a0Raymunda\u00a0de Mattos Pereira Gadelha, localizada no bairro Santa Etelvina. O evento ocorre de mar\u00e7o a maio de 2026, integra o calend\u00e1rio esportivo-educacional e mobiliza toda a rede municipal de ensino.\u00a0\u00a0<\/p>\n\n\n\n<p>Coordenada pela Divis\u00e3o de Esporte Divis\u00e3o de Apoio \u00e0 Gest\u00e3o Escolar (Dage), por meio da Coordena\u00e7\u00e3o de Esportes (Coordesp), a iniciativa tem como objetivo incentivar a pr\u00e1tica do esporte escolar, promover a integra\u00e7\u00e3o entre os estudantes e selecionar as equipes e os estudantes-atletas que participar\u00e3o da etapa principal da competi\u00e7\u00e3o. A a\u00e7\u00e3o tamb\u00e9m busca fortalecer o car\u00e1ter pedag\u00f3gico do desporto escolar, estimulando valores como respeito, coopera\u00e7\u00e3o, disciplina, autonomia e esp\u00edrito de equipe.&nbsp;&nbsp;<\/p>\n\n\n\n<p>As seletivas para a 27\u00aa\u00a0Municip\u00edadas ser\u00e3o realizadas nas Divis\u00f5es Distritais Zonais (DDZs) e contemplar\u00e3o quatro modalidades esportivas: atletismo, futsal, handebol e voleibol. O cronograma ser\u00e1 executado de forma descentralizada, garantindo a participa\u00e7\u00e3o das escolas de todas as\u00a0DDZs\u00a0da rede municipal de ensino, obedecendo ao seguinte calend\u00e1rio: DDZ Norte, de 16 a 24 de mar\u00e7o; DDZ Leste 1, de 25 de mar\u00e7o a 3 de abril; DDZ Sul, de 6 a 14 de abril; DDZ Centro-Sul, de 15 a 24 de abril; DDZ Leste 2, de 27 de abril a 7 de maio; e DDZ Oeste, de 8 a 15 de maio.\u00a0\u00a0<\/p>\n\n\n\n<p>O coordenador de Educa\u00e7\u00e3o F\u00edsica da DDZ Norte, Nildemar Oliveira, enfatizou que a divis\u00e3o \u00e9 a que possui o maior n\u00famero de inscri\u00e7\u00f5es e ressaltou que a iniciativa proporciona diversas experi\u00eancias positivas aos estudantes.&nbsp;&nbsp;<\/p>\n\n\n\n<p>\u201cHoje, iniciamos os terceiros Jogos da DDZ Norte, que correspondem \u00e0 fase seletiva das&nbsp;Municip\u00edadas. A nossa divis\u00e3o \u00e9 a que tem o maior n\u00famero de inscri\u00e7\u00f5es, o que possibilita aos alunos participarem de eventos esportivos, ampliando sua experi\u00eancia, viv\u00eancia em grupo e o trabalho coletivo. At\u00e9 o dia 24 de mar\u00e7o, realizaremos o evento com jogos nos turnos matutino e vespertino. Ficamos muito felizes com a participa\u00e7\u00e3o em massa dos estudantes. Tivemos 158 inscri\u00e7\u00f5es, um n\u00famero expressivo, sendo uma das maiores&nbsp;Municip\u00edadas&nbsp;j\u00e1 realizadas\u201d, declarou Nildemar.&nbsp;&nbsp;<\/p>\n\n\n\n<p>&nbsp;As escolas municipais Gilberto Rodrigues, S\u00edlvia Helena Bonetti e o Centro Integrado Municipal de Ensino (Cime) Dra. Viviane Estrela Marques&nbsp;Rodella, que fazem parte da DDZ Norte, participaram das seletivas.&nbsp;&nbsp;<\/p>\n\n\n\n<p>De acordo com a professora de educa\u00e7\u00e3o f\u00edsica da escola municipal Gilberto Rodrigues, Lorena Miller, a prepara\u00e7\u00e3o dos alunos ocorre de forma intensa.&nbsp;&nbsp;\u201cA nossa prepara\u00e7\u00e3o \u00e9 bem \u00e1rdua e, gra\u00e7as a Deus, temos o apoio do gestor da escola. Muitas vezes, nos hor\u00e1rios vagos, n\u00f3s nos dedicamos a treinar as crian\u00e7as. Tamb\u00e9m realizamos treinos aos s\u00e1bados, quando elas podem participar. Aproveitamos todo o tempo dispon\u00edvel para trein\u00e1-las da melhor maneira poss\u00edvel.<\/p>\n\n\n\n<p>Estamos aqui com a categoria mirim, composta por crian\u00e7as muito novas. Entendemos o nervosismo e a ansiedade desse momento, por isso fazemos o m\u00e1ximo de simula\u00e7\u00f5es de jogos para que elas venham preparadas para as competi\u00e7\u00f5es\u201d, informou Lorena.<\/p>\n\n\n\n<p>&nbsp;\u201cEsperamos conquistar esse t\u00edtulo para a nossa escola. Eu me acho bem-preparada, treinei bastante e estou confiante\u201d, disse a aluna&nbsp;Ritha&nbsp;Juliana Costa, 10, do 5\u00ba ano da escola municipal Professora S\u00edlvia Helena Bonetti.<\/p>\n\n\n\n<p><strong>Sobre as&nbsp;Municip\u00edadas&nbsp;&nbsp;<\/strong><\/p>\n\n\n\n<p>As&nbsp;Municip\u00edadas&nbsp;fazem parte do calend\u00e1rio anual da&nbsp;Semed&nbsp;e se consolidaram como um dos maiores eventos esportivos escolares do munic\u00edpio e do Estado do Amazonas, envolvendo milhares de estudantes e toda a comunidade escolar. As seletivas representam a primeira etapa desse processo, promovendo momentos de conviv\u00eancia, aprendizagem e integra\u00e7\u00e3o entre as escolas, reafirmando o compromisso da educa\u00e7\u00e3o municipal com a forma\u00e7\u00e3o integral dos estudantes por meio do esporte.&nbsp;&nbsp;<\/p>\n\n\n\n<p>&nbsp;&#8212; &#8212; &#8212;<\/p>\n\n\n\n<p><strong>Texto<\/strong>&nbsp;&#8211; Jorgiane&nbsp;Castinares\/&nbsp;Semed&nbsp;&nbsp;<\/p>\n\n\n\n<p><strong>Foto<\/strong>&nbsp;&#8211; Divulga\u00e7\u00e3o\/&nbsp;Semed&nbsp;<\/p>\n","protected":false},"excerpt":{"rendered":"","protected":false},"author":23,"featured_media":254745,"comment_status":"closed","ping_status":"closed","sticky":false,"template":"","format":"standard","meta":{"footnotes":""},"categories":[49],"tags":[19766,9302,4341,77,14477,62],"acf":[],"yoast_head":"<!-- This site is optimized with the Yoast SEO plugin v23.0 - https:\/\/yoast.com\/wordpress\/plugins\/seo\/ -->\n<title>27\u00aa Municip\u00edadas da rede municipal de educa\u00e7\u00e3o<\/title>\n<meta name=\"description\" content=\"A Prefeitura de Manaus, iniciou, nesta segunda-feira, 16\/3, as seletivas para a 27\u00aa Municip\u00edadas da Secretaria Municipal de Educa\u00e7\u00e3o (Semed). A a\u00e7\u00e3o come\u00e7ou pela Divis\u00e3o Distrital Zonal (DDZ) Norte, na escola municipal Anna Raymunda de Mattos Pereira Gadelha, localizada no bairro Santa Etelvina. O evento ocorre de mar\u00e7o a maio de 2026, integra o calend\u00e1rio esportivo-educacional e mobiliza toda a rede municipal de ensino.\" \/>\n<meta name=\"robots\" content=\"index, follow, max-snippet:-1, max-image-preview:large, max-video-preview:-1\" \/>\n<link rel=\"canonical\" href=\"https:\/\/www.manaus.am.gov.br\/semcom\/prefeitura-semed-27a-municipiadas-2\/\" \/>\n<meta property=\"og:locale\" content=\"pt_BR\" \/>\n<meta property=\"og:type\" content=\"article\" \/>\n<meta property=\"og:title\" content=\"27\u00aa Municip\u00edadas da rede municipal de educa\u00e7\u00e3o\" \/>\n<meta property=\"og:description\" content=\"A Prefeitura de Manaus, iniciou, nesta segunda-feira, 16\/3, as seletivas para a 27\u00aa Municip\u00edadas da Secretaria Municipal de Educa\u00e7\u00e3o (Semed). A a\u00e7\u00e3o come\u00e7ou pela Divis\u00e3o Distrital Zonal (DDZ) Norte, na escola municipal Anna Raymunda de Mattos Pereira Gadelha, localizada no bairro Santa Etelvina. O evento ocorre de mar\u00e7o a maio de 2026, integra o calend\u00e1rio esportivo-educacional e mobiliza toda a rede municipal de ensino.\" \/>\n<meta property=\"og:url\" content=\"https:\/\/www.manaus.am.gov.br\/semcom\/prefeitura-semed-27a-municipiadas-2\/\" \/>\n<meta property=\"og:site_name\" content=\"SEMCOM\" \/>\n<meta property=\"article:published_time\" content=\"2026-03-16T18:06:47+00:00\" \/>\n<meta property=\"article:modified_time\" content=\"2026-03-16T18:18:18+00:00\" \/>\n<meta property=\"og:image\" content=\"https:\/\/www.manaus.am.gov.br\/semcom\/wp-content\/uploads\/sites\/5\/2026\/03\/WhatsApp-Image-2026-03-16-at-10.53.43-2.jpeg\" \/>\n\t<meta property=\"og:image:width\" content=\"1280\" \/>\n\t<meta property=\"og:image:height\" content=\"960\" \/>\n\t<meta property=\"og:image:type\" content=\"image\/jpeg\" \/>\n<meta name=\"author\" content=\"Adriana Costa\" \/>\n<meta name=\"twitter:card\" content=\"summary_large_image\" \/>\n<meta name=\"twitter:label1\" content=\"Written by\" \/>\n\t<meta name=\"twitter:data1\" content=\"Adriana Costa\" \/>\n\t<meta name=\"twitter:label2\" content=\"Est. reading time\" \/>\n\t<meta name=\"twitter:data2\" content=\"4 minutos\" \/>\n<script type=\"application\/ld+json\" class=\"yoast-schema-graph\">{\"@context\":\"https:\/\/schema.org\",\"@graph\":[{\"@type\":\"WebPage\",\"@id\":\"https:\/\/www.manaus.am.gov.br\/semcom\/prefeitura-semed-27a-municipiadas-2\/\",\"url\":\"https:\/\/www.manaus.am.gov.br\/semcom\/prefeitura-semed-27a-municipiadas-2\/\",\"name\":\"27\u00aa Municip\u00edadas da rede municipal de educa\u00e7\u00e3o\",\"isPartOf\":{\"@id\":\"https:\/\/www.manaus.am.gov.br\/semcom\/#website\"},\"primaryImageOfPage\":{\"@id\":\"https:\/\/www.manaus.am.gov.br\/semcom\/prefeitura-semed-27a-municipiadas-2\/#primaryimage\"},\"image\":{\"@id\":\"https:\/\/www.manaus.am.gov.br\/semcom\/prefeitura-semed-27a-municipiadas-2\/#primaryimage\"},\"thumbnailUrl\":\"https:\/\/www.manaus.am.gov.br\/semcom\/wp-content\/uploads\/sites\/5\/2026\/03\/WhatsApp-Image-2026-03-16-at-10.53.43-2.jpeg\",\"datePublished\":\"2026-03-16T18:06:47+00:00\",\"dateModified\":\"2026-03-16T18:18:18+00:00\",\"author\":{\"@id\":\"https:\/\/www.manaus.am.gov.br\/semcom\/#\/schema\/person\/4e49f4e267757a06ca072ec61b2b9968\"},\"description\":\"A Prefeitura de Manaus, iniciou, nesta segunda-feira, 16\/3, as seletivas para a 27\u00aa Municip\u00edadas da Secretaria Municipal de Educa\u00e7\u00e3o (Semed). A a\u00e7\u00e3o come\u00e7ou pela Divis\u00e3o Distrital Zonal (DDZ) Norte, na escola municipal Anna Raymunda de Mattos Pereira Gadelha, localizada no bairro Santa Etelvina. O evento ocorre de mar\u00e7o a maio de 2026, integra o calend\u00e1rio esportivo-educacional e mobiliza toda a rede municipal de ensino.\",\"inLanguage\":\"pt-BR\",\"potentialAction\":[{\"@type\":\"ReadAction\",\"target\":[\"https:\/\/www.manaus.am.gov.br\/semcom\/prefeitura-semed-27a-municipiadas-2\/\"]}]},{\"@type\":\"ImageObject\",\"inLanguage\":\"pt-BR\",\"@id\":\"https:\/\/www.manaus.am.gov.br\/semcom\/prefeitura-semed-27a-municipiadas-2\/#primaryimage\",\"url\":\"https:\/\/www.manaus.am.gov.br\/semcom\/wp-content\/uploads\/sites\/5\/2026\/03\/WhatsApp-Image-2026-03-16-at-10.53.43-2.jpeg\",\"contentUrl\":\"https:\/\/www.manaus.am.gov.br\/semcom\/wp-content\/uploads\/sites\/5\/2026\/03\/WhatsApp-Image-2026-03-16-at-10.53.43-2.jpeg\",\"width\":1280,\"height\":960,\"caption\":\"#paratodosverem - Gin\u00e1sio escolar com partida de seletiva para 27\u00aa Municip\u00edadas\"},{\"@type\":\"WebSite\",\"@id\":\"https:\/\/www.manaus.am.gov.br\/semcom\/#website\",\"url\":\"https:\/\/www.manaus.am.gov.br\/semcom\/\",\"name\":\"SEMCOM\",\"description\":\"Secretaria Municipal de Comunica\u00e7\u00e3o\",\"potentialAction\":[{\"@type\":\"SearchAction\",\"target\":{\"@type\":\"EntryPoint\",\"urlTemplate\":\"https:\/\/www.manaus.am.gov.br\/semcom\/?s={search_term_string}\"},\"query-input\":\"required name=search_term_string\"}],\"inLanguage\":\"pt-BR\"},{\"@type\":\"Person\",\"@id\":\"https:\/\/www.manaus.am.gov.br\/semcom\/#\/schema\/person\/4e49f4e267757a06ca072ec61b2b9968\",\"name\":\"Adriana Costa\",\"image\":{\"@type\":\"ImageObject\",\"inLanguage\":\"pt-BR\",\"@id\":\"https:\/\/www.manaus.am.gov.br\/semcom\/#\/schema\/person\/image\/\",\"url\":\"https:\/\/secure.gravatar.com\/avatar\/576258617ef7194f718179e766d57bd4?s=96&d=mm&r=g\",\"contentUrl\":\"https:\/\/secure.gravatar.com\/avatar\/576258617ef7194f718179e766d57bd4?s=96&d=mm&r=g\",\"caption\":\"Adriana Costa\"}}]}<\/script>\n<!-- \/ Yoast SEO plugin. -->","yoast_head_json":{"title":"27\u00aa Municip\u00edadas da rede municipal de educa\u00e7\u00e3o","description":"A Prefeitura de Manaus, iniciou, nesta segunda-feira, 16\/3, as seletivas para a 27\u00aa Municip\u00edadas da Secretaria Municipal de Educa\u00e7\u00e3o (Semed). A a\u00e7\u00e3o come\u00e7ou pela Divis\u00e3o Distrital Zonal (DDZ) Norte, na escola municipal Anna Raymunda de Mattos Pereira Gadelha, localizada no bairro Santa Etelvina. O evento ocorre de mar\u00e7o a maio de 2026, integra o calend\u00e1rio esportivo-educacional e mobiliza toda a rede municipal de ensino.","robots":{"index":"index","follow":"follow","max-snippet":"max-snippet:-1","max-image-preview":"max-image-preview:large","max-video-preview":"max-video-preview:-1"},"canonical":"https:\/\/www.manaus.am.gov.br\/semcom\/prefeitura-semed-27a-municipiadas-2\/","og_locale":"pt_BR","og_type":"article","og_title":"27\u00aa Municip\u00edadas da rede municipal de educa\u00e7\u00e3o","og_description":"A Prefeitura de Manaus, iniciou, nesta segunda-feira, 16\/3, as seletivas para a 27\u00aa Municip\u00edadas da Secretaria Municipal de Educa\u00e7\u00e3o (Semed). A a\u00e7\u00e3o come\u00e7ou pela Divis\u00e3o Distrital Zonal (DDZ) Norte, na escola municipal Anna Raymunda de Mattos Pereira Gadelha, localizada no bairro Santa Etelvina. O evento ocorre de mar\u00e7o a maio de 2026, integra o calend\u00e1rio esportivo-educacional e mobiliza toda a rede municipal de ensino.","og_url":"https:\/\/www.manaus.am.gov.br\/semcom\/prefeitura-semed-27a-municipiadas-2\/","og_site_name":"SEMCOM","article_published_time":"2026-03-16T18:06:47+00:00","article_modified_time":"2026-03-16T18:18:18+00:00","og_image":[{"width":1280,"height":960,"url":"https:\/\/www.manaus.am.gov.br\/semcom\/wp-content\/uploads\/sites\/5\/2026\/03\/WhatsApp-Image-2026-03-16-at-10.53.43-2.jpeg","type":"image\/jpeg"}],"author":"Adriana Costa","twitter_card":"summary_large_image","twitter_misc":{"Written by":"Adriana Costa","Est. reading time":"4 minutos"},"schema":{"@context":"https:\/\/schema.org","@graph":[{"@type":"WebPage","@id":"https:\/\/www.manaus.am.gov.br\/semcom\/prefeitura-semed-27a-municipiadas-2\/","url":"https:\/\/www.manaus.am.gov.br\/semcom\/prefeitura-semed-27a-municipiadas-2\/","name":"27\u00aa Municip\u00edadas da rede municipal de educa\u00e7\u00e3o","isPartOf":{"@id":"https:\/\/www.manaus.am.gov.br\/semcom\/#website"},"primaryImageOfPage":{"@id":"https:\/\/www.manaus.am.gov.br\/semcom\/prefeitura-semed-27a-municipiadas-2\/#primaryimage"},"image":{"@id":"https:\/\/www.manaus.am.gov.br\/semcom\/prefeitura-semed-27a-municipiadas-2\/#primaryimage"},"thumbnailUrl":"https:\/\/www.manaus.am.gov.br\/semcom\/wp-content\/uploads\/sites\/5\/2026\/03\/WhatsApp-Image-2026-03-16-at-10.53.43-2.jpeg","datePublished":"2026-03-16T18:06:47+00:00","dateModified":"2026-03-16T18:18:18+00:00","author":{"@id":"https:\/\/www.manaus.am.gov.br\/semcom\/#\/schema\/person\/4e49f4e267757a06ca072ec61b2b9968"},"description":"A Prefeitura de Manaus, iniciou, nesta segunda-feira, 16\/3, as seletivas para a 27\u00aa Municip\u00edadas da Secretaria Municipal de Educa\u00e7\u00e3o (Semed). A a\u00e7\u00e3o come\u00e7ou pela Divis\u00e3o Distrital Zonal (DDZ) Norte, na escola municipal Anna Raymunda de Mattos Pereira Gadelha, localizada no bairro Santa Etelvina. O evento ocorre de mar\u00e7o a maio de 2026, integra o calend\u00e1rio esportivo-educacional e mobiliza toda a rede municipal de ensino.","inLanguage":"pt-BR","potentialAction":[{"@type":"ReadAction","target":["https:\/\/www.manaus.am.gov.br\/semcom\/prefeitura-semed-27a-municipiadas-2\/"]}]},{"@type":"ImageObject","inLanguage":"pt-BR","@id":"https:\/\/www.manaus.am.gov.br\/semcom\/prefeitura-semed-27a-municipiadas-2\/#primaryimage","url":"https:\/\/www.manaus.am.gov.br\/semcom\/wp-content\/uploads\/sites\/5\/2026\/03\/WhatsApp-Image-2026-03-16-at-10.53.43-2.jpeg","contentUrl":"https:\/\/www.manaus.am.gov.br\/semcom\/wp-content\/uploads\/sites\/5\/2026\/03\/WhatsApp-Image-2026-03-16-at-10.53.43-2.jpeg","width":1280,"height":960,"caption":"#paratodosverem - Gin\u00e1sio escolar com partida de seletiva para 27\u00aa Municip\u00edadas"},{"@type":"WebSite","@id":"https:\/\/www.manaus.am.gov.br\/semcom\/#website","url":"https:\/\/www.manaus.am.gov.br\/semcom\/","name":"SEMCOM","description":"Secretaria Municipal de Comunica\u00e7\u00e3o","potentialAction":[{"@type":"SearchAction","target":{"@type":"EntryPoint","urlTemplate":"https:\/\/www.manaus.am.gov.br\/semcom\/?s={search_term_string}"},"query-input":"required name=search_term_string"}],"inLanguage":"pt-BR"},{"@type":"Person","@id":"https:\/\/www.manaus.am.gov.br\/semcom\/#\/schema\/person\/4e49f4e267757a06ca072ec61b2b9968","name":"Adriana Costa","image":{"@type":"ImageObject","inLanguage":"pt-BR","@id":"https:\/\/www.manaus.am.gov.br\/semcom\/#\/schema\/person\/image\/","url":"https:\/\/secure.gravatar.com\/avatar\/576258617ef7194f718179e766d57bd4?s=96&d=mm&r=g","contentUrl":"https:\/\/secure.gravatar.com\/avatar\/576258617ef7194f718179e766d57bd4?s=96&d=mm&r=g","caption":"Adriana Costa"}}]}},"_links":{"self":[{"href":"https:\/\/www.manaus.am.gov.br\/semcom\/wp-json\/wp\/v2\/posts\/254744"}],"collection":[{"href":"https:\/\/www.manaus.am.gov.br\/semcom\/wp-json\/wp\/v2\/posts"}],"about":[{"href":"https:\/\/www.manaus.am.gov.br\/semcom\/wp-json\/wp\/v2\/types\/post"}],"author":[{"embeddable":true,"href":"https:\/\/www.manaus.am.gov.br\/semcom\/wp-json\/wp\/v2\/users\/23"}],"replies":[{"embeddable":true,"href":"https:\/\/www.manaus.am.gov.br\/semcom\/wp-json\/wp\/v2\/comments?post=254744"}],"version-history":[{"count":1,"href":"https:\/\/www.manaus.am.gov.br\/semcom\/wp-json\/wp\/v2\/posts\/254744\/revisions"}],"predecessor-version":[{"id":254748,"href":"https:\/\/www.manaus.am.gov.br\/semcom\/wp-json\/wp\/v2\/posts\/254744\/revisions\/254748"}],"wp:featuredmedia":[{"embeddable":true,"href":"https:\/\/www.manaus.am.gov.br\/semcom\/wp-json\/wp\/v2\/media\/254745"}],"wp:attachment":[{"href":"https:\/\/www.manaus.am.gov.br\/semcom\/wp-json\/wp\/v2\/media?parent=254744"}],"wp:term":[{"taxonomy":"category","embeddable":true,"href":"https:\/\/www.manaus.am.gov.br\/semcom\/wp-json\/wp\/v2\/categories?post=254744"},{"taxonomy":"post_tag","embeddable":true,"href":"https:\/\/www.manaus.am.gov.br\/semcom\/wp-json\/wp\/v2\/tags?post=254744"}],"curies":[{"name":"wp","href":"https:\/\/api.w.org\/{rel}","templated":true}]}}