{"id":254740,"date":"2026-03-16T14:55:39","date_gmt":"2026-03-16T17:55:39","guid":{"rendered":"https:\/\/www.manaus.am.gov.br\/semcom\/aprovados-no-concurso-educacao\/"},"modified":"2026-03-16T14:55:41","modified_gmt":"2026-03-16T17:55:41","slug":"aprovados-no-concurso-educacao","status":"publish","type":"post","link":"https:\/\/www.manaus.am.gov.br\/semcom\/aprovados-no-concurso-educacao\/","title":{"rendered":"Prefeitura de Manaus inicia\u00a0processo de\u00a0convoca\u00e7\u00e3o\u00a0e\u00a0posse de mil novos servidores da educa\u00e7\u00e3o"},"content":{"rendered":"\n<p>A <a href=\"https:\/\/www.instagram.com\/prefeiturademanaus\/\">Prefeitura de Manaus<\/a> iniciou, nesta segunda-feira, 16\/3, o processo de convoca\u00e7\u00e3o, posse e lota\u00e7\u00e3o de mil candidatos aprovados no concurso p\u00fablico realizado no final de 2025 para a <a href=\"https:\/\/www.manaus.am.gov.br\/semed\/\">Secretaria Municipal de Educa\u00e7\u00e3o (Semed)<\/a>. Os convocados est\u00e3o comparecendo \u00e0 Divis\u00e3o de Desenvolvimento Profissional do Magist\u00e9rio (DDPM), localizada na avenida Macei\u00f3, para a entrega de documentos e orienta\u00e7\u00f5es sobre as pr\u00f3ximas etapas do processo.<\/p>\n\n\n\n<p>A convoca\u00e7\u00e3o foi publicada no Di\u00e1rio Oficial do Munic\u00edpio (DOM) n\u00ba 6.270, que estabelece o cronograma com datas e hor\u00e1rios para que os candidatos se apresentem e realizem os procedimentos necess\u00e1rios para a posse.<\/p>\n\n\n\n<p>O secret\u00e1rio municipal de Educa\u00e7\u00e3o, J\u00fanior Mar, destacou que a chegada dos novos profissionais refor\u00e7a o compromisso da gest\u00e3o municipal com a melhoria da qualidade do ensino na rede p\u00fablica.<\/p>\n\n\n\n<p>\u201cDesde as primeiras horas da manh\u00e3 j\u00e1 estamos recebendo v\u00e1rios novos servidores com a documenta\u00e7\u00e3o. Organizamos todo o espa\u00e7o para acolher cada um, com qualidade e aten\u00e7\u00e3o. Essa turma chega para somar e contribuir com os avan\u00e7os da nossa rede municipal de ensino, que vem alcan\u00e7ando indicadores educacionais cada vez melhores. S\u00e3o mil novos profissionais que passam a integrar a Semed e fortalecer o trabalho desenvolvido na gest\u00e3o do prefeito David Almeida e do vice-prefeito Renato Junior\u201d, completou o secret\u00e1rio.<\/p>\n\n\n\n<p>De acordo com a chefe da Divis\u00e3o de Pessoal da rede municipal de Educa\u00e7\u00e3o, Hellen Souza, o processo foi organizado em etapas para garantir atendimento adequado a todos os convocados.<\/p>\n\n\n\n<p>\u201cNa quinta-feira, foi publicado o decreto de nomea\u00e7\u00e3o e, na sexta-feira, realizamos o acolhimento desses novos servidores, com orienta\u00e7\u00f5es iniciais. Tamb\u00e9m publicamos o edital de convoca\u00e7\u00e3o, que define o dia e o hor\u00e1rio em que cada candidato deve comparecer, considerando o grande n\u00famero de nomeados. Hoje iniciamos os procedimentos de posse, com a confer\u00eancia da documenta\u00e7\u00e3o e orienta\u00e7\u00f5es para a realiza\u00e7\u00e3o dos exames m\u00e9dicos. Ap\u00f3s finalizar essa etapa aqui na DDPM, os servidores seguem para o setor de lota\u00e7\u00e3o, onde v\u00e3o conhecer o local de trabalho\u201d, acrescentou Hellen.<\/p>\n\n\n\n<p>Entre os aprovados, a emo\u00e7\u00e3o marca o in\u00edcio da nova etapa profissional. Judi Carla Melo Cauper, 22, destacou o sentimento de realiza\u00e7\u00e3o ao participar do processo de posse.<\/p>\n\n\n\n<p>\u201cEstou muito feliz, \u00e9 uma emo\u00e7\u00e3o muito grande estar aqui. Eu estava bem nervosa, mas fui muito bem acolhida desde a sexta-feira, quando tivemos as primeiras orienta\u00e7\u00f5es. Hoje tamb\u00e9m fui muito bem atendida. Todos os funcion\u00e1rios foram muito educados e atenciosos, sempre prestando aten\u00e7\u00e3o nos detalhes e ajudando no que era necess\u00e1rio.\u201d<\/p>\n\n\n\n<p>Ap\u00f3s a conclus\u00e3o dos procedimentos de posse e exames m\u00e9dicos, os novos servidores ser\u00e3o encaminhados para as unidades de ensino onde ir\u00e3o atuar, refor\u00e7ando o quadro de profissionais da rede municipal.<\/p>\n\n\n\n<p>&#8212; &#8212; &#8212;<\/p>\n\n\n\n<p><strong>Texto &#8211;<\/strong> Alexandre Abreu \/&nbsp;Semed&nbsp;<\/p>\n\n\n\n<p><strong>Foto &#8211;<\/strong> M\u00e1rio Oliveira \/&nbsp;Semed&nbsp;<\/p>\n","protected":false},"excerpt":{"rendered":"","protected":false},"author":57,"featured_media":254741,"comment_status":"closed","ping_status":"closed","sticky":false,"template":"","format":"standard","meta":{"footnotes":""},"categories":[2911],"tags":[19765,77,62],"acf":[],"yoast_head":"<!-- This site is optimized with the Yoast SEO plugin v23.0 - https:\/\/yoast.com\/wordpress\/plugins\/seo\/ -->\n<title>PMM inicia processo dos aprovados no concurso da educa\u00e7\u00e3o<\/title>\n<meta name=\"description\" content=\"A PMM iniciou o processo de convoca\u00e7\u00e3o, posse e lota\u00e7\u00e3o de mil candidatos aprovados no concurso p\u00fablico realizado para a Semed.\" \/>\n<meta name=\"robots\" content=\"index, follow, max-snippet:-1, max-image-preview:large, max-video-preview:-1\" \/>\n<link rel=\"canonical\" href=\"https:\/\/www.manaus.am.gov.br\/semcom\/aprovados-no-concurso-educacao\/\" \/>\n<meta property=\"og:locale\" content=\"pt_BR\" \/>\n<meta property=\"og:type\" content=\"article\" \/>\n<meta property=\"og:title\" content=\"PMM inicia processo dos aprovados no concurso da educa\u00e7\u00e3o\" \/>\n<meta property=\"og:description\" content=\"A PMM iniciou o processo de convoca\u00e7\u00e3o, posse e lota\u00e7\u00e3o de mil candidatos aprovados no concurso p\u00fablico realizado para a Semed.\" \/>\n<meta property=\"og:url\" content=\"https:\/\/www.manaus.am.gov.br\/semcom\/aprovados-no-concurso-educacao\/\" \/>\n<meta property=\"og:site_name\" content=\"SEMCOM\" \/>\n<meta property=\"article:published_time\" content=\"2026-03-16T17:55:39+00:00\" \/>\n<meta property=\"article:modified_time\" content=\"2026-03-16T17:55:41+00:00\" \/>\n<meta property=\"og:image\" content=\"https:\/\/www.manaus.am.gov.br\/semcom\/wp-content\/uploads\/sites\/5\/2026\/03\/aprovados-no-concurso-2.jpg\" \/>\n\t<meta property=\"og:image:width\" content=\"799\" \/>\n\t<meta property=\"og:image:height\" content=\"533\" \/>\n\t<meta property=\"og:image:type\" content=\"image\/jpeg\" \/>\n<meta name=\"author\" content=\"Thiago Fernando\" \/>\n<meta name=\"twitter:card\" content=\"summary_large_image\" \/>\n<meta name=\"twitter:label1\" content=\"Written by\" \/>\n\t<meta name=\"twitter:data1\" content=\"Thiago Fernando\" \/>\n\t<meta name=\"twitter:label2\" content=\"Est. reading time\" \/>\n\t<meta name=\"twitter:data2\" content=\"3 minutos\" \/>\n<script type=\"application\/ld+json\" class=\"yoast-schema-graph\">{\"@context\":\"https:\/\/schema.org\",\"@graph\":[{\"@type\":\"WebPage\",\"@id\":\"https:\/\/www.manaus.am.gov.br\/semcom\/aprovados-no-concurso-educacao\/\",\"url\":\"https:\/\/www.manaus.am.gov.br\/semcom\/aprovados-no-concurso-educacao\/\",\"name\":\"PMM inicia processo dos aprovados no concurso da educa\u00e7\u00e3o\",\"isPartOf\":{\"@id\":\"https:\/\/www.manaus.am.gov.br\/semcom\/#website\"},\"primaryImageOfPage\":{\"@id\":\"https:\/\/www.manaus.am.gov.br\/semcom\/aprovados-no-concurso-educacao\/#primaryimage\"},\"image\":{\"@id\":\"https:\/\/www.manaus.am.gov.br\/semcom\/aprovados-no-concurso-educacao\/#primaryimage\"},\"thumbnailUrl\":\"https:\/\/www.manaus.am.gov.br\/semcom\/wp-content\/uploads\/sites\/5\/2026\/03\/aprovados-no-concurso-2.jpg\",\"datePublished\":\"2026-03-16T17:55:39+00:00\",\"dateModified\":\"2026-03-16T17:55:41+00:00\",\"author\":{\"@id\":\"https:\/\/www.manaus.am.gov.br\/semcom\/#\/schema\/person\/a5ee5376db6e21af026374b369f30882\"},\"description\":\"A PMM iniciou o processo de convoca\u00e7\u00e3o, posse e lota\u00e7\u00e3o de mil candidatos aprovados no concurso p\u00fablico realizado para a Semed.\",\"inLanguage\":\"pt-BR\",\"potentialAction\":[{\"@type\":\"ReadAction\",\"target\":[\"https:\/\/www.manaus.am.gov.br\/semcom\/aprovados-no-concurso-educacao\/\"]}]},{\"@type\":\"ImageObject\",\"inLanguage\":\"pt-BR\",\"@id\":\"https:\/\/www.manaus.am.gov.br\/semcom\/aprovados-no-concurso-educacao\/#primaryimage\",\"url\":\"https:\/\/www.manaus.am.gov.br\/semcom\/wp-content\/uploads\/sites\/5\/2026\/03\/aprovados-no-concurso-2.jpg\",\"contentUrl\":\"https:\/\/www.manaus.am.gov.br\/semcom\/wp-content\/uploads\/sites\/5\/2026\/03\/aprovados-no-concurso-2.jpg\",\"width\":799,\"height\":533,\"caption\":\"#paratodosverem - Servidores da Educa\u00e7\u00e3o realizando processo dos aprovados no concurso\"},{\"@type\":\"WebSite\",\"@id\":\"https:\/\/www.manaus.am.gov.br\/semcom\/#website\",\"url\":\"https:\/\/www.manaus.am.gov.br\/semcom\/\",\"name\":\"SEMCOM\",\"description\":\"Secretaria Municipal de Comunica\u00e7\u00e3o\",\"potentialAction\":[{\"@type\":\"SearchAction\",\"target\":{\"@type\":\"EntryPoint\",\"urlTemplate\":\"https:\/\/www.manaus.am.gov.br\/semcom\/?s={search_term_string}\"},\"query-input\":\"required name=search_term_string\"}],\"inLanguage\":\"pt-BR\"},{\"@type\":\"Person\",\"@id\":\"https:\/\/www.manaus.am.gov.br\/semcom\/#\/schema\/person\/a5ee5376db6e21af026374b369f30882\",\"name\":\"Thiago Fernando\",\"image\":{\"@type\":\"ImageObject\",\"inLanguage\":\"pt-BR\",\"@id\":\"https:\/\/www.manaus.am.gov.br\/semcom\/#\/schema\/person\/image\/\",\"url\":\"https:\/\/secure.gravatar.com\/avatar\/f5aab8722444041451501c077052ac07?s=96&d=mm&r=g\",\"contentUrl\":\"https:\/\/secure.gravatar.com\/avatar\/f5aab8722444041451501c077052ac07?s=96&d=mm&r=g\",\"caption\":\"Thiago Fernando\"}}]}<\/script>\n<!-- \/ Yoast SEO plugin. -->","yoast_head_json":{"title":"PMM inicia processo dos aprovados no concurso da educa\u00e7\u00e3o","description":"A PMM iniciou o processo de convoca\u00e7\u00e3o, posse e lota\u00e7\u00e3o de mil candidatos aprovados no concurso p\u00fablico realizado para a Semed.","robots":{"index":"index","follow":"follow","max-snippet":"max-snippet:-1","max-image-preview":"max-image-preview:large","max-video-preview":"max-video-preview:-1"},"canonical":"https:\/\/www.manaus.am.gov.br\/semcom\/aprovados-no-concurso-educacao\/","og_locale":"pt_BR","og_type":"article","og_title":"PMM inicia processo dos aprovados no concurso da educa\u00e7\u00e3o","og_description":"A PMM iniciou o processo de convoca\u00e7\u00e3o, posse e lota\u00e7\u00e3o de mil candidatos aprovados no concurso p\u00fablico realizado para a Semed.","og_url":"https:\/\/www.manaus.am.gov.br\/semcom\/aprovados-no-concurso-educacao\/","og_site_name":"SEMCOM","article_published_time":"2026-03-16T17:55:39+00:00","article_modified_time":"2026-03-16T17:55:41+00:00","og_image":[{"width":799,"height":533,"url":"https:\/\/www.manaus.am.gov.br\/semcom\/wp-content\/uploads\/sites\/5\/2026\/03\/aprovados-no-concurso-2.jpg","type":"image\/jpeg"}],"author":"Thiago Fernando","twitter_card":"summary_large_image","twitter_misc":{"Written by":"Thiago Fernando","Est. reading time":"3 minutos"},"schema":{"@context":"https:\/\/schema.org","@graph":[{"@type":"WebPage","@id":"https:\/\/www.manaus.am.gov.br\/semcom\/aprovados-no-concurso-educacao\/","url":"https:\/\/www.manaus.am.gov.br\/semcom\/aprovados-no-concurso-educacao\/","name":"PMM inicia processo dos aprovados no concurso da educa\u00e7\u00e3o","isPartOf":{"@id":"https:\/\/www.manaus.am.gov.br\/semcom\/#website"},"primaryImageOfPage":{"@id":"https:\/\/www.manaus.am.gov.br\/semcom\/aprovados-no-concurso-educacao\/#primaryimage"},"image":{"@id":"https:\/\/www.manaus.am.gov.br\/semcom\/aprovados-no-concurso-educacao\/#primaryimage"},"thumbnailUrl":"https:\/\/www.manaus.am.gov.br\/semcom\/wp-content\/uploads\/sites\/5\/2026\/03\/aprovados-no-concurso-2.jpg","datePublished":"2026-03-16T17:55:39+00:00","dateModified":"2026-03-16T17:55:41+00:00","author":{"@id":"https:\/\/www.manaus.am.gov.br\/semcom\/#\/schema\/person\/a5ee5376db6e21af026374b369f30882"},"description":"A PMM iniciou o processo de convoca\u00e7\u00e3o, posse e lota\u00e7\u00e3o de mil candidatos aprovados no concurso p\u00fablico realizado para a Semed.","inLanguage":"pt-BR","potentialAction":[{"@type":"ReadAction","target":["https:\/\/www.manaus.am.gov.br\/semcom\/aprovados-no-concurso-educacao\/"]}]},{"@type":"ImageObject","inLanguage":"pt-BR","@id":"https:\/\/www.manaus.am.gov.br\/semcom\/aprovados-no-concurso-educacao\/#primaryimage","url":"https:\/\/www.manaus.am.gov.br\/semcom\/wp-content\/uploads\/sites\/5\/2026\/03\/aprovados-no-concurso-2.jpg","contentUrl":"https:\/\/www.manaus.am.gov.br\/semcom\/wp-content\/uploads\/sites\/5\/2026\/03\/aprovados-no-concurso-2.jpg","width":799,"height":533,"caption":"#paratodosverem - Servidores da Educa\u00e7\u00e3o realizando processo dos aprovados no concurso"},{"@type":"WebSite","@id":"https:\/\/www.manaus.am.gov.br\/semcom\/#website","url":"https:\/\/www.manaus.am.gov.br\/semcom\/","name":"SEMCOM","description":"Secretaria Municipal de Comunica\u00e7\u00e3o","potentialAction":[{"@type":"SearchAction","target":{"@type":"EntryPoint","urlTemplate":"https:\/\/www.manaus.am.gov.br\/semcom\/?s={search_term_string}"},"query-input":"required name=search_term_string"}],"inLanguage":"pt-BR"},{"@type":"Person","@id":"https:\/\/www.manaus.am.gov.br\/semcom\/#\/schema\/person\/a5ee5376db6e21af026374b369f30882","name":"Thiago Fernando","image":{"@type":"ImageObject","inLanguage":"pt-BR","@id":"https:\/\/www.manaus.am.gov.br\/semcom\/#\/schema\/person\/image\/","url":"https:\/\/secure.gravatar.com\/avatar\/f5aab8722444041451501c077052ac07?s=96&d=mm&r=g","contentUrl":"https:\/\/secure.gravatar.com\/avatar\/f5aab8722444041451501c077052ac07?s=96&d=mm&r=g","caption":"Thiago Fernando"}}]}},"_links":{"self":[{"href":"https:\/\/www.manaus.am.gov.br\/semcom\/wp-json\/wp\/v2\/posts\/254740"}],"collection":[{"href":"https:\/\/www.manaus.am.gov.br\/semcom\/wp-json\/wp\/v2\/posts"}],"about":[{"href":"https:\/\/www.manaus.am.gov.br\/semcom\/wp-json\/wp\/v2\/types\/post"}],"author":[{"embeddable":true,"href":"https:\/\/www.manaus.am.gov.br\/semcom\/wp-json\/wp\/v2\/users\/57"}],"replies":[{"embeddable":true,"href":"https:\/\/www.manaus.am.gov.br\/semcom\/wp-json\/wp\/v2\/comments?post=254740"}],"version-history":[{"count":0,"href":"https:\/\/www.manaus.am.gov.br\/semcom\/wp-json\/wp\/v2\/posts\/254740\/revisions"}],"wp:featuredmedia":[{"embeddable":true,"href":"https:\/\/www.manaus.am.gov.br\/semcom\/wp-json\/wp\/v2\/media\/254741"}],"wp:attachment":[{"href":"https:\/\/www.manaus.am.gov.br\/semcom\/wp-json\/wp\/v2\/media?parent=254740"}],"wp:term":[{"taxonomy":"category","embeddable":true,"href":"https:\/\/www.manaus.am.gov.br\/semcom\/wp-json\/wp\/v2\/categories?post=254740"},{"taxonomy":"post_tag","embeddable":true,"href":"https:\/\/www.manaus.am.gov.br\/semcom\/wp-json\/wp\/v2\/tags?post=254740"}],"curies":[{"name":"wp","href":"https:\/\/api.w.org\/{rel}","templated":true}]}}