{"id":254737,"date":"2026-03-16T14:26:18","date_gmt":"2026-03-16T17:26:18","guid":{"rendered":"https:\/\/www.manaus.am.gov.br\/semcom\/prefeitura-ageman-consultapublica-saneamento\/"},"modified":"2026-03-16T14:36:47","modified_gmt":"2026-03-16T17:36:47","slug":"prefeitura-ageman-consultapublica-saneamento","status":"publish","type":"post","link":"https:\/\/www.manaus.am.gov.br\/semcom\/prefeitura-ageman-consultapublica-saneamento\/","title":{"rendered":"Ageman refor\u00e7a participa\u00e7\u00e3o popular em consulta p\u00fablica sobre fiscaliza\u00e7\u00e3o dos servi\u00e7os de \u00e1gua e esgoto"},"content":{"rendered":"\n<p>A <a href=\"https:\/\/www.instagram.com\/ageman_manaus\/\">Ag\u00eancia Reguladora dos Servi\u00e7os P\u00fablicos Delegados do Munic\u00edpio de Manaus <\/a>(Ageman) refor\u00e7a o convite \u00e0 popula\u00e7\u00e3o para participar da consulta p\u00fablica que discute a proposta do novo Manual de Procedimentos de Fiscaliza\u00e7\u00e3o dos Servi\u00e7os de Abastecimento de \u00c1gua e Esgotamento Sanit\u00e1rio do munic\u00edpio. O prazo come\u00e7ou dia 23 de fevereiro e termina no dia 24 de mar\u00e7o.<\/p>\n\n\n\n<p>A iniciativa tem como objetivo ampliar a participa\u00e7\u00e3o social na constru\u00e7\u00e3o das normas que orientam as atividades de fiscaliza\u00e7\u00e3o da Ageman sobre os servi\u00e7os prestados pela concession\u00e1ria respons\u00e1vel pelo saneamento b\u00e1sico na capital.<\/p>\n\n\n\n<p>O manual em consulta p\u00fablica re\u00fane diretrizes e procedimentos que ir\u00e3o orientar a atua\u00e7\u00e3o da ag\u00eancia na fiscaliza\u00e7\u00e3o dos servi\u00e7os de abastecimento de \u00e1gua e esgotamento sanit\u00e1rio, estabelecendo par\u00e2metros t\u00e9cnicos para o acompanhamento da qualidade dos servi\u00e7os prestados \u00e0 popula\u00e7\u00e3o.<\/p>\n\n\n\n<p>De acordo com o diretor-presidente da Ageman, Elson Andrade, a consulta p\u00fablica \u00e9 uma ferramenta essencial para garantir transpar\u00eancia e fortalecer o processo regulat\u00f3rio. Ele classificou como positiva a participa\u00e7\u00e3o dos usu\u00e1rios.<\/p>\n\n\n\n<p>\u201cA participa\u00e7\u00e3o da popula\u00e7\u00e3o tem sido fundamental nesse processo.&nbsp; A consulta p\u00fablica permite que usu\u00e1rios, especialistas e institui\u00e7\u00f5es possam contribuir com sugest\u00f5es e observa\u00e7\u00f5es que ajudem a aprimorar as normas que orientam a fiscaliza\u00e7\u00e3o dos servi\u00e7os de saneamento. Esse di\u00e1logo fortalece a regula\u00e7\u00e3o e contribui para a melhoria cont\u00ednua dos servi\u00e7os prestados \u00e0 popula\u00e7\u00e3o de Manaus\u201d, destacou.<\/p>\n\n\n\n<p>Durante o per\u00edodo da consulta p\u00fablica, qualquer cidad\u00e3o pode apresentar sugest\u00f5es, cr\u00edticas ou contribui\u00e7\u00f5es para o aperfei\u00e7oamento do documento.<\/p>\n\n\n\n<p>Ap\u00f3s o encerramento do prazo, todas as manifesta\u00e7\u00f5es recebidas ser\u00e3o analisadas pela equipe t\u00e9cnica da ag\u00eancia e poder\u00e3o resultar em ajustes no texto final do manual.<\/p>\n\n\n\n<p>Ap\u00f3s delibera\u00e7\u00e3o do Conselho Municipal de Regula\u00e7\u00e3o, a vers\u00e3o final do manual dever\u00e1 ser publicada no Di\u00e1rio Oficial do Munic\u00edpio at\u00e9 o dia 30 de abril.<\/p>\n\n\n\n<p><strong>Como participar<\/strong><\/p>\n\n\n\n<p>As contribui\u00e7\u00f5es podem ser enviadas por meio do formul\u00e1rio dispon\u00edvel no site oficial da Ageman ou presencialmente na sede da ag\u00eancia, na avenida Cosme Ferreira, n\u00ba 1.945, bairro Aleixo, ou tamb\u00e9m na sede da Ouvidoria, no shopping Jornalista Phelippe Daou, at\u00e9 o dia 24 de mar\u00e7o.<\/p>\n\n\n\n<p>As contribui\u00e7\u00f5es encaminhadas por meio f\u00edsico dever\u00e3o ser entregues at\u00e9 as 13h30 do dia 24 de mar\u00e7o de 2026 na sede da Ageman ou na Ouvidoria do \u00f3rg\u00e3o. Ap\u00f3s o encerramento da fase de participa\u00e7\u00e3o social, a Ageman dar\u00e1 in\u00edcio \u00e0 consolida\u00e7\u00e3o das contribui\u00e7\u00f5es e \u00e0 an\u00e1lise t\u00e9cnica, no per\u00edodo de 25 de mar\u00e7o a 8 de abril de 2026. Em seguida, ser\u00e1 elaborado o Relat\u00f3rio T\u00e9cnico de An\u00e1lise das Contribui\u00e7\u00f5es, que ser\u00e1 submetido \u00e0 aprecia\u00e7\u00e3o do Conselho Municipal de Regula\u00e7\u00e3o, entre 8 e 22 de abril de 2026.<\/p>\n\n\n\n<p>Todas as orienta\u00e7\u00f5es sobre a consulta p\u00fablica j\u00e1 est\u00e3o dispon\u00edveis no site oficial da autarquia no endere\u00e7o&nbsp;<a href=\"http:\/\/www.ageman.manaus.am.gov.br\/\" target=\"_blank\" rel=\"noreferrer noopener\">www.ageman.manaus.am.gov.br<\/a>.<\/p>\n\n\n\n<p>&#8212; &#8212; &#8212;<\/p>\n\n\n\n<p><strong>Texto<\/strong>&nbsp;\u2013 Tereza Te\u00f3filo\/Ageman<\/p>\n\n\n\n<p><strong>Fotos<\/strong>&nbsp;\u2013 Divulga\u00e7\u00e3o\/Ageman<\/p>\n","protected":false},"excerpt":{"rendered":"","protected":false},"author":23,"featured_media":254738,"comment_status":"closed","ping_status":"closed","sticky":false,"template":"","format":"standard","meta":{"footnotes":""},"categories":[2807],"tags":[215,1916,19764,10429,77],"acf":[],"yoast_head":"<!-- This site is optimized with the Yoast SEO plugin v23.0 - https:\/\/yoast.com\/wordpress\/plugins\/seo\/ -->\n<title>Ageman: Fiscaliza\u00e7\u00e3o dos servi\u00e7os de \u00e1gua e esgoto<\/title>\n<meta name=\"description\" content=\"A Ag\u00eancia Reguladora dos Servi\u00e7os P\u00fablicos Delegados do Munic\u00edpio de Manaus (Ageman) refor\u00e7a o convite \u00e0 popula\u00e7\u00e3o para participar da consulta p\u00fablica que discute a proposta do novo Manual de Procedimentos de Fiscaliza\u00e7\u00e3o dos Servi\u00e7os de Abastecimento de \u00c1gua e Esgotamento Sanit\u00e1rio do munic\u00edpio. O prazo come\u00e7ou dia 23 de fevereiro e termina no dia 24 de mar\u00e7o.\" \/>\n<meta name=\"robots\" content=\"index, follow, max-snippet:-1, max-image-preview:large, max-video-preview:-1\" \/>\n<link rel=\"canonical\" href=\"https:\/\/www.manaus.am.gov.br\/semcom\/prefeitura-ageman-consultapublica-saneamento\/\" \/>\n<meta property=\"og:locale\" content=\"pt_BR\" \/>\n<meta property=\"og:type\" content=\"article\" \/>\n<meta property=\"og:title\" content=\"Ageman: Fiscaliza\u00e7\u00e3o dos servi\u00e7os de \u00e1gua e esgoto\" \/>\n<meta property=\"og:description\" content=\"A Ag\u00eancia Reguladora dos Servi\u00e7os P\u00fablicos Delegados do Munic\u00edpio de Manaus (Ageman) refor\u00e7a o convite \u00e0 popula\u00e7\u00e3o para participar da consulta p\u00fablica que discute a proposta do novo Manual de Procedimentos de Fiscaliza\u00e7\u00e3o dos Servi\u00e7os de Abastecimento de \u00c1gua e Esgotamento Sanit\u00e1rio do munic\u00edpio. O prazo come\u00e7ou dia 23 de fevereiro e termina no dia 24 de mar\u00e7o.\" \/>\n<meta property=\"og:url\" content=\"https:\/\/www.manaus.am.gov.br\/semcom\/prefeitura-ageman-consultapublica-saneamento\/\" \/>\n<meta property=\"og:site_name\" content=\"SEMCOM\" \/>\n<meta property=\"article:published_time\" content=\"2026-03-16T17:26:18+00:00\" \/>\n<meta property=\"article:modified_time\" content=\"2026-03-16T17:36:47+00:00\" \/>\n<meta property=\"og:image\" content=\"https:\/\/www.manaus.am.gov.br\/semcom\/wp-content\/uploads\/sites\/5\/2026\/03\/Ageman-7.jpeg\" \/>\n\t<meta property=\"og:image:width\" content=\"1600\" \/>\n\t<meta property=\"og:image:height\" content=\"1200\" \/>\n\t<meta property=\"og:image:type\" content=\"image\/jpeg\" \/>\n<meta name=\"author\" content=\"Adriana Costa\" \/>\n<meta name=\"twitter:card\" content=\"summary_large_image\" \/>\n<meta name=\"twitter:label1\" content=\"Written by\" \/>\n\t<meta name=\"twitter:data1\" content=\"Adriana Costa\" \/>\n\t<meta name=\"twitter:label2\" content=\"Est. reading time\" \/>\n\t<meta name=\"twitter:data2\" content=\"3 minutos\" \/>\n<script type=\"application\/ld+json\" class=\"yoast-schema-graph\">{\"@context\":\"https:\/\/schema.org\",\"@graph\":[{\"@type\":\"WebPage\",\"@id\":\"https:\/\/www.manaus.am.gov.br\/semcom\/prefeitura-ageman-consultapublica-saneamento\/\",\"url\":\"https:\/\/www.manaus.am.gov.br\/semcom\/prefeitura-ageman-consultapublica-saneamento\/\",\"name\":\"Ageman: Fiscaliza\u00e7\u00e3o dos servi\u00e7os de \u00e1gua e esgoto\",\"isPartOf\":{\"@id\":\"https:\/\/www.manaus.am.gov.br\/semcom\/#website\"},\"primaryImageOfPage\":{\"@id\":\"https:\/\/www.manaus.am.gov.br\/semcom\/prefeitura-ageman-consultapublica-saneamento\/#primaryimage\"},\"image\":{\"@id\":\"https:\/\/www.manaus.am.gov.br\/semcom\/prefeitura-ageman-consultapublica-saneamento\/#primaryimage\"},\"thumbnailUrl\":\"https:\/\/www.manaus.am.gov.br\/semcom\/wp-content\/uploads\/sites\/5\/2026\/03\/Ageman-7.jpeg\",\"datePublished\":\"2026-03-16T17:26:18+00:00\",\"dateModified\":\"2026-03-16T17:36:47+00:00\",\"author\":{\"@id\":\"https:\/\/www.manaus.am.gov.br\/semcom\/#\/schema\/person\/4e49f4e267757a06ca072ec61b2b9968\"},\"description\":\"A Ag\u00eancia Reguladora dos Servi\u00e7os P\u00fablicos Delegados do Munic\u00edpio de Manaus (Ageman) refor\u00e7a o convite \u00e0 popula\u00e7\u00e3o para participar da consulta p\u00fablica que discute a proposta do novo Manual de Procedimentos de Fiscaliza\u00e7\u00e3o dos Servi\u00e7os de Abastecimento de \u00c1gua e Esgotamento Sanit\u00e1rio do munic\u00edpio. O prazo come\u00e7ou dia 23 de fevereiro e termina no dia 24 de mar\u00e7o.\",\"inLanguage\":\"pt-BR\",\"potentialAction\":[{\"@type\":\"ReadAction\",\"target\":[\"https:\/\/www.manaus.am.gov.br\/semcom\/prefeitura-ageman-consultapublica-saneamento\/\"]}]},{\"@type\":\"ImageObject\",\"inLanguage\":\"pt-BR\",\"@id\":\"https:\/\/www.manaus.am.gov.br\/semcom\/prefeitura-ageman-consultapublica-saneamento\/#primaryimage\",\"url\":\"https:\/\/www.manaus.am.gov.br\/semcom\/wp-content\/uploads\/sites\/5\/2026\/03\/Ageman-7.jpeg\",\"contentUrl\":\"https:\/\/www.manaus.am.gov.br\/semcom\/wp-content\/uploads\/sites\/5\/2026\/03\/Ageman-7.jpeg\",\"width\":1600,\"height\":1200,\"caption\":\"#paratodosverem - Fiscais da Ageman ouvem usu\u00e1rios em estabelecimento comercial\"},{\"@type\":\"WebSite\",\"@id\":\"https:\/\/www.manaus.am.gov.br\/semcom\/#website\",\"url\":\"https:\/\/www.manaus.am.gov.br\/semcom\/\",\"name\":\"SEMCOM\",\"description\":\"Secretaria Municipal de Comunica\u00e7\u00e3o\",\"potentialAction\":[{\"@type\":\"SearchAction\",\"target\":{\"@type\":\"EntryPoint\",\"urlTemplate\":\"https:\/\/www.manaus.am.gov.br\/semcom\/?s={search_term_string}\"},\"query-input\":\"required name=search_term_string\"}],\"inLanguage\":\"pt-BR\"},{\"@type\":\"Person\",\"@id\":\"https:\/\/www.manaus.am.gov.br\/semcom\/#\/schema\/person\/4e49f4e267757a06ca072ec61b2b9968\",\"name\":\"Adriana Costa\",\"image\":{\"@type\":\"ImageObject\",\"inLanguage\":\"pt-BR\",\"@id\":\"https:\/\/www.manaus.am.gov.br\/semcom\/#\/schema\/person\/image\/\",\"url\":\"https:\/\/secure.gravatar.com\/avatar\/576258617ef7194f718179e766d57bd4?s=96&d=mm&r=g\",\"contentUrl\":\"https:\/\/secure.gravatar.com\/avatar\/576258617ef7194f718179e766d57bd4?s=96&d=mm&r=g\",\"caption\":\"Adriana Costa\"}}]}<\/script>\n<!-- \/ Yoast SEO plugin. -->","yoast_head_json":{"title":"Ageman: Fiscaliza\u00e7\u00e3o dos servi\u00e7os de \u00e1gua e esgoto","description":"A Ag\u00eancia Reguladora dos Servi\u00e7os P\u00fablicos Delegados do Munic\u00edpio de Manaus (Ageman) refor\u00e7a o convite \u00e0 popula\u00e7\u00e3o para participar da consulta p\u00fablica que discute a proposta do novo Manual de Procedimentos de Fiscaliza\u00e7\u00e3o dos Servi\u00e7os de Abastecimento de \u00c1gua e Esgotamento Sanit\u00e1rio do munic\u00edpio. O prazo come\u00e7ou dia 23 de fevereiro e termina no dia 24 de mar\u00e7o.","robots":{"index":"index","follow":"follow","max-snippet":"max-snippet:-1","max-image-preview":"max-image-preview:large","max-video-preview":"max-video-preview:-1"},"canonical":"https:\/\/www.manaus.am.gov.br\/semcom\/prefeitura-ageman-consultapublica-saneamento\/","og_locale":"pt_BR","og_type":"article","og_title":"Ageman: Fiscaliza\u00e7\u00e3o dos servi\u00e7os de \u00e1gua e esgoto","og_description":"A Ag\u00eancia Reguladora dos Servi\u00e7os P\u00fablicos Delegados do Munic\u00edpio de Manaus (Ageman) refor\u00e7a o convite \u00e0 popula\u00e7\u00e3o para participar da consulta p\u00fablica que discute a proposta do novo Manual de Procedimentos de Fiscaliza\u00e7\u00e3o dos Servi\u00e7os de Abastecimento de \u00c1gua e Esgotamento Sanit\u00e1rio do munic\u00edpio. O prazo come\u00e7ou dia 23 de fevereiro e termina no dia 24 de mar\u00e7o.","og_url":"https:\/\/www.manaus.am.gov.br\/semcom\/prefeitura-ageman-consultapublica-saneamento\/","og_site_name":"SEMCOM","article_published_time":"2026-03-16T17:26:18+00:00","article_modified_time":"2026-03-16T17:36:47+00:00","og_image":[{"width":1600,"height":1200,"url":"https:\/\/www.manaus.am.gov.br\/semcom\/wp-content\/uploads\/sites\/5\/2026\/03\/Ageman-7.jpeg","type":"image\/jpeg"}],"author":"Adriana Costa","twitter_card":"summary_large_image","twitter_misc":{"Written by":"Adriana Costa","Est. reading time":"3 minutos"},"schema":{"@context":"https:\/\/schema.org","@graph":[{"@type":"WebPage","@id":"https:\/\/www.manaus.am.gov.br\/semcom\/prefeitura-ageman-consultapublica-saneamento\/","url":"https:\/\/www.manaus.am.gov.br\/semcom\/prefeitura-ageman-consultapublica-saneamento\/","name":"Ageman: Fiscaliza\u00e7\u00e3o dos servi\u00e7os de \u00e1gua e esgoto","isPartOf":{"@id":"https:\/\/www.manaus.am.gov.br\/semcom\/#website"},"primaryImageOfPage":{"@id":"https:\/\/www.manaus.am.gov.br\/semcom\/prefeitura-ageman-consultapublica-saneamento\/#primaryimage"},"image":{"@id":"https:\/\/www.manaus.am.gov.br\/semcom\/prefeitura-ageman-consultapublica-saneamento\/#primaryimage"},"thumbnailUrl":"https:\/\/www.manaus.am.gov.br\/semcom\/wp-content\/uploads\/sites\/5\/2026\/03\/Ageman-7.jpeg","datePublished":"2026-03-16T17:26:18+00:00","dateModified":"2026-03-16T17:36:47+00:00","author":{"@id":"https:\/\/www.manaus.am.gov.br\/semcom\/#\/schema\/person\/4e49f4e267757a06ca072ec61b2b9968"},"description":"A Ag\u00eancia Reguladora dos Servi\u00e7os P\u00fablicos Delegados do Munic\u00edpio de Manaus (Ageman) refor\u00e7a o convite \u00e0 popula\u00e7\u00e3o para participar da consulta p\u00fablica que discute a proposta do novo Manual de Procedimentos de Fiscaliza\u00e7\u00e3o dos Servi\u00e7os de Abastecimento de \u00c1gua e Esgotamento Sanit\u00e1rio do munic\u00edpio. O prazo come\u00e7ou dia 23 de fevereiro e termina no dia 24 de mar\u00e7o.","inLanguage":"pt-BR","potentialAction":[{"@type":"ReadAction","target":["https:\/\/www.manaus.am.gov.br\/semcom\/prefeitura-ageman-consultapublica-saneamento\/"]}]},{"@type":"ImageObject","inLanguage":"pt-BR","@id":"https:\/\/www.manaus.am.gov.br\/semcom\/prefeitura-ageman-consultapublica-saneamento\/#primaryimage","url":"https:\/\/www.manaus.am.gov.br\/semcom\/wp-content\/uploads\/sites\/5\/2026\/03\/Ageman-7.jpeg","contentUrl":"https:\/\/www.manaus.am.gov.br\/semcom\/wp-content\/uploads\/sites\/5\/2026\/03\/Ageman-7.jpeg","width":1600,"height":1200,"caption":"#paratodosverem - Fiscais da Ageman ouvem usu\u00e1rios em estabelecimento comercial"},{"@type":"WebSite","@id":"https:\/\/www.manaus.am.gov.br\/semcom\/#website","url":"https:\/\/www.manaus.am.gov.br\/semcom\/","name":"SEMCOM","description":"Secretaria Municipal de Comunica\u00e7\u00e3o","potentialAction":[{"@type":"SearchAction","target":{"@type":"EntryPoint","urlTemplate":"https:\/\/www.manaus.am.gov.br\/semcom\/?s={search_term_string}"},"query-input":"required name=search_term_string"}],"inLanguage":"pt-BR"},{"@type":"Person","@id":"https:\/\/www.manaus.am.gov.br\/semcom\/#\/schema\/person\/4e49f4e267757a06ca072ec61b2b9968","name":"Adriana Costa","image":{"@type":"ImageObject","inLanguage":"pt-BR","@id":"https:\/\/www.manaus.am.gov.br\/semcom\/#\/schema\/person\/image\/","url":"https:\/\/secure.gravatar.com\/avatar\/576258617ef7194f718179e766d57bd4?s=96&d=mm&r=g","contentUrl":"https:\/\/secure.gravatar.com\/avatar\/576258617ef7194f718179e766d57bd4?s=96&d=mm&r=g","caption":"Adriana Costa"}}]}},"_links":{"self":[{"href":"https:\/\/www.manaus.am.gov.br\/semcom\/wp-json\/wp\/v2\/posts\/254737"}],"collection":[{"href":"https:\/\/www.manaus.am.gov.br\/semcom\/wp-json\/wp\/v2\/posts"}],"about":[{"href":"https:\/\/www.manaus.am.gov.br\/semcom\/wp-json\/wp\/v2\/types\/post"}],"author":[{"embeddable":true,"href":"https:\/\/www.manaus.am.gov.br\/semcom\/wp-json\/wp\/v2\/users\/23"}],"replies":[{"embeddable":true,"href":"https:\/\/www.manaus.am.gov.br\/semcom\/wp-json\/wp\/v2\/comments?post=254737"}],"version-history":[{"count":1,"href":"https:\/\/www.manaus.am.gov.br\/semcom\/wp-json\/wp\/v2\/posts\/254737\/revisions"}],"predecessor-version":[{"id":254739,"href":"https:\/\/www.manaus.am.gov.br\/semcom\/wp-json\/wp\/v2\/posts\/254737\/revisions\/254739"}],"wp:featuredmedia":[{"embeddable":true,"href":"https:\/\/www.manaus.am.gov.br\/semcom\/wp-json\/wp\/v2\/media\/254738"}],"wp:attachment":[{"href":"https:\/\/www.manaus.am.gov.br\/semcom\/wp-json\/wp\/v2\/media?parent=254737"}],"wp:term":[{"taxonomy":"category","embeddable":true,"href":"https:\/\/www.manaus.am.gov.br\/semcom\/wp-json\/wp\/v2\/categories?post=254737"},{"taxonomy":"post_tag","embeddable":true,"href":"https:\/\/www.manaus.am.gov.br\/semcom\/wp-json\/wp\/v2\/tags?post=254737"}],"curies":[{"name":"wp","href":"https:\/\/api.w.org\/{rel}","templated":true}]}}