{"id":254730,"date":"2026-03-16T13:49:59","date_gmt":"2026-03-16T16:49:59","guid":{"rendered":"https:\/\/www.manaus.am.gov.br\/semcom\/prefeitura-immu-estacionamento-fiscalizacao-2\/"},"modified":"2026-03-16T14:02:02","modified_gmt":"2026-03-16T17:02:02","slug":"prefeitura-immu-estacionamento-operacao-de-fiscalizacao-2","status":"publish","type":"post","link":"https:\/\/www.manaus.am.gov.br\/semcom\/prefeitura-immu-estacionamento-operacao-de-fiscalizacao-2\/","title":{"rendered":"Prefeitura de Manaus autua 30 ve\u00edculos por uso irregular de vagas especiais"},"content":{"rendered":"\n<p>Com o objetivo de facilitar mobilidade e direitos fundamentais de idosos e Pessoas com Defici\u00eancia (PcDs), a <a href=\"https:\/\/www.manaus.am.gov.br\/\">Prefeitura de Manaus<\/a>, por meio <a href=\"https:\/\/www.instagram.com\/immu_manaus\/\">Instituto Municipal de Mobilidade Urbana<\/a> (IMMU), realizou, nesse fim de semana, uma opera\u00e7\u00e3o de fiscaliza\u00e7\u00e3o em estacionamentos do Manauara Shopping, Amazonas Shopping e supermercados da zona Centro-Sul. A a\u00e7\u00e3o cumpriu regras de uso para vagas especiais. Na a\u00e7\u00e3o, os agentes de tr\u00e2nsito registraram 30 autua\u00e7\u00f5es por uso irregular desses espa\u00e7os.<\/p>\n\n\n\n<p>A opera\u00e7\u00e3o verificou a presen\u00e7a e a validade da credencial obrigat\u00f3ria, que deve ser exposta no painel do ve\u00edculo. O trabalho dos agentes abrange \u00e1reas privadas de uso coletivo, onde as regras do C\u00f3digo de Tr\u00e2nsito Brasileiro (CTB) tamb\u00e9m s\u00e3o aplic\u00e1veis para garantir a acessibilidade.<\/p>\n\n\n\n<p>Para o diretor de Opera\u00e7\u00f5es do IMMU, Stanley Ventilari, a fiscaliza\u00e7\u00e3o atua de forma corretiva e educativa para garantir o ordenamento nesses locais. &#8220;O objetivo dessas a\u00e7\u00f5es \u00e9 assegurar o direito de quem realmente necessita da vaga especial. O uso do espa\u00e7o exige a credencial vis\u00edvel no painel do ve\u00edculo, mesmo em estacionamentos privados e de uso coletivo. Nossa meta \u00e9 que o respeito \u00e0 sinaliza\u00e7\u00e3o se torne um h\u00e1bito constante entre os condutores\u201d, ressaltou.<\/p>\n\n\n\n<p>Estacionar em vaga especial sem a devida credencial \u00e9 infra\u00e7\u00e3o grav\u00edssima, sujeita a multa de R$ 293,47, sete pontos na Carteira Nacional de Habilita\u00e7\u00e3o (CNH) e remo\u00e7\u00e3o do ve\u00edculo. O IMMU mant\u00e9m cronograma de vistorias em outros estabelecimentos comerciais da cidade.<\/p>\n\n\n\n<p>&#8212; &#8212; &#8212;<\/p>\n\n\n\n<p><strong>Texto<\/strong> &#8211; \u00c1lisson Castro\/IMMU<\/p>\n\n\n\n<p><strong>Fotos<\/strong> &#8211; Divulga\u00e7\u00e3o\/IMMU<\/p>\n","protected":false},"excerpt":{"rendered":"","protected":false},"author":23,"featured_media":254731,"comment_status":"closed","ping_status":"closed","sticky":false,"template":"","format":"standard","meta":{"footnotes":""},"categories":[56],"tags":[358,88,1064,12,1224,77,2547],"acf":[],"yoast_head":"<!-- This site is optimized with the Yoast SEO plugin v23.0 - https:\/\/yoast.com\/wordpress\/plugins\/seo\/ -->\n<title>Prefeitura de Manaus autua 30 ve\u00edculos por uso irregular de vagas especiais<\/title>\n<meta name=\"description\" content=\"Com o objetivo de facilitar mobilidade e direitos fundamentais de idosos e Pessoas com Defici\u00eancia (PcDs), a Prefeitura de Manaus, por meio Instituto Municipal de Mobilidade Urbana (IMMU), realizou, nesse fim de semana, uma opera\u00e7\u00e3o de fiscaliza\u00e7\u00e3o em estacionamentos do Manauara Shopping, Amazonas Shopping e supermercados da zona Centro-Sul.\" \/>\n<meta name=\"robots\" content=\"index, follow, max-snippet:-1, max-image-preview:large, max-video-preview:-1\" \/>\n<link rel=\"canonical\" href=\"https:\/\/www.manaus.am.gov.br\/semcom\/prefeitura-immu-estacionamento-fiscalizacao-2\/\" \/>\n<meta property=\"og:locale\" content=\"pt_BR\" \/>\n<meta property=\"og:type\" content=\"article\" \/>\n<meta property=\"og:title\" content=\"Prefeitura de Manaus autua 30 ve\u00edculos por uso irregular de vagas especiais\" \/>\n<meta property=\"og:description\" content=\"Com o objetivo de facilitar mobilidade e direitos fundamentais de idosos e Pessoas com Defici\u00eancia (PcDs), a Prefeitura de Manaus, por meio Instituto Municipal de Mobilidade Urbana (IMMU), realizou, nesse fim de semana, uma opera\u00e7\u00e3o de fiscaliza\u00e7\u00e3o em estacionamentos do Manauara Shopping, Amazonas Shopping e supermercados da zona Centro-Sul.\" \/>\n<meta property=\"og:url\" content=\"https:\/\/www.manaus.am.gov.br\/semcom\/prefeitura-immu-estacionamento-fiscalizacao-2\/\" \/>\n<meta property=\"og:site_name\" content=\"SEMCOM\" \/>\n<meta property=\"article:published_time\" content=\"2026-03-16T16:49:59+00:00\" \/>\n<meta property=\"article:modified_time\" content=\"2026-03-16T17:02:02+00:00\" \/>\n<meta property=\"og:image\" content=\"https:\/\/www.manaus.am.gov.br\/semcom\/wp-content\/uploads\/sites\/5\/2026\/03\/WhatsApp-Image-2026-03-16-at-09.19.40-2.jpeg\" \/>\n\t<meta property=\"og:image:width\" content=\"1599\" \/>\n\t<meta property=\"og:image:height\" content=\"899\" \/>\n\t<meta property=\"og:image:type\" content=\"image\/jpeg\" \/>\n<meta name=\"author\" content=\"Adriana Costa\" \/>\n<meta name=\"twitter:card\" content=\"summary_large_image\" \/>\n<meta name=\"twitter:label1\" content=\"Written by\" \/>\n\t<meta name=\"twitter:data1\" content=\"Adriana Costa\" \/>\n\t<meta name=\"twitter:label2\" content=\"Est. reading time\" \/>\n\t<meta name=\"twitter:data2\" content=\"2 minutos\" \/>\n<script type=\"application\/ld+json\" class=\"yoast-schema-graph\">{\"@context\":\"https:\/\/schema.org\",\"@graph\":[{\"@type\":\"WebPage\",\"@id\":\"https:\/\/www.manaus.am.gov.br\/semcom\/prefeitura-immu-estacionamento-fiscalizacao-2\/\",\"url\":\"https:\/\/www.manaus.am.gov.br\/semcom\/prefeitura-immu-estacionamento-fiscalizacao-2\/\",\"name\":\"Prefeitura de Manaus autua 30 ve\u00edculos por uso irregular de vagas especiais\",\"isPartOf\":{\"@id\":\"https:\/\/www.manaus.am.gov.br\/semcom\/#website\"},\"primaryImageOfPage\":{\"@id\":\"https:\/\/www.manaus.am.gov.br\/semcom\/prefeitura-immu-estacionamento-fiscalizacao-2\/#primaryimage\"},\"image\":{\"@id\":\"https:\/\/www.manaus.am.gov.br\/semcom\/prefeitura-immu-estacionamento-fiscalizacao-2\/#primaryimage\"},\"thumbnailUrl\":\"https:\/\/www.manaus.am.gov.br\/semcom\/wp-content\/uploads\/sites\/5\/2026\/03\/WhatsApp-Image-2026-03-16-at-09.19.40-2.jpeg\",\"datePublished\":\"2026-03-16T16:49:59+00:00\",\"dateModified\":\"2026-03-16T17:02:02+00:00\",\"author\":{\"@id\":\"https:\/\/www.manaus.am.gov.br\/semcom\/#\/schema\/person\/4e49f4e267757a06ca072ec61b2b9968\"},\"description\":\"Com o objetivo de facilitar mobilidade e direitos fundamentais de idosos e Pessoas com Defici\u00eancia (PcDs), a Prefeitura de Manaus, por meio Instituto Municipal de Mobilidade Urbana (IMMU), realizou, nesse fim de semana, uma opera\u00e7\u00e3o de fiscaliza\u00e7\u00e3o em estacionamentos do Manauara Shopping, Amazonas Shopping e supermercados da zona Centro-Sul.\",\"inLanguage\":\"pt-BR\",\"potentialAction\":[{\"@type\":\"ReadAction\",\"target\":[\"https:\/\/www.manaus.am.gov.br\/semcom\/prefeitura-immu-estacionamento-fiscalizacao-2\/\"]}]},{\"@type\":\"ImageObject\",\"inLanguage\":\"pt-BR\",\"@id\":\"https:\/\/www.manaus.am.gov.br\/semcom\/prefeitura-immu-estacionamento-fiscalizacao-2\/#primaryimage\",\"url\":\"https:\/\/www.manaus.am.gov.br\/semcom\/wp-content\/uploads\/sites\/5\/2026\/03\/WhatsApp-Image-2026-03-16-at-09.19.40-2.jpeg\",\"contentUrl\":\"https:\/\/www.manaus.am.gov.br\/semcom\/wp-content\/uploads\/sites\/5\/2026\/03\/WhatsApp-Image-2026-03-16-at-09.19.40-2.jpeg\",\"width\":1599,\"height\":899,\"caption\":\"#paratodosverem - Agentes de tr\u00e2nsito verificam uso de vagas especiais em estacionamento de estabelecimentos comerciais\"},{\"@type\":\"WebSite\",\"@id\":\"https:\/\/www.manaus.am.gov.br\/semcom\/#website\",\"url\":\"https:\/\/www.manaus.am.gov.br\/semcom\/\",\"name\":\"SEMCOM\",\"description\":\"Secretaria Municipal de Comunica\u00e7\u00e3o\",\"potentialAction\":[{\"@type\":\"SearchAction\",\"target\":{\"@type\":\"EntryPoint\",\"urlTemplate\":\"https:\/\/www.manaus.am.gov.br\/semcom\/?s={search_term_string}\"},\"query-input\":\"required name=search_term_string\"}],\"inLanguage\":\"pt-BR\"},{\"@type\":\"Person\",\"@id\":\"https:\/\/www.manaus.am.gov.br\/semcom\/#\/schema\/person\/4e49f4e267757a06ca072ec61b2b9968\",\"name\":\"Adriana Costa\",\"image\":{\"@type\":\"ImageObject\",\"inLanguage\":\"pt-BR\",\"@id\":\"https:\/\/www.manaus.am.gov.br\/semcom\/#\/schema\/person\/image\/\",\"url\":\"https:\/\/secure.gravatar.com\/avatar\/576258617ef7194f718179e766d57bd4?s=96&d=mm&r=g\",\"contentUrl\":\"https:\/\/secure.gravatar.com\/avatar\/576258617ef7194f718179e766d57bd4?s=96&d=mm&r=g\",\"caption\":\"Adriana Costa\"}}]}<\/script>\n<!-- \/ Yoast SEO plugin. -->","yoast_head_json":{"title":"Prefeitura de Manaus autua 30 ve\u00edculos por uso irregular de vagas especiais","description":"Com o objetivo de facilitar mobilidade e direitos fundamentais de idosos e Pessoas com Defici\u00eancia (PcDs), a Prefeitura de Manaus, por meio Instituto Municipal de Mobilidade Urbana (IMMU), realizou, nesse fim de semana, uma opera\u00e7\u00e3o de fiscaliza\u00e7\u00e3o em estacionamentos do Manauara Shopping, Amazonas Shopping e supermercados da zona Centro-Sul.","robots":{"index":"index","follow":"follow","max-snippet":"max-snippet:-1","max-image-preview":"max-image-preview:large","max-video-preview":"max-video-preview:-1"},"canonical":"https:\/\/www.manaus.am.gov.br\/semcom\/prefeitura-immu-estacionamento-fiscalizacao-2\/","og_locale":"pt_BR","og_type":"article","og_title":"Prefeitura de Manaus autua 30 ve\u00edculos por uso irregular de vagas especiais","og_description":"Com o objetivo de facilitar mobilidade e direitos fundamentais de idosos e Pessoas com Defici\u00eancia (PcDs), a Prefeitura de Manaus, por meio Instituto Municipal de Mobilidade Urbana (IMMU), realizou, nesse fim de semana, uma opera\u00e7\u00e3o de fiscaliza\u00e7\u00e3o em estacionamentos do Manauara Shopping, Amazonas Shopping e supermercados da zona Centro-Sul.","og_url":"https:\/\/www.manaus.am.gov.br\/semcom\/prefeitura-immu-estacionamento-fiscalizacao-2\/","og_site_name":"SEMCOM","article_published_time":"2026-03-16T16:49:59+00:00","article_modified_time":"2026-03-16T17:02:02+00:00","og_image":[{"width":1599,"height":899,"url":"https:\/\/www.manaus.am.gov.br\/semcom\/wp-content\/uploads\/sites\/5\/2026\/03\/WhatsApp-Image-2026-03-16-at-09.19.40-2.jpeg","type":"image\/jpeg"}],"author":"Adriana Costa","twitter_card":"summary_large_image","twitter_misc":{"Written by":"Adriana Costa","Est. reading time":"2 minutos"},"schema":{"@context":"https:\/\/schema.org","@graph":[{"@type":"WebPage","@id":"https:\/\/www.manaus.am.gov.br\/semcom\/prefeitura-immu-estacionamento-fiscalizacao-2\/","url":"https:\/\/www.manaus.am.gov.br\/semcom\/prefeitura-immu-estacionamento-fiscalizacao-2\/","name":"Prefeitura de Manaus autua 30 ve\u00edculos por uso irregular de vagas especiais","isPartOf":{"@id":"https:\/\/www.manaus.am.gov.br\/semcom\/#website"},"primaryImageOfPage":{"@id":"https:\/\/www.manaus.am.gov.br\/semcom\/prefeitura-immu-estacionamento-fiscalizacao-2\/#primaryimage"},"image":{"@id":"https:\/\/www.manaus.am.gov.br\/semcom\/prefeitura-immu-estacionamento-fiscalizacao-2\/#primaryimage"},"thumbnailUrl":"https:\/\/www.manaus.am.gov.br\/semcom\/wp-content\/uploads\/sites\/5\/2026\/03\/WhatsApp-Image-2026-03-16-at-09.19.40-2.jpeg","datePublished":"2026-03-16T16:49:59+00:00","dateModified":"2026-03-16T17:02:02+00:00","author":{"@id":"https:\/\/www.manaus.am.gov.br\/semcom\/#\/schema\/person\/4e49f4e267757a06ca072ec61b2b9968"},"description":"Com o objetivo de facilitar mobilidade e direitos fundamentais de idosos e Pessoas com Defici\u00eancia (PcDs), a Prefeitura de Manaus, por meio Instituto Municipal de Mobilidade Urbana (IMMU), realizou, nesse fim de semana, uma opera\u00e7\u00e3o de fiscaliza\u00e7\u00e3o em estacionamentos do Manauara Shopping, Amazonas Shopping e supermercados da zona Centro-Sul.","inLanguage":"pt-BR","potentialAction":[{"@type":"ReadAction","target":["https:\/\/www.manaus.am.gov.br\/semcom\/prefeitura-immu-estacionamento-fiscalizacao-2\/"]}]},{"@type":"ImageObject","inLanguage":"pt-BR","@id":"https:\/\/www.manaus.am.gov.br\/semcom\/prefeitura-immu-estacionamento-fiscalizacao-2\/#primaryimage","url":"https:\/\/www.manaus.am.gov.br\/semcom\/wp-content\/uploads\/sites\/5\/2026\/03\/WhatsApp-Image-2026-03-16-at-09.19.40-2.jpeg","contentUrl":"https:\/\/www.manaus.am.gov.br\/semcom\/wp-content\/uploads\/sites\/5\/2026\/03\/WhatsApp-Image-2026-03-16-at-09.19.40-2.jpeg","width":1599,"height":899,"caption":"#paratodosverem - Agentes de tr\u00e2nsito verificam uso de vagas especiais em estacionamento de estabelecimentos comerciais"},{"@type":"WebSite","@id":"https:\/\/www.manaus.am.gov.br\/semcom\/#website","url":"https:\/\/www.manaus.am.gov.br\/semcom\/","name":"SEMCOM","description":"Secretaria Municipal de Comunica\u00e7\u00e3o","potentialAction":[{"@type":"SearchAction","target":{"@type":"EntryPoint","urlTemplate":"https:\/\/www.manaus.am.gov.br\/semcom\/?s={search_term_string}"},"query-input":"required name=search_term_string"}],"inLanguage":"pt-BR"},{"@type":"Person","@id":"https:\/\/www.manaus.am.gov.br\/semcom\/#\/schema\/person\/4e49f4e267757a06ca072ec61b2b9968","name":"Adriana Costa","image":{"@type":"ImageObject","inLanguage":"pt-BR","@id":"https:\/\/www.manaus.am.gov.br\/semcom\/#\/schema\/person\/image\/","url":"https:\/\/secure.gravatar.com\/avatar\/576258617ef7194f718179e766d57bd4?s=96&d=mm&r=g","contentUrl":"https:\/\/secure.gravatar.com\/avatar\/576258617ef7194f718179e766d57bd4?s=96&d=mm&r=g","caption":"Adriana Costa"}}]}},"_links":{"self":[{"href":"https:\/\/www.manaus.am.gov.br\/semcom\/wp-json\/wp\/v2\/posts\/254730"}],"collection":[{"href":"https:\/\/www.manaus.am.gov.br\/semcom\/wp-json\/wp\/v2\/posts"}],"about":[{"href":"https:\/\/www.manaus.am.gov.br\/semcom\/wp-json\/wp\/v2\/types\/post"}],"author":[{"embeddable":true,"href":"https:\/\/www.manaus.am.gov.br\/semcom\/wp-json\/wp\/v2\/users\/23"}],"replies":[{"embeddable":true,"href":"https:\/\/www.manaus.am.gov.br\/semcom\/wp-json\/wp\/v2\/comments?post=254730"}],"version-history":[{"count":1,"href":"https:\/\/www.manaus.am.gov.br\/semcom\/wp-json\/wp\/v2\/posts\/254730\/revisions"}],"predecessor-version":[{"id":254736,"href":"https:\/\/www.manaus.am.gov.br\/semcom\/wp-json\/wp\/v2\/posts\/254730\/revisions\/254736"}],"wp:featuredmedia":[{"embeddable":true,"href":"https:\/\/www.manaus.am.gov.br\/semcom\/wp-json\/wp\/v2\/media\/254731"}],"wp:attachment":[{"href":"https:\/\/www.manaus.am.gov.br\/semcom\/wp-json\/wp\/v2\/media?parent=254730"}],"wp:term":[{"taxonomy":"category","embeddable":true,"href":"https:\/\/www.manaus.am.gov.br\/semcom\/wp-json\/wp\/v2\/categories?post=254730"},{"taxonomy":"post_tag","embeddable":true,"href":"https:\/\/www.manaus.am.gov.br\/semcom\/wp-json\/wp\/v2\/tags?post=254730"}],"curies":[{"name":"wp","href":"https:\/\/api.w.org\/{rel}","templated":true}]}}