{"id":254715,"date":"2026-03-15T15:41:22","date_gmt":"2026-03-15T18:41:22","guid":{"rendered":"https:\/\/www.manaus.am.gov.br\/semcom\/prazo-para-pagar-o-iptu-2026\/"},"modified":"2026-03-15T15:41:23","modified_gmt":"2026-03-15T18:41:23","slug":"prazo-para-pagar-o-iptu-2026","status":"publish","type":"post","link":"https:\/\/www.manaus.am.gov.br\/semcom\/prazo-para-pagar-o-iptu-2026\/","title":{"rendered":"\u00daltimo prazo para pagar o IPTU 2026 em cota \u00fanica com desconto encerra nesta segunda-feira, 16\/3"},"content":{"rendered":"\n<p>Os contribuintes de <a href=\"https:\/\/www.manaus.am.gov.br\/semef\/\">Manaus <\/a>t\u00eam at\u00e9 esta segunda-feira, 16\/3, para aproveitar os descontos no pagamento do Imposto Predial e Territorial Urbano (IPTU) 2026 em cota \u00fanica. Quem optar pelo carn\u00ea digital, dispon\u00edvel no aplicativo <a href=\"https:\/\/www.instagram.com\/prefeiturademanaus\/\">Manaus <\/a>Atende, pode garantir o maior benef\u00edcio: 10% de desconto no valor total do imposto.<\/p>\n\n\n\n<p>O aplicativo pode ser baixado gratuitamente nas lojas App Store e Google Play. A ades\u00e3o ao carn\u00ea digital tem sido incentivada pela Prefeitura de Manaus por oferecer mais praticidade ao contribuinte e ampliar os benef\u00edcios no pagamento do tributo.<\/p>\n\n\n\n<p>Al\u00e9m do desconto maior na cota \u00fanica, quem aderir ao carn\u00ea digital tamb\u00e9m contar\u00e1 com outra vantagem exclusiva: desconto adicional de 2% em cada parcela paga at\u00e9 a data de vencimento, caso opte pelo pagamento parcelado.<\/p>\n\n\n\n<p>J\u00e1 os contribuintes que preferirem pagar o IPTU por meio do carn\u00ea f\u00edsico ou emitir as guias pelo Portal de Servi\u00e7os da Prefeitura (manausatende.manaus.am.gov.br) ter\u00e3o desconto de 8% no pagamento em cota \u00fanica.<\/p>\n\n\n\n<p>De acordo com o subsecret\u00e1rio da Receita da Secretaria Municipal de Finan\u00e7as, Planejamento e Tecnologia da Informa\u00e7\u00e3o (Semef), Arm\u00ednio Pontes, a ades\u00e3o ao carn\u00ea digital tem facilitado o acesso do contribuinte aos servi\u00e7os e ampliado os benef\u00edcios para quem paga o imposto em dia.<\/p>\n\n\n\n<p>\u201cO aplicativo Manaus Atende foi desenvolvido para tornar o atendimento mais simples e r\u00e1pido. Al\u00e9m da comodidade de acessar o carn\u00ea pelo celular, o contribuinte que opta pelo formato digital ainda garante o maior desconto e pode acompanhar suas parcelas de forma pr\u00e1tica\u201d, destacou o subsecret\u00e1rio.<\/p>\n\n\n\n<p><strong>IPTU Premiado<\/strong><\/p>\n\n\n\n<p>Outro incentivo para quem mant\u00e9m o imposto em dia \u00e9 o programa IPTU Premiado, que neste ano vai sortear pr\u00eamios de at\u00e9 R$ 1 milh\u00e3o entre os contribuintes que quitarem seu tributo em cota \u00fanica, al\u00e9m dos pr\u00eamios mensais de at\u00e9 R$ 40 mil. Para participar, \u00e9 necess\u00e1rio realizar o pagamento do imposto dentro do prazo estabelecido.<\/p>\n\n\n\n<p>Segundo Arm\u00ednio Pontes, al\u00e9m dos descontos, o programa busca valorizar os contribuintes que contribuem regularmente com o desenvolvimento da cidade.<\/p>\n\n\n\n<p>\u201cO IPTU Premiado \u00e9 uma forma de reconhecer o contribuinte que paga o imposto em dia. Ao mesmo tempo em que ele garante descontos, tamb\u00e9m passa a concorrer a pr\u00eamios significativos ao longo do ano\u201d, afirmou.<\/p>\n\n\n\n<p>&#8212; &#8212; &#8212;<\/p>\n\n\n\n<p><strong>Texto \u2013<\/strong> Anderson Farias \/ Semef<\/p>\n\n\n\n<p><strong>Foto \u2013<\/strong> Divulga\u00e7\u00e3o \/ Semef<\/p>\n","protected":false},"excerpt":{"rendered":"","protected":false},"author":57,"featured_media":254716,"comment_status":"closed","ping_status":"closed","sticky":false,"template":"","format":"standard","meta":{"footnotes":""},"categories":[2374],"tags":[19057,77,157],"acf":[],"yoast_head":"<!-- This site is optimized with the Yoast SEO plugin v23.0 - https:\/\/yoast.com\/wordpress\/plugins\/seo\/ -->\n<title>Prazo para pagar IPTU 2026 com desconto encerra nesta segunda<\/title>\n<meta name=\"description\" content=\"Os contribuintes de Manaus t\u00eam at\u00e9 esta segunda-feira, 16\/3, para aproveitar os descontos no pagamento do IPTU 2026 em cota \u00fanica.\" \/>\n<meta name=\"robots\" content=\"index, follow, max-snippet:-1, max-image-preview:large, max-video-preview:-1\" \/>\n<link rel=\"canonical\" href=\"https:\/\/www.manaus.am.gov.br\/semcom\/prazo-para-pagar-o-iptu-2026\/\" \/>\n<meta property=\"og:locale\" content=\"pt_BR\" \/>\n<meta property=\"og:type\" content=\"article\" \/>\n<meta property=\"og:title\" content=\"Prazo para pagar IPTU 2026 com desconto encerra nesta segunda\" \/>\n<meta property=\"og:description\" content=\"Os contribuintes de Manaus t\u00eam at\u00e9 esta segunda-feira, 16\/3, para aproveitar os descontos no pagamento do IPTU 2026 em cota \u00fanica.\" \/>\n<meta property=\"og:url\" content=\"https:\/\/www.manaus.am.gov.br\/semcom\/prazo-para-pagar-o-iptu-2026\/\" \/>\n<meta property=\"og:site_name\" content=\"SEMCOM\" \/>\n<meta property=\"article:published_time\" content=\"2026-03-15T18:41:22+00:00\" \/>\n<meta property=\"article:modified_time\" content=\"2026-03-15T18:41:23+00:00\" \/>\n<meta property=\"og:image\" content=\"https:\/\/www.manaus.am.gov.br\/semcom\/wp-content\/uploads\/sites\/5\/2026\/03\/IPTU-2026.jpeg\" \/>\n\t<meta property=\"og:image:width\" content=\"6000\" \/>\n\t<meta property=\"og:image:height\" content=\"4000\" \/>\n\t<meta property=\"og:image:type\" content=\"image\/jpeg\" \/>\n<meta name=\"author\" content=\"Thiago Fernando\" \/>\n<meta name=\"twitter:card\" content=\"summary_large_image\" \/>\n<meta name=\"twitter:label1\" content=\"Written by\" \/>\n\t<meta name=\"twitter:data1\" content=\"Thiago Fernando\" \/>\n\t<meta name=\"twitter:label2\" content=\"Est. reading time\" \/>\n\t<meta name=\"twitter:data2\" content=\"3 minutos\" \/>\n<script type=\"application\/ld+json\" class=\"yoast-schema-graph\">{\"@context\":\"https:\/\/schema.org\",\"@graph\":[{\"@type\":\"WebPage\",\"@id\":\"https:\/\/www.manaus.am.gov.br\/semcom\/prazo-para-pagar-o-iptu-2026\/\",\"url\":\"https:\/\/www.manaus.am.gov.br\/semcom\/prazo-para-pagar-o-iptu-2026\/\",\"name\":\"Prazo para pagar IPTU 2026 com desconto encerra nesta segunda\",\"isPartOf\":{\"@id\":\"https:\/\/www.manaus.am.gov.br\/semcom\/#website\"},\"primaryImageOfPage\":{\"@id\":\"https:\/\/www.manaus.am.gov.br\/semcom\/prazo-para-pagar-o-iptu-2026\/#primaryimage\"},\"image\":{\"@id\":\"https:\/\/www.manaus.am.gov.br\/semcom\/prazo-para-pagar-o-iptu-2026\/#primaryimage\"},\"thumbnailUrl\":\"https:\/\/www.manaus.am.gov.br\/semcom\/wp-content\/uploads\/sites\/5\/2026\/03\/IPTU-2026.jpeg\",\"datePublished\":\"2026-03-15T18:41:22+00:00\",\"dateModified\":\"2026-03-15T18:41:23+00:00\",\"author\":{\"@id\":\"https:\/\/www.manaus.am.gov.br\/semcom\/#\/schema\/person\/a5ee5376db6e21af026374b369f30882\"},\"description\":\"Os contribuintes de Manaus t\u00eam at\u00e9 esta segunda-feira, 16\/3, para aproveitar os descontos no pagamento do IPTU 2026 em cota \u00fanica.\",\"inLanguage\":\"pt-BR\",\"potentialAction\":[{\"@type\":\"ReadAction\",\"target\":[\"https:\/\/www.manaus.am.gov.br\/semcom\/prazo-para-pagar-o-iptu-2026\/\"]}]},{\"@type\":\"ImageObject\",\"inLanguage\":\"pt-BR\",\"@id\":\"https:\/\/www.manaus.am.gov.br\/semcom\/prazo-para-pagar-o-iptu-2026\/#primaryimage\",\"url\":\"https:\/\/www.manaus.am.gov.br\/semcom\/wp-content\/uploads\/sites\/5\/2026\/03\/IPTU-2026.jpeg\",\"contentUrl\":\"https:\/\/www.manaus.am.gov.br\/semcom\/wp-content\/uploads\/sites\/5\/2026\/03\/IPTU-2026.jpeg\",\"width\":6000,\"height\":4000,\"caption\":\"#paratodosverem - Pessoa segurando celular\"},{\"@type\":\"WebSite\",\"@id\":\"https:\/\/www.manaus.am.gov.br\/semcom\/#website\",\"url\":\"https:\/\/www.manaus.am.gov.br\/semcom\/\",\"name\":\"SEMCOM\",\"description\":\"Secretaria Municipal de Comunica\u00e7\u00e3o\",\"potentialAction\":[{\"@type\":\"SearchAction\",\"target\":{\"@type\":\"EntryPoint\",\"urlTemplate\":\"https:\/\/www.manaus.am.gov.br\/semcom\/?s={search_term_string}\"},\"query-input\":\"required name=search_term_string\"}],\"inLanguage\":\"pt-BR\"},{\"@type\":\"Person\",\"@id\":\"https:\/\/www.manaus.am.gov.br\/semcom\/#\/schema\/person\/a5ee5376db6e21af026374b369f30882\",\"name\":\"Thiago Fernando\",\"image\":{\"@type\":\"ImageObject\",\"inLanguage\":\"pt-BR\",\"@id\":\"https:\/\/www.manaus.am.gov.br\/semcom\/#\/schema\/person\/image\/\",\"url\":\"https:\/\/secure.gravatar.com\/avatar\/f5aab8722444041451501c077052ac07?s=96&d=mm&r=g\",\"contentUrl\":\"https:\/\/secure.gravatar.com\/avatar\/f5aab8722444041451501c077052ac07?s=96&d=mm&r=g\",\"caption\":\"Thiago Fernando\"}}]}<\/script>\n<!-- \/ Yoast SEO plugin. -->","yoast_head_json":{"title":"Prazo para pagar IPTU 2026 com desconto encerra nesta segunda","description":"Os contribuintes de Manaus t\u00eam at\u00e9 esta segunda-feira, 16\/3, para aproveitar os descontos no pagamento do IPTU 2026 em cota \u00fanica.","robots":{"index":"index","follow":"follow","max-snippet":"max-snippet:-1","max-image-preview":"max-image-preview:large","max-video-preview":"max-video-preview:-1"},"canonical":"https:\/\/www.manaus.am.gov.br\/semcom\/prazo-para-pagar-o-iptu-2026\/","og_locale":"pt_BR","og_type":"article","og_title":"Prazo para pagar IPTU 2026 com desconto encerra nesta segunda","og_description":"Os contribuintes de Manaus t\u00eam at\u00e9 esta segunda-feira, 16\/3, para aproveitar os descontos no pagamento do IPTU 2026 em cota \u00fanica.","og_url":"https:\/\/www.manaus.am.gov.br\/semcom\/prazo-para-pagar-o-iptu-2026\/","og_site_name":"SEMCOM","article_published_time":"2026-03-15T18:41:22+00:00","article_modified_time":"2026-03-15T18:41:23+00:00","og_image":[{"width":6000,"height":4000,"url":"https:\/\/www.manaus.am.gov.br\/semcom\/wp-content\/uploads\/sites\/5\/2026\/03\/IPTU-2026.jpeg","type":"image\/jpeg"}],"author":"Thiago Fernando","twitter_card":"summary_large_image","twitter_misc":{"Written by":"Thiago Fernando","Est. reading time":"3 minutos"},"schema":{"@context":"https:\/\/schema.org","@graph":[{"@type":"WebPage","@id":"https:\/\/www.manaus.am.gov.br\/semcom\/prazo-para-pagar-o-iptu-2026\/","url":"https:\/\/www.manaus.am.gov.br\/semcom\/prazo-para-pagar-o-iptu-2026\/","name":"Prazo para pagar IPTU 2026 com desconto encerra nesta segunda","isPartOf":{"@id":"https:\/\/www.manaus.am.gov.br\/semcom\/#website"},"primaryImageOfPage":{"@id":"https:\/\/www.manaus.am.gov.br\/semcom\/prazo-para-pagar-o-iptu-2026\/#primaryimage"},"image":{"@id":"https:\/\/www.manaus.am.gov.br\/semcom\/prazo-para-pagar-o-iptu-2026\/#primaryimage"},"thumbnailUrl":"https:\/\/www.manaus.am.gov.br\/semcom\/wp-content\/uploads\/sites\/5\/2026\/03\/IPTU-2026.jpeg","datePublished":"2026-03-15T18:41:22+00:00","dateModified":"2026-03-15T18:41:23+00:00","author":{"@id":"https:\/\/www.manaus.am.gov.br\/semcom\/#\/schema\/person\/a5ee5376db6e21af026374b369f30882"},"description":"Os contribuintes de Manaus t\u00eam at\u00e9 esta segunda-feira, 16\/3, para aproveitar os descontos no pagamento do IPTU 2026 em cota \u00fanica.","inLanguage":"pt-BR","potentialAction":[{"@type":"ReadAction","target":["https:\/\/www.manaus.am.gov.br\/semcom\/prazo-para-pagar-o-iptu-2026\/"]}]},{"@type":"ImageObject","inLanguage":"pt-BR","@id":"https:\/\/www.manaus.am.gov.br\/semcom\/prazo-para-pagar-o-iptu-2026\/#primaryimage","url":"https:\/\/www.manaus.am.gov.br\/semcom\/wp-content\/uploads\/sites\/5\/2026\/03\/IPTU-2026.jpeg","contentUrl":"https:\/\/www.manaus.am.gov.br\/semcom\/wp-content\/uploads\/sites\/5\/2026\/03\/IPTU-2026.jpeg","width":6000,"height":4000,"caption":"#paratodosverem - Pessoa segurando celular"},{"@type":"WebSite","@id":"https:\/\/www.manaus.am.gov.br\/semcom\/#website","url":"https:\/\/www.manaus.am.gov.br\/semcom\/","name":"SEMCOM","description":"Secretaria Municipal de Comunica\u00e7\u00e3o","potentialAction":[{"@type":"SearchAction","target":{"@type":"EntryPoint","urlTemplate":"https:\/\/www.manaus.am.gov.br\/semcom\/?s={search_term_string}"},"query-input":"required name=search_term_string"}],"inLanguage":"pt-BR"},{"@type":"Person","@id":"https:\/\/www.manaus.am.gov.br\/semcom\/#\/schema\/person\/a5ee5376db6e21af026374b369f30882","name":"Thiago Fernando","image":{"@type":"ImageObject","inLanguage":"pt-BR","@id":"https:\/\/www.manaus.am.gov.br\/semcom\/#\/schema\/person\/image\/","url":"https:\/\/secure.gravatar.com\/avatar\/f5aab8722444041451501c077052ac07?s=96&d=mm&r=g","contentUrl":"https:\/\/secure.gravatar.com\/avatar\/f5aab8722444041451501c077052ac07?s=96&d=mm&r=g","caption":"Thiago Fernando"}}]}},"_links":{"self":[{"href":"https:\/\/www.manaus.am.gov.br\/semcom\/wp-json\/wp\/v2\/posts\/254715"}],"collection":[{"href":"https:\/\/www.manaus.am.gov.br\/semcom\/wp-json\/wp\/v2\/posts"}],"about":[{"href":"https:\/\/www.manaus.am.gov.br\/semcom\/wp-json\/wp\/v2\/types\/post"}],"author":[{"embeddable":true,"href":"https:\/\/www.manaus.am.gov.br\/semcom\/wp-json\/wp\/v2\/users\/57"}],"replies":[{"embeddable":true,"href":"https:\/\/www.manaus.am.gov.br\/semcom\/wp-json\/wp\/v2\/comments?post=254715"}],"version-history":[{"count":0,"href":"https:\/\/www.manaus.am.gov.br\/semcom\/wp-json\/wp\/v2\/posts\/254715\/revisions"}],"wp:featuredmedia":[{"embeddable":true,"href":"https:\/\/www.manaus.am.gov.br\/semcom\/wp-json\/wp\/v2\/media\/254716"}],"wp:attachment":[{"href":"https:\/\/www.manaus.am.gov.br\/semcom\/wp-json\/wp\/v2\/media?parent=254715"}],"wp:term":[{"taxonomy":"category","embeddable":true,"href":"https:\/\/www.manaus.am.gov.br\/semcom\/wp-json\/wp\/v2\/categories?post=254715"},{"taxonomy":"post_tag","embeddable":true,"href":"https:\/\/www.manaus.am.gov.br\/semcom\/wp-json\/wp\/v2\/tags?post=254715"}],"curies":[{"name":"wp","href":"https:\/\/api.w.org\/{rel}","templated":true}]}}