{"id":254705,"date":"2026-03-15T00:51:32","date_gmt":"2026-03-15T03:51:32","guid":{"rendered":"https:\/\/www.manaus.am.gov.br\/semcom\/demolicoes-de-ocupacoes-irregulares\/"},"modified":"2026-03-15T00:51:33","modified_gmt":"2026-03-15T03:51:33","slug":"demolicoes-de-ocupacoes-irregulares","status":"publish","type":"post","link":"https:\/\/www.manaus.am.gov.br\/semcom\/demolicoes-de-ocupacoes-irregulares\/","title":{"rendered":"Prefeitura de Manaus faz novas demoli\u00e7\u00f5es de ocupa\u00e7\u00f5es irregulares em \u00e1reas p\u00fablicas no Novo Aleixo"},"content":{"rendered":"\n<p>Mais de 5 anos ap\u00f3s processo de desapropria\u00e7\u00e3o de \u00e1reas no Novo Aleixo, na zona Leste, a <a href=\"https:\/\/www.instagram.com\/prefeiturademanaus\/\">Prefeitura de Manaus<\/a> voltou a fazer demoli\u00e7\u00f5es administrativas de ocupa\u00e7\u00f5es totalmente irregulares em \u00e1reas p\u00fablicas, neste s\u00e1bado, 14\/3, ap\u00f3s confirma\u00e7\u00e3o de den\u00fancia de invas\u00e3o e constru\u00e7\u00e3o ilegal, sem possibilidade de regulariza\u00e7\u00e3o.<\/p>\n\n\n\n<p>No parque linear do Novo Aleixo, dentro do Programa de Recupera\u00e7\u00e3o Ambiental e Requalifica\u00e7\u00e3o Social e Urban\u00edstica do Igarap\u00e9 do Mindu (Promindu), as \u00e1reas ocupadas ilegalmente, pertencentes ao munic\u00edpio, s\u00e3o mapeadas e monitoradas. Fiscais do <a href=\"https:\/\/www.manaus.am.gov.br\/implurb\/\">Instituto Municipal de Planejamento Urbano (Implurb)<\/a> coordenaram a a\u00e7\u00e3o, resultando ainda em aplica\u00e7\u00e3o de notifica\u00e7\u00e3o e infra\u00e7\u00e3o ao respons\u00e1vel.<\/p>\n\n\n\n<p>Participaram da a\u00e7\u00e3o equipes das secretarias municipais de Infraestrutura (Seminf), de Seguran\u00e7a P\u00fablica e Defesa Social (Semseg), com agentes da Ronda Ostensiva Municipal&nbsp;(Romu), da&nbsp;Guarda&nbsp;Municipal de Manaus (GMM), e de Meio Ambiente e Sustentabilidade (Semmas).<\/p>\n\n\n\n<p>&#8220;Se constata a persist\u00eancia de tentativas de constru\u00e7\u00e3o nesses locais, inclusive com a apresenta\u00e7\u00e3o de documentos que n\u00e3o comprovam a propriedade. \u00c9 importante ressaltar que as constru\u00e7\u00f5es irregulares frequentemente ocorrem nos finais de semana, com a expectativa de aus\u00eancia de fiscaliza\u00e7\u00e3o. Contudo, informamos que nossas equipes de fiscaliza\u00e7\u00e3o atuam em regime de plant\u00e3o, inclusive s\u00e1bados, domingos e feriados. A demoli\u00e7\u00e3o realizada hoje demonstra a vigil\u00e2ncia e a a\u00e7\u00e3o imediata do \u00f3rg\u00e3o competente diante de constru\u00e7\u00f5es irregulares&#8221;, afirmou o vice-presidente do Implurb, Antonio Peixoto.<\/p>\n\n\n\n<p>Desde 2010, a regi\u00e3o recebe investimentos para conserva\u00e7\u00e3o na \u00c1rea de Preserva\u00e7\u00e3o Permanente (APP) do igarap\u00e9 do Mindu, incluindo os recursos em&nbsp;desapropria\u00e7\u00f5es. Em 2021, a prefeitura realizou a retirada de dezenas de ocupa\u00e7\u00f5es irregulares de uma \u00e1rea p\u00fablica e de preserva\u00e7\u00e3o ambiental, j\u00e1 decorrente de desapropria\u00e7\u00f5es feitas pelo munic\u00edpio.<\/p>\n\n\n\n<p>&#8212; &#8212; &#8212;<\/p>\n\n\n\n<p><strong>Texto &#8211;<\/strong> Claudia do Valle \/ Implurb<\/p>\n\n\n\n<p><strong>Fotos \u2013<\/strong> Divulga\u00e7\u00e3o<\/p>\n","protected":false},"excerpt":{"rendered":"","protected":false},"author":57,"featured_media":254706,"comment_status":"closed","ping_status":"closed","sticky":false,"template":"","format":"standard","meta":{"footnotes":""},"categories":[407],"tags":[65,19761,1590,77],"acf":[],"yoast_head":"<!-- This site is optimized with the Yoast SEO plugin v23.0 - https:\/\/yoast.com\/wordpress\/plugins\/seo\/ -->\n<title>Pmm faz novas demoli\u00e7\u00f5es de ocupa\u00e7\u00f5es irregulares<\/title>\n<meta name=\"description\" content=\"A Prefeitura de Manaus voltou a fazer demoli\u00e7\u00f5es administrativas de ocupa\u00e7\u00f5es totalmente irregulares em \u00e1reas p\u00fablicas, neste s\u00e1bado, 14\/3.\" \/>\n<meta name=\"robots\" content=\"index, follow, max-snippet:-1, max-image-preview:large, max-video-preview:-1\" \/>\n<link rel=\"canonical\" href=\"https:\/\/www.manaus.am.gov.br\/semcom\/demolicoes-de-ocupacoes-irregulares\/\" \/>\n<meta property=\"og:locale\" content=\"pt_BR\" \/>\n<meta property=\"og:type\" content=\"article\" \/>\n<meta property=\"og:title\" content=\"Pmm faz novas demoli\u00e7\u00f5es de ocupa\u00e7\u00f5es irregulares\" \/>\n<meta property=\"og:description\" content=\"A Prefeitura de Manaus voltou a fazer demoli\u00e7\u00f5es administrativas de ocupa\u00e7\u00f5es totalmente irregulares em \u00e1reas p\u00fablicas, neste s\u00e1bado, 14\/3.\" \/>\n<meta property=\"og:url\" content=\"https:\/\/www.manaus.am.gov.br\/semcom\/demolicoes-de-ocupacoes-irregulares\/\" \/>\n<meta property=\"og:site_name\" content=\"SEMCOM\" \/>\n<meta property=\"article:published_time\" content=\"2026-03-15T03:51:32+00:00\" \/>\n<meta property=\"article:modified_time\" content=\"2026-03-15T03:51:33+00:00\" \/>\n<meta property=\"og:image\" content=\"https:\/\/www.manaus.am.gov.br\/semcom\/wp-content\/uploads\/sites\/5\/2026\/03\/demolicoes-de-ocupacoes-irregulares-2.jpg\" \/>\n\t<meta property=\"og:image:width\" content=\"1280\" \/>\n\t<meta property=\"og:image:height\" content=\"960\" \/>\n\t<meta property=\"og:image:type\" content=\"image\/jpeg\" \/>\n<meta name=\"author\" content=\"Thiago Fernando\" \/>\n<meta name=\"twitter:card\" content=\"summary_large_image\" \/>\n<meta name=\"twitter:label1\" content=\"Written by\" \/>\n\t<meta name=\"twitter:data1\" content=\"Thiago Fernando\" \/>\n\t<meta name=\"twitter:label2\" content=\"Est. reading time\" \/>\n\t<meta name=\"twitter:data2\" content=\"2 minutos\" \/>\n<script type=\"application\/ld+json\" class=\"yoast-schema-graph\">{\"@context\":\"https:\/\/schema.org\",\"@graph\":[{\"@type\":\"WebPage\",\"@id\":\"https:\/\/www.manaus.am.gov.br\/semcom\/demolicoes-de-ocupacoes-irregulares\/\",\"url\":\"https:\/\/www.manaus.am.gov.br\/semcom\/demolicoes-de-ocupacoes-irregulares\/\",\"name\":\"Pmm faz novas demoli\u00e7\u00f5es de ocupa\u00e7\u00f5es irregulares\",\"isPartOf\":{\"@id\":\"https:\/\/www.manaus.am.gov.br\/semcom\/#website\"},\"primaryImageOfPage\":{\"@id\":\"https:\/\/www.manaus.am.gov.br\/semcom\/demolicoes-de-ocupacoes-irregulares\/#primaryimage\"},\"image\":{\"@id\":\"https:\/\/www.manaus.am.gov.br\/semcom\/demolicoes-de-ocupacoes-irregulares\/#primaryimage\"},\"thumbnailUrl\":\"https:\/\/www.manaus.am.gov.br\/semcom\/wp-content\/uploads\/sites\/5\/2026\/03\/demolicoes-de-ocupacoes-irregulares-2.jpg\",\"datePublished\":\"2026-03-15T03:51:32+00:00\",\"dateModified\":\"2026-03-15T03:51:33+00:00\",\"author\":{\"@id\":\"https:\/\/www.manaus.am.gov.br\/semcom\/#\/schema\/person\/a5ee5376db6e21af026374b369f30882\"},\"description\":\"A Prefeitura de Manaus voltou a fazer demoli\u00e7\u00f5es administrativas de ocupa\u00e7\u00f5es totalmente irregulares em \u00e1reas p\u00fablicas, neste s\u00e1bado, 14\/3.\",\"inLanguage\":\"pt-BR\",\"potentialAction\":[{\"@type\":\"ReadAction\",\"target\":[\"https:\/\/www.manaus.am.gov.br\/semcom\/demolicoes-de-ocupacoes-irregulares\/\"]}]},{\"@type\":\"ImageObject\",\"inLanguage\":\"pt-BR\",\"@id\":\"https:\/\/www.manaus.am.gov.br\/semcom\/demolicoes-de-ocupacoes-irregulares\/#primaryimage\",\"url\":\"https:\/\/www.manaus.am.gov.br\/semcom\/wp-content\/uploads\/sites\/5\/2026\/03\/demolicoes-de-ocupacoes-irregulares-2.jpg\",\"contentUrl\":\"https:\/\/www.manaus.am.gov.br\/semcom\/wp-content\/uploads\/sites\/5\/2026\/03\/demolicoes-de-ocupacoes-irregulares-2.jpg\",\"width\":1280,\"height\":960,\"caption\":\"#paratodosverem - \u00c1rea que foi demolida ap\u00f3s ocupa\u00e7\u00e3o irregular\"},{\"@type\":\"WebSite\",\"@id\":\"https:\/\/www.manaus.am.gov.br\/semcom\/#website\",\"url\":\"https:\/\/www.manaus.am.gov.br\/semcom\/\",\"name\":\"SEMCOM\",\"description\":\"Secretaria Municipal de Comunica\u00e7\u00e3o\",\"potentialAction\":[{\"@type\":\"SearchAction\",\"target\":{\"@type\":\"EntryPoint\",\"urlTemplate\":\"https:\/\/www.manaus.am.gov.br\/semcom\/?s={search_term_string}\"},\"query-input\":\"required name=search_term_string\"}],\"inLanguage\":\"pt-BR\"},{\"@type\":\"Person\",\"@id\":\"https:\/\/www.manaus.am.gov.br\/semcom\/#\/schema\/person\/a5ee5376db6e21af026374b369f30882\",\"name\":\"Thiago Fernando\",\"image\":{\"@type\":\"ImageObject\",\"inLanguage\":\"pt-BR\",\"@id\":\"https:\/\/www.manaus.am.gov.br\/semcom\/#\/schema\/person\/image\/\",\"url\":\"https:\/\/secure.gravatar.com\/avatar\/f5aab8722444041451501c077052ac07?s=96&d=mm&r=g\",\"contentUrl\":\"https:\/\/secure.gravatar.com\/avatar\/f5aab8722444041451501c077052ac07?s=96&d=mm&r=g\",\"caption\":\"Thiago Fernando\"}}]}<\/script>\n<!-- \/ Yoast SEO plugin. -->","yoast_head_json":{"title":"Pmm faz novas demoli\u00e7\u00f5es de ocupa\u00e7\u00f5es irregulares","description":"A Prefeitura de Manaus voltou a fazer demoli\u00e7\u00f5es administrativas de ocupa\u00e7\u00f5es totalmente irregulares em \u00e1reas p\u00fablicas, neste s\u00e1bado, 14\/3.","robots":{"index":"index","follow":"follow","max-snippet":"max-snippet:-1","max-image-preview":"max-image-preview:large","max-video-preview":"max-video-preview:-1"},"canonical":"https:\/\/www.manaus.am.gov.br\/semcom\/demolicoes-de-ocupacoes-irregulares\/","og_locale":"pt_BR","og_type":"article","og_title":"Pmm faz novas demoli\u00e7\u00f5es de ocupa\u00e7\u00f5es irregulares","og_description":"A Prefeitura de Manaus voltou a fazer demoli\u00e7\u00f5es administrativas de ocupa\u00e7\u00f5es totalmente irregulares em \u00e1reas p\u00fablicas, neste s\u00e1bado, 14\/3.","og_url":"https:\/\/www.manaus.am.gov.br\/semcom\/demolicoes-de-ocupacoes-irregulares\/","og_site_name":"SEMCOM","article_published_time":"2026-03-15T03:51:32+00:00","article_modified_time":"2026-03-15T03:51:33+00:00","og_image":[{"width":1280,"height":960,"url":"https:\/\/www.manaus.am.gov.br\/semcom\/wp-content\/uploads\/sites\/5\/2026\/03\/demolicoes-de-ocupacoes-irregulares-2.jpg","type":"image\/jpeg"}],"author":"Thiago Fernando","twitter_card":"summary_large_image","twitter_misc":{"Written by":"Thiago Fernando","Est. reading time":"2 minutos"},"schema":{"@context":"https:\/\/schema.org","@graph":[{"@type":"WebPage","@id":"https:\/\/www.manaus.am.gov.br\/semcom\/demolicoes-de-ocupacoes-irregulares\/","url":"https:\/\/www.manaus.am.gov.br\/semcom\/demolicoes-de-ocupacoes-irregulares\/","name":"Pmm faz novas demoli\u00e7\u00f5es de ocupa\u00e7\u00f5es irregulares","isPartOf":{"@id":"https:\/\/www.manaus.am.gov.br\/semcom\/#website"},"primaryImageOfPage":{"@id":"https:\/\/www.manaus.am.gov.br\/semcom\/demolicoes-de-ocupacoes-irregulares\/#primaryimage"},"image":{"@id":"https:\/\/www.manaus.am.gov.br\/semcom\/demolicoes-de-ocupacoes-irregulares\/#primaryimage"},"thumbnailUrl":"https:\/\/www.manaus.am.gov.br\/semcom\/wp-content\/uploads\/sites\/5\/2026\/03\/demolicoes-de-ocupacoes-irregulares-2.jpg","datePublished":"2026-03-15T03:51:32+00:00","dateModified":"2026-03-15T03:51:33+00:00","author":{"@id":"https:\/\/www.manaus.am.gov.br\/semcom\/#\/schema\/person\/a5ee5376db6e21af026374b369f30882"},"description":"A Prefeitura de Manaus voltou a fazer demoli\u00e7\u00f5es administrativas de ocupa\u00e7\u00f5es totalmente irregulares em \u00e1reas p\u00fablicas, neste s\u00e1bado, 14\/3.","inLanguage":"pt-BR","potentialAction":[{"@type":"ReadAction","target":["https:\/\/www.manaus.am.gov.br\/semcom\/demolicoes-de-ocupacoes-irregulares\/"]}]},{"@type":"ImageObject","inLanguage":"pt-BR","@id":"https:\/\/www.manaus.am.gov.br\/semcom\/demolicoes-de-ocupacoes-irregulares\/#primaryimage","url":"https:\/\/www.manaus.am.gov.br\/semcom\/wp-content\/uploads\/sites\/5\/2026\/03\/demolicoes-de-ocupacoes-irregulares-2.jpg","contentUrl":"https:\/\/www.manaus.am.gov.br\/semcom\/wp-content\/uploads\/sites\/5\/2026\/03\/demolicoes-de-ocupacoes-irregulares-2.jpg","width":1280,"height":960,"caption":"#paratodosverem - \u00c1rea que foi demolida ap\u00f3s ocupa\u00e7\u00e3o irregular"},{"@type":"WebSite","@id":"https:\/\/www.manaus.am.gov.br\/semcom\/#website","url":"https:\/\/www.manaus.am.gov.br\/semcom\/","name":"SEMCOM","description":"Secretaria Municipal de Comunica\u00e7\u00e3o","potentialAction":[{"@type":"SearchAction","target":{"@type":"EntryPoint","urlTemplate":"https:\/\/www.manaus.am.gov.br\/semcom\/?s={search_term_string}"},"query-input":"required name=search_term_string"}],"inLanguage":"pt-BR"},{"@type":"Person","@id":"https:\/\/www.manaus.am.gov.br\/semcom\/#\/schema\/person\/a5ee5376db6e21af026374b369f30882","name":"Thiago Fernando","image":{"@type":"ImageObject","inLanguage":"pt-BR","@id":"https:\/\/www.manaus.am.gov.br\/semcom\/#\/schema\/person\/image\/","url":"https:\/\/secure.gravatar.com\/avatar\/f5aab8722444041451501c077052ac07?s=96&d=mm&r=g","contentUrl":"https:\/\/secure.gravatar.com\/avatar\/f5aab8722444041451501c077052ac07?s=96&d=mm&r=g","caption":"Thiago Fernando"}}]}},"_links":{"self":[{"href":"https:\/\/www.manaus.am.gov.br\/semcom\/wp-json\/wp\/v2\/posts\/254705"}],"collection":[{"href":"https:\/\/www.manaus.am.gov.br\/semcom\/wp-json\/wp\/v2\/posts"}],"about":[{"href":"https:\/\/www.manaus.am.gov.br\/semcom\/wp-json\/wp\/v2\/types\/post"}],"author":[{"embeddable":true,"href":"https:\/\/www.manaus.am.gov.br\/semcom\/wp-json\/wp\/v2\/users\/57"}],"replies":[{"embeddable":true,"href":"https:\/\/www.manaus.am.gov.br\/semcom\/wp-json\/wp\/v2\/comments?post=254705"}],"version-history":[{"count":0,"href":"https:\/\/www.manaus.am.gov.br\/semcom\/wp-json\/wp\/v2\/posts\/254705\/revisions"}],"wp:featuredmedia":[{"embeddable":true,"href":"https:\/\/www.manaus.am.gov.br\/semcom\/wp-json\/wp\/v2\/media\/254706"}],"wp:attachment":[{"href":"https:\/\/www.manaus.am.gov.br\/semcom\/wp-json\/wp\/v2\/media?parent=254705"}],"wp:term":[{"taxonomy":"category","embeddable":true,"href":"https:\/\/www.manaus.am.gov.br\/semcom\/wp-json\/wp\/v2\/categories?post=254705"},{"taxonomy":"post_tag","embeddable":true,"href":"https:\/\/www.manaus.am.gov.br\/semcom\/wp-json\/wp\/v2\/tags?post=254705"}],"curies":[{"name":"wp","href":"https:\/\/api.w.org\/{rel}","templated":true}]}}