{"id":254693,"date":"2026-03-14T17:06:51","date_gmt":"2026-03-14T21:06:51","guid":{"rendered":"https:\/\/www.manaus.am.gov.br\/semcom\/pmm-anuncia-192-contemplados-no-residencial-morar-melhor-13\/"},"modified":"2026-03-14T17:06:51","modified_gmt":"2026-03-14T21:06:51","slug":"pmm-anuncia-192-contemplados-no-residencial-morar-melhor-13","status":"publish","type":"post","link":"https:\/\/www.manaus.am.gov.br\/semcom\/pmm-anuncia-192-contemplados-no-residencial-morar-melhor-13\/","title":{"rendered":"Prefeitura anuncia primeiros 192 contemplados no residencial Morar Melhor 13, no Parque das Tribos"},"content":{"rendered":"\n<p>O prefeito de <a href=\"https:\/\/www.instagram.com\/prefeiturademanaus\/\">Manaus<\/a>, David Almeida, anunciou a publica\u00e7\u00e3o no Di\u00e1rio Oficial do Munic\u00edpio (DOM) da lista dos primeiros 192 candidatos contemplados para o empreendimento habitacional Morar Melhor 13 (MM13), localizado na rua Jacururu, n\u00ba 915, no bairro Tarum\u00e3 A\u00e7u, regi\u00e3o do Parque das Tribos, na zona Oeste da capital. A divulga\u00e7\u00e3o foi feita nesta sexta-feira, 13\/3, pela <a href=\"https:\/\/www.manaus.am.gov.br\/semhaf\/\">Secretaria Municipal de Habita\u00e7\u00e3o e Assuntos Fundi\u00e1rios (Semhaf)<\/a>.\u00a0<\/p>\n\n\n\n<p>O empreendimento integra a pol\u00edtica habitacional da Prefeitura de Manaus executada em parceria com o governo federal, por meio do programa \u201cMinha Casa, Minha Vida\u201d, com apoio da Caixa Econ\u00f4mica Federal.<\/p>\n\n\n\n<p>A lista publicada no DOM apresenta os nomes das primeiras 192 fam\u00edlias selecionadas para ocupar os apartamentos do residencial, conforme os crit\u00e9rios definidos pelo Minist\u00e9rio das Cidades e pelas normas municipais estabelecidas pela Semhaf.&nbsp;<\/p>\n\n\n\n<p>Segundo o prefeito David Almeida, a divulga\u00e7\u00e3o dos contemplados representa mais um avan\u00e7o na pol\u00edtica de habita\u00e7\u00e3o da capital amazonense, que tem buscado ampliar o acesso \u00e0 moradia digna para fam\u00edlias que aguardavam h\u00e1 anos por uma oportunidade de sair do aluguel ou de situa\u00e7\u00f5es de vulnerabilidade.<\/p>\n\n\n\n<p>\u201cCada apartamento entregue representa uma nova hist\u00f3ria para cada uma dessas fam\u00edlias contempladas. N\u00f3s sabemos o que significa sair do aluguel, sair de uma \u00e1rea prec\u00e1ria e ter um lugar digno para morar. \u00c9 por isso que estamos trabalhando para ampliar a pol\u00edtica habitacional da nossa cidade e garantir moradia para quem mais precisa\u201d, afirmou o prefeito.<\/p>\n\n\n\n<p>De acordo com o secret\u00e1rio municipal de Habita\u00e7\u00e3o e Assuntos Fundi\u00e1rios (Semhaf), Jesus Alves, a publica\u00e7\u00e3o representa um momento aguardado com muita expectativa. &#8220;Essa \u00e9 uma etapa muito esperada pelas fam\u00edlias e por todos n\u00f3s. Ver o nome publicado no Di\u00e1rio Oficial \u00e9 a confirma\u00e7\u00e3o de que o sonho da casa pr\u00f3pria est\u00e1 se tornando realidade. A Caixa Econ\u00f4mica Federal continua trabalhando na sele\u00e7\u00e3o das fam\u00edlias, e as pr\u00f3ximas listas vir\u00e3o na sequ\u00eancia&#8221;, afirmou o secret\u00e1rio.<\/p>\n\n\n\n<figure class=\"wp-block-image size-full\"><img loading=\"lazy\" decoding=\"async\" width=\"799\" height=\"533\" src=\"https:\/\/www.manaus.am.gov.br\/semcom\/wp-content\/uploads\/sites\/5\/2026\/03\/55127747954_f427a654b4_c.jpg\" alt=\"residencial Morar Melhor 13\" class=\"wp-image-254695\" srcset=\"https:\/\/www.manaus.am.gov.br\/semcom\/wp-content\/uploads\/sites\/5\/2026\/03\/55127747954_f427a654b4_c.jpg 799w, https:\/\/www.manaus.am.gov.br\/semcom\/wp-content\/uploads\/sites\/5\/2026\/03\/55127747954_f427a654b4_c-300x200.jpg 300w, https:\/\/www.manaus.am.gov.br\/semcom\/wp-content\/uploads\/sites\/5\/2026\/03\/55127747954_f427a654b4_c-768x512.jpg 768w\" sizes=\"(max-width: 799px) 100vw, 799px\" \/><figcaption class=\"wp-element-caption\">#paratodosverem &#8211; Caminh\u00e3o em frente ao bloco do residencial Morar Melhor 13<\/figcaption><\/figure>\n\n\n\n<p>De acordo com a Semhaf, a sele\u00e7\u00e3o das fam\u00edlias ocorreu com base nos crit\u00e9rios estabelecidos na Portaria n\u00ba 75\/2025 do Minist\u00e9rio das Cidades e na Portaria n\u00ba 26\/2025 da pr\u00f3pria secretaria, que regulamentam o processo de escolha dos benefici\u00e1rios dos empreendimentos habitacionais vinculados ao programa.&nbsp;<\/p>\n\n\n\n<p>A entrega dos apartamentos do Residencial Carlos Braga, localizado no Parque das Tribos, bairro Tarum\u00e3, zona Oeste da capital, est\u00e1 prevista para o dia 24 de mar\u00e7o. Al\u00e9m das 384 unidades das duas listas, a Prefeitura de Manaus prev\u00ea a entrega de outros 1.300 apartamentos ao longo deste ano. As mais de 250 mil fam\u00edlias inscritas no sistema seguem concorrendo nas pr\u00f3ximas etapas de entrega.<\/p>\n\n\n\n<p>O \u201cMinha Casa, Minha Vida\u201d \u00e9 uma iniciativa do Governo Federal que, em parceria com o munic\u00edpio, tem promovido o acesso \u00e0 moradia digna para fam\u00edlias de baixa renda em Manaus. A Semhaf \u00e9 respons\u00e1vel pela gest\u00e3o e operacionaliza\u00e7\u00e3o do programa na capital amazonense e a Caixa Econ\u00f4mica Federal quem opera os recursos, analisa a documenta\u00e7\u00e3o, aprova os financiamentos e viabiliza a entrega dos im\u00f3veis \u00e0s fam\u00edlias.<\/p>\n\n\n\n<p>A lista pode ser acessada no endere\u00e7o<\/p>\n\n\n\n<p><a href=\"https:\/\/dom.manaus.am.gov.br\/pdf\/2026\/marco\/DOM-6270%2013-03-2026%20CAD-1.pdf\">https:\/\/dom.manaus.am.gov.br\/pdf\/2026\/marco\/DOM-6270%2013-03-2026%20CAD-1.pdf<\/a><\/p>\n\n\n\n<p>&#8212; &#8212; &#8212;<\/p>\n\n\n\n<p><strong>Texto &#8211;<\/strong> Emanuelle Baires \/ Semcom-Prefeito e Leonardo Fierro \/ Semhaf<\/p>\n\n\n\n<p><strong>Foto &#8211;<\/strong> Clovis Miranda \/ Semcom<\/p>\n","protected":false},"excerpt":{"rendered":"","protected":false},"author":57,"featured_media":254694,"comment_status":"closed","ping_status":"closed","sticky":false,"template":"","format":"standard","meta":{"footnotes":""},"categories":[400],"tags":[19758,35,19759,4192,3410,19760,77,5352],"acf":[],"yoast_head":"<!-- This site is optimized with the Yoast SEO plugin v23.0 - https:\/\/yoast.com\/wordpress\/plugins\/seo\/ -->\n<title>PMM anuncia 192 contemplados no residencial Morar Melhor 13<\/title>\n<meta name=\"description\" content=\"David Almeida anunciou lista dos primeiros 192 candidatos contemplados para o empreendimento habitacional Morar Melhor 13.\" \/>\n<meta name=\"robots\" content=\"index, follow, max-snippet:-1, max-image-preview:large, max-video-preview:-1\" \/>\n<link rel=\"canonical\" href=\"https:\/\/www.manaus.am.gov.br\/semcom\/pmm-anuncia-192-contemplados-no-residencial-morar-melhor-13\/\" \/>\n<meta property=\"og:locale\" content=\"pt_BR\" \/>\n<meta property=\"og:type\" content=\"article\" \/>\n<meta property=\"og:title\" content=\"PMM anuncia 192 contemplados no residencial Morar Melhor 13\" \/>\n<meta property=\"og:description\" content=\"David Almeida anunciou lista dos primeiros 192 candidatos contemplados para o empreendimento habitacional Morar Melhor 13.\" \/>\n<meta property=\"og:url\" content=\"https:\/\/www.manaus.am.gov.br\/semcom\/pmm-anuncia-192-contemplados-no-residencial-morar-melhor-13\/\" \/>\n<meta property=\"og:site_name\" content=\"SEMCOM\" \/>\n<meta property=\"article:published_time\" content=\"2026-03-14T21:06:51+00:00\" \/>\n<meta property=\"og:image\" content=\"https:\/\/www.manaus.am.gov.br\/semcom\/wp-content\/uploads\/sites\/5\/2026\/03\/residencial-Morar-Melhor-13-1.jpg\" \/>\n\t<meta property=\"og:image:width\" content=\"799\" \/>\n\t<meta property=\"og:image:height\" content=\"533\" \/>\n\t<meta property=\"og:image:type\" content=\"image\/jpeg\" \/>\n<meta name=\"author\" content=\"Thiago Fernando\" \/>\n<meta name=\"twitter:card\" content=\"summary_large_image\" \/>\n<meta name=\"twitter:label1\" content=\"Written by\" \/>\n\t<meta name=\"twitter:data1\" content=\"Thiago Fernando\" \/>\n\t<meta name=\"twitter:label2\" content=\"Est. reading time\" \/>\n\t<meta name=\"twitter:data2\" content=\"4 minutos\" \/>\n<script type=\"application\/ld+json\" class=\"yoast-schema-graph\">{\"@context\":\"https:\/\/schema.org\",\"@graph\":[{\"@type\":\"WebPage\",\"@id\":\"https:\/\/www.manaus.am.gov.br\/semcom\/pmm-anuncia-192-contemplados-no-residencial-morar-melhor-13\/\",\"url\":\"https:\/\/www.manaus.am.gov.br\/semcom\/pmm-anuncia-192-contemplados-no-residencial-morar-melhor-13\/\",\"name\":\"PMM anuncia 192 contemplados no residencial Morar Melhor 13\",\"isPartOf\":{\"@id\":\"https:\/\/www.manaus.am.gov.br\/semcom\/#website\"},\"primaryImageOfPage\":{\"@id\":\"https:\/\/www.manaus.am.gov.br\/semcom\/pmm-anuncia-192-contemplados-no-residencial-morar-melhor-13\/#primaryimage\"},\"image\":{\"@id\":\"https:\/\/www.manaus.am.gov.br\/semcom\/pmm-anuncia-192-contemplados-no-residencial-morar-melhor-13\/#primaryimage\"},\"thumbnailUrl\":\"https:\/\/www.manaus.am.gov.br\/semcom\/wp-content\/uploads\/sites\/5\/2026\/03\/residencial-Morar-Melhor-13-1.jpg\",\"datePublished\":\"2026-03-14T21:06:51+00:00\",\"dateModified\":\"2026-03-14T21:06:51+00:00\",\"author\":{\"@id\":\"https:\/\/www.manaus.am.gov.br\/semcom\/#\/schema\/person\/a5ee5376db6e21af026374b369f30882\"},\"description\":\"David Almeida anunciou lista dos primeiros 192 candidatos contemplados para o empreendimento habitacional Morar Melhor 13.\",\"inLanguage\":\"pt-BR\",\"potentialAction\":[{\"@type\":\"ReadAction\",\"target\":[\"https:\/\/www.manaus.am.gov.br\/semcom\/pmm-anuncia-192-contemplados-no-residencial-morar-melhor-13\/\"]}]},{\"@type\":\"ImageObject\",\"inLanguage\":\"pt-BR\",\"@id\":\"https:\/\/www.manaus.am.gov.br\/semcom\/pmm-anuncia-192-contemplados-no-residencial-morar-melhor-13\/#primaryimage\",\"url\":\"https:\/\/www.manaus.am.gov.br\/semcom\/wp-content\/uploads\/sites\/5\/2026\/03\/residencial-Morar-Melhor-13-1.jpg\",\"contentUrl\":\"https:\/\/www.manaus.am.gov.br\/semcom\/wp-content\/uploads\/sites\/5\/2026\/03\/residencial-Morar-Melhor-13-1.jpg\",\"width\":799,\"height\":533,\"caption\":\"#paratodosverem - Prefeito David Almeida realizando vistoria no residencial\"},{\"@type\":\"WebSite\",\"@id\":\"https:\/\/www.manaus.am.gov.br\/semcom\/#website\",\"url\":\"https:\/\/www.manaus.am.gov.br\/semcom\/\",\"name\":\"SEMCOM\",\"description\":\"Secretaria Municipal de Comunica\u00e7\u00e3o\",\"potentialAction\":[{\"@type\":\"SearchAction\",\"target\":{\"@type\":\"EntryPoint\",\"urlTemplate\":\"https:\/\/www.manaus.am.gov.br\/semcom\/?s={search_term_string}\"},\"query-input\":\"required name=search_term_string\"}],\"inLanguage\":\"pt-BR\"},{\"@type\":\"Person\",\"@id\":\"https:\/\/www.manaus.am.gov.br\/semcom\/#\/schema\/person\/a5ee5376db6e21af026374b369f30882\",\"name\":\"Thiago Fernando\",\"image\":{\"@type\":\"ImageObject\",\"inLanguage\":\"pt-BR\",\"@id\":\"https:\/\/www.manaus.am.gov.br\/semcom\/#\/schema\/person\/image\/\",\"url\":\"https:\/\/secure.gravatar.com\/avatar\/f5aab8722444041451501c077052ac07?s=96&d=mm&r=g\",\"contentUrl\":\"https:\/\/secure.gravatar.com\/avatar\/f5aab8722444041451501c077052ac07?s=96&d=mm&r=g\",\"caption\":\"Thiago Fernando\"}}]}<\/script>\n<!-- \/ Yoast SEO plugin. -->","yoast_head_json":{"title":"PMM anuncia 192 contemplados no residencial Morar Melhor 13","description":"David Almeida anunciou lista dos primeiros 192 candidatos contemplados para o empreendimento habitacional Morar Melhor 13.","robots":{"index":"index","follow":"follow","max-snippet":"max-snippet:-1","max-image-preview":"max-image-preview:large","max-video-preview":"max-video-preview:-1"},"canonical":"https:\/\/www.manaus.am.gov.br\/semcom\/pmm-anuncia-192-contemplados-no-residencial-morar-melhor-13\/","og_locale":"pt_BR","og_type":"article","og_title":"PMM anuncia 192 contemplados no residencial Morar Melhor 13","og_description":"David Almeida anunciou lista dos primeiros 192 candidatos contemplados para o empreendimento habitacional Morar Melhor 13.","og_url":"https:\/\/www.manaus.am.gov.br\/semcom\/pmm-anuncia-192-contemplados-no-residencial-morar-melhor-13\/","og_site_name":"SEMCOM","article_published_time":"2026-03-14T21:06:51+00:00","og_image":[{"width":799,"height":533,"url":"https:\/\/www.manaus.am.gov.br\/semcom\/wp-content\/uploads\/sites\/5\/2026\/03\/residencial-Morar-Melhor-13-1.jpg","type":"image\/jpeg"}],"author":"Thiago Fernando","twitter_card":"summary_large_image","twitter_misc":{"Written by":"Thiago Fernando","Est. reading time":"4 minutos"},"schema":{"@context":"https:\/\/schema.org","@graph":[{"@type":"WebPage","@id":"https:\/\/www.manaus.am.gov.br\/semcom\/pmm-anuncia-192-contemplados-no-residencial-morar-melhor-13\/","url":"https:\/\/www.manaus.am.gov.br\/semcom\/pmm-anuncia-192-contemplados-no-residencial-morar-melhor-13\/","name":"PMM anuncia 192 contemplados no residencial Morar Melhor 13","isPartOf":{"@id":"https:\/\/www.manaus.am.gov.br\/semcom\/#website"},"primaryImageOfPage":{"@id":"https:\/\/www.manaus.am.gov.br\/semcom\/pmm-anuncia-192-contemplados-no-residencial-morar-melhor-13\/#primaryimage"},"image":{"@id":"https:\/\/www.manaus.am.gov.br\/semcom\/pmm-anuncia-192-contemplados-no-residencial-morar-melhor-13\/#primaryimage"},"thumbnailUrl":"https:\/\/www.manaus.am.gov.br\/semcom\/wp-content\/uploads\/sites\/5\/2026\/03\/residencial-Morar-Melhor-13-1.jpg","datePublished":"2026-03-14T21:06:51+00:00","dateModified":"2026-03-14T21:06:51+00:00","author":{"@id":"https:\/\/www.manaus.am.gov.br\/semcom\/#\/schema\/person\/a5ee5376db6e21af026374b369f30882"},"description":"David Almeida anunciou lista dos primeiros 192 candidatos contemplados para o empreendimento habitacional Morar Melhor 13.","inLanguage":"pt-BR","potentialAction":[{"@type":"ReadAction","target":["https:\/\/www.manaus.am.gov.br\/semcom\/pmm-anuncia-192-contemplados-no-residencial-morar-melhor-13\/"]}]},{"@type":"ImageObject","inLanguage":"pt-BR","@id":"https:\/\/www.manaus.am.gov.br\/semcom\/pmm-anuncia-192-contemplados-no-residencial-morar-melhor-13\/#primaryimage","url":"https:\/\/www.manaus.am.gov.br\/semcom\/wp-content\/uploads\/sites\/5\/2026\/03\/residencial-Morar-Melhor-13-1.jpg","contentUrl":"https:\/\/www.manaus.am.gov.br\/semcom\/wp-content\/uploads\/sites\/5\/2026\/03\/residencial-Morar-Melhor-13-1.jpg","width":799,"height":533,"caption":"#paratodosverem - Prefeito David Almeida realizando vistoria no residencial"},{"@type":"WebSite","@id":"https:\/\/www.manaus.am.gov.br\/semcom\/#website","url":"https:\/\/www.manaus.am.gov.br\/semcom\/","name":"SEMCOM","description":"Secretaria Municipal de Comunica\u00e7\u00e3o","potentialAction":[{"@type":"SearchAction","target":{"@type":"EntryPoint","urlTemplate":"https:\/\/www.manaus.am.gov.br\/semcom\/?s={search_term_string}"},"query-input":"required name=search_term_string"}],"inLanguage":"pt-BR"},{"@type":"Person","@id":"https:\/\/www.manaus.am.gov.br\/semcom\/#\/schema\/person\/a5ee5376db6e21af026374b369f30882","name":"Thiago Fernando","image":{"@type":"ImageObject","inLanguage":"pt-BR","@id":"https:\/\/www.manaus.am.gov.br\/semcom\/#\/schema\/person\/image\/","url":"https:\/\/secure.gravatar.com\/avatar\/f5aab8722444041451501c077052ac07?s=96&d=mm&r=g","contentUrl":"https:\/\/secure.gravatar.com\/avatar\/f5aab8722444041451501c077052ac07?s=96&d=mm&r=g","caption":"Thiago Fernando"}}]}},"_links":{"self":[{"href":"https:\/\/www.manaus.am.gov.br\/semcom\/wp-json\/wp\/v2\/posts\/254693"}],"collection":[{"href":"https:\/\/www.manaus.am.gov.br\/semcom\/wp-json\/wp\/v2\/posts"}],"about":[{"href":"https:\/\/www.manaus.am.gov.br\/semcom\/wp-json\/wp\/v2\/types\/post"}],"author":[{"embeddable":true,"href":"https:\/\/www.manaus.am.gov.br\/semcom\/wp-json\/wp\/v2\/users\/57"}],"replies":[{"embeddable":true,"href":"https:\/\/www.manaus.am.gov.br\/semcom\/wp-json\/wp\/v2\/comments?post=254693"}],"version-history":[{"count":1,"href":"https:\/\/www.manaus.am.gov.br\/semcom\/wp-json\/wp\/v2\/posts\/254693\/revisions"}],"predecessor-version":[{"id":254696,"href":"https:\/\/www.manaus.am.gov.br\/semcom\/wp-json\/wp\/v2\/posts\/254693\/revisions\/254696"}],"wp:featuredmedia":[{"embeddable":true,"href":"https:\/\/www.manaus.am.gov.br\/semcom\/wp-json\/wp\/v2\/media\/254694"}],"wp:attachment":[{"href":"https:\/\/www.manaus.am.gov.br\/semcom\/wp-json\/wp\/v2\/media?parent=254693"}],"wp:term":[{"taxonomy":"category","embeddable":true,"href":"https:\/\/www.manaus.am.gov.br\/semcom\/wp-json\/wp\/v2\/categories?post=254693"},{"taxonomy":"post_tag","embeddable":true,"href":"https:\/\/www.manaus.am.gov.br\/semcom\/wp-json\/wp\/v2\/tags?post=254693"}],"curies":[{"name":"wp","href":"https:\/\/api.w.org\/{rel}","templated":true}]}}