{"id":254688,"date":"2026-03-14T16:13:28","date_gmt":"2026-03-14T19:13:28","guid":{"rendered":"https:\/\/www.manaus.am.gov.br\/semcom\/sabadao-lilas-cncer-do-colo-do-utero\/"},"modified":"2026-03-14T16:13:29","modified_gmt":"2026-03-14T19:13:29","slug":"sabadao-lilas-cncer-do-colo-do-utero","status":"publish","type":"post","link":"https:\/\/www.manaus.am.gov.br\/semcom\/sabadao-lilas-cncer-do-colo-do-utero\/","title":{"rendered":"\u2018Sabad\u00e3o Lil\u00e1s\u2019 mobiliza mulheres para preven\u00e7\u00e3o e diagn\u00f3stico precoce do c\u00e2ncer do colo do \u00fatero"},"content":{"rendered":"\n<p>Como estrat\u00e9gia de mobiliza\u00e7\u00e3o e amplia\u00e7\u00e3o do acesso da popula\u00e7\u00e3o feminina \u00e0s medidas de preven\u00e7\u00e3o do c\u00e2ncer do colo do \u00fatero, a Prefeitura de Manaus realizou neste s\u00e1bado, 14\/3, o \u201cSabad\u00e3o Lil\u00e1s\u201d, com uma manh\u00e3 de atendimentos em unidades fixas e nas Unidades M\u00f3veis de Sa\u00fade da Mulher.<\/p>\n\n\n\n<p>A a\u00e7\u00e3o faz parte da campanha \u201cMar\u00e7o Lil\u00e1s\u201d, que visa esclarecer e sensibilizar as mulheres sobre a preven\u00e7\u00e3o do c\u00e2ncer do colo do \u00fatero, o mais prevalente na regi\u00e3o Norte do pa\u00eds.<\/p>\n\n\n\n<p>Durante o \u201cSabad\u00e3o Lil\u00e1s\u201d, as unidades da Semsa intensificaram a oferta do exame preventivo para todas as pessoas que t\u00eam \u00fatero &#8211; mulheres, homens trans e pessoas n\u00e3o bin\u00e1rias -, na faixa preconizada pelo Minist\u00e9rio da Sa\u00fade, de 25 a 64 anos.<\/p>\n\n\n\n<p>A vacina\u00e7\u00e3o contra o papilomav\u00edrus humano (HPV), principal causador da doen\u00e7a, tamb\u00e9m foi colocada \u00e0 disposi\u00e7\u00e3o de meninos e meninas de 9 a 14 anos, que representam o p\u00fablico-alvo da imuniza\u00e7\u00e3o, e tamb\u00e9m de adolescentes de at\u00e9 19 anos ainda n\u00e3o vacinados.<\/p>\n\n\n\n<p>Al\u00e9m disso, as equipes de sa\u00fade realizaram a\u00e7\u00f5es educativas nas recep\u00e7\u00f5es e salas de espera, salientando a import\u00e2ncia da preven\u00e7\u00e3o e do diagn\u00f3stico precoce da doen\u00e7a, o que pode elevar as chances de cura a pr\u00f3ximas de 100%.<\/p>\n\n\n\n<p>Manaus tem uma estimativa de 430 casos anuais de c\u00e2ncer do colo do \u00fatero para o tri\u00eanio de 2026 a 2028, segundo o Instituto Nacional do C\u00e2ncer (Inca).<\/p>\n\n\n\n<p>\u201cTodos os dias as unidades de sa\u00fade realizam a coleta do exame preventivo, mas no m\u00eas de mar\u00e7o, n\u00f3s trazemos o enfoque para a preven\u00e7\u00e3o e conscientiza\u00e7\u00e3o do c\u00e2ncer do colo do \u00fatero\u201d, enfatiza a enfermeira Fernanda Rodrigues, que atua na Unidade M\u00f3vel que percorre os bairros da zona Sul de Manaus.<\/p>\n\n\n\n<p>Para Fernanda, o rastreio, ou seja, a realiza\u00e7\u00e3o do preventivo de mulheres que fazem parte do p\u00fablico priorit\u00e1rio para a identifica\u00e7\u00e3o de poss\u00edveis les\u00f5es que podem evoluir para o c\u00e2ncer do colo do \u00fatero, \u00e9 de extrema import\u00e2ncia para evitar novos casos da doen\u00e7a e para evitar que o diagn\u00f3stico ocorra muito tarde, reduzindo as chances de cura.<\/p>\n\n\n\n<p>Ra\u00edssa Ribeiro, de 27 anos, foi uma das que aproveitou o Sabad\u00e3o Lil\u00e1s para colocar os exames em dia. \u201cAcho que a mulher tem que ter cuidado com a sa\u00fade. Vimos muitos casos de c\u00e2ncer e na minha fam\u00edlia tem caso, ent\u00e3o todos os anos eu fa\u00e7o minhas consultas e exames de rotina&#8221;. Al\u00e9m de cuidar da pr\u00f3pria sa\u00fade, Ra\u00edssa, deixa um recado para as mulheres: \u201cque procurem uma carreta ou a unidade de sa\u00fade mais pr\u00f3xima para poder fazer seus exames\u201d.<\/p>\n\n\n\n<p>Outra usu\u00e1ria que buscou a unidade m\u00f3vel neste s\u00e1bado foi a professora Adailza Ara\u00fajo, de 54 anos. Ela refor\u00e7ou a import\u00e2ncia do preventivo regular e a facilidade de realizar o exame nas unidades m\u00f3veis. \u201cTem que fazer o exame sempre, porque caso d\u00ea alguma altera\u00e7\u00e3o, a gente pode se cuidar, se curar. E na carreta \u00e9 mais pr\u00e1tico e mais r\u00e1pido\u201d.<\/p>\n\n\n\n<p><strong>Mar\u00e7o Lil\u00e1s<\/strong><\/p>\n\n\n\n<p>A secret\u00e1ria municipal de Sa\u00fade, Sh\u00e1dia Fraxe, explica que Manaus adere sempre ao Mar\u00e7o Lil\u00e1s, principalmente para chamar a aten\u00e7\u00e3o das mulheres e do p\u00fablico jovem, que precisa ser vacinado contra o HPV. \u201cQueremos que todas fa\u00e7am o preventivo regularmente. \u00c9 um exame simples e assegura que elas fiquem livres ou possam trat\u00e1-lo nas fases iniciais\u201d.<\/p>\n\n\n\n<p>Quanto \u00e0 imuniza\u00e7\u00e3o, considerada uma das estrat\u00e9gias mais eficazes de preven\u00e7\u00e3o, Sh\u00e1dia Fraxe informa que o Sistema \u00danico de Sa\u00fade (SUS) oferece gratuitamente a vacina HPV desde 2014, para prevenir infec\u00e7\u00e3o pelos tipos mais perigosos do v\u00edrus. \u201cCom a vacina se reduz em muito o risco de c\u00e2ncer do colo do \u00fatero, bem como tumores de boca, garganta, p\u00eanis e \u00e2nus\u201d.<\/p>\n\n\n\n<p>A secret\u00e1ria ressalta que a prefeitura tem investido fortemente no cuidado da mulher e que, em rela\u00e7\u00e3o aos c\u00e2nceres femininos, o munic\u00edpio conta com servi\u00e7os de refer\u00eancia que garantem agilidade na an\u00e1lise dos casos suspeitos e na realiza\u00e7\u00e3o de bi\u00f3psias para confirmar ou descartar o diagn\u00f3stico. &#8220;Isso significa que o encaminhamento das mulheres com confirma\u00e7\u00e3o de c\u00e2ncer para tratamento na rede especializada \u00e9 muito mais r\u00e1pido&#8221;.<\/p>\n\n\n\n<p>As a\u00e7\u00f5es do Mar\u00e7o Lil\u00e1s, com rodas de conversa, distribui\u00e7\u00e3o de material informativo, realiza\u00e7\u00e3o de exames e vacina\u00e7\u00e3o, ter\u00e3o continuidade nas unidades de sa\u00fade da rede municipal durante todo o m\u00eas. A expectativa, segundo a secret\u00e1ria, \u00e9 aumentar a ades\u00e3o ao exame e \u00e0 vacina como resposta \u00e0 mobiliza\u00e7\u00e3o promovida pela campanha.<\/p>\n\n\n\n<p>&#8212; &#8212; &#8212;<\/p>\n\n\n\n<p><strong>Texto \u2013<\/strong> Divulga\u00e7\u00e3o \/ Semsa<\/p>\n\n\n\n<p><strong>Fotos &#8211;<\/strong> Erick Bitencourt \/ Semsa<\/p>\n","protected":false},"excerpt":{"rendered":"","protected":false},"author":57,"featured_media":254689,"comment_status":"closed","ping_status":"closed","sticky":false,"template":"","format":"standard","meta":{"footnotes":""},"categories":[42],"tags":[19757,77,13819,162],"acf":[],"yoast_head":"<!-- This site is optimized with the Yoast SEO plugin v23.0 - https:\/\/yoast.com\/wordpress\/plugins\/seo\/ -->\n<title>\u2018Sabad\u00e3o Lil\u00e1s\u2019 mobiliza para cuidados do c\u00e2ncer do colo do \u00fatero<\/title>\n<meta name=\"description\" content=\"A PMM realizou neste s\u00e1bado o \u201cSabad\u00e3o Lil\u00e1s\u201d, com uma manh\u00e3 de atendimentos em unidades fixas e nas Unidades M\u00f3veis de Sa\u00fade da Mulher\" \/>\n<meta name=\"robots\" content=\"index, follow, max-snippet:-1, max-image-preview:large, max-video-preview:-1\" \/>\n<link rel=\"canonical\" href=\"https:\/\/www.manaus.am.gov.br\/semcom\/sabadao-lilas-cncer-do-colo-do-utero\/\" \/>\n<meta property=\"og:locale\" content=\"pt_BR\" \/>\n<meta property=\"og:type\" content=\"article\" \/>\n<meta property=\"og:title\" content=\"\u2018Sabad\u00e3o Lil\u00e1s\u2019 mobiliza para cuidados do c\u00e2ncer do colo do \u00fatero\" \/>\n<meta property=\"og:description\" content=\"A PMM realizou neste s\u00e1bado o \u201cSabad\u00e3o Lil\u00e1s\u201d, com uma manh\u00e3 de atendimentos em unidades fixas e nas Unidades M\u00f3veis de Sa\u00fade da Mulher\" \/>\n<meta property=\"og:url\" content=\"https:\/\/www.manaus.am.gov.br\/semcom\/sabadao-lilas-cncer-do-colo-do-utero\/\" \/>\n<meta property=\"og:site_name\" content=\"SEMCOM\" \/>\n<meta property=\"article:published_time\" content=\"2026-03-14T19:13:28+00:00\" \/>\n<meta property=\"article:modified_time\" content=\"2026-03-14T19:13:29+00:00\" \/>\n<meta property=\"og:image\" content=\"https:\/\/www.manaus.am.gov.br\/semcom\/wp-content\/uploads\/sites\/5\/2026\/03\/Sabadao-Lilas_Semsa-3.jpg\" \/>\n\t<meta property=\"og:image:width\" content=\"1920\" \/>\n\t<meta property=\"og:image:height\" content=\"1080\" \/>\n\t<meta property=\"og:image:type\" content=\"image\/jpeg\" \/>\n<meta name=\"author\" content=\"Thiago Fernando\" \/>\n<meta name=\"twitter:card\" content=\"summary_large_image\" \/>\n<meta name=\"twitter:label1\" content=\"Written by\" \/>\n\t<meta name=\"twitter:data1\" content=\"Thiago Fernando\" \/>\n\t<meta name=\"twitter:label2\" content=\"Est. reading time\" \/>\n\t<meta name=\"twitter:data2\" content=\"5 minutos\" \/>\n<script type=\"application\/ld+json\" class=\"yoast-schema-graph\">{\"@context\":\"https:\/\/schema.org\",\"@graph\":[{\"@type\":\"WebPage\",\"@id\":\"https:\/\/www.manaus.am.gov.br\/semcom\/sabadao-lilas-cncer-do-colo-do-utero\/\",\"url\":\"https:\/\/www.manaus.am.gov.br\/semcom\/sabadao-lilas-cncer-do-colo-do-utero\/\",\"name\":\"\u2018Sabad\u00e3o Lil\u00e1s\u2019 mobiliza para cuidados do c\u00e2ncer do colo do \u00fatero\",\"isPartOf\":{\"@id\":\"https:\/\/www.manaus.am.gov.br\/semcom\/#website\"},\"primaryImageOfPage\":{\"@id\":\"https:\/\/www.manaus.am.gov.br\/semcom\/sabadao-lilas-cncer-do-colo-do-utero\/#primaryimage\"},\"image\":{\"@id\":\"https:\/\/www.manaus.am.gov.br\/semcom\/sabadao-lilas-cncer-do-colo-do-utero\/#primaryimage\"},\"thumbnailUrl\":\"https:\/\/www.manaus.am.gov.br\/semcom\/wp-content\/uploads\/sites\/5\/2026\/03\/Sabadao-Lilas_Semsa-3.jpg\",\"datePublished\":\"2026-03-14T19:13:28+00:00\",\"dateModified\":\"2026-03-14T19:13:29+00:00\",\"author\":{\"@id\":\"https:\/\/www.manaus.am.gov.br\/semcom\/#\/schema\/person\/a5ee5376db6e21af026374b369f30882\"},\"description\":\"A PMM realizou neste s\u00e1bado o \u201cSabad\u00e3o Lil\u00e1s\u201d, com uma manh\u00e3 de atendimentos em unidades fixas e nas Unidades M\u00f3veis de Sa\u00fade da Mulher\",\"inLanguage\":\"pt-BR\",\"potentialAction\":[{\"@type\":\"ReadAction\",\"target\":[\"https:\/\/www.manaus.am.gov.br\/semcom\/sabadao-lilas-cncer-do-colo-do-utero\/\"]}]},{\"@type\":\"ImageObject\",\"inLanguage\":\"pt-BR\",\"@id\":\"https:\/\/www.manaus.am.gov.br\/semcom\/sabadao-lilas-cncer-do-colo-do-utero\/#primaryimage\",\"url\":\"https:\/\/www.manaus.am.gov.br\/semcom\/wp-content\/uploads\/sites\/5\/2026\/03\/Sabadao-Lilas_Semsa-3.jpg\",\"contentUrl\":\"https:\/\/www.manaus.am.gov.br\/semcom\/wp-content\/uploads\/sites\/5\/2026\/03\/Sabadao-Lilas_Semsa-3.jpg\",\"width\":1920,\"height\":1080,\"caption\":\"#paratodosverem - Atendimento sendo realizado em uma Unidade M\u00f3vel da Semsa\"},{\"@type\":\"WebSite\",\"@id\":\"https:\/\/www.manaus.am.gov.br\/semcom\/#website\",\"url\":\"https:\/\/www.manaus.am.gov.br\/semcom\/\",\"name\":\"SEMCOM\",\"description\":\"Secretaria Municipal de Comunica\u00e7\u00e3o\",\"potentialAction\":[{\"@type\":\"SearchAction\",\"target\":{\"@type\":\"EntryPoint\",\"urlTemplate\":\"https:\/\/www.manaus.am.gov.br\/semcom\/?s={search_term_string}\"},\"query-input\":\"required name=search_term_string\"}],\"inLanguage\":\"pt-BR\"},{\"@type\":\"Person\",\"@id\":\"https:\/\/www.manaus.am.gov.br\/semcom\/#\/schema\/person\/a5ee5376db6e21af026374b369f30882\",\"name\":\"Thiago Fernando\",\"image\":{\"@type\":\"ImageObject\",\"inLanguage\":\"pt-BR\",\"@id\":\"https:\/\/www.manaus.am.gov.br\/semcom\/#\/schema\/person\/image\/\",\"url\":\"https:\/\/secure.gravatar.com\/avatar\/f5aab8722444041451501c077052ac07?s=96&d=mm&r=g\",\"contentUrl\":\"https:\/\/secure.gravatar.com\/avatar\/f5aab8722444041451501c077052ac07?s=96&d=mm&r=g\",\"caption\":\"Thiago Fernando\"}}]}<\/script>\n<!-- \/ Yoast SEO plugin. -->","yoast_head_json":{"title":"\u2018Sabad\u00e3o Lil\u00e1s\u2019 mobiliza para cuidados do c\u00e2ncer do colo do \u00fatero","description":"A PMM realizou neste s\u00e1bado o \u201cSabad\u00e3o Lil\u00e1s\u201d, com uma manh\u00e3 de atendimentos em unidades fixas e nas Unidades M\u00f3veis de Sa\u00fade da Mulher","robots":{"index":"index","follow":"follow","max-snippet":"max-snippet:-1","max-image-preview":"max-image-preview:large","max-video-preview":"max-video-preview:-1"},"canonical":"https:\/\/www.manaus.am.gov.br\/semcom\/sabadao-lilas-cncer-do-colo-do-utero\/","og_locale":"pt_BR","og_type":"article","og_title":"\u2018Sabad\u00e3o Lil\u00e1s\u2019 mobiliza para cuidados do c\u00e2ncer do colo do \u00fatero","og_description":"A PMM realizou neste s\u00e1bado o \u201cSabad\u00e3o Lil\u00e1s\u201d, com uma manh\u00e3 de atendimentos em unidades fixas e nas Unidades M\u00f3veis de Sa\u00fade da Mulher","og_url":"https:\/\/www.manaus.am.gov.br\/semcom\/sabadao-lilas-cncer-do-colo-do-utero\/","og_site_name":"SEMCOM","article_published_time":"2026-03-14T19:13:28+00:00","article_modified_time":"2026-03-14T19:13:29+00:00","og_image":[{"width":1920,"height":1080,"url":"https:\/\/www.manaus.am.gov.br\/semcom\/wp-content\/uploads\/sites\/5\/2026\/03\/Sabadao-Lilas_Semsa-3.jpg","type":"image\/jpeg"}],"author":"Thiago Fernando","twitter_card":"summary_large_image","twitter_misc":{"Written by":"Thiago Fernando","Est. reading time":"5 minutos"},"schema":{"@context":"https:\/\/schema.org","@graph":[{"@type":"WebPage","@id":"https:\/\/www.manaus.am.gov.br\/semcom\/sabadao-lilas-cncer-do-colo-do-utero\/","url":"https:\/\/www.manaus.am.gov.br\/semcom\/sabadao-lilas-cncer-do-colo-do-utero\/","name":"\u2018Sabad\u00e3o Lil\u00e1s\u2019 mobiliza para cuidados do c\u00e2ncer do colo do \u00fatero","isPartOf":{"@id":"https:\/\/www.manaus.am.gov.br\/semcom\/#website"},"primaryImageOfPage":{"@id":"https:\/\/www.manaus.am.gov.br\/semcom\/sabadao-lilas-cncer-do-colo-do-utero\/#primaryimage"},"image":{"@id":"https:\/\/www.manaus.am.gov.br\/semcom\/sabadao-lilas-cncer-do-colo-do-utero\/#primaryimage"},"thumbnailUrl":"https:\/\/www.manaus.am.gov.br\/semcom\/wp-content\/uploads\/sites\/5\/2026\/03\/Sabadao-Lilas_Semsa-3.jpg","datePublished":"2026-03-14T19:13:28+00:00","dateModified":"2026-03-14T19:13:29+00:00","author":{"@id":"https:\/\/www.manaus.am.gov.br\/semcom\/#\/schema\/person\/a5ee5376db6e21af026374b369f30882"},"description":"A PMM realizou neste s\u00e1bado o \u201cSabad\u00e3o Lil\u00e1s\u201d, com uma manh\u00e3 de atendimentos em unidades fixas e nas Unidades M\u00f3veis de Sa\u00fade da Mulher","inLanguage":"pt-BR","potentialAction":[{"@type":"ReadAction","target":["https:\/\/www.manaus.am.gov.br\/semcom\/sabadao-lilas-cncer-do-colo-do-utero\/"]}]},{"@type":"ImageObject","inLanguage":"pt-BR","@id":"https:\/\/www.manaus.am.gov.br\/semcom\/sabadao-lilas-cncer-do-colo-do-utero\/#primaryimage","url":"https:\/\/www.manaus.am.gov.br\/semcom\/wp-content\/uploads\/sites\/5\/2026\/03\/Sabadao-Lilas_Semsa-3.jpg","contentUrl":"https:\/\/www.manaus.am.gov.br\/semcom\/wp-content\/uploads\/sites\/5\/2026\/03\/Sabadao-Lilas_Semsa-3.jpg","width":1920,"height":1080,"caption":"#paratodosverem - Atendimento sendo realizado em uma Unidade M\u00f3vel da Semsa"},{"@type":"WebSite","@id":"https:\/\/www.manaus.am.gov.br\/semcom\/#website","url":"https:\/\/www.manaus.am.gov.br\/semcom\/","name":"SEMCOM","description":"Secretaria Municipal de Comunica\u00e7\u00e3o","potentialAction":[{"@type":"SearchAction","target":{"@type":"EntryPoint","urlTemplate":"https:\/\/www.manaus.am.gov.br\/semcom\/?s={search_term_string}"},"query-input":"required name=search_term_string"}],"inLanguage":"pt-BR"},{"@type":"Person","@id":"https:\/\/www.manaus.am.gov.br\/semcom\/#\/schema\/person\/a5ee5376db6e21af026374b369f30882","name":"Thiago Fernando","image":{"@type":"ImageObject","inLanguage":"pt-BR","@id":"https:\/\/www.manaus.am.gov.br\/semcom\/#\/schema\/person\/image\/","url":"https:\/\/secure.gravatar.com\/avatar\/f5aab8722444041451501c077052ac07?s=96&d=mm&r=g","contentUrl":"https:\/\/secure.gravatar.com\/avatar\/f5aab8722444041451501c077052ac07?s=96&d=mm&r=g","caption":"Thiago Fernando"}}]}},"_links":{"self":[{"href":"https:\/\/www.manaus.am.gov.br\/semcom\/wp-json\/wp\/v2\/posts\/254688"}],"collection":[{"href":"https:\/\/www.manaus.am.gov.br\/semcom\/wp-json\/wp\/v2\/posts"}],"about":[{"href":"https:\/\/www.manaus.am.gov.br\/semcom\/wp-json\/wp\/v2\/types\/post"}],"author":[{"embeddable":true,"href":"https:\/\/www.manaus.am.gov.br\/semcom\/wp-json\/wp\/v2\/users\/57"}],"replies":[{"embeddable":true,"href":"https:\/\/www.manaus.am.gov.br\/semcom\/wp-json\/wp\/v2\/comments?post=254688"}],"version-history":[{"count":0,"href":"https:\/\/www.manaus.am.gov.br\/semcom\/wp-json\/wp\/v2\/posts\/254688\/revisions"}],"wp:featuredmedia":[{"embeddable":true,"href":"https:\/\/www.manaus.am.gov.br\/semcom\/wp-json\/wp\/v2\/media\/254689"}],"wp:attachment":[{"href":"https:\/\/www.manaus.am.gov.br\/semcom\/wp-json\/wp\/v2\/media?parent=254688"}],"wp:term":[{"taxonomy":"category","embeddable":true,"href":"https:\/\/www.manaus.am.gov.br\/semcom\/wp-json\/wp\/v2\/categories?post=254688"},{"taxonomy":"post_tag","embeddable":true,"href":"https:\/\/www.manaus.am.gov.br\/semcom\/wp-json\/wp\/v2\/tags?post=254688"}],"curies":[{"name":"wp","href":"https:\/\/api.w.org\/{rel}","templated":true}]}}