{"id":254681,"date":"2026-03-13T22:39:02","date_gmt":"2026-03-14T01:39:02","guid":{"rendered":"https:\/\/www.manaus.am.gov.br\/semcom\/bolerao-saudade-mirante\/"},"modified":"2026-03-16T13:52:57","modified_gmt":"2026-03-16T16:52:57","slug":"bolerao-da-saudade-mirante","status":"publish","type":"post","link":"https:\/\/www.manaus.am.gov.br\/semcom\/bolerao-da-saudade-mirante\/","title":{"rendered":"Prefeitura de Manaus re\u00fane mais de 1.500 pessoas no \u201cBoler\u00e3o da Saudade\u201d, no mirante L\u00facia Almeida"},"content":{"rendered":"\n<p>A <a href=\"https:\/\/www.manaus.am.gov.br\/\">Prefeitura de Manaus<\/a>, por meio da <a href=\"https:\/\/www.instagram.com\/fundacaodrthomas\/\">Funda\u00e7\u00e3o de Apoio ao Idoso Doutor Thomas<\/a> (FDT), realizou, nesta sexta-feira (13\/3), o lan\u00e7amento do projeto \u201cBoler\u00e3o da Saudade\u201d, no estacionamento do mirante L\u00facia Almeida, no Centro Hist\u00f3rico da capital. O evento gratuito reuniu mais de 1.500 pessoas, que participaram de um grande encontro marcado por m\u00fasica, dan\u00e7a e conviv\u00eancia social.<\/p>\n\n\n<div class=\"wp-block-image\">\n<figure class=\"aligncenter size-large\"><img decoding=\"async\" src=\"https:\/\/www.manaus.am.gov.br\/wp-content\/uploads\/2026\/03\/FDT-Bolerao-1-1024x683.jpg\" alt=\"\" class=\"wp-image-289693\" \/><figcaption class=\"wp-element-caption\">#paratodosverem &#8211; os idosos participaram do evento<\/figcaption><\/figure><\/div>\n\n\n<p>Voltado especialmente ao p\u00fablico idoso, o evento contou com apresenta\u00e7\u00f5es do cantor Guto Lima e do DJ Edy Castro, que animaram o p\u00fablico com sucessos que marcaram gera\u00e7\u00f5es e cl\u00e1ssicos dos tradicionais bailes.<\/p>\n\n\n\n<p>Durante o lan\u00e7amento, o diretor-presidente da Funda\u00e7\u00e3o Doutor Thomas, Eduardo Lucas, destacou a grande participa\u00e7\u00e3o do p\u00fablico e ressaltou a import\u00e2ncia de iniciativas que incentivem o envelhecimento ativo na capital.<\/p>\n\n\n\n<p>\u201c\u00c9 muito gratificante ver mais de 1.500 pessoas reunidas celebrando a vida, a m\u00fasica e a conviv\u00eancia. O \u2018Boler\u00e3o da Saudade\u2019 nasce com o prop\u00f3sito de oferecer momentos de alegria, integra\u00e7\u00e3o e bem-estar para as pessoas idosas de Manaus. A gest\u00e3o do prefeito David Almeida tem fortalecido pol\u00edticas p\u00fablicas que valorizam esse p\u00fablico e promovem mais qualidade de vida\u201d, afirmou.<\/p>\n\n\n<div class=\"wp-block-image\">\n<figure class=\"aligncenter size-large\"><img decoding=\"async\" src=\"https:\/\/www.manaus.am.gov.br\/wp-content\/uploads\/2026\/03\/FDT-Bolerao-2-1024x683.jpg\" alt=\"\" class=\"wp-image-289694\" \/><figcaption class=\"wp-element-caption\">#paratodosverem &#8211; anima\u00e7\u00e3o foi a t\u00f4nica do &#8220;Boler\u00e3o da Saudade&#8221;<\/figcaption><\/figure><\/div>\n\n\n<p>A aposentada Sebastiana Cruz, de 68 anos, moradora do bairro Jorge Teixeira, aproveitou a programa\u00e7\u00e3o para dan\u00e7ar e reencontrar amigos. \u201cEu adorei. Faz tempo que eu n\u00e3o vinha a um baile assim, ainda mais aqui no Centro. A gente dan\u00e7a, conversa, lembra das m\u00fasicas da juventude e se sente vivo de novo. Tomara que tenha sempre\u201d, disse.<\/p>\n\n\n\n<p>O \u201cBoler\u00e3o da Saudade\u201d surge como um novo projeto de lazer e socializa\u00e7\u00e3o voltado \u00e0 popula\u00e7\u00e3o idosa de Manaus. A proposta da FDT \u00e9 tornar a iniciativa itinerante, levando m\u00fasica, cultura e momentos de integra\u00e7\u00e3o para diferentes espa\u00e7os p\u00fablicos da cidade, ampliando as oportunidades de conviv\u00eancia e entretenimento para esse p\u00fablico.<\/p>\n\n\n\n<p>&#8212; &#8212; &#8212;<\/p>\n\n\n\n<p><strong>Texto<\/strong> &#8211; F\u00e1bio Sim\u00f5es \/ FDT<\/p>\n\n\n\n<p><strong>Fotos <\/strong>\u2013 Valdo Le\u00e3o \/ Semcom<\/p>\n\n\n\n<p><strong>Dispon\u00edveis em<\/strong> &#8211; <a href=\"https:\/\/www.flickr.com\/gp\/prefeiturademanaus\/R5Q809rd60\">https:\/\/www.flickr.com\/gp\/prefeiturademanaus\/R5Q809rd60<\/a> &nbsp;<\/p>\n","protected":false},"excerpt":{"rendered":"","protected":false},"author":61,"featured_media":254682,"comment_status":"closed","ping_status":"closed","sticky":false,"template":"","format":"standard","meta":{"footnotes":""},"categories":[41],"tags":[19756,935,77],"acf":[],"yoast_head":"<!-- This site is optimized with the Yoast SEO plugin v23.0 - https:\/\/yoast.com\/wordpress\/plugins\/seo\/ -->\n<title>Prefeitura de Manaus re\u00fane mais de 1.500 pessoas no \u201cBoler\u00e3o da Saudade\u201d, no mirante L\u00facia Almeida<\/title>\n<meta name=\"description\" content=\"A Prefeitura de Manaus, por meio da Funda\u00e7\u00e3o de Apoio ao Idoso Doutor Thomas (FDT), realizou, nesta sexta-feira (13\/3), o lan\u00e7amento do projeto \u201cBoler\u00e3o da Saudade\u201d, no estacionamento do mirante L\u00facia Almeida, no Centro Hist\u00f3rico da capital.\" \/>\n<meta name=\"robots\" content=\"index, follow, max-snippet:-1, max-image-preview:large, max-video-preview:-1\" \/>\n<link rel=\"canonical\" href=\"https:\/\/www.manaus.am.gov.br\/semcom\/bolerao-saudade-mirante\/\" \/>\n<meta property=\"og:locale\" content=\"pt_BR\" \/>\n<meta property=\"og:type\" content=\"article\" \/>\n<meta property=\"og:title\" content=\"Prefeitura de Manaus re\u00fane mais de 1.500 pessoas no \u201cBoler\u00e3o da Saudade\u201d, no mirante L\u00facia Almeida\" \/>\n<meta property=\"og:description\" content=\"A Prefeitura de Manaus, por meio da Funda\u00e7\u00e3o de Apoio ao Idoso Doutor Thomas (FDT), realizou, nesta sexta-feira (13\/3), o lan\u00e7amento do projeto \u201cBoler\u00e3o da Saudade\u201d, no estacionamento do mirante L\u00facia Almeida, no Centro Hist\u00f3rico da capital.\" \/>\n<meta property=\"og:url\" content=\"https:\/\/www.manaus.am.gov.br\/semcom\/bolerao-saudade-mirante\/\" \/>\n<meta property=\"og:site_name\" content=\"SEMCOM\" \/>\n<meta property=\"article:published_time\" content=\"2026-03-14T01:39:02+00:00\" \/>\n<meta property=\"article:modified_time\" content=\"2026-03-16T16:52:57+00:00\" \/>\n<meta property=\"og:image\" content=\"https:\/\/www.manaus.am.gov.br\/semcom\/wp-content\/uploads\/sites\/5\/2026\/03\/FDT-Bolerao-5.jpg\" \/>\n\t<meta property=\"og:image:width\" content=\"1613\" \/>\n\t<meta property=\"og:image:height\" content=\"1365\" \/>\n\t<meta property=\"og:image:type\" content=\"image\/jpeg\" \/>\n<meta name=\"author\" content=\"smonteiro\" \/>\n<meta name=\"twitter:card\" content=\"summary_large_image\" \/>\n<meta name=\"twitter:label1\" content=\"Written by\" \/>\n\t<meta name=\"twitter:data1\" content=\"smonteiro\" \/>\n\t<meta name=\"twitter:label2\" content=\"Est. reading time\" \/>\n\t<meta name=\"twitter:data2\" content=\"3 minutos\" \/>\n<script type=\"application\/ld+json\" class=\"yoast-schema-graph\">{\"@context\":\"https:\/\/schema.org\",\"@graph\":[{\"@type\":\"WebPage\",\"@id\":\"https:\/\/www.manaus.am.gov.br\/semcom\/bolerao-saudade-mirante\/\",\"url\":\"https:\/\/www.manaus.am.gov.br\/semcom\/bolerao-saudade-mirante\/\",\"name\":\"Prefeitura de Manaus re\u00fane mais de 1.500 pessoas no \u201cBoler\u00e3o da Saudade\u201d, no mirante L\u00facia Almeida\",\"isPartOf\":{\"@id\":\"https:\/\/www.manaus.am.gov.br\/semcom\/#website\"},\"primaryImageOfPage\":{\"@id\":\"https:\/\/www.manaus.am.gov.br\/semcom\/bolerao-saudade-mirante\/#primaryimage\"},\"image\":{\"@id\":\"https:\/\/www.manaus.am.gov.br\/semcom\/bolerao-saudade-mirante\/#primaryimage\"},\"thumbnailUrl\":\"https:\/\/www.manaus.am.gov.br\/semcom\/wp-content\/uploads\/sites\/5\/2026\/03\/FDT-Bolerao-5.jpg\",\"datePublished\":\"2026-03-14T01:39:02+00:00\",\"dateModified\":\"2026-03-16T16:52:57+00:00\",\"author\":{\"@id\":\"https:\/\/www.manaus.am.gov.br\/semcom\/#\/schema\/person\/ab4dcf766a54dff74e8d267f5c591961\"},\"description\":\"A Prefeitura de Manaus, por meio da Funda\u00e7\u00e3o de Apoio ao Idoso Doutor Thomas (FDT), realizou, nesta sexta-feira (13\/3), o lan\u00e7amento do projeto \u201cBoler\u00e3o da Saudade\u201d, no estacionamento do mirante L\u00facia Almeida, no Centro Hist\u00f3rico da capital.\",\"inLanguage\":\"pt-BR\",\"potentialAction\":[{\"@type\":\"ReadAction\",\"target\":[\"https:\/\/www.manaus.am.gov.br\/semcom\/bolerao-saudade-mirante\/\"]}]},{\"@type\":\"ImageObject\",\"inLanguage\":\"pt-BR\",\"@id\":\"https:\/\/www.manaus.am.gov.br\/semcom\/bolerao-saudade-mirante\/#primaryimage\",\"url\":\"https:\/\/www.manaus.am.gov.br\/semcom\/wp-content\/uploads\/sites\/5\/2026\/03\/FDT-Bolerao-5.jpg\",\"contentUrl\":\"https:\/\/www.manaus.am.gov.br\/semcom\/wp-content\/uploads\/sites\/5\/2026\/03\/FDT-Bolerao-5.jpg\",\"width\":1613,\"height\":1365,\"caption\":\"#paratodosverem - os idosos se divertiram no \\\"Boler\u00e3o da Saudade\\\"\"},{\"@type\":\"WebSite\",\"@id\":\"https:\/\/www.manaus.am.gov.br\/semcom\/#website\",\"url\":\"https:\/\/www.manaus.am.gov.br\/semcom\/\",\"name\":\"SEMCOM\",\"description\":\"Secretaria Municipal de Comunica\u00e7\u00e3o\",\"potentialAction\":[{\"@type\":\"SearchAction\",\"target\":{\"@type\":\"EntryPoint\",\"urlTemplate\":\"https:\/\/www.manaus.am.gov.br\/semcom\/?s={search_term_string}\"},\"query-input\":\"required name=search_term_string\"}],\"inLanguage\":\"pt-BR\"},{\"@type\":\"Person\",\"@id\":\"https:\/\/www.manaus.am.gov.br\/semcom\/#\/schema\/person\/ab4dcf766a54dff74e8d267f5c591961\",\"name\":\"smonteiro\",\"image\":{\"@type\":\"ImageObject\",\"inLanguage\":\"pt-BR\",\"@id\":\"https:\/\/www.manaus.am.gov.br\/semcom\/#\/schema\/person\/image\/\",\"url\":\"https:\/\/secure.gravatar.com\/avatar\/21c8776ef61d9272c73322052e042d77?s=96&d=mm&r=g\",\"contentUrl\":\"https:\/\/secure.gravatar.com\/avatar\/21c8776ef61d9272c73322052e042d77?s=96&d=mm&r=g\",\"caption\":\"smonteiro\"}}]}<\/script>\n<!-- \/ Yoast SEO plugin. -->","yoast_head_json":{"title":"Prefeitura de Manaus re\u00fane mais de 1.500 pessoas no \u201cBoler\u00e3o da Saudade\u201d, no mirante L\u00facia Almeida","description":"A Prefeitura de Manaus, por meio da Funda\u00e7\u00e3o de Apoio ao Idoso Doutor Thomas (FDT), realizou, nesta sexta-feira (13\/3), o lan\u00e7amento do projeto \u201cBoler\u00e3o da Saudade\u201d, no estacionamento do mirante L\u00facia Almeida, no Centro Hist\u00f3rico da capital.","robots":{"index":"index","follow":"follow","max-snippet":"max-snippet:-1","max-image-preview":"max-image-preview:large","max-video-preview":"max-video-preview:-1"},"canonical":"https:\/\/www.manaus.am.gov.br\/semcom\/bolerao-saudade-mirante\/","og_locale":"pt_BR","og_type":"article","og_title":"Prefeitura de Manaus re\u00fane mais de 1.500 pessoas no \u201cBoler\u00e3o da Saudade\u201d, no mirante L\u00facia Almeida","og_description":"A Prefeitura de Manaus, por meio da Funda\u00e7\u00e3o de Apoio ao Idoso Doutor Thomas (FDT), realizou, nesta sexta-feira (13\/3), o lan\u00e7amento do projeto \u201cBoler\u00e3o da Saudade\u201d, no estacionamento do mirante L\u00facia Almeida, no Centro Hist\u00f3rico da capital.","og_url":"https:\/\/www.manaus.am.gov.br\/semcom\/bolerao-saudade-mirante\/","og_site_name":"SEMCOM","article_published_time":"2026-03-14T01:39:02+00:00","article_modified_time":"2026-03-16T16:52:57+00:00","og_image":[{"width":1613,"height":1365,"url":"https:\/\/www.manaus.am.gov.br\/semcom\/wp-content\/uploads\/sites\/5\/2026\/03\/FDT-Bolerao-5.jpg","type":"image\/jpeg"}],"author":"smonteiro","twitter_card":"summary_large_image","twitter_misc":{"Written by":"smonteiro","Est. reading time":"3 minutos"},"schema":{"@context":"https:\/\/schema.org","@graph":[{"@type":"WebPage","@id":"https:\/\/www.manaus.am.gov.br\/semcom\/bolerao-saudade-mirante\/","url":"https:\/\/www.manaus.am.gov.br\/semcom\/bolerao-saudade-mirante\/","name":"Prefeitura de Manaus re\u00fane mais de 1.500 pessoas no \u201cBoler\u00e3o da Saudade\u201d, no mirante L\u00facia Almeida","isPartOf":{"@id":"https:\/\/www.manaus.am.gov.br\/semcom\/#website"},"primaryImageOfPage":{"@id":"https:\/\/www.manaus.am.gov.br\/semcom\/bolerao-saudade-mirante\/#primaryimage"},"image":{"@id":"https:\/\/www.manaus.am.gov.br\/semcom\/bolerao-saudade-mirante\/#primaryimage"},"thumbnailUrl":"https:\/\/www.manaus.am.gov.br\/semcom\/wp-content\/uploads\/sites\/5\/2026\/03\/FDT-Bolerao-5.jpg","datePublished":"2026-03-14T01:39:02+00:00","dateModified":"2026-03-16T16:52:57+00:00","author":{"@id":"https:\/\/www.manaus.am.gov.br\/semcom\/#\/schema\/person\/ab4dcf766a54dff74e8d267f5c591961"},"description":"A Prefeitura de Manaus, por meio da Funda\u00e7\u00e3o de Apoio ao Idoso Doutor Thomas (FDT), realizou, nesta sexta-feira (13\/3), o lan\u00e7amento do projeto \u201cBoler\u00e3o da Saudade\u201d, no estacionamento do mirante L\u00facia Almeida, no Centro Hist\u00f3rico da capital.","inLanguage":"pt-BR","potentialAction":[{"@type":"ReadAction","target":["https:\/\/www.manaus.am.gov.br\/semcom\/bolerao-saudade-mirante\/"]}]},{"@type":"ImageObject","inLanguage":"pt-BR","@id":"https:\/\/www.manaus.am.gov.br\/semcom\/bolerao-saudade-mirante\/#primaryimage","url":"https:\/\/www.manaus.am.gov.br\/semcom\/wp-content\/uploads\/sites\/5\/2026\/03\/FDT-Bolerao-5.jpg","contentUrl":"https:\/\/www.manaus.am.gov.br\/semcom\/wp-content\/uploads\/sites\/5\/2026\/03\/FDT-Bolerao-5.jpg","width":1613,"height":1365,"caption":"#paratodosverem - os idosos se divertiram no \"Boler\u00e3o da Saudade\""},{"@type":"WebSite","@id":"https:\/\/www.manaus.am.gov.br\/semcom\/#website","url":"https:\/\/www.manaus.am.gov.br\/semcom\/","name":"SEMCOM","description":"Secretaria Municipal de Comunica\u00e7\u00e3o","potentialAction":[{"@type":"SearchAction","target":{"@type":"EntryPoint","urlTemplate":"https:\/\/www.manaus.am.gov.br\/semcom\/?s={search_term_string}"},"query-input":"required name=search_term_string"}],"inLanguage":"pt-BR"},{"@type":"Person","@id":"https:\/\/www.manaus.am.gov.br\/semcom\/#\/schema\/person\/ab4dcf766a54dff74e8d267f5c591961","name":"smonteiro","image":{"@type":"ImageObject","inLanguage":"pt-BR","@id":"https:\/\/www.manaus.am.gov.br\/semcom\/#\/schema\/person\/image\/","url":"https:\/\/secure.gravatar.com\/avatar\/21c8776ef61d9272c73322052e042d77?s=96&d=mm&r=g","contentUrl":"https:\/\/secure.gravatar.com\/avatar\/21c8776ef61d9272c73322052e042d77?s=96&d=mm&r=g","caption":"smonteiro"}}]}},"_links":{"self":[{"href":"https:\/\/www.manaus.am.gov.br\/semcom\/wp-json\/wp\/v2\/posts\/254681"}],"collection":[{"href":"https:\/\/www.manaus.am.gov.br\/semcom\/wp-json\/wp\/v2\/posts"}],"about":[{"href":"https:\/\/www.manaus.am.gov.br\/semcom\/wp-json\/wp\/v2\/types\/post"}],"author":[{"embeddable":true,"href":"https:\/\/www.manaus.am.gov.br\/semcom\/wp-json\/wp\/v2\/users\/61"}],"replies":[{"embeddable":true,"href":"https:\/\/www.manaus.am.gov.br\/semcom\/wp-json\/wp\/v2\/comments?post=254681"}],"version-history":[{"count":1,"href":"https:\/\/www.manaus.am.gov.br\/semcom\/wp-json\/wp\/v2\/posts\/254681\/revisions"}],"predecessor-version":[{"id":254734,"href":"https:\/\/www.manaus.am.gov.br\/semcom\/wp-json\/wp\/v2\/posts\/254681\/revisions\/254734"}],"wp:featuredmedia":[{"embeddable":true,"href":"https:\/\/www.manaus.am.gov.br\/semcom\/wp-json\/wp\/v2\/media\/254682"}],"wp:attachment":[{"href":"https:\/\/www.manaus.am.gov.br\/semcom\/wp-json\/wp\/v2\/media?parent=254681"}],"wp:term":[{"taxonomy":"category","embeddable":true,"href":"https:\/\/www.manaus.am.gov.br\/semcom\/wp-json\/wp\/v2\/categories?post=254681"},{"taxonomy":"post_tag","embeddable":true,"href":"https:\/\/www.manaus.am.gov.br\/semcom\/wp-json\/wp\/v2\/tags?post=254681"}],"curies":[{"name":"wp","href":"https:\/\/api.w.org\/{rel}","templated":true}]}}