{"id":254661,"date":"2026-03-13T17:42:18","date_gmt":"2026-03-13T20:42:18","guid":{"rendered":"https:\/\/www.manaus.am.gov.br\/semcom\/debate-politicas-inrede\/"},"modified":"2026-03-16T13:37:57","modified_gmt":"2026-03-16T16:37:57","slug":"debate-politicas-inrede","status":"publish","type":"post","link":"https:\/\/www.manaus.am.gov.br\/semcom\/debate-politicas-inrede\/","title":{"rendered":"Manaus debate qualidade das pol\u00edticas p\u00fablicas em encontro da InREDE, em Macei\u00f3"},"content":{"rendered":"\n<p>Durante a 12\u00aa edi\u00e7\u00e3o do Encontro Nacional da Rede Brasileira de Institutos de Planejamento (InREDE), realizada em Macei\u00f3 (AL), a <a href=\"https:\/\/www.manaus.am.gov.br\/\">Prefeitura de Manaus<\/a>, representada pelo diretor-presidente do <a href=\"https:\/\/www.instagram.com\/implurb\/\">Instituto Municipal de Planejamento Urbano<\/a> (Implurb), Carlos Valente, participa dos debates t\u00e9cnicos que re\u00fanem gestores p\u00fablicos, especialistas e institui\u00e7\u00f5es de todo o pa\u00eds para discutir solu\u00e7\u00f5es inovadoras para o desenvolvimento urbano e a redu\u00e7\u00e3o das desigualdades nas cidades brasileiras.<\/p>\n\n\n\n<p>O encontro tem como tema \u201cDireito \u00e0 Cidade, Territ\u00f3rios Vivos e Experi\u00eancias Humanas: Interven\u00e7\u00f5es que Reduzem Desigualdades\u201d e funciona como um ambiente t\u00e9cnico de troca de experi\u00eancias, com palestras, mesas tem\u00e1ticas e oficinas voltadas ao debate sobre planejamento urbano, uso de dados territoriais e constru\u00e7\u00e3o de cidades mais inclusivas e sustent\u00e1veis.<\/p>\n\n\n\n<p>Carlos Valente integrou a diretoria da InREDE at\u00e9 o ano passado, quando atuou como vice-presidente da rede, contribuindo para o fortalecimento do interc\u00e2mbio entre institutos de planejamento do pa\u00eds e ampliando a presen\u00e7a de Manaus nos debates nacionais sobre desenvolvimento urbano. O Implurb faz parte do conselho fiscal da diretoria do grupo.<\/p>\n\n\n\n<p>\u201cOs primeiros dias do encontro t\u00eam sido muito produtivos, com atividades t\u00e9cnicas, oficinas e mesas tem\u00e1ticas que fortalecem a troca de experi\u00eancias entre as cidades. A InREDE segue avan\u00e7ando em suas possibilidades, agora sob nova gest\u00e3o, e \u00e9 uma honra participar novamente desse ambiente de coopera\u00e7\u00e3o e debate qualificado, especialmente depois da experi\u00eancia marcante que tivemos ao sediar o encontro em Manaus, no ano passado\u201d, destacou.<\/p>\n\n\n<div class=\"wp-block-image\">\n<figure class=\"aligncenter size-full\"><img decoding=\"async\" src=\"https:\/\/www.manaus.am.gov.br\/wp-content\/uploads\/2026\/03\/inrede5.jpg\" alt=\"\" class=\"wp-image-289669\" \/><figcaption class=\"wp-element-caption\">#paratodosverem &#8211; na foto, os participantes do encontro, em Macei\u00f3<\/figcaption><\/figure><\/div>\n\n\n<p>A presidente da InREDE, Ana Jayme, tamb\u00e9m ressaltou a relev\u00e2ncia do planejamento de longo prazo para a consolida\u00e7\u00e3o das pol\u00edticas urbanas.<\/p>\n\n\n\n<p>\u201cPol\u00edticas p\u00fablicas n\u00e3o se fazem em apenas quatro anos. S\u00e3o necess\u00e1rias d\u00e9cadas para que se consolidem. Sem continuidade, isso se torna imposs\u00edvel. Precisamos dar ainda mais voz a essa pauta defendida pela InREDE, ampliando e fortalecendo esse movimento\u201d, destacou.<\/p>\n\n\n\n<p><strong>Programa\u00e7\u00e3o<\/strong><\/p>\n\n\n\n<p>A programa\u00e7\u00e3o do evento segue at\u00e9 este s\u00e1bado, 14, reunindo cerca de 50 institutos de planejamento e representantes institucionais de diferentes regi\u00f5es do pa\u00eds. O encontro \u00e9 promovido pela Rede Brasileira de Institutos de Planejamento, tendo como anfitri\u00e3 a Prefeitura de Macei\u00f3, por meio do Instituto de Pesquisa, Planejamento e Licenciamento Urbano e Ambiental (Iplam), com apoio do Minist\u00e9rio das Cidades, ONU-Habitat e da Deutsche Gesellschaft f\u00fcr Internationale Zusammenarbeit (GIZ), no \u00e2mbito da coopera\u00e7\u00e3o Brasil-Alemanha.<\/p>\n\n\n\n<p><strong>&#8212; &#8212; &#8212;<\/strong><\/p>\n\n\n\n<p><strong>Texto \u2013&nbsp;<\/strong>Claudia do Valle \/ Implurb<\/p>\n\n\n\n<p><strong>Fotos \u2013&nbsp;<\/strong>Divulga\u00e7\u00e3o \/ Implurb<\/p>\n","protected":false},"excerpt":{"rendered":"","protected":false},"author":61,"featured_media":254662,"comment_status":"closed","ping_status":"closed","sticky":false,"template":"","format":"standard","meta":{"footnotes":""},"categories":[2555],"tags":[65,3516,77],"acf":[],"yoast_head":"<!-- This site is optimized with the Yoast SEO plugin v23.0 - https:\/\/yoast.com\/wordpress\/plugins\/seo\/ -->\n<title>Manaus debate qualidade das pol\u00edticas p\u00fablicas em encontro da InREDE, em Macei\u00f3<\/title>\n<meta name=\"description\" content=\"Durante a 12\u00aa edi\u00e7\u00e3o do Encontro Nacional da Rede Brasileira de Institutos de Planejamento (InREDE), realizada em Macei\u00f3 (AL), a Prefeitura de Manaus, representada pelo diretor-presidente do Instituto Municipal de Planejamento Urbano (Implurb), Carlos Valente, participa dos debates t\u00e9cnicos que re\u00fanem gestores p\u00fablicos, especialistas e institui\u00e7\u00f5es de todo o pa\u00eds para discutir solu\u00e7\u00f5es inovadoras para o desenvolvimento urbano e a redu\u00e7\u00e3o das desigualdades nas cidades brasileiras.\" \/>\n<meta name=\"robots\" content=\"index, follow, max-snippet:-1, max-image-preview:large, max-video-preview:-1\" \/>\n<link rel=\"canonical\" href=\"https:\/\/www.manaus.am.gov.br\/semcom\/debate-politicas-inrede\/\" \/>\n<meta property=\"og:locale\" content=\"pt_BR\" \/>\n<meta property=\"og:type\" content=\"article\" \/>\n<meta property=\"og:title\" content=\"Manaus debate qualidade das pol\u00edticas p\u00fablicas em encontro da InREDE, em Macei\u00f3\" \/>\n<meta property=\"og:description\" content=\"Durante a 12\u00aa edi\u00e7\u00e3o do Encontro Nacional da Rede Brasileira de Institutos de Planejamento (InREDE), realizada em Macei\u00f3 (AL), a Prefeitura de Manaus, representada pelo diretor-presidente do Instituto Municipal de Planejamento Urbano (Implurb), Carlos Valente, participa dos debates t\u00e9cnicos que re\u00fanem gestores p\u00fablicos, especialistas e institui\u00e7\u00f5es de todo o pa\u00eds para discutir solu\u00e7\u00f5es inovadoras para o desenvolvimento urbano e a redu\u00e7\u00e3o das desigualdades nas cidades brasileiras.\" \/>\n<meta property=\"og:url\" content=\"https:\/\/www.manaus.am.gov.br\/semcom\/debate-politicas-inrede\/\" \/>\n<meta property=\"og:site_name\" content=\"SEMCOM\" \/>\n<meta property=\"article:published_time\" content=\"2026-03-13T20:42:18+00:00\" \/>\n<meta property=\"article:modified_time\" content=\"2026-03-16T16:37:57+00:00\" \/>\n<meta property=\"og:image\" content=\"https:\/\/www.manaus.am.gov.br\/semcom\/wp-content\/uploads\/sites\/5\/2026\/03\/inrede.jpg\" \/>\n\t<meta property=\"og:image:width\" content=\"1280\" \/>\n\t<meta property=\"og:image:height\" content=\"852\" \/>\n\t<meta property=\"og:image:type\" content=\"image\/jpeg\" \/>\n<meta name=\"author\" content=\"smonteiro\" \/>\n<meta name=\"twitter:card\" content=\"summary_large_image\" \/>\n<meta name=\"twitter:label1\" content=\"Written by\" \/>\n\t<meta name=\"twitter:data1\" content=\"smonteiro\" \/>\n\t<meta name=\"twitter:label2\" content=\"Est. reading time\" \/>\n\t<meta name=\"twitter:data2\" content=\"3 minutos\" \/>\n<script type=\"application\/ld+json\" class=\"yoast-schema-graph\">{\"@context\":\"https:\/\/schema.org\",\"@graph\":[{\"@type\":\"WebPage\",\"@id\":\"https:\/\/www.manaus.am.gov.br\/semcom\/debate-politicas-inrede\/\",\"url\":\"https:\/\/www.manaus.am.gov.br\/semcom\/debate-politicas-inrede\/\",\"name\":\"Manaus debate qualidade das pol\u00edticas p\u00fablicas em encontro da InREDE, em Macei\u00f3\",\"isPartOf\":{\"@id\":\"https:\/\/www.manaus.am.gov.br\/semcom\/#website\"},\"primaryImageOfPage\":{\"@id\":\"https:\/\/www.manaus.am.gov.br\/semcom\/debate-politicas-inrede\/#primaryimage\"},\"image\":{\"@id\":\"https:\/\/www.manaus.am.gov.br\/semcom\/debate-politicas-inrede\/#primaryimage\"},\"thumbnailUrl\":\"https:\/\/www.manaus.am.gov.br\/semcom\/wp-content\/uploads\/sites\/5\/2026\/03\/inrede.jpg\",\"datePublished\":\"2026-03-13T20:42:18+00:00\",\"dateModified\":\"2026-03-16T16:37:57+00:00\",\"author\":{\"@id\":\"https:\/\/www.manaus.am.gov.br\/semcom\/#\/schema\/person\/ab4dcf766a54dff74e8d267f5c591961\"},\"description\":\"Durante a 12\u00aa edi\u00e7\u00e3o do Encontro Nacional da Rede Brasileira de Institutos de Planejamento (InREDE), realizada em Macei\u00f3 (AL), a Prefeitura de Manaus, representada pelo diretor-presidente do Instituto Municipal de Planejamento Urbano (Implurb), Carlos Valente, participa dos debates t\u00e9cnicos que re\u00fanem gestores p\u00fablicos, especialistas e institui\u00e7\u00f5es de todo o pa\u00eds para discutir solu\u00e7\u00f5es inovadoras para o desenvolvimento urbano e a redu\u00e7\u00e3o das desigualdades nas cidades brasileiras.\",\"inLanguage\":\"pt-BR\",\"potentialAction\":[{\"@type\":\"ReadAction\",\"target\":[\"https:\/\/www.manaus.am.gov.br\/semcom\/debate-politicas-inrede\/\"]}]},{\"@type\":\"ImageObject\",\"inLanguage\":\"pt-BR\",\"@id\":\"https:\/\/www.manaus.am.gov.br\/semcom\/debate-politicas-inrede\/#primaryimage\",\"url\":\"https:\/\/www.manaus.am.gov.br\/semcom\/wp-content\/uploads\/sites\/5\/2026\/03\/inrede.jpg\",\"contentUrl\":\"https:\/\/www.manaus.am.gov.br\/semcom\/wp-content\/uploads\/sites\/5\/2026\/03\/inrede.jpg\",\"width\":1280,\"height\":852,\"caption\":\"#paratodosverem - o diretor-presidente do Implurb, Carlos Valente, representa a prefeitura no encontro\"},{\"@type\":\"WebSite\",\"@id\":\"https:\/\/www.manaus.am.gov.br\/semcom\/#website\",\"url\":\"https:\/\/www.manaus.am.gov.br\/semcom\/\",\"name\":\"SEMCOM\",\"description\":\"Secretaria Municipal de Comunica\u00e7\u00e3o\",\"potentialAction\":[{\"@type\":\"SearchAction\",\"target\":{\"@type\":\"EntryPoint\",\"urlTemplate\":\"https:\/\/www.manaus.am.gov.br\/semcom\/?s={search_term_string}\"},\"query-input\":\"required name=search_term_string\"}],\"inLanguage\":\"pt-BR\"},{\"@type\":\"Person\",\"@id\":\"https:\/\/www.manaus.am.gov.br\/semcom\/#\/schema\/person\/ab4dcf766a54dff74e8d267f5c591961\",\"name\":\"smonteiro\",\"image\":{\"@type\":\"ImageObject\",\"inLanguage\":\"pt-BR\",\"@id\":\"https:\/\/www.manaus.am.gov.br\/semcom\/#\/schema\/person\/image\/\",\"url\":\"https:\/\/secure.gravatar.com\/avatar\/21c8776ef61d9272c73322052e042d77?s=96&d=mm&r=g\",\"contentUrl\":\"https:\/\/secure.gravatar.com\/avatar\/21c8776ef61d9272c73322052e042d77?s=96&d=mm&r=g\",\"caption\":\"smonteiro\"}}]}<\/script>\n<!-- \/ Yoast SEO plugin. -->","yoast_head_json":{"title":"Manaus debate qualidade das pol\u00edticas p\u00fablicas em encontro da InREDE, em Macei\u00f3","description":"Durante a 12\u00aa edi\u00e7\u00e3o do Encontro Nacional da Rede Brasileira de Institutos de Planejamento (InREDE), realizada em Macei\u00f3 (AL), a Prefeitura de Manaus, representada pelo diretor-presidente do Instituto Municipal de Planejamento Urbano (Implurb), Carlos Valente, participa dos debates t\u00e9cnicos que re\u00fanem gestores p\u00fablicos, especialistas e institui\u00e7\u00f5es de todo o pa\u00eds para discutir solu\u00e7\u00f5es inovadoras para o desenvolvimento urbano e a redu\u00e7\u00e3o das desigualdades nas cidades brasileiras.","robots":{"index":"index","follow":"follow","max-snippet":"max-snippet:-1","max-image-preview":"max-image-preview:large","max-video-preview":"max-video-preview:-1"},"canonical":"https:\/\/www.manaus.am.gov.br\/semcom\/debate-politicas-inrede\/","og_locale":"pt_BR","og_type":"article","og_title":"Manaus debate qualidade das pol\u00edticas p\u00fablicas em encontro da InREDE, em Macei\u00f3","og_description":"Durante a 12\u00aa edi\u00e7\u00e3o do Encontro Nacional da Rede Brasileira de Institutos de Planejamento (InREDE), realizada em Macei\u00f3 (AL), a Prefeitura de Manaus, representada pelo diretor-presidente do Instituto Municipal de Planejamento Urbano (Implurb), Carlos Valente, participa dos debates t\u00e9cnicos que re\u00fanem gestores p\u00fablicos, especialistas e institui\u00e7\u00f5es de todo o pa\u00eds para discutir solu\u00e7\u00f5es inovadoras para o desenvolvimento urbano e a redu\u00e7\u00e3o das desigualdades nas cidades brasileiras.","og_url":"https:\/\/www.manaus.am.gov.br\/semcom\/debate-politicas-inrede\/","og_site_name":"SEMCOM","article_published_time":"2026-03-13T20:42:18+00:00","article_modified_time":"2026-03-16T16:37:57+00:00","og_image":[{"width":1280,"height":852,"url":"https:\/\/www.manaus.am.gov.br\/semcom\/wp-content\/uploads\/sites\/5\/2026\/03\/inrede.jpg","type":"image\/jpeg"}],"author":"smonteiro","twitter_card":"summary_large_image","twitter_misc":{"Written by":"smonteiro","Est. reading time":"3 minutos"},"schema":{"@context":"https:\/\/schema.org","@graph":[{"@type":"WebPage","@id":"https:\/\/www.manaus.am.gov.br\/semcom\/debate-politicas-inrede\/","url":"https:\/\/www.manaus.am.gov.br\/semcom\/debate-politicas-inrede\/","name":"Manaus debate qualidade das pol\u00edticas p\u00fablicas em encontro da InREDE, em Macei\u00f3","isPartOf":{"@id":"https:\/\/www.manaus.am.gov.br\/semcom\/#website"},"primaryImageOfPage":{"@id":"https:\/\/www.manaus.am.gov.br\/semcom\/debate-politicas-inrede\/#primaryimage"},"image":{"@id":"https:\/\/www.manaus.am.gov.br\/semcom\/debate-politicas-inrede\/#primaryimage"},"thumbnailUrl":"https:\/\/www.manaus.am.gov.br\/semcom\/wp-content\/uploads\/sites\/5\/2026\/03\/inrede.jpg","datePublished":"2026-03-13T20:42:18+00:00","dateModified":"2026-03-16T16:37:57+00:00","author":{"@id":"https:\/\/www.manaus.am.gov.br\/semcom\/#\/schema\/person\/ab4dcf766a54dff74e8d267f5c591961"},"description":"Durante a 12\u00aa edi\u00e7\u00e3o do Encontro Nacional da Rede Brasileira de Institutos de Planejamento (InREDE), realizada em Macei\u00f3 (AL), a Prefeitura de Manaus, representada pelo diretor-presidente do Instituto Municipal de Planejamento Urbano (Implurb), Carlos Valente, participa dos debates t\u00e9cnicos que re\u00fanem gestores p\u00fablicos, especialistas e institui\u00e7\u00f5es de todo o pa\u00eds para discutir solu\u00e7\u00f5es inovadoras para o desenvolvimento urbano e a redu\u00e7\u00e3o das desigualdades nas cidades brasileiras.","inLanguage":"pt-BR","potentialAction":[{"@type":"ReadAction","target":["https:\/\/www.manaus.am.gov.br\/semcom\/debate-politicas-inrede\/"]}]},{"@type":"ImageObject","inLanguage":"pt-BR","@id":"https:\/\/www.manaus.am.gov.br\/semcom\/debate-politicas-inrede\/#primaryimage","url":"https:\/\/www.manaus.am.gov.br\/semcom\/wp-content\/uploads\/sites\/5\/2026\/03\/inrede.jpg","contentUrl":"https:\/\/www.manaus.am.gov.br\/semcom\/wp-content\/uploads\/sites\/5\/2026\/03\/inrede.jpg","width":1280,"height":852,"caption":"#paratodosverem - o diretor-presidente do Implurb, Carlos Valente, representa a prefeitura no encontro"},{"@type":"WebSite","@id":"https:\/\/www.manaus.am.gov.br\/semcom\/#website","url":"https:\/\/www.manaus.am.gov.br\/semcom\/","name":"SEMCOM","description":"Secretaria Municipal de Comunica\u00e7\u00e3o","potentialAction":[{"@type":"SearchAction","target":{"@type":"EntryPoint","urlTemplate":"https:\/\/www.manaus.am.gov.br\/semcom\/?s={search_term_string}"},"query-input":"required name=search_term_string"}],"inLanguage":"pt-BR"},{"@type":"Person","@id":"https:\/\/www.manaus.am.gov.br\/semcom\/#\/schema\/person\/ab4dcf766a54dff74e8d267f5c591961","name":"smonteiro","image":{"@type":"ImageObject","inLanguage":"pt-BR","@id":"https:\/\/www.manaus.am.gov.br\/semcom\/#\/schema\/person\/image\/","url":"https:\/\/secure.gravatar.com\/avatar\/21c8776ef61d9272c73322052e042d77?s=96&d=mm&r=g","contentUrl":"https:\/\/secure.gravatar.com\/avatar\/21c8776ef61d9272c73322052e042d77?s=96&d=mm&r=g","caption":"smonteiro"}}]}},"_links":{"self":[{"href":"https:\/\/www.manaus.am.gov.br\/semcom\/wp-json\/wp\/v2\/posts\/254661"}],"collection":[{"href":"https:\/\/www.manaus.am.gov.br\/semcom\/wp-json\/wp\/v2\/posts"}],"about":[{"href":"https:\/\/www.manaus.am.gov.br\/semcom\/wp-json\/wp\/v2\/types\/post"}],"author":[{"embeddable":true,"href":"https:\/\/www.manaus.am.gov.br\/semcom\/wp-json\/wp\/v2\/users\/61"}],"replies":[{"embeddable":true,"href":"https:\/\/www.manaus.am.gov.br\/semcom\/wp-json\/wp\/v2\/comments?post=254661"}],"version-history":[{"count":1,"href":"https:\/\/www.manaus.am.gov.br\/semcom\/wp-json\/wp\/v2\/posts\/254661\/revisions"}],"predecessor-version":[{"id":254726,"href":"https:\/\/www.manaus.am.gov.br\/semcom\/wp-json\/wp\/v2\/posts\/254661\/revisions\/254726"}],"wp:featuredmedia":[{"embeddable":true,"href":"https:\/\/www.manaus.am.gov.br\/semcom\/wp-json\/wp\/v2\/media\/254662"}],"wp:attachment":[{"href":"https:\/\/www.manaus.am.gov.br\/semcom\/wp-json\/wp\/v2\/media?parent=254661"}],"wp:term":[{"taxonomy":"category","embeddable":true,"href":"https:\/\/www.manaus.am.gov.br\/semcom\/wp-json\/wp\/v2\/categories?post=254661"},{"taxonomy":"post_tag","embeddable":true,"href":"https:\/\/www.manaus.am.gov.br\/semcom\/wp-json\/wp\/v2\/tags?post=254661"}],"curies":[{"name":"wp","href":"https:\/\/api.w.org\/{rel}","templated":true}]}}