{"id":254648,"date":"2026-03-13T15:44:41","date_gmt":"2026-03-13T19:44:41","guid":{"rendered":"https:\/\/www.manaus.am.gov.br\/semcom\/planejamento-edicao-soumanaus-2026\/"},"modified":"2026-03-13T16:49:51","modified_gmt":"2026-03-13T19:49:51","slug":"planejamento-edicao-soumanaus-2026","status":"publish","type":"post","link":"https:\/\/www.manaus.am.gov.br\/semcom\/planejamento-edicao-soumanaus-2026\/","title":{"rendered":"Manaus planeja maior edi\u00e7\u00e3o do \u2018#SouManaus\u2019 e fortalece estrat\u00e9gia para consolidar a cidade entre os grandes destinos tur\u00edsticos"},"content":{"rendered":"\n<p>A <a href=\"https:\/\/www.manaus.am.gov.br\/\">Prefeitura de Manaus<\/a> iniciou, nesta sexta-feira, 13\/3, o planejamento da edi\u00e7\u00e3o 2026 do festival \u201c#SouManaus Passo a Pa\u00e7o\u201d, evento que se consolidou como o maior festival de artes integradas do Brasil e uma das principais vitrines culturais da Amaz\u00f4nia. A reuni\u00e3o ocorreu na sede da <a href=\"https:\/\/www.instagram.com\/manauscult_\/\">Funda\u00e7\u00e3o Municipal de Cultura, Turismo e Eventos<\/a> (ManausCult) e contou com a presen\u00e7a do prefeito David Almeida e da equipe respons\u00e1vel pela organiza\u00e7\u00e3o do evento.<\/p>\n\n\n\n<p>A nova edi\u00e7\u00e3o deve ampliar a dimens\u00e3o cultural, tur\u00edstica e econ\u00f4mica do festival, reunindo grandes atra\u00e7\u00f5es da m\u00fasica nacional, artistas regionais, teatro, gastronomia e economia criativa em diferentes espa\u00e7os do centro hist\u00f3rico.<\/p>\n\n\n\n<p>Durante o encontro, o prefeito David Almeida destacou que a organiza\u00e7\u00e3o do festival j\u00e1 come\u00e7ou e que a gest\u00e3o municipal trabalha para realizar a maior edi\u00e7\u00e3o da hist\u00f3ria do evento.<\/p>\n\n\n\n<p>\u201cEstamos aqui planejando a edi\u00e7\u00e3o 2026 do \u2018#SouManaus\u2019, que \u00e9 o maior festival multicultural e de artes integradas do Brasil. Teremos grandes atra\u00e7\u00f5es, muita m\u00fasica, teatro e cultura para o povo da cidade de Manaus. J\u00e1 iniciamos contatos com artistas de v\u00e1rios ritmos para fazer da pr\u00f3xima edi\u00e7\u00e3o a maior da hist\u00f3ria do festival\u201d, afirmou.<\/p>\n\n\n\n<p>O prefeito tamb\u00e9m informou que algumas atra\u00e7\u00f5es j\u00e1 est\u00e3o em fase de pr\u00e9-agendamento e convidou a popula\u00e7\u00e3o a participar da constru\u00e7\u00e3o do festival sugerindo artistas nas redes sociais.<\/p>\n\n\n\n<p>\u201cJ\u00e1 temos algumas atra\u00e7\u00f5es pr\u00e9-agendadas, inclusive artistas que foram muito pedidos pelo p\u00fablico na edi\u00e7\u00e3o passada. Queremos ouvir a popula\u00e7\u00e3o. Entrem nas redes sociais da prefeitura e deixem nos coment\u00e1rios as atra\u00e7\u00f5es que voc\u00eas querem ver no \u2018#SouManaus\u2019. Quem sabe a sua sugest\u00e3o n\u00e3o se torna um show no festival?\u201d, disse.<\/p>\n\n\n\n<figure class=\"wp-block-image size-large\"><img loading=\"lazy\" decoding=\"async\" width=\"1024\" height=\"682\" src=\"https:\/\/www.manaus.am.gov.br\/semcom\/wp-content\/uploads\/sites\/5\/2026\/03\/SouManaus-2025-1024x682.jpeg\" alt=\"\" class=\"wp-image-254654\" srcset=\"https:\/\/www.manaus.am.gov.br\/semcom\/wp-content\/uploads\/sites\/5\/2026\/03\/SouManaus-2025-1024x682.jpeg 1024w, https:\/\/www.manaus.am.gov.br\/semcom\/wp-content\/uploads\/sites\/5\/2026\/03\/SouManaus-2025-300x200.jpeg 300w, https:\/\/www.manaus.am.gov.br\/semcom\/wp-content\/uploads\/sites\/5\/2026\/03\/SouManaus-2025-768x512.jpeg 768w, https:\/\/www.manaus.am.gov.br\/semcom\/wp-content\/uploads\/sites\/5\/2026\/03\/SouManaus-2025-1536x1024.jpeg 1536w, https:\/\/www.manaus.am.gov.br\/semcom\/wp-content\/uploads\/sites\/5\/2026\/03\/SouManaus-2025-2048x1365.jpeg 2048w\" sizes=\"(max-width: 1024px) 100vw, 1024px\" \/><figcaption class=\"wp-element-caption\">#paratodosverem &#8211; #SouManaus 2025<\/figcaption><\/figure>\n\n\n\n<p><strong>Manaus ganha protagonismo no turismo<\/strong><\/p>\n\n\n\n<p>O fortalecimento do festival faz parte de uma estrat\u00e9gia mais ampla da Prefeitura de Manaus para posicionar a cidade entre os principais destinos tur\u00edsticos do Brasil e do mundo.<\/p>\n\n\n\n<p>Recentemente, a capital amazonense passou a figurar entre os destinos com maior crescimento no turismo global. Levantamento da plataforma internacional Booking.com colocou Manaus como a \u00fanica cidade brasileira entre os destinos do mundo com maior crescimento nas reservas internacionais para 2026, evidenciando o avan\u00e7o da cidade no cen\u00e1rio tur\u00edstico global.<\/p>\n\n\n\n<p>Al\u00e9m disso, Manaus aparece entre os cinco destinos mais procurados do Brasil em rankings especializados de turismo que avaliam fluxo de visitantes, visibilidade internacional e crescimento da demanda por viagens.<\/p>\n\n\n\n<p>Para o presidente da Manauscult, Jender Lobato, os indicadores mostram que a cidade vive um novo momento no turismo. \u201cHoje, Manaus aparece entre as 50 cidades globais mais procuradas do planeta e tamb\u00e9m entre as cinco cidades brasileiras mais buscadas para turismo. Isso demonstra que a cidade passou a ser vista de outra forma no cen\u00e1rio nacional e internacional\u201d, afirmou.<\/p>\n\n\n\n<figure class=\"wp-block-image size-large\"><img loading=\"lazy\" decoding=\"async\" width=\"1024\" height=\"576\" src=\"https:\/\/www.manaus.am.gov.br\/semcom\/wp-content\/uploads\/sites\/5\/2026\/03\/Mirante-Lucia-Almeida-e-pier-turistico-Manaus-355-1024x576.jpeg\" alt=\"\" class=\"wp-image-254653\" srcset=\"https:\/\/www.manaus.am.gov.br\/semcom\/wp-content\/uploads\/sites\/5\/2026\/03\/Mirante-Lucia-Almeida-e-pier-turistico-Manaus-355-1024x576.jpeg 1024w, https:\/\/www.manaus.am.gov.br\/semcom\/wp-content\/uploads\/sites\/5\/2026\/03\/Mirante-Lucia-Almeida-e-pier-turistico-Manaus-355-300x169.jpeg 300w, https:\/\/www.manaus.am.gov.br\/semcom\/wp-content\/uploads\/sites\/5\/2026\/03\/Mirante-Lucia-Almeida-e-pier-turistico-Manaus-355-768x432.jpeg 768w, https:\/\/www.manaus.am.gov.br\/semcom\/wp-content\/uploads\/sites\/5\/2026\/03\/Mirante-Lucia-Almeida-e-pier-turistico-Manaus-355-1536x864.jpeg 1536w, https:\/\/www.manaus.am.gov.br\/semcom\/wp-content\/uploads\/sites\/5\/2026\/03\/Mirante-Lucia-Almeida-e-pier-turistico-Manaus-355-2048x1152.jpeg 2048w\" sizes=\"(max-width: 1024px) 100vw, 1024px\" \/><figcaption class=\"wp-element-caption\">#paratodosverem &#8211; Mirante L\u00facia Almeida e p\u00eder tur\u00edstico Manaus 355<\/figcaption><\/figure>\n\n\n\n<p><strong>Novos equipamentos tur\u00edsticos fortalecem a cidade<\/strong><\/p>\n\n\n\n<p>A estrat\u00e9gia de posicionamento tur\u00edstico da capital amazonense tamb\u00e9m passa pela cria\u00e7\u00e3o de novos atrativos e pela revitaliza\u00e7\u00e3o de \u00e1reas hist\u00f3ricas da cidade.<\/p>\n\n\n\n<p>Nos \u00faltimos anos, a Prefeitura de Manaus implantou uma s\u00e9rie de equipamentos que ampliaram a oferta tur\u00edstica da capital. Entre eles est\u00e3o o parque Gigantes da Floresta, voltado ao lazer das fam\u00edlias e \u00e0 valoriza\u00e7\u00e3o da identidade amaz\u00f4nica; a Casa de Praia Zezinho Corr\u00eaa, novo espa\u00e7o cultural e gastron\u00f4mico da Ponta Negra; o mirante L\u00facia Almeida, com vista panor\u00e2mica para o rio Negro; o p\u00eder tur\u00edstico Manaus 355, que fortaleceu o turismo fluvial e ampliou a recep\u00e7\u00e3o de visitantes na \u00e1rea central; e o largo de S\u00e3o Vicente, que vem se consolidando como polo de inova\u00e7\u00e3o, cultura e economia criativa no centro hist\u00f3rico.<\/p>\n\n\n\n<p>A cidade tamb\u00e9m se prepara para entregar novos marcos tur\u00edsticos. Ainda neste ano, a prefeitura deve inaugurar o parque Encontro das \u00c1guas Rosa Almeida, projeto com assinatura de Oscar Niemeyer que vai criar um novo espa\u00e7o de contempla\u00e7\u00e3o de um dos maiores fen\u00f4menos naturais do planeta. Para o pr\u00f3ximo ano est\u00e1 prevista a entrega do Aqu\u00e1rio Municipal de Manaus, equipamento voltado \u00e0 educa\u00e7\u00e3o ambiental, pesquisa e turismo.<\/p>\n\n\n\n<figure class=\"wp-block-image size-large\"><img loading=\"lazy\" decoding=\"async\" width=\"1024\" height=\"576\" src=\"https:\/\/www.manaus.am.gov.br\/semcom\/wp-content\/uploads\/sites\/5\/2026\/03\/Parque-Gigantes-da-Floresta-1024x576.jpeg\" alt=\"\" class=\"wp-image-254652\" srcset=\"https:\/\/www.manaus.am.gov.br\/semcom\/wp-content\/uploads\/sites\/5\/2026\/03\/Parque-Gigantes-da-Floresta-1024x576.jpeg 1024w, https:\/\/www.manaus.am.gov.br\/semcom\/wp-content\/uploads\/sites\/5\/2026\/03\/Parque-Gigantes-da-Floresta-300x169.jpeg 300w, https:\/\/www.manaus.am.gov.br\/semcom\/wp-content\/uploads\/sites\/5\/2026\/03\/Parque-Gigantes-da-Floresta-768x432.jpeg 768w, https:\/\/www.manaus.am.gov.br\/semcom\/wp-content\/uploads\/sites\/5\/2026\/03\/Parque-Gigantes-da-Floresta-1536x864.jpeg 1536w, https:\/\/www.manaus.am.gov.br\/semcom\/wp-content\/uploads\/sites\/5\/2026\/03\/Parque-Gigantes-da-Floresta-2048x1152.jpeg 2048w\" sizes=\"(max-width: 1024px) 100vw, 1024px\" \/><figcaption class=\"wp-element-caption\">#paratodosverem &#8211; Parque Gigantes da Floresta<\/figcaption><\/figure>\n\n\n\n<p><strong>Resgate da autoestima da cidade<\/strong><\/p>\n\n\n\n<p>Para o prefeito David Almeida, todo esse esfor\u00e7o vai al\u00e9m da promo\u00e7\u00e3o tur\u00edstica e tamb\u00e9m tem um objetivo simb\u00f3lico importante: resgatar o orgulho da popula\u00e7\u00e3o manauara.<\/p>\n\n\n\n<p>Quando assumiu a prefeitura, em 2021, Manaus enfrentava um dos momentos mais dif\u00edceis de sua hist\u00f3ria recente, no auge da pandemia da Covid-19. A cidade ficou marcada internacionalmente pelas imagens de sepultamentos em massa, que chocaram o pa\u00eds e o mundo.<\/p>\n\n\n\n<p>\u201cQuando assumi a prefeitura, em 2021, est\u00e1vamos no meio da maior pandemia mundial. Manaus ficou conhecida de forma muito dura, como a cidade que sepultava seus habitantes em valas abertas por retroescavadeiras. Aquilo partiu o meu cora\u00e7\u00e3o. Por isso, tudo o que estamos fazendo tamb\u00e9m tem um prop\u00f3sito muito claro: resgatar a autoestima do nosso povo e mostrar ao Brasil e ao mundo a grandeza da nossa cidade e a for\u00e7a e resili\u00eancia da nossa gente\u201d, afirmou.<\/p>\n\n\n\n<p>Segundo o prefeito, a estrat\u00e9gia de investir em cultura, turismo e grandes eventos tamb\u00e9m faz parte de uma vis\u00e3o de futuro para a economia da capital amazonense.<\/p>\n\n\n\n<p>\u201cEu acredito muito no potencial do turismo como matriz econ\u00f4mica. Manaus tem cultura, natureza, gastronomia e uma identidade \u00fanica. Quando estruturamos a cidade, criamos equipamentos tur\u00edsticos e realizamos grandes eventos como o \u2018#SouManaus\u2019, estamos mostrando ao Brasil e ao mundo que Manaus pode estar entre os grandes destinos tur\u00edsticos\u201d, concluiu.<\/p>\n\n\n\n<p>Com a amplia\u00e7\u00e3o da infraestrutura tur\u00edstica e a consolida\u00e7\u00e3o de eventos culturais de grande porte, como o \u201c#SouManaus Passo a Pa\u00e7o\u201d, a Prefeitura de Manaus busca fortalecer a economia criativa, gerar emprego e renda e posicionar a capital amazonense como um dos principais polos culturais e tur\u00edsticos da Amaz\u00f4nia e do Brasil.<\/p>\n\n\n\n<figure class=\"wp-block-image size-large\"><img loading=\"lazy\" decoding=\"async\" width=\"1024\" height=\"735\" src=\"https:\/\/www.manaus.am.gov.br\/semcom\/wp-content\/uploads\/sites\/5\/2026\/03\/Casa-de-Praia-Zezinho-Correa-1024x735.jpeg\" alt=\"\" class=\"wp-image-254651\" srcset=\"https:\/\/www.manaus.am.gov.br\/semcom\/wp-content\/uploads\/sites\/5\/2026\/03\/Casa-de-Praia-Zezinho-Correa-1024x735.jpeg 1024w, https:\/\/www.manaus.am.gov.br\/semcom\/wp-content\/uploads\/sites\/5\/2026\/03\/Casa-de-Praia-Zezinho-Correa-300x215.jpeg 300w, https:\/\/www.manaus.am.gov.br\/semcom\/wp-content\/uploads\/sites\/5\/2026\/03\/Casa-de-Praia-Zezinho-Correa-768x551.jpeg 768w, https:\/\/www.manaus.am.gov.br\/semcom\/wp-content\/uploads\/sites\/5\/2026\/03\/Casa-de-Praia-Zezinho-Correa-1536x1102.jpeg 1536w, https:\/\/www.manaus.am.gov.br\/semcom\/wp-content\/uploads\/sites\/5\/2026\/03\/Casa-de-Praia-Zezinho-Correa.jpeg 1600w\" sizes=\"(max-width: 1024px) 100vw, 1024px\" \/><figcaption class=\"wp-element-caption\">#paratodosverem &#8211; Casa de Praia Zezinho Corr\u00eaa<\/figcaption><\/figure>\n\n\n\n<p>&#8212; &#8212; &#8212;<\/p>\n\n\n\n<p><strong>Texto &#8211;<\/strong>&nbsp;Emanuelle Baires\/Semcom-Prefeito<\/p>\n\n\n\n<p><strong>Fotos&nbsp;<\/strong>&#8211; Dhyeizo Lemos\/Semcom-Prefeito e Arquivo\/Semcom<\/p>\n","protected":false},"excerpt":{"rendered":"","protected":false},"author":39,"featured_media":254649,"comment_status":"closed","ping_status":"closed","sticky":false,"template":"","format":"standard","meta":{"footnotes":""},"categories":[2013],"tags":[4765,35,19753,1545,19754,77],"acf":[],"yoast_head":"<!-- This site is optimized with the Yoast SEO plugin v23.0 - https:\/\/yoast.com\/wordpress\/plugins\/seo\/ -->\n<title>Manaus planeja maior edi\u00e7\u00e3o do #SouManaus<\/title>\n<meta name=\"description\" content=\"Manaus planeja maior edi\u00e7\u00e3o do #SouManaus e fortalece estrat\u00e9gia para consolidar a cidade entre os grandes destinos tur\u00edsticos.\" \/>\n<meta name=\"robots\" content=\"index, follow, max-snippet:-1, max-image-preview:large, max-video-preview:-1\" \/>\n<link rel=\"canonical\" href=\"https:\/\/www.manaus.am.gov.br\/semcom\/planejamento-edicao-soumanaus-2026\/\" \/>\n<meta property=\"og:locale\" content=\"pt_BR\" \/>\n<meta property=\"og:type\" content=\"article\" \/>\n<meta property=\"og:title\" content=\"Manaus planeja maior edi\u00e7\u00e3o do #SouManaus\" \/>\n<meta property=\"og:description\" content=\"Manaus planeja maior edi\u00e7\u00e3o do #SouManaus e fortalece estrat\u00e9gia para consolidar a cidade entre os grandes destinos tur\u00edsticos.\" \/>\n<meta property=\"og:url\" content=\"https:\/\/www.manaus.am.gov.br\/semcom\/planejamento-edicao-soumanaus-2026\/\" \/>\n<meta property=\"og:site_name\" content=\"SEMCOM\" \/>\n<meta property=\"article:published_time\" content=\"2026-03-13T19:44:41+00:00\" \/>\n<meta property=\"article:modified_time\" content=\"2026-03-13T19:49:51+00:00\" \/>\n<meta property=\"og:image\" content=\"https:\/\/www.manaus.am.gov.br\/semcom\/wp-content\/uploads\/sites\/5\/2026\/03\/Reuniao-1.jpeg\" \/>\n\t<meta property=\"og:image:width\" content=\"1600\" \/>\n\t<meta property=\"og:image:height\" content=\"1066\" \/>\n\t<meta property=\"og:image:type\" content=\"image\/jpeg\" \/>\n<meta name=\"author\" content=\"Bruna Greco\" \/>\n<meta name=\"twitter:card\" content=\"summary_large_image\" \/>\n<meta name=\"twitter:label1\" content=\"Written by\" \/>\n\t<meta name=\"twitter:data1\" content=\"Bruna Greco\" \/>\n\t<meta name=\"twitter:label2\" content=\"Est. reading time\" \/>\n\t<meta name=\"twitter:data2\" content=\"7 minutos\" \/>\n<script type=\"application\/ld+json\" class=\"yoast-schema-graph\">{\"@context\":\"https:\/\/schema.org\",\"@graph\":[{\"@type\":\"WebPage\",\"@id\":\"https:\/\/www.manaus.am.gov.br\/semcom\/planejamento-edicao-soumanaus-2026\/\",\"url\":\"https:\/\/www.manaus.am.gov.br\/semcom\/planejamento-edicao-soumanaus-2026\/\",\"name\":\"Manaus planeja maior edi\u00e7\u00e3o do #SouManaus\",\"isPartOf\":{\"@id\":\"https:\/\/www.manaus.am.gov.br\/semcom\/#website\"},\"primaryImageOfPage\":{\"@id\":\"https:\/\/www.manaus.am.gov.br\/semcom\/planejamento-edicao-soumanaus-2026\/#primaryimage\"},\"image\":{\"@id\":\"https:\/\/www.manaus.am.gov.br\/semcom\/planejamento-edicao-soumanaus-2026\/#primaryimage\"},\"thumbnailUrl\":\"https:\/\/www.manaus.am.gov.br\/semcom\/wp-content\/uploads\/sites\/5\/2026\/03\/Reuniao-1.jpeg\",\"datePublished\":\"2026-03-13T19:44:41+00:00\",\"dateModified\":\"2026-03-13T19:49:51+00:00\",\"author\":{\"@id\":\"https:\/\/www.manaus.am.gov.br\/semcom\/#\/schema\/person\/05d223aea2bf115f9883a6ff3683d81b\"},\"description\":\"Manaus planeja maior edi\u00e7\u00e3o do #SouManaus e fortalece estrat\u00e9gia para consolidar a cidade entre os grandes destinos tur\u00edsticos.\",\"inLanguage\":\"pt-BR\",\"potentialAction\":[{\"@type\":\"ReadAction\",\"target\":[\"https:\/\/www.manaus.am.gov.br\/semcom\/planejamento-edicao-soumanaus-2026\/\"]}]},{\"@type\":\"ImageObject\",\"inLanguage\":\"pt-BR\",\"@id\":\"https:\/\/www.manaus.am.gov.br\/semcom\/planejamento-edicao-soumanaus-2026\/#primaryimage\",\"url\":\"https:\/\/www.manaus.am.gov.br\/semcom\/wp-content\/uploads\/sites\/5\/2026\/03\/Reuniao-1.jpeg\",\"contentUrl\":\"https:\/\/www.manaus.am.gov.br\/semcom\/wp-content\/uploads\/sites\/5\/2026\/03\/Reuniao-1.jpeg\",\"width\":1600,\"height\":1066,\"caption\":\"#paratodosverem - Prefeito de Manaus, David Almeida, acompanhado do diretor-presidente da ManausCult, Jender Lobato, durante reuni\u00e3o de planejamento para edi\u00e7\u00e3o 2026 do \\\"#SouManaus\\\"\"},{\"@type\":\"WebSite\",\"@id\":\"https:\/\/www.manaus.am.gov.br\/semcom\/#website\",\"url\":\"https:\/\/www.manaus.am.gov.br\/semcom\/\",\"name\":\"SEMCOM\",\"description\":\"Secretaria Municipal de Comunica\u00e7\u00e3o\",\"potentialAction\":[{\"@type\":\"SearchAction\",\"target\":{\"@type\":\"EntryPoint\",\"urlTemplate\":\"https:\/\/www.manaus.am.gov.br\/semcom\/?s={search_term_string}\"},\"query-input\":\"required name=search_term_string\"}],\"inLanguage\":\"pt-BR\"},{\"@type\":\"Person\",\"@id\":\"https:\/\/www.manaus.am.gov.br\/semcom\/#\/schema\/person\/05d223aea2bf115f9883a6ff3683d81b\",\"name\":\"Bruna Greco\",\"image\":{\"@type\":\"ImageObject\",\"inLanguage\":\"pt-BR\",\"@id\":\"https:\/\/www.manaus.am.gov.br\/semcom\/#\/schema\/person\/image\/\",\"url\":\"https:\/\/secure.gravatar.com\/avatar\/9c877d1a6adc2a055330e5c09a8653ce?s=96&d=mm&r=g\",\"contentUrl\":\"https:\/\/secure.gravatar.com\/avatar\/9c877d1a6adc2a055330e5c09a8653ce?s=96&d=mm&r=g\",\"caption\":\"Bruna Greco\"}}]}<\/script>\n<!-- \/ Yoast SEO plugin. -->","yoast_head_json":{"title":"Manaus planeja maior edi\u00e7\u00e3o do #SouManaus","description":"Manaus planeja maior edi\u00e7\u00e3o do #SouManaus e fortalece estrat\u00e9gia para consolidar a cidade entre os grandes destinos tur\u00edsticos.","robots":{"index":"index","follow":"follow","max-snippet":"max-snippet:-1","max-image-preview":"max-image-preview:large","max-video-preview":"max-video-preview:-1"},"canonical":"https:\/\/www.manaus.am.gov.br\/semcom\/planejamento-edicao-soumanaus-2026\/","og_locale":"pt_BR","og_type":"article","og_title":"Manaus planeja maior edi\u00e7\u00e3o do #SouManaus","og_description":"Manaus planeja maior edi\u00e7\u00e3o do #SouManaus e fortalece estrat\u00e9gia para consolidar a cidade entre os grandes destinos tur\u00edsticos.","og_url":"https:\/\/www.manaus.am.gov.br\/semcom\/planejamento-edicao-soumanaus-2026\/","og_site_name":"SEMCOM","article_published_time":"2026-03-13T19:44:41+00:00","article_modified_time":"2026-03-13T19:49:51+00:00","og_image":[{"width":1600,"height":1066,"url":"https:\/\/www.manaus.am.gov.br\/semcom\/wp-content\/uploads\/sites\/5\/2026\/03\/Reuniao-1.jpeg","type":"image\/jpeg"}],"author":"Bruna Greco","twitter_card":"summary_large_image","twitter_misc":{"Written by":"Bruna Greco","Est. reading time":"7 minutos"},"schema":{"@context":"https:\/\/schema.org","@graph":[{"@type":"WebPage","@id":"https:\/\/www.manaus.am.gov.br\/semcom\/planejamento-edicao-soumanaus-2026\/","url":"https:\/\/www.manaus.am.gov.br\/semcom\/planejamento-edicao-soumanaus-2026\/","name":"Manaus planeja maior edi\u00e7\u00e3o do #SouManaus","isPartOf":{"@id":"https:\/\/www.manaus.am.gov.br\/semcom\/#website"},"primaryImageOfPage":{"@id":"https:\/\/www.manaus.am.gov.br\/semcom\/planejamento-edicao-soumanaus-2026\/#primaryimage"},"image":{"@id":"https:\/\/www.manaus.am.gov.br\/semcom\/planejamento-edicao-soumanaus-2026\/#primaryimage"},"thumbnailUrl":"https:\/\/www.manaus.am.gov.br\/semcom\/wp-content\/uploads\/sites\/5\/2026\/03\/Reuniao-1.jpeg","datePublished":"2026-03-13T19:44:41+00:00","dateModified":"2026-03-13T19:49:51+00:00","author":{"@id":"https:\/\/www.manaus.am.gov.br\/semcom\/#\/schema\/person\/05d223aea2bf115f9883a6ff3683d81b"},"description":"Manaus planeja maior edi\u00e7\u00e3o do #SouManaus e fortalece estrat\u00e9gia para consolidar a cidade entre os grandes destinos tur\u00edsticos.","inLanguage":"pt-BR","potentialAction":[{"@type":"ReadAction","target":["https:\/\/www.manaus.am.gov.br\/semcom\/planejamento-edicao-soumanaus-2026\/"]}]},{"@type":"ImageObject","inLanguage":"pt-BR","@id":"https:\/\/www.manaus.am.gov.br\/semcom\/planejamento-edicao-soumanaus-2026\/#primaryimage","url":"https:\/\/www.manaus.am.gov.br\/semcom\/wp-content\/uploads\/sites\/5\/2026\/03\/Reuniao-1.jpeg","contentUrl":"https:\/\/www.manaus.am.gov.br\/semcom\/wp-content\/uploads\/sites\/5\/2026\/03\/Reuniao-1.jpeg","width":1600,"height":1066,"caption":"#paratodosverem - Prefeito de Manaus, David Almeida, acompanhado do diretor-presidente da ManausCult, Jender Lobato, durante reuni\u00e3o de planejamento para edi\u00e7\u00e3o 2026 do \"#SouManaus\""},{"@type":"WebSite","@id":"https:\/\/www.manaus.am.gov.br\/semcom\/#website","url":"https:\/\/www.manaus.am.gov.br\/semcom\/","name":"SEMCOM","description":"Secretaria Municipal de Comunica\u00e7\u00e3o","potentialAction":[{"@type":"SearchAction","target":{"@type":"EntryPoint","urlTemplate":"https:\/\/www.manaus.am.gov.br\/semcom\/?s={search_term_string}"},"query-input":"required name=search_term_string"}],"inLanguage":"pt-BR"},{"@type":"Person","@id":"https:\/\/www.manaus.am.gov.br\/semcom\/#\/schema\/person\/05d223aea2bf115f9883a6ff3683d81b","name":"Bruna Greco","image":{"@type":"ImageObject","inLanguage":"pt-BR","@id":"https:\/\/www.manaus.am.gov.br\/semcom\/#\/schema\/person\/image\/","url":"https:\/\/secure.gravatar.com\/avatar\/9c877d1a6adc2a055330e5c09a8653ce?s=96&d=mm&r=g","contentUrl":"https:\/\/secure.gravatar.com\/avatar\/9c877d1a6adc2a055330e5c09a8653ce?s=96&d=mm&r=g","caption":"Bruna Greco"}}]}},"_links":{"self":[{"href":"https:\/\/www.manaus.am.gov.br\/semcom\/wp-json\/wp\/v2\/posts\/254648"}],"collection":[{"href":"https:\/\/www.manaus.am.gov.br\/semcom\/wp-json\/wp\/v2\/posts"}],"about":[{"href":"https:\/\/www.manaus.am.gov.br\/semcom\/wp-json\/wp\/v2\/types\/post"}],"author":[{"embeddable":true,"href":"https:\/\/www.manaus.am.gov.br\/semcom\/wp-json\/wp\/v2\/users\/39"}],"replies":[{"embeddable":true,"href":"https:\/\/www.manaus.am.gov.br\/semcom\/wp-json\/wp\/v2\/comments?post=254648"}],"version-history":[{"count":3,"href":"https:\/\/www.manaus.am.gov.br\/semcom\/wp-json\/wp\/v2\/posts\/254648\/revisions"}],"predecessor-version":[{"id":254659,"href":"https:\/\/www.manaus.am.gov.br\/semcom\/wp-json\/wp\/v2\/posts\/254648\/revisions\/254659"}],"wp:featuredmedia":[{"embeddable":true,"href":"https:\/\/www.manaus.am.gov.br\/semcom\/wp-json\/wp\/v2\/media\/254649"}],"wp:attachment":[{"href":"https:\/\/www.manaus.am.gov.br\/semcom\/wp-json\/wp\/v2\/media?parent=254648"}],"wp:term":[{"taxonomy":"category","embeddable":true,"href":"https:\/\/www.manaus.am.gov.br\/semcom\/wp-json\/wp\/v2\/categories?post=254648"},{"taxonomy":"post_tag","embeddable":true,"href":"https:\/\/www.manaus.am.gov.br\/semcom\/wp-json\/wp\/v2\/tags?post=254648"}],"curies":[{"name":"wp","href":"https:\/\/api.w.org\/{rel}","templated":true}]}}