{"id":254635,"date":"2026-03-13T14:42:13","date_gmt":"2026-03-13T18:42:13","guid":{"rendered":"https:\/\/www.manaus.am.gov.br\/semcom\/sabadao-lilas-combate-cancer-colo-do-utero\/"},"modified":"2026-03-13T15:49:59","modified_gmt":"2026-03-13T18:49:59","slug":"sabadao-lilas-combate-cancer-colo-do-utero","status":"publish","type":"post","link":"https:\/\/www.manaus.am.gov.br\/semcom\/sabadao-lilas-combate-cancer-colo-do-utero\/","title":{"rendered":"\u2018Sabad\u00e3o Lil\u00e1s\u2019 da prefeitura mobiliza popula\u00e7\u00e3o para combate ao c\u00e2ncer do colo do \u00fatero"},"content":{"rendered":"\n<p>Profissionais de sa\u00fade da <a href=\"https:\/\/www.manaus.am.gov.br\/\">Prefeitura de Manaus<\/a> mobilizam a popula\u00e7\u00e3o para o enfrentamento do c\u00e2ncer do colo do \u00fatero no \u201cSabad\u00e3o Lil\u00e1s\u201d, neste dia 14\/3. A programa\u00e7\u00e3o faz parte da campanha \u201cMar\u00e7o Lil\u00e1s\u201d, da <a href=\"https:\/\/www.instagram.com\/semsamanaus\/\">Secretaria Municipal de Sa\u00fade<\/a> (Semsa), e acontece pela manh\u00e3 nas unidades b\u00e1sicas de hor\u00e1rio ampliado e nas Unidades M\u00f3veis de Sa\u00fade da Mulher da rede municipal de Aten\u00e7\u00e3o Prim\u00e1ria.<\/p>\n\n\n\n<p>Durante o \u201cSabad\u00e3o Lil\u00e1s\u201d, as unidades da Semsa v\u00e3o refor\u00e7ar a oferta do exame preventivo do c\u00e2ncer do colo do \u00fatero e da vacina\u00e7\u00e3o contra o papilomav\u00edrus humano (HPV), principal causador da doen\u00e7a. As equipes de sa\u00fade v\u00e3o realizar ainda a\u00e7\u00f5es educativas nas recep\u00e7\u00f5es e salas de espera, salientando a import\u00e2ncia da preven\u00e7\u00e3o e diagn\u00f3stico precoce da doen\u00e7a junto \u00e0s usu\u00e1rias, fam\u00edlias e popula\u00e7\u00e3o em geral.<\/p>\n\n\n\n<p>A secret\u00e1ria municipal de Sa\u00fade, Sh\u00e1dia Fraxe, relata que o c\u00e2ncer do colo do \u00fatero \u00e9 um dos tipos de maior incid\u00eancia entre as mulheres em Manaus, o que evidencia o papel essencial das a\u00e7\u00f5es de sensibiliza\u00e7\u00e3o da popula\u00e7\u00e3o e de preven\u00e7\u00e3o e rastreio da doen\u00e7a.<\/p>\n\n\n\n<p>\u201cNeste \u2018Mar\u00e7o Lil\u00e1s\u2019, queremos principalmente chamar a aten\u00e7\u00e3o das mulheres para que n\u00e3o deixem de fazer o preventivo regularmente. Esse exame simples assegura que elas estejam livres ou possam tratar a doen\u00e7a nas fases iniciais, quando as chances de cura chegam a 100%\u201d, assinala a secret\u00e1ria.<\/p>\n\n\n\n<p>Sh\u00e1dia informa que o procedimento \u00e9 indicado para todas as pessoas com \u00fatero de 25 a 64 anos de idade, de forma priorit\u00e1ria. \u201cElas devem realizar a cada tr\u00eas anos, ap\u00f3s dois exames anuais consecutivos sem indica\u00e7\u00e3o de altera\u00e7\u00f5es\u201d, explica.<\/p>\n\n\n\n<p>A secret\u00e1ria destaca ainda a vacina\u00e7\u00e3o contra o HPV como uma das medidas mais eficazes para a preven\u00e7\u00e3o do c\u00e2ncer do colo uterino. O imunizante est\u00e1 sendo ofertado nas unidades b\u00e1sicas para meninos e meninas de 9 a 14 anos, p\u00fablico-alvo da estrat\u00e9gia, e tamb\u00e9m para adolescentes de 15 a 19 anos que nunca receberam qualquer dose.<\/p>\n\n\n\n<p>Conforme Sh\u00e1dia, a vacina HPV quadrivalente, incorporada no Sistema \u00danico de Sa\u00fade (SUS) em 2014, previne infec\u00e7\u00e3o pelos tipos mais perigosos do v\u00edrus, reduzindo em muito o risco dos jovens virem a desenvolver c\u00e2ncer do colo do \u00fatero, bem como tumores de boca, garganta, p\u00eanis e \u00e2nus.<\/p>\n\n\n\n<p>\u201cCom essa estrat\u00e9gia, esperamos que o risco de desenvolver ou morrer pelo c\u00e2ncer&nbsp;do colo do \u00fatero&nbsp;seja uma preocupa\u00e7\u00e3o menor para atuais e novas gera\u00e7\u00f5es de mulheres. Por isso, m\u00e3es e pais, levem seus filhos para se vacinar, e garantam para eles um futuro com mais sa\u00fade\u201d, recomenda a titular da Semsa.<\/p>\n\n\n\n<p>Manaus tem uma estimativa de 430 casos anuais para o tri\u00eanio de 2026 a 2028, segundo o Instituto Nacional do C\u00e2ncer (Inca).&nbsp;<\/p>\n\n\n\n<p><strong>Programa\u00e7\u00e3o<\/strong><\/p>\n\n\n\n<p>O \u201cSabad\u00e3o Lil\u00e1s\u201d ocorre das 8h \u00e0s 12h, em oito Unidades de Sa\u00fade da Fam\u00edlia (USFs) de hor\u00e1rio ampliado&nbsp;da Semsa: USF Major PM S\u00e1lvio Belota e USF Balbina Mestrinho, na zona Norte; USF Alfredo Campos, USF Maria Leonor Brilhante e USF Amazonas Palhano, zona Leste; USF Deodato de Miranda Le\u00e3o, zona Oeste; e USF Dr. Jos\u00e9 Rayol dos Santos e USF Rosa Pereira de Almeida, zona Sul.<\/p>\n\n\n\n<p>As usu\u00e1rias das zonas Norte e Oeste ter\u00e3o acesso \u00e0s a\u00e7\u00f5es de educa\u00e7\u00e3o em sa\u00fade e \u00e0 oferta de servi\u00e7os de preven\u00e7\u00e3o e rastreio das 7h \u00e0s 18h, respectivamente na Unidade de Sa\u00fade da Fam\u00edlia (USF) Carmen Nicolau e na USF Leonor de Freitas.<\/p>\n\n\n\n<p>As Unidades M\u00f3veis de Sa\u00fade da Mulher ter\u00e3o funcionamento das 7h \u00e0s 12h, em seus endere\u00e7os atuais nas zonas Norte, Leste, Oeste e Sul.<\/p>\n\n\n\n<figure class=\"wp-block-image size-large\"><img loading=\"lazy\" decoding=\"async\" width=\"1024\" height=\"683\" src=\"https:\/\/www.manaus.am.gov.br\/semcom\/wp-content\/uploads\/sites\/5\/2026\/03\/SEMSA-MANAUS-Sabadao-Lilas-5-1024x683.jpg\" alt=\"\" class=\"wp-image-254638\" srcset=\"https:\/\/www.manaus.am.gov.br\/semcom\/wp-content\/uploads\/sites\/5\/2026\/03\/SEMSA-MANAUS-Sabadao-Lilas-5-1024x683.jpg 1024w, https:\/\/www.manaus.am.gov.br\/semcom\/wp-content\/uploads\/sites\/5\/2026\/03\/SEMSA-MANAUS-Sabadao-Lilas-5-300x200.jpg 300w, https:\/\/www.manaus.am.gov.br\/semcom\/wp-content\/uploads\/sites\/5\/2026\/03\/SEMSA-MANAUS-Sabadao-Lilas-5-768x512.jpg 768w, https:\/\/www.manaus.am.gov.br\/semcom\/wp-content\/uploads\/sites\/5\/2026\/03\/SEMSA-MANAUS-Sabadao-Lilas-5-1536x1024.jpg 1536w, https:\/\/www.manaus.am.gov.br\/semcom\/wp-content\/uploads\/sites\/5\/2026\/03\/SEMSA-MANAUS-Sabadao-Lilas-5.jpg 2048w\" sizes=\"(max-width: 1024px) 100vw, 1024px\" \/><figcaption class=\"wp-element-caption\">#paratodosverem &#8211; Atendimento<\/figcaption><\/figure>\n\n\n\n<p><strong>Sensibiliza\u00e7\u00e3o e combate<\/strong><\/p>\n\n\n\n<p>A Semsa est\u00e1 promovendo a\u00e7\u00f5es de educa\u00e7\u00e3o e promo\u00e7\u00e3o da sa\u00fade, com foco na preven\u00e7\u00e3o e rastreio do c\u00e2ncer do colo do \u00fatero, em todas as unidades da rede b\u00e1sica, ao longo de todo o m\u00eas, como parte do \u201cMar\u00e7o Lil\u00e1s\u201d.<\/p>\n\n\n\n<p>A programa\u00e7\u00e3o nas unidades inclui rodas de conversa e palestras com profissionais de sa\u00fade, para conscientiza\u00e7\u00e3o de usu\u00e1rias e do p\u00fablico em geral sobre a import\u00e2ncia da preven\u00e7\u00e3o, diagn\u00f3stico e tratamento precoce da doen\u00e7a.<\/p>\n\n\n\n<p>As equipes da Semsa tamb\u00e9m est\u00e3o refor\u00e7ando a oferta do preventivo, de forma a ampliar o acesso ao exame para mulheres na faixa et\u00e1ria de rastreio, e da vacina contra o HPV, para meninos e meninas de 9 a 14 anos, e para jovens de 15 a 19 anos n\u00e3o vacinados.<\/p>\n\n\n\n<p>A iniciativa inclui ainda a\u00e7\u00f5es em escolas, grupos de idosos, conselhos locais de sa\u00fade, comunidades quilombolas, grupos LBGTQIA+, entre outros, em conjunto com equipes do Programa Sa\u00fade na Escola (PSE) e das \u00e1reas de Aten\u00e7\u00e3o \u00e0 Sa\u00fade do Idoso e de Promo\u00e7\u00e3o da Equidade \u00e0s Popula\u00e7\u00f5es Vulner\u00e1veis da secretaria.<\/p>\n\n\n\n<p><strong>Campanha<\/strong><\/p>\n\n\n\n<p>O \u201cMar\u00e7o Lil\u00e1s\u201d foi institu\u00eddo como m\u00eas de preven\u00e7\u00e3o ao c\u00e2ncer do colo do \u00fatero em todo o Amazonas, por meio da Lei Estadual n\u00ba 4.768, de 11 de janeiro de 2019.<\/p>\n\n\n\n<p>A campanha visa sensibilizar usu\u00e1rias e popula\u00e7\u00e3o em geral para a import\u00e2ncia da preven\u00e7\u00e3o e do diagn\u00f3stico precoce do c\u00e2ncer do colo uterino, refor\u00e7ando o papel de medidas preventivas e de rastreio, como a vacina\u00e7\u00e3o de crian\u00e7as e adolescentes contra o HPV e a ades\u00e3o ao exame citopatol\u00f3gico, capaz de identificar a doen\u00e7a em est\u00e1gio pr\u00e9-canceroso, entre mulheres na faixa et\u00e1ria de 25 a 64 anos.<\/p>\n\n\n\n<p><strong>Confira as unidades de sa\u00fade participantes do \u201cSabad\u00e3o Lil\u00e1s\u201d<\/strong><strong>&nbsp;<\/strong><strong>da Semsa<\/strong><\/p>\n\n\n\n<p><strong>Zona Norte<\/strong><\/p>\n\n\n\n<p><strong>USF Balbina Mestrinho \u2013 8h \u00e0s 12h<\/strong><\/p>\n\n\n\n<p>Rua Major Silv\u00e9rio Nery, n\u00ba 170, Cidade Nova<\/p>\n\n\n\n<p><strong>USF Major PM S\u00e1lvio Belota \u2013 8h \u00e0s 12h<\/strong><\/p>\n\n\n\n<p>Rua Samambaia, n\u00ba 786, Santa Etelvina<\/p>\n\n\n\n<p><strong>USF Carmen Nicolau \u2013 7h \u00e0s 18h<\/strong><\/p>\n\n\n\n<p>Rua Santa Tereza D\u2019\u00c1vila, s\/n\u00ba, Lago Azul<\/p>\n\n\n\n<p><strong>Unidade M\u00f3vel de Sa\u00fade da Mulher \u2013 7h \u00e0s 12h<\/strong><\/p>\n\n\n\n<p>Rua Nossa Senhora de Aparecida, n\u00ba 887, Cidade de Deus, pr\u00f3ximo \u00e0 escola municipal S\u00e3o Benedito<\/p>\n\n\n\n<p><strong>Zona Leste<\/strong><\/p>\n\n\n\n<p><strong>USF Alfredo Campos \u2013 8h \u00e0s 12h<\/strong><\/p>\n\n\n\n<p>Avenida Cosme Ferreira, s\/n\u00ba, Zumbi dos Palmares<\/p>\n\n\n\n<p><strong>USF Maria Leonor Brilhante \u2013 8h \u00e0s 12h<\/strong><\/p>\n\n\n\n<p>Avenida Autaz Mirim, s\/n\u00ba, Tancredo Neves<\/p>\n\n\n\n<p><strong>USF Amazonas Palhano \u2013 8h \u00e0s 12h<\/strong><\/p>\n\n\n\n<p>Rua Ant\u00f4nio Matias, s\/n\u00ba, S\u00e3o Jos\u00e9 Oper\u00e1rio<\/p>\n\n\n\n<p><strong>Unidade M\u00f3vel de Sa\u00fade da Mulher \u2013 7h \u00e0s 12h<\/strong><\/p>\n\n\n\n<p>Rua Canad\u00e1, n\u00ba 276, comunidade Nova Vit\u00f3ria, Gilberto Mestrinho<\/p>\n\n\n\n<p><strong>Zona Oeste<\/strong><\/p>\n\n\n\n<p><strong>USF Deodato de Miranda Le\u00e3o \u2013 8h \u00e0s 12h<\/strong><\/p>\n\n\n\n<p>Avenida Presidente Dutra, s\/n\u00ba, Gl\u00f3ria<\/p>\n\n\n\n<p><strong>USF Leonor de Freitas \u2013 7h \u00e0s 18h<\/strong><\/p>\n\n\n\n<p>Avenida Brasil, s\/n\u00ba, Compensa<\/p>\n\n\n\n<p><strong>Unidade M\u00f3vel de Sa\u00fade da Mulher \u2013 7h \u00e0s 12h<\/strong><\/p>\n\n\n\n<p>Rua das Cacimbas, s\/n\u00ba, S\u00e3o Raimundo<\/p>\n\n\n\n<p><strong>Zona Sul<\/strong><\/p>\n\n\n\n<p><strong>USF Dr. Jos\u00e9 Rayol dos Santos \u2013 8h \u00e0s 12h<\/strong><\/p>\n\n\n\n<p>Avenida Constantino Nery, s\/n\u00ba, Flores<\/p>\n\n\n\n<p><strong>USF Rosa Pereira de Almeida \u2013 8h \u00e0s 12h<\/strong><\/p>\n\n\n\n<p>Rua Dona Mimi, s\/n\u00ba, Morro da Liberdade<\/p>\n\n\n\n<p><strong>Unidade M\u00f3vel de Sa\u00fade da Mulher \u2013 7h \u00e0s 12h<\/strong><\/p>\n\n\n\n<p>Studio 5 Shopping e Centro de Conven\u00e7\u00f5es, avenida Rodrigo Ot\u00e1vio, n\u00ba 3.555, Distrito Industrial<\/p>\n\n\n\n<figure class=\"wp-block-image size-large\"><img loading=\"lazy\" decoding=\"async\" width=\"1024\" height=\"683\" src=\"https:\/\/www.manaus.am.gov.br\/semcom\/wp-content\/uploads\/sites\/5\/2026\/03\/SEMSA-MANAUS-Sabadao-Lilas-6-1024x683.jpg\" alt=\"\" class=\"wp-image-254637\" srcset=\"https:\/\/www.manaus.am.gov.br\/semcom\/wp-content\/uploads\/sites\/5\/2026\/03\/SEMSA-MANAUS-Sabadao-Lilas-6-1024x683.jpg 1024w, https:\/\/www.manaus.am.gov.br\/semcom\/wp-content\/uploads\/sites\/5\/2026\/03\/SEMSA-MANAUS-Sabadao-Lilas-6-300x200.jpg 300w, https:\/\/www.manaus.am.gov.br\/semcom\/wp-content\/uploads\/sites\/5\/2026\/03\/SEMSA-MANAUS-Sabadao-Lilas-6-768x512.jpg 768w, https:\/\/www.manaus.am.gov.br\/semcom\/wp-content\/uploads\/sites\/5\/2026\/03\/SEMSA-MANAUS-Sabadao-Lilas-6-1536x1024.jpg 1536w, https:\/\/www.manaus.am.gov.br\/semcom\/wp-content\/uploads\/sites\/5\/2026\/03\/SEMSA-MANAUS-Sabadao-Lilas-6-2048x1365.jpg 2048w\" sizes=\"(max-width: 1024px) 100vw, 1024px\" \/><figcaption class=\"wp-element-caption\">#paratodosverem &#8211; A\u00e7\u00e3o em espa\u00e7os ind\u00edgenas<\/figcaption><\/figure>\n\n\n\n<p>&#8212; &#8212; &#8212;&nbsp;<\/p>\n\n\n\n<p><strong>Texto &#8211;&nbsp;<\/strong>Jony Clay Borges\/Semsa<\/p>\n\n\n\n<p><strong>Fotos &#8211;&nbsp;<\/strong>Divulga\u00e7\u00e3o\/Semsa<\/p>\n","protected":false},"excerpt":{"rendered":"","protected":false},"author":39,"featured_media":254636,"comment_status":"closed","ping_status":"closed","sticky":false,"template":"","format":"standard","meta":{"footnotes":""},"categories":[272],"tags":[1675,19751,77,13819,162],"acf":[],"yoast_head":"<!-- This site is optimized with the Yoast SEO plugin v23.0 - https:\/\/yoast.com\/wordpress\/plugins\/seo\/ -->\n<title>\u2018Sabad\u00e3o Lil\u00e1s\u2019 em combate ao c\u00e2ncer do colo do \u00fatero<\/title>\n<meta name=\"description\" content=\"\u2018Sabad\u00e3o Lil\u00e1s\u2019 da Prefeitura de Manaus, por meio da Semsa, mobiliza popula\u00e7\u00e3o para combate ao c\u00e2ncer do colo do \u00fatero.\" \/>\n<meta name=\"robots\" content=\"index, follow, max-snippet:-1, max-image-preview:large, max-video-preview:-1\" \/>\n<link rel=\"canonical\" href=\"https:\/\/www.manaus.am.gov.br\/semcom\/sabadao-lilas-combate-cancer-colo-do-utero\/\" \/>\n<meta property=\"og:locale\" content=\"pt_BR\" \/>\n<meta property=\"og:type\" content=\"article\" \/>\n<meta property=\"og:title\" content=\"\u2018Sabad\u00e3o Lil\u00e1s\u2019 em combate ao c\u00e2ncer do colo do \u00fatero\" \/>\n<meta property=\"og:description\" content=\"\u2018Sabad\u00e3o Lil\u00e1s\u2019 da Prefeitura de Manaus, por meio da Semsa, mobiliza popula\u00e7\u00e3o para combate ao c\u00e2ncer do colo do \u00fatero.\" \/>\n<meta property=\"og:url\" content=\"https:\/\/www.manaus.am.gov.br\/semcom\/sabadao-lilas-combate-cancer-colo-do-utero\/\" \/>\n<meta property=\"og:site_name\" content=\"SEMCOM\" \/>\n<meta property=\"article:published_time\" content=\"2026-03-13T18:42:13+00:00\" \/>\n<meta property=\"article:modified_time\" content=\"2026-03-13T18:49:59+00:00\" \/>\n<meta property=\"og:image\" content=\"https:\/\/www.manaus.am.gov.br\/semcom\/wp-content\/uploads\/sites\/5\/2026\/03\/SEMSA-MANAUS-Sabadao-Lilas-2.jpeg\" \/>\n\t<meta property=\"og:image:width\" content=\"3960\" \/>\n\t<meta property=\"og:image:height\" content=\"2227\" \/>\n\t<meta property=\"og:image:type\" content=\"image\/jpeg\" \/>\n<meta name=\"author\" content=\"Bruna Greco\" \/>\n<meta name=\"twitter:card\" content=\"summary_large_image\" \/>\n<meta name=\"twitter:label1\" content=\"Written by\" \/>\n\t<meta name=\"twitter:data1\" content=\"Bruna Greco\" \/>\n\t<meta name=\"twitter:label2\" content=\"Est. reading time\" \/>\n\t<meta name=\"twitter:data2\" content=\"7 minutos\" \/>\n<script type=\"application\/ld+json\" class=\"yoast-schema-graph\">{\"@context\":\"https:\/\/schema.org\",\"@graph\":[{\"@type\":\"WebPage\",\"@id\":\"https:\/\/www.manaus.am.gov.br\/semcom\/sabadao-lilas-combate-cancer-colo-do-utero\/\",\"url\":\"https:\/\/www.manaus.am.gov.br\/semcom\/sabadao-lilas-combate-cancer-colo-do-utero\/\",\"name\":\"\u2018Sabad\u00e3o Lil\u00e1s\u2019 em combate ao c\u00e2ncer do colo do \u00fatero\",\"isPartOf\":{\"@id\":\"https:\/\/www.manaus.am.gov.br\/semcom\/#website\"},\"primaryImageOfPage\":{\"@id\":\"https:\/\/www.manaus.am.gov.br\/semcom\/sabadao-lilas-combate-cancer-colo-do-utero\/#primaryimage\"},\"image\":{\"@id\":\"https:\/\/www.manaus.am.gov.br\/semcom\/sabadao-lilas-combate-cancer-colo-do-utero\/#primaryimage\"},\"thumbnailUrl\":\"https:\/\/www.manaus.am.gov.br\/semcom\/wp-content\/uploads\/sites\/5\/2026\/03\/SEMSA-MANAUS-Sabadao-Lilas-2.jpeg\",\"datePublished\":\"2026-03-13T18:42:13+00:00\",\"dateModified\":\"2026-03-13T18:49:59+00:00\",\"author\":{\"@id\":\"https:\/\/www.manaus.am.gov.br\/semcom\/#\/schema\/person\/05d223aea2bf115f9883a6ff3683d81b\"},\"description\":\"\u2018Sabad\u00e3o Lil\u00e1s\u2019 da Prefeitura de Manaus, por meio da Semsa, mobiliza popula\u00e7\u00e3o para combate ao c\u00e2ncer do colo do \u00fatero.\",\"inLanguage\":\"pt-BR\",\"potentialAction\":[{\"@type\":\"ReadAction\",\"target\":[\"https:\/\/www.manaus.am.gov.br\/semcom\/sabadao-lilas-combate-cancer-colo-do-utero\/\"]}]},{\"@type\":\"ImageObject\",\"inLanguage\":\"pt-BR\",\"@id\":\"https:\/\/www.manaus.am.gov.br\/semcom\/sabadao-lilas-combate-cancer-colo-do-utero\/#primaryimage\",\"url\":\"https:\/\/www.manaus.am.gov.br\/semcom\/wp-content\/uploads\/sites\/5\/2026\/03\/SEMSA-MANAUS-Sabadao-Lilas-2.jpeg\",\"contentUrl\":\"https:\/\/www.manaus.am.gov.br\/semcom\/wp-content\/uploads\/sites\/5\/2026\/03\/SEMSA-MANAUS-Sabadao-Lilas-2.jpeg\",\"width\":3960,\"height\":2227,\"caption\":\"#paratodosverem - Usu\u00e1rios de unidade de sa\u00fade da Semsa participando de palestra como parte das a\u00e7\u00f5es da campanha \\\"Mar\u00e7o L\u00edlas\\\"\"},{\"@type\":\"WebSite\",\"@id\":\"https:\/\/www.manaus.am.gov.br\/semcom\/#website\",\"url\":\"https:\/\/www.manaus.am.gov.br\/semcom\/\",\"name\":\"SEMCOM\",\"description\":\"Secretaria Municipal de Comunica\u00e7\u00e3o\",\"potentialAction\":[{\"@type\":\"SearchAction\",\"target\":{\"@type\":\"EntryPoint\",\"urlTemplate\":\"https:\/\/www.manaus.am.gov.br\/semcom\/?s={search_term_string}\"},\"query-input\":\"required name=search_term_string\"}],\"inLanguage\":\"pt-BR\"},{\"@type\":\"Person\",\"@id\":\"https:\/\/www.manaus.am.gov.br\/semcom\/#\/schema\/person\/05d223aea2bf115f9883a6ff3683d81b\",\"name\":\"Bruna Greco\",\"image\":{\"@type\":\"ImageObject\",\"inLanguage\":\"pt-BR\",\"@id\":\"https:\/\/www.manaus.am.gov.br\/semcom\/#\/schema\/person\/image\/\",\"url\":\"https:\/\/secure.gravatar.com\/avatar\/9c877d1a6adc2a055330e5c09a8653ce?s=96&d=mm&r=g\",\"contentUrl\":\"https:\/\/secure.gravatar.com\/avatar\/9c877d1a6adc2a055330e5c09a8653ce?s=96&d=mm&r=g\",\"caption\":\"Bruna Greco\"}}]}<\/script>\n<!-- \/ Yoast SEO plugin. -->","yoast_head_json":{"title":"\u2018Sabad\u00e3o Lil\u00e1s\u2019 em combate ao c\u00e2ncer do colo do \u00fatero","description":"\u2018Sabad\u00e3o Lil\u00e1s\u2019 da Prefeitura de Manaus, por meio da Semsa, mobiliza popula\u00e7\u00e3o para combate ao c\u00e2ncer do colo do \u00fatero.","robots":{"index":"index","follow":"follow","max-snippet":"max-snippet:-1","max-image-preview":"max-image-preview:large","max-video-preview":"max-video-preview:-1"},"canonical":"https:\/\/www.manaus.am.gov.br\/semcom\/sabadao-lilas-combate-cancer-colo-do-utero\/","og_locale":"pt_BR","og_type":"article","og_title":"\u2018Sabad\u00e3o Lil\u00e1s\u2019 em combate ao c\u00e2ncer do colo do \u00fatero","og_description":"\u2018Sabad\u00e3o Lil\u00e1s\u2019 da Prefeitura de Manaus, por meio da Semsa, mobiliza popula\u00e7\u00e3o para combate ao c\u00e2ncer do colo do \u00fatero.","og_url":"https:\/\/www.manaus.am.gov.br\/semcom\/sabadao-lilas-combate-cancer-colo-do-utero\/","og_site_name":"SEMCOM","article_published_time":"2026-03-13T18:42:13+00:00","article_modified_time":"2026-03-13T18:49:59+00:00","og_image":[{"width":3960,"height":2227,"url":"https:\/\/www.manaus.am.gov.br\/semcom\/wp-content\/uploads\/sites\/5\/2026\/03\/SEMSA-MANAUS-Sabadao-Lilas-2.jpeg","type":"image\/jpeg"}],"author":"Bruna Greco","twitter_card":"summary_large_image","twitter_misc":{"Written by":"Bruna Greco","Est. reading time":"7 minutos"},"schema":{"@context":"https:\/\/schema.org","@graph":[{"@type":"WebPage","@id":"https:\/\/www.manaus.am.gov.br\/semcom\/sabadao-lilas-combate-cancer-colo-do-utero\/","url":"https:\/\/www.manaus.am.gov.br\/semcom\/sabadao-lilas-combate-cancer-colo-do-utero\/","name":"\u2018Sabad\u00e3o Lil\u00e1s\u2019 em combate ao c\u00e2ncer do colo do \u00fatero","isPartOf":{"@id":"https:\/\/www.manaus.am.gov.br\/semcom\/#website"},"primaryImageOfPage":{"@id":"https:\/\/www.manaus.am.gov.br\/semcom\/sabadao-lilas-combate-cancer-colo-do-utero\/#primaryimage"},"image":{"@id":"https:\/\/www.manaus.am.gov.br\/semcom\/sabadao-lilas-combate-cancer-colo-do-utero\/#primaryimage"},"thumbnailUrl":"https:\/\/www.manaus.am.gov.br\/semcom\/wp-content\/uploads\/sites\/5\/2026\/03\/SEMSA-MANAUS-Sabadao-Lilas-2.jpeg","datePublished":"2026-03-13T18:42:13+00:00","dateModified":"2026-03-13T18:49:59+00:00","author":{"@id":"https:\/\/www.manaus.am.gov.br\/semcom\/#\/schema\/person\/05d223aea2bf115f9883a6ff3683d81b"},"description":"\u2018Sabad\u00e3o Lil\u00e1s\u2019 da Prefeitura de Manaus, por meio da Semsa, mobiliza popula\u00e7\u00e3o para combate ao c\u00e2ncer do colo do \u00fatero.","inLanguage":"pt-BR","potentialAction":[{"@type":"ReadAction","target":["https:\/\/www.manaus.am.gov.br\/semcom\/sabadao-lilas-combate-cancer-colo-do-utero\/"]}]},{"@type":"ImageObject","inLanguage":"pt-BR","@id":"https:\/\/www.manaus.am.gov.br\/semcom\/sabadao-lilas-combate-cancer-colo-do-utero\/#primaryimage","url":"https:\/\/www.manaus.am.gov.br\/semcom\/wp-content\/uploads\/sites\/5\/2026\/03\/SEMSA-MANAUS-Sabadao-Lilas-2.jpeg","contentUrl":"https:\/\/www.manaus.am.gov.br\/semcom\/wp-content\/uploads\/sites\/5\/2026\/03\/SEMSA-MANAUS-Sabadao-Lilas-2.jpeg","width":3960,"height":2227,"caption":"#paratodosverem - Usu\u00e1rios de unidade de sa\u00fade da Semsa participando de palestra como parte das a\u00e7\u00f5es da campanha \"Mar\u00e7o L\u00edlas\""},{"@type":"WebSite","@id":"https:\/\/www.manaus.am.gov.br\/semcom\/#website","url":"https:\/\/www.manaus.am.gov.br\/semcom\/","name":"SEMCOM","description":"Secretaria Municipal de Comunica\u00e7\u00e3o","potentialAction":[{"@type":"SearchAction","target":{"@type":"EntryPoint","urlTemplate":"https:\/\/www.manaus.am.gov.br\/semcom\/?s={search_term_string}"},"query-input":"required name=search_term_string"}],"inLanguage":"pt-BR"},{"@type":"Person","@id":"https:\/\/www.manaus.am.gov.br\/semcom\/#\/schema\/person\/05d223aea2bf115f9883a6ff3683d81b","name":"Bruna Greco","image":{"@type":"ImageObject","inLanguage":"pt-BR","@id":"https:\/\/www.manaus.am.gov.br\/semcom\/#\/schema\/person\/image\/","url":"https:\/\/secure.gravatar.com\/avatar\/9c877d1a6adc2a055330e5c09a8653ce?s=96&d=mm&r=g","contentUrl":"https:\/\/secure.gravatar.com\/avatar\/9c877d1a6adc2a055330e5c09a8653ce?s=96&d=mm&r=g","caption":"Bruna Greco"}}]}},"_links":{"self":[{"href":"https:\/\/www.manaus.am.gov.br\/semcom\/wp-json\/wp\/v2\/posts\/254635"}],"collection":[{"href":"https:\/\/www.manaus.am.gov.br\/semcom\/wp-json\/wp\/v2\/posts"}],"about":[{"href":"https:\/\/www.manaus.am.gov.br\/semcom\/wp-json\/wp\/v2\/types\/post"}],"author":[{"embeddable":true,"href":"https:\/\/www.manaus.am.gov.br\/semcom\/wp-json\/wp\/v2\/users\/39"}],"replies":[{"embeddable":true,"href":"https:\/\/www.manaus.am.gov.br\/semcom\/wp-json\/wp\/v2\/comments?post=254635"}],"version-history":[{"count":3,"href":"https:\/\/www.manaus.am.gov.br\/semcom\/wp-json\/wp\/v2\/posts\/254635\/revisions"}],"predecessor-version":[{"id":254641,"href":"https:\/\/www.manaus.am.gov.br\/semcom\/wp-json\/wp\/v2\/posts\/254635\/revisions\/254641"}],"wp:featuredmedia":[{"embeddable":true,"href":"https:\/\/www.manaus.am.gov.br\/semcom\/wp-json\/wp\/v2\/media\/254636"}],"wp:attachment":[{"href":"https:\/\/www.manaus.am.gov.br\/semcom\/wp-json\/wp\/v2\/media?parent=254635"}],"wp:term":[{"taxonomy":"category","embeddable":true,"href":"https:\/\/www.manaus.am.gov.br\/semcom\/wp-json\/wp\/v2\/categories?post=254635"},{"taxonomy":"post_tag","embeddable":true,"href":"https:\/\/www.manaus.am.gov.br\/semcom\/wp-json\/wp\/v2\/tags?post=254635"}],"curies":[{"name":"wp","href":"https:\/\/api.w.org\/{rel}","templated":true}]}}