{"id":254604,"date":"2026-03-13T12:15:38","date_gmt":"2026-03-13T16:15:38","guid":{"rendered":"https:\/\/www.manaus.am.gov.br\/semcom\/selecionados-oficina-de-ovos-artesanais\/"},"modified":"2026-03-13T13:50:24","modified_gmt":"2026-03-13T16:50:24","slug":"selecionados-oficina-de-ovos-artesanais","status":"publish","type":"post","link":"https:\/\/www.manaus.am.gov.br\/semcom\/selecionados-oficina-de-ovos-artesanais\/","title":{"rendered":"Prefeitura de Manaus divulga lista de selecionados para \u2018Oficina de Ovos Artesanais\u2019"},"content":{"rendered":"\n<p>A <a href=\"https:\/\/www.manaus.am.gov.br\/\">Prefeitura de Manaus<\/a>, por meio da <a href=\"https:\/\/www.instagram.com\/semtepimanaus\/\">Secretaria Municipal do Trabalho, Empreendedorismo e Inova\u00e7\u00e3o<\/a> (Semtepi), divulgou, nesta sexta-feira, 13\/3, a lista de selecionados para participar da \u201cOficina de Ovos Artesanais\u201d, que acontece de 17 a 20\/3, das 9h \u00e0s 12h, no Centro de Refer\u00eancia de Assist\u00eancia Social (Cras) do bairro S\u00e3o Jos\u00e9 Oper\u00e1rio 4, localizado na rua Barreirinha, zona Leste da cidade. Realizada em parceria com a Aret\u00ea Del\u00edcias Regionais, a oficina oferecer\u00e1 35 vagas e tem como objetivo capacitar os participantes com t\u00e9cnicas profissionais para a produ\u00e7\u00e3o de ovos de P\u00e1scoa artesanais.<\/p>\n\n\n\n<p>Durante as aulas, os alunos aprender\u00e3o desde o preparo do chocolate at\u00e9 o recheio, acabamento, embalagem, montagem de cestas tem\u00e1ticas e a divulga\u00e7\u00e3o dos produtos no instagram.<\/p>\n\n\n\n<p>O secret\u00e1rio da Semtepi, Alonso Oliveira, destacou que a iniciativa busca incentivar o empreendedorismo e ampliar as oportunidades de gera\u00e7\u00e3o de renda. \u201cEssa oficina \u00e9 uma oportunidade para que os participantes desenvolvam novas habilidades e possam transformar o conhecimento adquirido em fonte de renda, principalmente com a proximidade da P\u00e1scoa, quando aumenta a procura por produtos artesanais\u201d, afirmou o secret\u00e1rio.<\/p>\n\n\n\n<p>A oficina \u00e9 voltada para pessoas interessadas em iniciar um neg\u00f3cio na \u00e1rea de confeitaria, mulheres que buscam renda extra, jovens em busca do primeiro empreendimento, pessoas desempregadas e empreendedores informais que desejam se profissionalizar.<\/p>\n\n\n\n<p><strong><a href=\"https:\/\/www.manaus.am.gov.br\/semcom\/wp-content\/uploads\/sites\/5\/2026\/03\/Lista-de-Selecionados-17-a-20-1.pdf\" target=\"_blank\" rel=\"noreferrer noopener\">Confira a lista de selecionados<\/a><\/strong><\/p>\n\n\n\n<p><strong>&#8212; &#8212; &#8212;<\/strong><\/p>\n\n\n\n<p><strong>Texto \u2013&nbsp;<\/strong>Fabiane Monteiro\/Semtepi<\/p>\n\n\n\n<p><strong>Foto \u2013 <\/strong>Divulga\u00e7\u00e3o\/Semtepi<\/p>\n","protected":false},"excerpt":{"rendered":"","protected":false},"author":39,"featured_media":254605,"comment_status":"closed","ping_status":"closed","sticky":false,"template":"","format":"standard","meta":{"footnotes":""},"categories":[40],"tags":[190,1488,19746,77,22],"acf":[],"yoast_head":"<!-- This site is optimized with the Yoast SEO plugin v23.0 - https:\/\/yoast.com\/wordpress\/plugins\/seo\/ -->\n<title>Lista de selecionados para \u2018Oficina de Ovos Artesanais\u2019<\/title>\n<meta name=\"description\" content=\"Prefeitura de Manaus, por meio da Semtepi, divulga lista de selecionados para \u2018Oficina de Ovos Artesanais\u2019.\" \/>\n<meta name=\"robots\" content=\"index, follow, max-snippet:-1, max-image-preview:large, max-video-preview:-1\" \/>\n<link rel=\"canonical\" href=\"https:\/\/www.manaus.am.gov.br\/semcom\/selecionados-oficina-de-ovos-artesanais\/\" \/>\n<meta property=\"og:locale\" content=\"pt_BR\" \/>\n<meta property=\"og:type\" content=\"article\" \/>\n<meta property=\"og:title\" content=\"Lista de selecionados para \u2018Oficina de Ovos Artesanais\u2019\" \/>\n<meta property=\"og:description\" content=\"Prefeitura de Manaus, por meio da Semtepi, divulga lista de selecionados para \u2018Oficina de Ovos Artesanais\u2019.\" \/>\n<meta property=\"og:url\" content=\"https:\/\/www.manaus.am.gov.br\/semcom\/selecionados-oficina-de-ovos-artesanais\/\" \/>\n<meta property=\"og:site_name\" content=\"SEMCOM\" \/>\n<meta property=\"article:published_time\" content=\"2026-03-13T16:15:38+00:00\" \/>\n<meta property=\"article:modified_time\" content=\"2026-03-13T16:50:24+00:00\" \/>\n<meta property=\"og:image\" content=\"https:\/\/www.manaus.am.gov.br\/semcom\/wp-content\/uploads\/sites\/5\/2026\/03\/CA2_0019-1024x684.jpg\" \/>\n\t<meta property=\"og:image:width\" content=\"1024\" \/>\n\t<meta property=\"og:image:height\" content=\"684\" \/>\n\t<meta property=\"og:image:type\" content=\"image\/jpeg\" \/>\n<meta name=\"author\" content=\"Bruna Greco\" \/>\n<meta name=\"twitter:card\" content=\"summary_large_image\" \/>\n<meta name=\"twitter:label1\" content=\"Written by\" \/>\n\t<meta name=\"twitter:data1\" content=\"Bruna Greco\" \/>\n\t<meta name=\"twitter:label2\" content=\"Est. reading time\" \/>\n\t<meta name=\"twitter:data2\" content=\"2 minutos\" \/>\n<script type=\"application\/ld+json\" class=\"yoast-schema-graph\">{\"@context\":\"https:\/\/schema.org\",\"@graph\":[{\"@type\":\"WebPage\",\"@id\":\"https:\/\/www.manaus.am.gov.br\/semcom\/selecionados-oficina-de-ovos-artesanais\/\",\"url\":\"https:\/\/www.manaus.am.gov.br\/semcom\/selecionados-oficina-de-ovos-artesanais\/\",\"name\":\"Lista de selecionados para \u2018Oficina de Ovos Artesanais\u2019\",\"isPartOf\":{\"@id\":\"https:\/\/www.manaus.am.gov.br\/semcom\/#website\"},\"primaryImageOfPage\":{\"@id\":\"https:\/\/www.manaus.am.gov.br\/semcom\/selecionados-oficina-de-ovos-artesanais\/#primaryimage\"},\"image\":{\"@id\":\"https:\/\/www.manaus.am.gov.br\/semcom\/selecionados-oficina-de-ovos-artesanais\/#primaryimage\"},\"thumbnailUrl\":\"https:\/\/www.manaus.am.gov.br\/semcom\/wp-content\/uploads\/sites\/5\/2026\/03\/CA2_0019.jpg\",\"datePublished\":\"2026-03-13T16:15:38+00:00\",\"dateModified\":\"2026-03-13T16:50:24+00:00\",\"author\":{\"@id\":\"https:\/\/www.manaus.am.gov.br\/semcom\/#\/schema\/person\/05d223aea2bf115f9883a6ff3683d81b\"},\"description\":\"Prefeitura de Manaus, por meio da Semtepi, divulga lista de selecionados para \u2018Oficina de Ovos Artesanais\u2019.\",\"inLanguage\":\"pt-BR\",\"potentialAction\":[{\"@type\":\"ReadAction\",\"target\":[\"https:\/\/www.manaus.am.gov.br\/semcom\/selecionados-oficina-de-ovos-artesanais\/\"]}]},{\"@type\":\"ImageObject\",\"inLanguage\":\"pt-BR\",\"@id\":\"https:\/\/www.manaus.am.gov.br\/semcom\/selecionados-oficina-de-ovos-artesanais\/#primaryimage\",\"url\":\"https:\/\/www.manaus.am.gov.br\/semcom\/wp-content\/uploads\/sites\/5\/2026\/03\/CA2_0019.jpg\",\"contentUrl\":\"https:\/\/www.manaus.am.gov.br\/semcom\/wp-content\/uploads\/sites\/5\/2026\/03\/CA2_0019.jpg\",\"width\":2992,\"height\":2000,\"caption\":\"#paratodosverem - Integrante de curso de capacita\u00e7\u00e3o da Semtepi para a produ\u00e7\u00e3o de ovos de p\u00e1scoa\"},{\"@type\":\"WebSite\",\"@id\":\"https:\/\/www.manaus.am.gov.br\/semcom\/#website\",\"url\":\"https:\/\/www.manaus.am.gov.br\/semcom\/\",\"name\":\"SEMCOM\",\"description\":\"Secretaria Municipal de Comunica\u00e7\u00e3o\",\"potentialAction\":[{\"@type\":\"SearchAction\",\"target\":{\"@type\":\"EntryPoint\",\"urlTemplate\":\"https:\/\/www.manaus.am.gov.br\/semcom\/?s={search_term_string}\"},\"query-input\":\"required name=search_term_string\"}],\"inLanguage\":\"pt-BR\"},{\"@type\":\"Person\",\"@id\":\"https:\/\/www.manaus.am.gov.br\/semcom\/#\/schema\/person\/05d223aea2bf115f9883a6ff3683d81b\",\"name\":\"Bruna Greco\",\"image\":{\"@type\":\"ImageObject\",\"inLanguage\":\"pt-BR\",\"@id\":\"https:\/\/www.manaus.am.gov.br\/semcom\/#\/schema\/person\/image\/\",\"url\":\"https:\/\/secure.gravatar.com\/avatar\/9c877d1a6adc2a055330e5c09a8653ce?s=96&d=mm&r=g\",\"contentUrl\":\"https:\/\/secure.gravatar.com\/avatar\/9c877d1a6adc2a055330e5c09a8653ce?s=96&d=mm&r=g\",\"caption\":\"Bruna Greco\"}}]}<\/script>\n<!-- \/ Yoast SEO plugin. -->","yoast_head_json":{"title":"Lista de selecionados para \u2018Oficina de Ovos Artesanais\u2019","description":"Prefeitura de Manaus, por meio da Semtepi, divulga lista de selecionados para \u2018Oficina de Ovos Artesanais\u2019.","robots":{"index":"index","follow":"follow","max-snippet":"max-snippet:-1","max-image-preview":"max-image-preview:large","max-video-preview":"max-video-preview:-1"},"canonical":"https:\/\/www.manaus.am.gov.br\/semcom\/selecionados-oficina-de-ovos-artesanais\/","og_locale":"pt_BR","og_type":"article","og_title":"Lista de selecionados para \u2018Oficina de Ovos Artesanais\u2019","og_description":"Prefeitura de Manaus, por meio da Semtepi, divulga lista de selecionados para \u2018Oficina de Ovos Artesanais\u2019.","og_url":"https:\/\/www.manaus.am.gov.br\/semcom\/selecionados-oficina-de-ovos-artesanais\/","og_site_name":"SEMCOM","article_published_time":"2026-03-13T16:15:38+00:00","article_modified_time":"2026-03-13T16:50:24+00:00","og_image":[{"width":1024,"height":684,"url":"https:\/\/www.manaus.am.gov.br\/semcom\/wp-content\/uploads\/sites\/5\/2026\/03\/CA2_0019-1024x684.jpg","type":"image\/jpeg"}],"author":"Bruna Greco","twitter_card":"summary_large_image","twitter_misc":{"Written by":"Bruna Greco","Est. reading time":"2 minutos"},"schema":{"@context":"https:\/\/schema.org","@graph":[{"@type":"WebPage","@id":"https:\/\/www.manaus.am.gov.br\/semcom\/selecionados-oficina-de-ovos-artesanais\/","url":"https:\/\/www.manaus.am.gov.br\/semcom\/selecionados-oficina-de-ovos-artesanais\/","name":"Lista de selecionados para \u2018Oficina de Ovos Artesanais\u2019","isPartOf":{"@id":"https:\/\/www.manaus.am.gov.br\/semcom\/#website"},"primaryImageOfPage":{"@id":"https:\/\/www.manaus.am.gov.br\/semcom\/selecionados-oficina-de-ovos-artesanais\/#primaryimage"},"image":{"@id":"https:\/\/www.manaus.am.gov.br\/semcom\/selecionados-oficina-de-ovos-artesanais\/#primaryimage"},"thumbnailUrl":"https:\/\/www.manaus.am.gov.br\/semcom\/wp-content\/uploads\/sites\/5\/2026\/03\/CA2_0019.jpg","datePublished":"2026-03-13T16:15:38+00:00","dateModified":"2026-03-13T16:50:24+00:00","author":{"@id":"https:\/\/www.manaus.am.gov.br\/semcom\/#\/schema\/person\/05d223aea2bf115f9883a6ff3683d81b"},"description":"Prefeitura de Manaus, por meio da Semtepi, divulga lista de selecionados para \u2018Oficina de Ovos Artesanais\u2019.","inLanguage":"pt-BR","potentialAction":[{"@type":"ReadAction","target":["https:\/\/www.manaus.am.gov.br\/semcom\/selecionados-oficina-de-ovos-artesanais\/"]}]},{"@type":"ImageObject","inLanguage":"pt-BR","@id":"https:\/\/www.manaus.am.gov.br\/semcom\/selecionados-oficina-de-ovos-artesanais\/#primaryimage","url":"https:\/\/www.manaus.am.gov.br\/semcom\/wp-content\/uploads\/sites\/5\/2026\/03\/CA2_0019.jpg","contentUrl":"https:\/\/www.manaus.am.gov.br\/semcom\/wp-content\/uploads\/sites\/5\/2026\/03\/CA2_0019.jpg","width":2992,"height":2000,"caption":"#paratodosverem - Integrante de curso de capacita\u00e7\u00e3o da Semtepi para a produ\u00e7\u00e3o de ovos de p\u00e1scoa"},{"@type":"WebSite","@id":"https:\/\/www.manaus.am.gov.br\/semcom\/#website","url":"https:\/\/www.manaus.am.gov.br\/semcom\/","name":"SEMCOM","description":"Secretaria Municipal de Comunica\u00e7\u00e3o","potentialAction":[{"@type":"SearchAction","target":{"@type":"EntryPoint","urlTemplate":"https:\/\/www.manaus.am.gov.br\/semcom\/?s={search_term_string}"},"query-input":"required name=search_term_string"}],"inLanguage":"pt-BR"},{"@type":"Person","@id":"https:\/\/www.manaus.am.gov.br\/semcom\/#\/schema\/person\/05d223aea2bf115f9883a6ff3683d81b","name":"Bruna Greco","image":{"@type":"ImageObject","inLanguage":"pt-BR","@id":"https:\/\/www.manaus.am.gov.br\/semcom\/#\/schema\/person\/image\/","url":"https:\/\/secure.gravatar.com\/avatar\/9c877d1a6adc2a055330e5c09a8653ce?s=96&d=mm&r=g","contentUrl":"https:\/\/secure.gravatar.com\/avatar\/9c877d1a6adc2a055330e5c09a8653ce?s=96&d=mm&r=g","caption":"Bruna Greco"}}]}},"_links":{"self":[{"href":"https:\/\/www.manaus.am.gov.br\/semcom\/wp-json\/wp\/v2\/posts\/254604"}],"collection":[{"href":"https:\/\/www.manaus.am.gov.br\/semcom\/wp-json\/wp\/v2\/posts"}],"about":[{"href":"https:\/\/www.manaus.am.gov.br\/semcom\/wp-json\/wp\/v2\/types\/post"}],"author":[{"embeddable":true,"href":"https:\/\/www.manaus.am.gov.br\/semcom\/wp-json\/wp\/v2\/users\/39"}],"replies":[{"embeddable":true,"href":"https:\/\/www.manaus.am.gov.br\/semcom\/wp-json\/wp\/v2\/comments?post=254604"}],"version-history":[{"count":3,"href":"https:\/\/www.manaus.am.gov.br\/semcom\/wp-json\/wp\/v2\/posts\/254604\/revisions"}],"predecessor-version":[{"id":254618,"href":"https:\/\/www.manaus.am.gov.br\/semcom\/wp-json\/wp\/v2\/posts\/254604\/revisions\/254618"}],"wp:featuredmedia":[{"embeddable":true,"href":"https:\/\/www.manaus.am.gov.br\/semcom\/wp-json\/wp\/v2\/media\/254605"}],"wp:attachment":[{"href":"https:\/\/www.manaus.am.gov.br\/semcom\/wp-json\/wp\/v2\/media?parent=254604"}],"wp:term":[{"taxonomy":"category","embeddable":true,"href":"https:\/\/www.manaus.am.gov.br\/semcom\/wp-json\/wp\/v2\/categories?post=254604"},{"taxonomy":"post_tag","embeddable":true,"href":"https:\/\/www.manaus.am.gov.br\/semcom\/wp-json\/wp\/v2\/tags?post=254604"}],"curies":[{"name":"wp","href":"https:\/\/api.w.org\/{rel}","templated":true}]}}