{"id":254602,"date":"2026-03-13T13:05:34","date_gmt":"2026-03-13T16:05:34","guid":{"rendered":"https:\/\/www.manaus.am.gov.br\/semcom\/prefeitura-manauscult-mirantegeek\/"},"modified":"2026-03-13T13:29:28","modified_gmt":"2026-03-13T16:29:28","slug":"prefeitura-manauscult-mirantegeek","status":"publish","type":"post","link":"https:\/\/www.manaus.am.gov.br\/semcom\/prefeitura-manauscult-mirantegeek\/","title":{"rendered":"\u2018Mirante Geek\u2019 re\u00fane cultura pop, games e cosplay no mirante L\u00facia Almeida e deve atrair at\u00e9 3 mil pessoas por dia"},"content":{"rendered":"\n<p>Com o apoio da<a href=\"https:\/\/www.instagram.com\/prefeiturademanaus\/\"> Prefeitura de Manaus<\/a>, a capital amazonense recebe, a partir desta sexta-feira, 13\/3, o \u201cMirante Geek\u201d, evento dedicado \u00e0 cultura pop, games, cosplay e \u00e0 economia criativa, realizado no mirante L\u00facia Almeida, localizado no centro hist\u00f3rico, um dos principais cart\u00f5es-postais tur\u00edsticos da cidade. A programa\u00e7\u00e3o segue at\u00e9 domingo, 15\/3, das 10h \u00e0s 20h, reunindo diversas atividades gratuitas voltadas ao p\u00fablico geek e \u00e0 comunidade criativa local.<\/p>\n\n\n\n<p>A iniciativa \u00e9 realizada pela Casa Geek 42, com apoio da Funda\u00e7\u00e3o Municipal de Cultura, Turismo e Eventos<a href=\"https:\/\/www.manaus.am.gov.br\/\"> (ManausCult),<\/a> e tem como proposta ampliar a ocupa\u00e7\u00e3o cultural de espa\u00e7os tur\u00edsticos da capital amazonense.<\/p>\n\n\n\n<p>Para o diretor-presidente da ManausCult, Jender Lobato, apoiar iniciativas como essa fortalece a diversidade cultural e amplia as possibilidades de uso dos espa\u00e7os p\u00fablicos da cidade. \u201cEventos como o \u2018Mirante Geek\u2019 mostram como a cultura pode ocupar os espa\u00e7os tur\u00edsticos da cidade de forma criativa e inclusiva. A ManausCult tem o compromisso de apoiar iniciativas que valorizem diferentes express\u00f5es culturais, movimentem a economia criativa e atraiam p\u00fablico para os nossos equipamentos tur\u00edsticos\u201d, destacou.<\/p>\n\n\n\n<p>Segundo o produtor cultural e organizador do evento, Guilherme Lestat, a expectativa \u00e9 receber um p\u00fablico expressivo durante os tr\u00eas dias de programa\u00e7\u00e3o.<\/p>\n\n\n\n<p>\u201c\u00c9 a primeira vez que realizamos o evento aqui no mirante e estamos muito agradecidos \u00e0 Prefeitura de Manaus, por meio da ManausCult, por ter cedido o espa\u00e7o. A comunidade geek tamb\u00e9m agradece, porque preparamos uma programa\u00e7\u00e3o bem diversa, com K-pop, cosplay, DJ, karaok\u00ea, al\u00e9m da feirinha geek e v\u00e1rias atividades que v\u00e3o acontecer durante todo o evento\u201d, destacou.<\/p>\n\n\n\n<p>A programa\u00e7\u00e3o de palco come\u00e7a nesta sexta-feira, ao meio-dia, e segue at\u00e9 as 20h. No s\u00e1bado e no domingo, as atividades iniciam \u00e0s 10h e tamb\u00e9m seguem at\u00e9 as 20h. Durante todo o per\u00edodo, o p\u00fablico poder\u00e1 visitar a feirinha geek, que re\u00fane produtos tem\u00e1ticos como camisetas,&nbsp;<em>action figures<\/em>,&nbsp;<em>buttons<\/em>&nbsp;e artesanato, al\u00e9m de participar de espa\u00e7os dedicados a board games (jogos de tabuleiro) e card games, como Pok\u00e9mon.<\/p>\n\n\n\n<p>De acordo com os organizadores, a expectativa \u00e9 de que o evento receba entre 2.000 e 3.000 pessoas por dia, principalmente no s\u00e1bado e domingo, quando o fluxo de visitantes no mirante costuma ser maior.<\/p>\n\n\n\n<p>\u201cA gente j\u00e1 percebeu, em outras visitas e eventos realizados aqui, que o mirante recebe um p\u00fablico grande todos os dias. Muitas pessoas v\u00eam conhecer, tirar fotos e aproveitar o espa\u00e7o, tanto moradores quanto turistas. Acreditamos que realizar o \u2018Mirante Geek\u2019 aqui foi uma escolha estrat\u00e9gica e que o evento tem tudo para ser um sucesso\u201d, afirmou Lestat.<\/p>\n\n\n\n<p>Al\u00e9m de promover entretenimento e intera\u00e7\u00e3o entre f\u00e3s de cultura pop, o evento tamb\u00e9m busca fortalecer a cena geek em Manaus e incentivar artistas, empreendedores e criadores locais.<\/p>\n\n\n\n<p>&#8212; &#8212; &#8212;<\/p>\n\n\n\n<p><strong>Texto&nbsp;<\/strong>&#8211; J\u00e9ssica Trajano\/ManausCult<\/p>\n\n\n\n<p><strong>Fotos&nbsp;<\/strong>\u2013 Divulga\u00e7\u00e3o<\/p>\n","protected":false},"excerpt":{"rendered":"","protected":false},"author":23,"featured_media":254603,"comment_status":"closed","ping_status":"closed","sticky":false,"template":"","format":"standard","meta":{"footnotes":""},"categories":[2022],"tags":[307,19745,469,77],"acf":[],"yoast_head":"<!-- This site is optimized with the Yoast SEO plugin v23.0 - https:\/\/yoast.com\/wordpress\/plugins\/seo\/ -->\n<title>\u2018Mirante Geek\u2019 re\u00fane cultura pop, games e cosplay no mirante L\u00facia Almeida e deve atrair at\u00e9 3 mil pessoas por dia<\/title>\n<meta name=\"description\" content=\"Com o apoio da Prefeitura de Manaus, a capital amazonense recebe, a partir desta sexta-feira, 13\/3, o \u201cMirante Geek\u201d, evento dedicado \u00e0 cultura pop, games, cosplay e \u00e0 economia criativa, realizado no mirante L\u00facia Almeida, localizado no centro hist\u00f3rico\" \/>\n<meta name=\"robots\" content=\"index, follow, max-snippet:-1, max-image-preview:large, max-video-preview:-1\" \/>\n<link rel=\"canonical\" href=\"https:\/\/www.manaus.am.gov.br\/semcom\/prefeitura-manauscult-mirantegeek\/\" \/>\n<meta property=\"og:locale\" content=\"pt_BR\" \/>\n<meta property=\"og:type\" content=\"article\" \/>\n<meta property=\"og:title\" content=\"\u2018Mirante Geek\u2019 re\u00fane cultura pop, games e cosplay no mirante L\u00facia Almeida e deve atrair at\u00e9 3 mil pessoas por dia\" \/>\n<meta property=\"og:description\" content=\"Com o apoio da Prefeitura de Manaus, a capital amazonense recebe, a partir desta sexta-feira, 13\/3, o \u201cMirante Geek\u201d, evento dedicado \u00e0 cultura pop, games, cosplay e \u00e0 economia criativa, realizado no mirante L\u00facia Almeida, localizado no centro hist\u00f3rico\" \/>\n<meta property=\"og:url\" content=\"https:\/\/www.manaus.am.gov.br\/semcom\/prefeitura-manauscult-mirantegeek\/\" \/>\n<meta property=\"og:site_name\" content=\"SEMCOM\" \/>\n<meta property=\"article:published_time\" content=\"2026-03-13T16:05:34+00:00\" \/>\n<meta property=\"article:modified_time\" content=\"2026-03-13T16:29:28+00:00\" \/>\n<meta property=\"og:image\" content=\"https:\/\/www.manaus.am.gov.br\/semcom\/wp-content\/uploads\/sites\/5\/2026\/03\/WhatsApp-Image-2026-03-13-at-11.18.07.jpeg\" \/>\n\t<meta property=\"og:image:width\" content=\"1600\" \/>\n\t<meta property=\"og:image:height\" content=\"900\" \/>\n\t<meta property=\"og:image:type\" content=\"image\/jpeg\" \/>\n<meta name=\"author\" content=\"Adriana Costa\" \/>\n<meta name=\"twitter:card\" content=\"summary_large_image\" \/>\n<meta name=\"twitter:label1\" content=\"Written by\" \/>\n\t<meta name=\"twitter:data1\" content=\"Adriana Costa\" \/>\n\t<meta name=\"twitter:label2\" content=\"Est. reading time\" \/>\n\t<meta name=\"twitter:data2\" content=\"3 minutos\" \/>\n<script type=\"application\/ld+json\" class=\"yoast-schema-graph\">{\"@context\":\"https:\/\/schema.org\",\"@graph\":[{\"@type\":\"WebPage\",\"@id\":\"https:\/\/www.manaus.am.gov.br\/semcom\/prefeitura-manauscult-mirantegeek\/\",\"url\":\"https:\/\/www.manaus.am.gov.br\/semcom\/prefeitura-manauscult-mirantegeek\/\",\"name\":\"\u2018Mirante Geek\u2019 re\u00fane cultura pop, games e cosplay no mirante L\u00facia Almeida e deve atrair at\u00e9 3 mil pessoas por dia\",\"isPartOf\":{\"@id\":\"https:\/\/www.manaus.am.gov.br\/semcom\/#website\"},\"primaryImageOfPage\":{\"@id\":\"https:\/\/www.manaus.am.gov.br\/semcom\/prefeitura-manauscult-mirantegeek\/#primaryimage\"},\"image\":{\"@id\":\"https:\/\/www.manaus.am.gov.br\/semcom\/prefeitura-manauscult-mirantegeek\/#primaryimage\"},\"thumbnailUrl\":\"https:\/\/www.manaus.am.gov.br\/semcom\/wp-content\/uploads\/sites\/5\/2026\/03\/WhatsApp-Image-2026-03-13-at-11.18.07.jpeg\",\"datePublished\":\"2026-03-13T16:05:34+00:00\",\"dateModified\":\"2026-03-13T16:29:28+00:00\",\"author\":{\"@id\":\"https:\/\/www.manaus.am.gov.br\/semcom\/#\/schema\/person\/4e49f4e267757a06ca072ec61b2b9968\"},\"description\":\"Com o apoio da Prefeitura de Manaus, a capital amazonense recebe, a partir desta sexta-feira, 13\/3, o \u201cMirante Geek\u201d, evento dedicado \u00e0 cultura pop, games, cosplay e \u00e0 economia criativa, realizado no mirante L\u00facia Almeida, localizado no centro hist\u00f3rico\",\"inLanguage\":\"pt-BR\",\"potentialAction\":[{\"@type\":\"ReadAction\",\"target\":[\"https:\/\/www.manaus.am.gov.br\/semcom\/prefeitura-manauscult-mirantegeek\/\"]}]},{\"@type\":\"ImageObject\",\"inLanguage\":\"pt-BR\",\"@id\":\"https:\/\/www.manaus.am.gov.br\/semcom\/prefeitura-manauscult-mirantegeek\/#primaryimage\",\"url\":\"https:\/\/www.manaus.am.gov.br\/semcom\/wp-content\/uploads\/sites\/5\/2026\/03\/WhatsApp-Image-2026-03-13-at-11.18.07.jpeg\",\"contentUrl\":\"https:\/\/www.manaus.am.gov.br\/semcom\/wp-content\/uploads\/sites\/5\/2026\/03\/WhatsApp-Image-2026-03-13-at-11.18.07.jpeg\",\"width\":1600,\"height\":900,\"caption\":\"#paratodosverem - Feirinha de artigos geek no mirante L\u00facia Almeida\"},{\"@type\":\"WebSite\",\"@id\":\"https:\/\/www.manaus.am.gov.br\/semcom\/#website\",\"url\":\"https:\/\/www.manaus.am.gov.br\/semcom\/\",\"name\":\"SEMCOM\",\"description\":\"Secretaria Municipal de Comunica\u00e7\u00e3o\",\"potentialAction\":[{\"@type\":\"SearchAction\",\"target\":{\"@type\":\"EntryPoint\",\"urlTemplate\":\"https:\/\/www.manaus.am.gov.br\/semcom\/?s={search_term_string}\"},\"query-input\":\"required name=search_term_string\"}],\"inLanguage\":\"pt-BR\"},{\"@type\":\"Person\",\"@id\":\"https:\/\/www.manaus.am.gov.br\/semcom\/#\/schema\/person\/4e49f4e267757a06ca072ec61b2b9968\",\"name\":\"Adriana Costa\",\"image\":{\"@type\":\"ImageObject\",\"inLanguage\":\"pt-BR\",\"@id\":\"https:\/\/www.manaus.am.gov.br\/semcom\/#\/schema\/person\/image\/\",\"url\":\"https:\/\/secure.gravatar.com\/avatar\/576258617ef7194f718179e766d57bd4?s=96&d=mm&r=g\",\"contentUrl\":\"https:\/\/secure.gravatar.com\/avatar\/576258617ef7194f718179e766d57bd4?s=96&d=mm&r=g\",\"caption\":\"Adriana Costa\"}}]}<\/script>\n<!-- \/ Yoast SEO plugin. -->","yoast_head_json":{"title":"\u2018Mirante Geek\u2019 re\u00fane cultura pop, games e cosplay no mirante L\u00facia Almeida e deve atrair at\u00e9 3 mil pessoas por dia","description":"Com o apoio da Prefeitura de Manaus, a capital amazonense recebe, a partir desta sexta-feira, 13\/3, o \u201cMirante Geek\u201d, evento dedicado \u00e0 cultura pop, games, cosplay e \u00e0 economia criativa, realizado no mirante L\u00facia Almeida, localizado no centro hist\u00f3rico","robots":{"index":"index","follow":"follow","max-snippet":"max-snippet:-1","max-image-preview":"max-image-preview:large","max-video-preview":"max-video-preview:-1"},"canonical":"https:\/\/www.manaus.am.gov.br\/semcom\/prefeitura-manauscult-mirantegeek\/","og_locale":"pt_BR","og_type":"article","og_title":"\u2018Mirante Geek\u2019 re\u00fane cultura pop, games e cosplay no mirante L\u00facia Almeida e deve atrair at\u00e9 3 mil pessoas por dia","og_description":"Com o apoio da Prefeitura de Manaus, a capital amazonense recebe, a partir desta sexta-feira, 13\/3, o \u201cMirante Geek\u201d, evento dedicado \u00e0 cultura pop, games, cosplay e \u00e0 economia criativa, realizado no mirante L\u00facia Almeida, localizado no centro hist\u00f3rico","og_url":"https:\/\/www.manaus.am.gov.br\/semcom\/prefeitura-manauscult-mirantegeek\/","og_site_name":"SEMCOM","article_published_time":"2026-03-13T16:05:34+00:00","article_modified_time":"2026-03-13T16:29:28+00:00","og_image":[{"width":1600,"height":900,"url":"https:\/\/www.manaus.am.gov.br\/semcom\/wp-content\/uploads\/sites\/5\/2026\/03\/WhatsApp-Image-2026-03-13-at-11.18.07.jpeg","type":"image\/jpeg"}],"author":"Adriana Costa","twitter_card":"summary_large_image","twitter_misc":{"Written by":"Adriana Costa","Est. reading time":"3 minutos"},"schema":{"@context":"https:\/\/schema.org","@graph":[{"@type":"WebPage","@id":"https:\/\/www.manaus.am.gov.br\/semcom\/prefeitura-manauscult-mirantegeek\/","url":"https:\/\/www.manaus.am.gov.br\/semcom\/prefeitura-manauscult-mirantegeek\/","name":"\u2018Mirante Geek\u2019 re\u00fane cultura pop, games e cosplay no mirante L\u00facia Almeida e deve atrair at\u00e9 3 mil pessoas por dia","isPartOf":{"@id":"https:\/\/www.manaus.am.gov.br\/semcom\/#website"},"primaryImageOfPage":{"@id":"https:\/\/www.manaus.am.gov.br\/semcom\/prefeitura-manauscult-mirantegeek\/#primaryimage"},"image":{"@id":"https:\/\/www.manaus.am.gov.br\/semcom\/prefeitura-manauscult-mirantegeek\/#primaryimage"},"thumbnailUrl":"https:\/\/www.manaus.am.gov.br\/semcom\/wp-content\/uploads\/sites\/5\/2026\/03\/WhatsApp-Image-2026-03-13-at-11.18.07.jpeg","datePublished":"2026-03-13T16:05:34+00:00","dateModified":"2026-03-13T16:29:28+00:00","author":{"@id":"https:\/\/www.manaus.am.gov.br\/semcom\/#\/schema\/person\/4e49f4e267757a06ca072ec61b2b9968"},"description":"Com o apoio da Prefeitura de Manaus, a capital amazonense recebe, a partir desta sexta-feira, 13\/3, o \u201cMirante Geek\u201d, evento dedicado \u00e0 cultura pop, games, cosplay e \u00e0 economia criativa, realizado no mirante L\u00facia Almeida, localizado no centro hist\u00f3rico","inLanguage":"pt-BR","potentialAction":[{"@type":"ReadAction","target":["https:\/\/www.manaus.am.gov.br\/semcom\/prefeitura-manauscult-mirantegeek\/"]}]},{"@type":"ImageObject","inLanguage":"pt-BR","@id":"https:\/\/www.manaus.am.gov.br\/semcom\/prefeitura-manauscult-mirantegeek\/#primaryimage","url":"https:\/\/www.manaus.am.gov.br\/semcom\/wp-content\/uploads\/sites\/5\/2026\/03\/WhatsApp-Image-2026-03-13-at-11.18.07.jpeg","contentUrl":"https:\/\/www.manaus.am.gov.br\/semcom\/wp-content\/uploads\/sites\/5\/2026\/03\/WhatsApp-Image-2026-03-13-at-11.18.07.jpeg","width":1600,"height":900,"caption":"#paratodosverem - Feirinha de artigos geek no mirante L\u00facia Almeida"},{"@type":"WebSite","@id":"https:\/\/www.manaus.am.gov.br\/semcom\/#website","url":"https:\/\/www.manaus.am.gov.br\/semcom\/","name":"SEMCOM","description":"Secretaria Municipal de Comunica\u00e7\u00e3o","potentialAction":[{"@type":"SearchAction","target":{"@type":"EntryPoint","urlTemplate":"https:\/\/www.manaus.am.gov.br\/semcom\/?s={search_term_string}"},"query-input":"required name=search_term_string"}],"inLanguage":"pt-BR"},{"@type":"Person","@id":"https:\/\/www.manaus.am.gov.br\/semcom\/#\/schema\/person\/4e49f4e267757a06ca072ec61b2b9968","name":"Adriana Costa","image":{"@type":"ImageObject","inLanguage":"pt-BR","@id":"https:\/\/www.manaus.am.gov.br\/semcom\/#\/schema\/person\/image\/","url":"https:\/\/secure.gravatar.com\/avatar\/576258617ef7194f718179e766d57bd4?s=96&d=mm&r=g","contentUrl":"https:\/\/secure.gravatar.com\/avatar\/576258617ef7194f718179e766d57bd4?s=96&d=mm&r=g","caption":"Adriana Costa"}}]}},"_links":{"self":[{"href":"https:\/\/www.manaus.am.gov.br\/semcom\/wp-json\/wp\/v2\/posts\/254602"}],"collection":[{"href":"https:\/\/www.manaus.am.gov.br\/semcom\/wp-json\/wp\/v2\/posts"}],"about":[{"href":"https:\/\/www.manaus.am.gov.br\/semcom\/wp-json\/wp\/v2\/types\/post"}],"author":[{"embeddable":true,"href":"https:\/\/www.manaus.am.gov.br\/semcom\/wp-json\/wp\/v2\/users\/23"}],"replies":[{"embeddable":true,"href":"https:\/\/www.manaus.am.gov.br\/semcom\/wp-json\/wp\/v2\/comments?post=254602"}],"version-history":[{"count":1,"href":"https:\/\/www.manaus.am.gov.br\/semcom\/wp-json\/wp\/v2\/posts\/254602\/revisions"}],"predecessor-version":[{"id":254611,"href":"https:\/\/www.manaus.am.gov.br\/semcom\/wp-json\/wp\/v2\/posts\/254602\/revisions\/254611"}],"wp:featuredmedia":[{"embeddable":true,"href":"https:\/\/www.manaus.am.gov.br\/semcom\/wp-json\/wp\/v2\/media\/254603"}],"wp:attachment":[{"href":"https:\/\/www.manaus.am.gov.br\/semcom\/wp-json\/wp\/v2\/media?parent=254602"}],"wp:term":[{"taxonomy":"category","embeddable":true,"href":"https:\/\/www.manaus.am.gov.br\/semcom\/wp-json\/wp\/v2\/categories?post=254602"},{"taxonomy":"post_tag","embeddable":true,"href":"https:\/\/www.manaus.am.gov.br\/semcom\/wp-json\/wp\/v2\/tags?post=254602"}],"curies":[{"name":"wp","href":"https:\/\/api.w.org\/{rel}","templated":true}]}}