{"id":254600,"date":"2026-03-13T12:50:38","date_gmt":"2026-03-13T15:50:38","guid":{"rendered":"https:\/\/www.manaus.am.gov.br\/semcom\/prefeitura-evento-pescaesportiva\/"},"modified":"2026-03-13T13:28:32","modified_gmt":"2026-03-13T16:28:32","slug":"prefeitura-evento-pescaesportiva","status":"publish","type":"post","link":"https:\/\/www.manaus.am.gov.br\/semcom\/prefeitura-evento-pescaesportiva\/","title":{"rendered":"Prefeitura de Manaus refor\u00e7a potencial da pesca esportiva no segundo dia da \u2018Pesca &amp; Cia Trade Show\u2019 em S\u00e3o Paulo"},"content":{"rendered":"\n<p>A<a href=\"https:\/\/www.instagram.com\/prefeiturademanaus\/\"> Prefeitura de Manaus,<\/a> por meio da Funda\u00e7\u00e3o Municipal de Cultura, Turismo e Eventos<a href=\"https:\/\/www.manaus.am.gov.br\/\"> (ManausCult),<\/a> segue promovendo o destino Manaus no segundo dia da \u201cPesca &amp; Cia Trade Show\u201d, considerada a maior feira de pesca esportiva da Am\u00e9rica Latina, realizada at\u00e9 este s\u00e1bado, 14\/3, em S\u00e3o Paulo (SP).<\/p>\n\n\n\n<p>A participa\u00e7\u00e3o da capital amazonense no evento tem como objetivo ampliar a visibilidade da cidade no mercado da pesca esportiva, um segmento que cresce no Brasil e no mundo e atrai milhares de praticantes interessados em experi\u00eancias ligadas \u00e0 natureza e \u00e0 aventura. A feira re\u00fane destinos tur\u00edsticos, fabricantes, lojistas, pescadores, jornalistas e empres\u00e1rios do setor n\u00e1utico.<\/p>\n\n\n\n<p>Desde 2022, Manaus participa do evento com estande pr\u00f3prio, fortalecendo a promo\u00e7\u00e3o do destino e intensificando o contato com operadores e investidores do setor. Durante a feira, a cidade apresenta suas potencialidades naturais, a infraestrutura tur\u00edstica e as possibilidades de pr\u00e1tica da pesca esportiva nas proximidades da capital.<\/p>\n\n\n\n<p>Um dos destaques apresentados \u00e9 a estrutura do p\u00eder Manaus 355, equipamento tur\u00edstico que oferece condi\u00e7\u00f5es adequadas e seguras para o embarque e desembarque de pescadores e visitantes que buscam explorar os rios e lagos da regi\u00e3o. O complexo refor\u00e7a a infraestrutura da cidade para receber turistas e impulsionar o turismo n\u00e1utico.<\/p>\n\n\n\n<p>De acordo com o diretor-presidente da ManausCult, Jender Lobato, a presen\u00e7a em eventos estrat\u00e9gicos \u00e9 fundamental para posicionar Manaus como destino de refer\u00eancia no segmento. \u201cParticipar da \u2018Pesca &amp; Cia Trade Show\u2019 \u00e9 uma oportunidade importante para apresentar ao mercado todo o potencial tur\u00edstico de Manaus. Temos rios, lagos, biodiversidade e uma infraestrutura cada vez mais preparada para receber visitantes. Equipamentos como o p\u00eder Manaus 355 fortalecem essa estrutura e mostram que a cidade est\u00e1 pronta para ampliar o turismo de pesca esportiva e outras experi\u00eancias ligadas \u00e0 natureza\u201d, destacou.<\/p>\n\n\n\n<p>Entre os principais atrativos para os pescadores esportivos est\u00e1 o tucunar\u00e9-a\u00e7u, considerado um dos grandes trof\u00e9us desse tipo de pesca. A esp\u00e9cie pode ser encontrada em rios e lagos da regi\u00e3o de Manaus, especialmente nas \u00e1guas do Tarum\u00e3-A\u00e7u, um dos locais mais procurados por praticantes da modalidade.<\/p>\n\n\n\n<p>A pesca esportiva \u00e9 considerada uma atividade sustent\u00e1vel, j\u00e1 que utiliza t\u00e9cnicas espec\u00edficas que permitem a captura do peixe para registro de tamanho e peso, seguida da devolu\u00e7\u00e3o ao ambiente natural, contribuindo para a preserva\u00e7\u00e3o das esp\u00e9cies.<\/p>\n\n\n\n<p>Segundo a vice-presidente de turismo da ManausCult, Oreni Braga, a participa\u00e7\u00e3o na feira tamb\u00e9m refor\u00e7a a promo\u00e7\u00e3o da cidade como destino completo para visitantes. \u201cManaus re\u00fane caracter\u00edsticas \u00fanicas para quem busca experi\u00eancias aut\u00eanticas. O turista pode viver a aventura de pescar tucunar\u00e9 em meio \u00e0 floresta amaz\u00f4nica durante o dia e, \u00e0 noite, desfrutar da nossa rica gastronomia regional e da estrutura da rede hoteleira da cidade, que atende diferentes perfis de visitantes. Esse conjunto de experi\u00eancias fortalece Manaus como um destino tur\u00edstico cada vez mais competitivo\u201d, afirmou.<\/p>\n\n\n\n<p>Al\u00e9m da pesca esportiva, a comitiva tamb\u00e9m promove a diversidade cultural e gastron\u00f4mica da capital amazonense, destacando que a cidade oferece hot\u00e9is para todas as categorias e uma experi\u00eancia completa para quem deseja explorar a Amaz\u00f4nia.<\/p>\n\n\n\n<p>A participa\u00e7\u00e3o na \u201cPesca &amp; Cia Trade Show\u201d integra as estrat\u00e9gias da prefeitura para ampliar a presen\u00e7a de Manaus em eventos nacionais e internacionais do setor, consolidando a capital como porta de entrada do turismo na Amaz\u00f4nia e como um dos principais destinos brasileiros para a pesca esportiva.<\/p>\n\n\n\n<p>&#8212; &#8212; &#8212;<\/p>\n\n\n\n<p><strong>Texto <\/strong>&#8211; J\u00e9ssica Trajano\/ManausCult<\/p>\n\n\n\n<p><strong>Fotos <\/strong>\u2013 Divulga\u00e7\u00e3o<\/p>\n","protected":false},"excerpt":{"rendered":"","protected":false},"author":23,"featured_media":254601,"comment_status":"closed","ping_status":"closed","sticky":false,"template":"","format":"standard","meta":{"footnotes":""},"categories":[50],"tags":[685,3012,307,2602,77,11418,2552,418],"acf":[],"yoast_head":"<!-- This site is optimized with the Yoast SEO plugin v23.0 - https:\/\/yoast.com\/wordpress\/plugins\/seo\/ -->\n<title>Prefeitura de Manaus refor\u00e7a potencial da pesca esportiva no segundo dia da \u2018Pesca &amp; Cia Trade Show\u2019 em S\u00e3o Paulo<\/title>\n<meta name=\"description\" content=\"A Prefeitura de Manaus, por meio da Funda\u00e7\u00e3o Municipal de Cultura, Turismo e Eventos (ManausCult), segue promovendo o destino Manaus no segundo dia da \u201cPesca &amp; Cia Trade Show\u201d, considerada a maior feira de pesca esportiva da Am\u00e9rica Latina, realizada at\u00e9 este s\u00e1bado, 14\/3, em S\u00e3o Paulo (SP).\" \/>\n<meta name=\"robots\" content=\"index, follow, max-snippet:-1, max-image-preview:large, max-video-preview:-1\" \/>\n<link rel=\"canonical\" href=\"https:\/\/www.manaus.am.gov.br\/semcom\/prefeitura-evento-pescaesportiva\/\" \/>\n<meta property=\"og:locale\" content=\"pt_BR\" \/>\n<meta property=\"og:type\" content=\"article\" \/>\n<meta property=\"og:title\" content=\"Prefeitura de Manaus refor\u00e7a potencial da pesca esportiva no segundo dia da \u2018Pesca &amp; Cia Trade Show\u2019 em S\u00e3o Paulo\" \/>\n<meta property=\"og:description\" content=\"A Prefeitura de Manaus, por meio da Funda\u00e7\u00e3o Municipal de Cultura, Turismo e Eventos (ManausCult), segue promovendo o destino Manaus no segundo dia da \u201cPesca &amp; Cia Trade Show\u201d, considerada a maior feira de pesca esportiva da Am\u00e9rica Latina, realizada at\u00e9 este s\u00e1bado, 14\/3, em S\u00e3o Paulo (SP).\" \/>\n<meta property=\"og:url\" content=\"https:\/\/www.manaus.am.gov.br\/semcom\/prefeitura-evento-pescaesportiva\/\" \/>\n<meta property=\"og:site_name\" content=\"SEMCOM\" \/>\n<meta property=\"article:published_time\" content=\"2026-03-13T15:50:38+00:00\" \/>\n<meta property=\"article:modified_time\" content=\"2026-03-13T16:28:32+00:00\" \/>\n<meta property=\"og:image\" content=\"https:\/\/www.manaus.am.gov.br\/semcom\/wp-content\/uploads\/sites\/5\/2026\/03\/C01B636E-4234-4A18-92FC-3F980C2445D8.jpeg\" \/>\n\t<meta property=\"og:image:width\" content=\"4160\" \/>\n\t<meta property=\"og:image:height\" content=\"3120\" \/>\n\t<meta property=\"og:image:type\" content=\"image\/jpeg\" \/>\n<meta name=\"author\" content=\"Adriana Costa\" \/>\n<meta name=\"twitter:card\" content=\"summary_large_image\" \/>\n<meta name=\"twitter:label1\" content=\"Written by\" \/>\n\t<meta name=\"twitter:data1\" content=\"Adriana Costa\" \/>\n\t<meta name=\"twitter:label2\" content=\"Est. reading time\" \/>\n\t<meta name=\"twitter:data2\" content=\"4 minutos\" \/>\n<script type=\"application\/ld+json\" class=\"yoast-schema-graph\">{\"@context\":\"https:\/\/schema.org\",\"@graph\":[{\"@type\":\"WebPage\",\"@id\":\"https:\/\/www.manaus.am.gov.br\/semcom\/prefeitura-evento-pescaesportiva\/\",\"url\":\"https:\/\/www.manaus.am.gov.br\/semcom\/prefeitura-evento-pescaesportiva\/\",\"name\":\"Prefeitura de Manaus refor\u00e7a potencial da pesca esportiva no segundo dia da \u2018Pesca & Cia Trade Show\u2019 em S\u00e3o Paulo\",\"isPartOf\":{\"@id\":\"https:\/\/www.manaus.am.gov.br\/semcom\/#website\"},\"primaryImageOfPage\":{\"@id\":\"https:\/\/www.manaus.am.gov.br\/semcom\/prefeitura-evento-pescaesportiva\/#primaryimage\"},\"image\":{\"@id\":\"https:\/\/www.manaus.am.gov.br\/semcom\/prefeitura-evento-pescaesportiva\/#primaryimage\"},\"thumbnailUrl\":\"https:\/\/www.manaus.am.gov.br\/semcom\/wp-content\/uploads\/sites\/5\/2026\/03\/C01B636E-4234-4A18-92FC-3F980C2445D8.jpeg\",\"datePublished\":\"2026-03-13T15:50:38+00:00\",\"dateModified\":\"2026-03-13T16:28:32+00:00\",\"author\":{\"@id\":\"https:\/\/www.manaus.am.gov.br\/semcom\/#\/schema\/person\/4e49f4e267757a06ca072ec61b2b9968\"},\"description\":\"A Prefeitura de Manaus, por meio da Funda\u00e7\u00e3o Municipal de Cultura, Turismo e Eventos (ManausCult), segue promovendo o destino Manaus no segundo dia da \u201cPesca & Cia Trade Show\u201d, considerada a maior feira de pesca esportiva da Am\u00e9rica Latina, realizada at\u00e9 este s\u00e1bado, 14\/3, em S\u00e3o Paulo (SP).\",\"inLanguage\":\"pt-BR\",\"potentialAction\":[{\"@type\":\"ReadAction\",\"target\":[\"https:\/\/www.manaus.am.gov.br\/semcom\/prefeitura-evento-pescaesportiva\/\"]}]},{\"@type\":\"ImageObject\",\"inLanguage\":\"pt-BR\",\"@id\":\"https:\/\/www.manaus.am.gov.br\/semcom\/prefeitura-evento-pescaesportiva\/#primaryimage\",\"url\":\"https:\/\/www.manaus.am.gov.br\/semcom\/wp-content\/uploads\/sites\/5\/2026\/03\/C01B636E-4234-4A18-92FC-3F980C2445D8.jpeg\",\"contentUrl\":\"https:\/\/www.manaus.am.gov.br\/semcom\/wp-content\/uploads\/sites\/5\/2026\/03\/C01B636E-4234-4A18-92FC-3F980C2445D8.jpeg\",\"width\":4160,\"height\":3120,\"caption\":\"#paratodosverem - Estande com letreiro Manaus em maior feira de pesca esportiva da Am\u00e9rica Latina\"},{\"@type\":\"WebSite\",\"@id\":\"https:\/\/www.manaus.am.gov.br\/semcom\/#website\",\"url\":\"https:\/\/www.manaus.am.gov.br\/semcom\/\",\"name\":\"SEMCOM\",\"description\":\"Secretaria Municipal de Comunica\u00e7\u00e3o\",\"potentialAction\":[{\"@type\":\"SearchAction\",\"target\":{\"@type\":\"EntryPoint\",\"urlTemplate\":\"https:\/\/www.manaus.am.gov.br\/semcom\/?s={search_term_string}\"},\"query-input\":\"required name=search_term_string\"}],\"inLanguage\":\"pt-BR\"},{\"@type\":\"Person\",\"@id\":\"https:\/\/www.manaus.am.gov.br\/semcom\/#\/schema\/person\/4e49f4e267757a06ca072ec61b2b9968\",\"name\":\"Adriana Costa\",\"image\":{\"@type\":\"ImageObject\",\"inLanguage\":\"pt-BR\",\"@id\":\"https:\/\/www.manaus.am.gov.br\/semcom\/#\/schema\/person\/image\/\",\"url\":\"https:\/\/secure.gravatar.com\/avatar\/576258617ef7194f718179e766d57bd4?s=96&d=mm&r=g\",\"contentUrl\":\"https:\/\/secure.gravatar.com\/avatar\/576258617ef7194f718179e766d57bd4?s=96&d=mm&r=g\",\"caption\":\"Adriana Costa\"}}]}<\/script>\n<!-- \/ Yoast SEO plugin. -->","yoast_head_json":{"title":"Prefeitura de Manaus refor\u00e7a potencial da pesca esportiva no segundo dia da \u2018Pesca & Cia Trade Show\u2019 em S\u00e3o Paulo","description":"A Prefeitura de Manaus, por meio da Funda\u00e7\u00e3o Municipal de Cultura, Turismo e Eventos (ManausCult), segue promovendo o destino Manaus no segundo dia da \u201cPesca & Cia Trade Show\u201d, considerada a maior feira de pesca esportiva da Am\u00e9rica Latina, realizada at\u00e9 este s\u00e1bado, 14\/3, em S\u00e3o Paulo (SP).","robots":{"index":"index","follow":"follow","max-snippet":"max-snippet:-1","max-image-preview":"max-image-preview:large","max-video-preview":"max-video-preview:-1"},"canonical":"https:\/\/www.manaus.am.gov.br\/semcom\/prefeitura-evento-pescaesportiva\/","og_locale":"pt_BR","og_type":"article","og_title":"Prefeitura de Manaus refor\u00e7a potencial da pesca esportiva no segundo dia da \u2018Pesca & Cia Trade Show\u2019 em S\u00e3o Paulo","og_description":"A Prefeitura de Manaus, por meio da Funda\u00e7\u00e3o Municipal de Cultura, Turismo e Eventos (ManausCult), segue promovendo o destino Manaus no segundo dia da \u201cPesca & Cia Trade Show\u201d, considerada a maior feira de pesca esportiva da Am\u00e9rica Latina, realizada at\u00e9 este s\u00e1bado, 14\/3, em S\u00e3o Paulo (SP).","og_url":"https:\/\/www.manaus.am.gov.br\/semcom\/prefeitura-evento-pescaesportiva\/","og_site_name":"SEMCOM","article_published_time":"2026-03-13T15:50:38+00:00","article_modified_time":"2026-03-13T16:28:32+00:00","og_image":[{"width":4160,"height":3120,"url":"https:\/\/www.manaus.am.gov.br\/semcom\/wp-content\/uploads\/sites\/5\/2026\/03\/C01B636E-4234-4A18-92FC-3F980C2445D8.jpeg","type":"image\/jpeg"}],"author":"Adriana Costa","twitter_card":"summary_large_image","twitter_misc":{"Written by":"Adriana Costa","Est. reading time":"4 minutos"},"schema":{"@context":"https:\/\/schema.org","@graph":[{"@type":"WebPage","@id":"https:\/\/www.manaus.am.gov.br\/semcom\/prefeitura-evento-pescaesportiva\/","url":"https:\/\/www.manaus.am.gov.br\/semcom\/prefeitura-evento-pescaesportiva\/","name":"Prefeitura de Manaus refor\u00e7a potencial da pesca esportiva no segundo dia da \u2018Pesca & Cia Trade Show\u2019 em S\u00e3o Paulo","isPartOf":{"@id":"https:\/\/www.manaus.am.gov.br\/semcom\/#website"},"primaryImageOfPage":{"@id":"https:\/\/www.manaus.am.gov.br\/semcom\/prefeitura-evento-pescaesportiva\/#primaryimage"},"image":{"@id":"https:\/\/www.manaus.am.gov.br\/semcom\/prefeitura-evento-pescaesportiva\/#primaryimage"},"thumbnailUrl":"https:\/\/www.manaus.am.gov.br\/semcom\/wp-content\/uploads\/sites\/5\/2026\/03\/C01B636E-4234-4A18-92FC-3F980C2445D8.jpeg","datePublished":"2026-03-13T15:50:38+00:00","dateModified":"2026-03-13T16:28:32+00:00","author":{"@id":"https:\/\/www.manaus.am.gov.br\/semcom\/#\/schema\/person\/4e49f4e267757a06ca072ec61b2b9968"},"description":"A Prefeitura de Manaus, por meio da Funda\u00e7\u00e3o Municipal de Cultura, Turismo e Eventos (ManausCult), segue promovendo o destino Manaus no segundo dia da \u201cPesca & Cia Trade Show\u201d, considerada a maior feira de pesca esportiva da Am\u00e9rica Latina, realizada at\u00e9 este s\u00e1bado, 14\/3, em S\u00e3o Paulo (SP).","inLanguage":"pt-BR","potentialAction":[{"@type":"ReadAction","target":["https:\/\/www.manaus.am.gov.br\/semcom\/prefeitura-evento-pescaesportiva\/"]}]},{"@type":"ImageObject","inLanguage":"pt-BR","@id":"https:\/\/www.manaus.am.gov.br\/semcom\/prefeitura-evento-pescaesportiva\/#primaryimage","url":"https:\/\/www.manaus.am.gov.br\/semcom\/wp-content\/uploads\/sites\/5\/2026\/03\/C01B636E-4234-4A18-92FC-3F980C2445D8.jpeg","contentUrl":"https:\/\/www.manaus.am.gov.br\/semcom\/wp-content\/uploads\/sites\/5\/2026\/03\/C01B636E-4234-4A18-92FC-3F980C2445D8.jpeg","width":4160,"height":3120,"caption":"#paratodosverem - Estande com letreiro Manaus em maior feira de pesca esportiva da Am\u00e9rica Latina"},{"@type":"WebSite","@id":"https:\/\/www.manaus.am.gov.br\/semcom\/#website","url":"https:\/\/www.manaus.am.gov.br\/semcom\/","name":"SEMCOM","description":"Secretaria Municipal de Comunica\u00e7\u00e3o","potentialAction":[{"@type":"SearchAction","target":{"@type":"EntryPoint","urlTemplate":"https:\/\/www.manaus.am.gov.br\/semcom\/?s={search_term_string}"},"query-input":"required name=search_term_string"}],"inLanguage":"pt-BR"},{"@type":"Person","@id":"https:\/\/www.manaus.am.gov.br\/semcom\/#\/schema\/person\/4e49f4e267757a06ca072ec61b2b9968","name":"Adriana Costa","image":{"@type":"ImageObject","inLanguage":"pt-BR","@id":"https:\/\/www.manaus.am.gov.br\/semcom\/#\/schema\/person\/image\/","url":"https:\/\/secure.gravatar.com\/avatar\/576258617ef7194f718179e766d57bd4?s=96&d=mm&r=g","contentUrl":"https:\/\/secure.gravatar.com\/avatar\/576258617ef7194f718179e766d57bd4?s=96&d=mm&r=g","caption":"Adriana Costa"}}]}},"_links":{"self":[{"href":"https:\/\/www.manaus.am.gov.br\/semcom\/wp-json\/wp\/v2\/posts\/254600"}],"collection":[{"href":"https:\/\/www.manaus.am.gov.br\/semcom\/wp-json\/wp\/v2\/posts"}],"about":[{"href":"https:\/\/www.manaus.am.gov.br\/semcom\/wp-json\/wp\/v2\/types\/post"}],"author":[{"embeddable":true,"href":"https:\/\/www.manaus.am.gov.br\/semcom\/wp-json\/wp\/v2\/users\/23"}],"replies":[{"embeddable":true,"href":"https:\/\/www.manaus.am.gov.br\/semcom\/wp-json\/wp\/v2\/comments?post=254600"}],"version-history":[{"count":1,"href":"https:\/\/www.manaus.am.gov.br\/semcom\/wp-json\/wp\/v2\/posts\/254600\/revisions"}],"predecessor-version":[{"id":254610,"href":"https:\/\/www.manaus.am.gov.br\/semcom\/wp-json\/wp\/v2\/posts\/254600\/revisions\/254610"}],"wp:featuredmedia":[{"embeddable":true,"href":"https:\/\/www.manaus.am.gov.br\/semcom\/wp-json\/wp\/v2\/media\/254601"}],"wp:attachment":[{"href":"https:\/\/www.manaus.am.gov.br\/semcom\/wp-json\/wp\/v2\/media?parent=254600"}],"wp:term":[{"taxonomy":"category","embeddable":true,"href":"https:\/\/www.manaus.am.gov.br\/semcom\/wp-json\/wp\/v2\/categories?post=254600"},{"taxonomy":"post_tag","embeddable":true,"href":"https:\/\/www.manaus.am.gov.br\/semcom\/wp-json\/wp\/v2\/tags?post=254600"}],"curies":[{"name":"wp","href":"https:\/\/api.w.org\/{rel}","templated":true}]}}