{"id":254571,"date":"2026-03-12T22:05:57","date_gmt":"2026-03-13T02:05:57","guid":{"rendered":"https:\/\/www.manaus.am.gov.br\/semcom\/destaca-forca-mulheres-que-inspiram\/"},"modified":"2026-03-13T12:22:10","modified_gmt":"2026-03-13T15:22:10","slug":"destaca-forca-mulheres-que-inspiram","status":"publish","type":"post","link":"https:\/\/www.manaus.am.gov.br\/semcom\/destaca-forca-mulheres-que-inspiram\/","title":{"rendered":"David Almeida destaca for\u00e7a das mulheres e re\u00fane mais de 4 mil participantes no \u201cMulheres que Inspiram\u201d em Manaus"},"content":{"rendered":"\n<p>O prefeito de Manaus, David Almeida, participou nesta quinta-feira, 12\/3, da segunda edi\u00e7\u00e3o do encontro \u201cMulheres que Inspiram\u201d, realizado no audit\u00f3rio do Studio 5, no bairro Distrito Industrial 1, zona Sul da capital. Promovido pela <a href=\"https:\/\/www.instagram.com\/prefeiturademanaus\/\">Prefeitura de Manaus<\/a>, por meio do<a href=\"https:\/\/www.manaus.am.gov.br\/\"> Fundo Manaus Solid\u00e1ria<\/a>, o evento reuniu mais de quatro mil mulheres entre servidoras municipais e representantes de institui\u00e7\u00f5es da sociedade civil em uma programa\u00e7\u00e3o voltada ao fortalecimento, valoriza\u00e7\u00e3o e uni\u00e3o feminina.<\/p>\n\n\n\n<p>Durante o encontro, David Almeida destacou o papel decisivo das mulheres na constru\u00e7\u00e3o da cidade e refor\u00e7ou que a gest\u00e3o municipal tem ampliado a\u00e7\u00f5es e pol\u00edticas p\u00fablicas voltadas \u00e0 prote\u00e7\u00e3o social, ao fortalecimento das fam\u00edlias e \u00e0 valoriza\u00e7\u00e3o feminina.<\/p>\n\n\n<div class=\"wp-block-image\">\n<figure class=\"aligncenter size-large\"><img loading=\"lazy\" decoding=\"async\" width=\"1024\" height=\"682\" src=\"https:\/\/www.manaus.am.gov.br\/semcom\/wp-content\/uploads\/sites\/5\/2026\/03\/FMS-Mulheres-que-Inspiram-5-1024x682.jpg\" alt=\"\" class=\"wp-image-254573\" srcset=\"https:\/\/www.manaus.am.gov.br\/semcom\/wp-content\/uploads\/sites\/5\/2026\/03\/FMS-Mulheres-que-Inspiram-5-1024x682.jpg 1024w, https:\/\/www.manaus.am.gov.br\/semcom\/wp-content\/uploads\/sites\/5\/2026\/03\/FMS-Mulheres-que-Inspiram-5-300x200.jpg 300w, https:\/\/www.manaus.am.gov.br\/semcom\/wp-content\/uploads\/sites\/5\/2026\/03\/FMS-Mulheres-que-Inspiram-5-768x512.jpg 768w, https:\/\/www.manaus.am.gov.br\/semcom\/wp-content\/uploads\/sites\/5\/2026\/03\/FMS-Mulheres-que-Inspiram-5.jpg 1048w\" sizes=\"(max-width: 1024px) 100vw, 1024px\" \/><figcaption class=\"wp-element-caption\">#paratodosverem &#8211; o prefeito David Almeida, com a primeira-dama, Isabelle Almeida, e a presidente do FMS, Viviana Lira<\/figcaption><\/figure><\/div>\n\n\n<p>\u201cEsse encontro mostra a for\u00e7a da mulher manauara. S\u00e3o mulheres que trabalham, que lideram, que cuidam de suas fam\u00edlias e ajudam a transformar a nossa cidade todos os dias. Como gestor, tenho a responsabilidade de continuar criando pol\u00edticas p\u00fablicas que garantam respeito, oportunidades e prote\u00e7\u00e3o para todas\u201d, afirmou o prefeito.<\/p>\n\n\n\n<p>O evento integrou a programa\u00e7\u00e3o da Prefeitura de Manaus ao longo do m\u00eas de mar\u00e7o, per\u00edodo dedicado \u00e0 valoriza\u00e7\u00e3o da mulher e \u00e0 mobiliza\u00e7\u00e3o pelo enfrentamento \u00e0 viol\u00eancia de g\u00eanero.<\/p>\n\n\n\n<p>\u201cN\u00f3s estamos na segunda edi\u00e7\u00e3o e ele vem trazendo um momento de valoriza\u00e7\u00e3o dessas mulheres, um momento em que trazemos uma palavra e amor para essas mulheres que nos inspiram todos os dias\u201d, destacou a presidente do Fundo Manaus Solid\u00e1ria, Viviana Lira.<\/p>\n\n\n\n<p>A programa\u00e7\u00e3o contou com palestras sobre identidade, fortalecimento emocional e direitos da mulher, al\u00e9m de momentos de espiritualidade, apresenta\u00e7\u00f5es musicais e atividades de integra\u00e7\u00e3o entre as participantes.<\/p>\n\n\n\n<p>A primeira-dama de Manaus, Izabelle Fontenelle, tamb\u00e9m foi homenageada durante o encontro e destacou o trabalho social desenvolvido pelo Fundo Manaus Solid\u00e1ria, que tem ampliado o apoio a institui\u00e7\u00f5es e fam\u00edlias em situa\u00e7\u00e3o de vulnerabilidade na capital.<\/p>\n\n\n<div class=\"wp-block-image\">\n<figure class=\"aligncenter size-large\"><img loading=\"lazy\" decoding=\"async\" width=\"1024\" height=\"682\" src=\"https:\/\/www.manaus.am.gov.br\/semcom\/wp-content\/uploads\/sites\/5\/2026\/03\/FMS-Mulheres-que-Inspiram-2-1024x682.jpg\" alt=\"\" class=\"wp-image-254572\" srcset=\"https:\/\/www.manaus.am.gov.br\/semcom\/wp-content\/uploads\/sites\/5\/2026\/03\/FMS-Mulheres-que-Inspiram-2-1024x682.jpg 1024w, https:\/\/www.manaus.am.gov.br\/semcom\/wp-content\/uploads\/sites\/5\/2026\/03\/FMS-Mulheres-que-Inspiram-2-300x200.jpg 300w, https:\/\/www.manaus.am.gov.br\/semcom\/wp-content\/uploads\/sites\/5\/2026\/03\/FMS-Mulheres-que-Inspiram-2-768x512.jpg 768w, https:\/\/www.manaus.am.gov.br\/semcom\/wp-content\/uploads\/sites\/5\/2026\/03\/FMS-Mulheres-que-Inspiram-2.jpg 1048w\" sizes=\"(max-width: 1024px) 100vw, 1024px\" \/><figcaption class=\"wp-element-caption\">#paratodosverem &#8211; homenagens \u00e0s mulheres<\/figcaption><\/figure><\/div>\n\n\n<p>O evento marcou ainda um momento simb\u00f3lico para a institui\u00e7\u00e3o. No dia 11 de mar\u00e7o de 2026, completou-se um ano desde que Viviana Lira assumiu a presid\u00eancia do Fundo Manaus Solid\u00e1ria, per\u00edodo em que a entidade ampliou parcerias com organiza\u00e7\u00f5es sociais e fortaleceu a\u00e7\u00f5es de acolhimento e assist\u00eancia.<\/p>\n\n\n\n<p>Mais do que um evento, o \u201cMulheres que Inspiram\u201d consolida-se como um espa\u00e7o de reconhecimento, inspira\u00e7\u00e3o e fortalecimento de uma rede de apoio entre mulheres de diferentes hist\u00f3rias e realidades, integrando as a\u00e7\u00f5es da Prefeitura de Manaus voltadas \u00e0 valoriza\u00e7\u00e3o feminina e ao fortalecimento das pol\u00edticas p\u00fablicas para mulheres na capital.<\/p>\n\n\n\n<p>&#8212; &#8212; &#8212;<\/p>\n\n\n\n<p><strong>Texto<\/strong> &#8211; Emanuelle Baires \/ Semcom-Prefeito e Kal\u00edh Pinheiro \/ Semcom<\/p>\n\n\n\n<p><strong>Fotos<\/strong> &#8211; Dhyeizo Lemos \/ Semcom-Prefeito<\/p>\n","protected":false},"excerpt":{"rendered":"","protected":false},"author":61,"featured_media":254574,"comment_status":"closed","ping_status":"closed","sticky":false,"template":"","format":"standard","meta":{"footnotes":""},"categories":[1183],"tags":[35,7784,19741,77],"acf":[],"yoast_head":"<!-- This site is optimized with the Yoast SEO plugin v23.0 - https:\/\/yoast.com\/wordpress\/plugins\/seo\/ -->\n<title>David Almeida destaca for\u00e7a das mulheres e re\u00fane mais de 4 mil participantes no \u201cMulheres que Inspiram\u201d em ManausDavid Almeida destaca for\u00e7a das mulheres e re\u00fane mais de 4 mil participantes no \u201cMulheres que Inspiram\u201d em Manaus<\/title>\n<meta name=\"description\" content=\"O prefeito de Manaus, David Almeida, participou nesta quinta-feira, 12\/3, da segunda edi\u00e7\u00e3o do encontro \u201cMulheres que Inspiram\u201d, realizado no audit\u00f3rio do Studio 5.\" \/>\n<meta name=\"robots\" content=\"index, follow, max-snippet:-1, max-image-preview:large, max-video-preview:-1\" \/>\n<link rel=\"canonical\" href=\"https:\/\/www.manaus.am.gov.br\/semcom\/destaca-forca-mulheres-que-inspiram\/\" \/>\n<meta property=\"og:locale\" content=\"pt_BR\" \/>\n<meta property=\"og:type\" content=\"article\" \/>\n<meta property=\"og:title\" content=\"David Almeida destaca for\u00e7a das mulheres e re\u00fane mais de 4 mil participantes no \u201cMulheres que Inspiram\u201d em ManausDavid Almeida destaca for\u00e7a das mulheres e re\u00fane mais de 4 mil participantes no \u201cMulheres que Inspiram\u201d em Manaus\" \/>\n<meta property=\"og:description\" content=\"O prefeito de Manaus, David Almeida, participou nesta quinta-feira, 12\/3, da segunda edi\u00e7\u00e3o do encontro \u201cMulheres que Inspiram\u201d, realizado no audit\u00f3rio do Studio 5.\" \/>\n<meta property=\"og:url\" content=\"https:\/\/www.manaus.am.gov.br\/semcom\/destaca-forca-mulheres-que-inspiram\/\" \/>\n<meta property=\"og:site_name\" content=\"SEMCOM\" \/>\n<meta property=\"article:published_time\" content=\"2026-03-13T02:05:57+00:00\" \/>\n<meta property=\"article:modified_time\" content=\"2026-03-13T15:22:10+00:00\" \/>\n<meta property=\"og:image\" content=\"https:\/\/www.manaus.am.gov.br\/semcom\/wp-content\/uploads\/sites\/5\/2026\/03\/FMS-Mulheres-que-Inspiram-6.jpg\" \/>\n\t<meta property=\"og:image:width\" content=\"1048\" \/>\n\t<meta property=\"og:image:height\" content=\"698\" \/>\n\t<meta property=\"og:image:type\" content=\"image\/jpeg\" \/>\n<meta name=\"author\" content=\"smonteiro\" \/>\n<meta name=\"twitter:card\" content=\"summary_large_image\" \/>\n<meta name=\"twitter:label1\" content=\"Written by\" \/>\n\t<meta name=\"twitter:data1\" content=\"smonteiro\" \/>\n\t<meta name=\"twitter:label2\" content=\"Est. reading time\" \/>\n\t<meta name=\"twitter:data2\" content=\"3 minutos\" \/>\n<script type=\"application\/ld+json\" class=\"yoast-schema-graph\">{\"@context\":\"https:\/\/schema.org\",\"@graph\":[{\"@type\":\"WebPage\",\"@id\":\"https:\/\/www.manaus.am.gov.br\/semcom\/destaca-forca-mulheres-que-inspiram\/\",\"url\":\"https:\/\/www.manaus.am.gov.br\/semcom\/destaca-forca-mulheres-que-inspiram\/\",\"name\":\"David Almeida destaca for\u00e7a das mulheres e re\u00fane mais de 4 mil participantes no \u201cMulheres que Inspiram\u201d em ManausDavid Almeida destaca for\u00e7a das mulheres e re\u00fane mais de 4 mil participantes no \u201cMulheres que Inspiram\u201d em Manaus\",\"isPartOf\":{\"@id\":\"https:\/\/www.manaus.am.gov.br\/semcom\/#website\"},\"primaryImageOfPage\":{\"@id\":\"https:\/\/www.manaus.am.gov.br\/semcom\/destaca-forca-mulheres-que-inspiram\/#primaryimage\"},\"image\":{\"@id\":\"https:\/\/www.manaus.am.gov.br\/semcom\/destaca-forca-mulheres-que-inspiram\/#primaryimage\"},\"thumbnailUrl\":\"https:\/\/www.manaus.am.gov.br\/semcom\/wp-content\/uploads\/sites\/5\/2026\/03\/FMS-Mulheres-que-Inspiram-6.jpg\",\"datePublished\":\"2026-03-13T02:05:57+00:00\",\"dateModified\":\"2026-03-13T15:22:10+00:00\",\"author\":{\"@id\":\"https:\/\/www.manaus.am.gov.br\/semcom\/#\/schema\/person\/ab4dcf766a54dff74e8d267f5c591961\"},\"description\":\"O prefeito de Manaus, David Almeida, participou nesta quinta-feira, 12\/3, da segunda edi\u00e7\u00e3o do encontro \u201cMulheres que Inspiram\u201d, realizado no audit\u00f3rio do Studio 5.\",\"inLanguage\":\"pt-BR\",\"potentialAction\":[{\"@type\":\"ReadAction\",\"target\":[\"https:\/\/www.manaus.am.gov.br\/semcom\/destaca-forca-mulheres-que-inspiram\/\"]}]},{\"@type\":\"ImageObject\",\"inLanguage\":\"pt-BR\",\"@id\":\"https:\/\/www.manaus.am.gov.br\/semcom\/destaca-forca-mulheres-que-inspiram\/#primaryimage\",\"url\":\"https:\/\/www.manaus.am.gov.br\/semcom\/wp-content\/uploads\/sites\/5\/2026\/03\/FMS-Mulheres-que-Inspiram-6.jpg\",\"contentUrl\":\"https:\/\/www.manaus.am.gov.br\/semcom\/wp-content\/uploads\/sites\/5\/2026\/03\/FMS-Mulheres-que-Inspiram-6.jpg\",\"width\":1048,\"height\":698,\"caption\":\"#paratodosverem - no evento, mulheres de destaque foram homenageadas\"},{\"@type\":\"WebSite\",\"@id\":\"https:\/\/www.manaus.am.gov.br\/semcom\/#website\",\"url\":\"https:\/\/www.manaus.am.gov.br\/semcom\/\",\"name\":\"SEMCOM\",\"description\":\"Secretaria Municipal de Comunica\u00e7\u00e3o\",\"potentialAction\":[{\"@type\":\"SearchAction\",\"target\":{\"@type\":\"EntryPoint\",\"urlTemplate\":\"https:\/\/www.manaus.am.gov.br\/semcom\/?s={search_term_string}\"},\"query-input\":\"required name=search_term_string\"}],\"inLanguage\":\"pt-BR\"},{\"@type\":\"Person\",\"@id\":\"https:\/\/www.manaus.am.gov.br\/semcom\/#\/schema\/person\/ab4dcf766a54dff74e8d267f5c591961\",\"name\":\"smonteiro\",\"image\":{\"@type\":\"ImageObject\",\"inLanguage\":\"pt-BR\",\"@id\":\"https:\/\/www.manaus.am.gov.br\/semcom\/#\/schema\/person\/image\/\",\"url\":\"https:\/\/secure.gravatar.com\/avatar\/21c8776ef61d9272c73322052e042d77?s=96&d=mm&r=g\",\"contentUrl\":\"https:\/\/secure.gravatar.com\/avatar\/21c8776ef61d9272c73322052e042d77?s=96&d=mm&r=g\",\"caption\":\"smonteiro\"}}]}<\/script>\n<!-- \/ Yoast SEO plugin. -->","yoast_head_json":{"title":"David Almeida destaca for\u00e7a das mulheres e re\u00fane mais de 4 mil participantes no \u201cMulheres que Inspiram\u201d em ManausDavid Almeida destaca for\u00e7a das mulheres e re\u00fane mais de 4 mil participantes no \u201cMulheres que Inspiram\u201d em Manaus","description":"O prefeito de Manaus, David Almeida, participou nesta quinta-feira, 12\/3, da segunda edi\u00e7\u00e3o do encontro \u201cMulheres que Inspiram\u201d, realizado no audit\u00f3rio do Studio 5.","robots":{"index":"index","follow":"follow","max-snippet":"max-snippet:-1","max-image-preview":"max-image-preview:large","max-video-preview":"max-video-preview:-1"},"canonical":"https:\/\/www.manaus.am.gov.br\/semcom\/destaca-forca-mulheres-que-inspiram\/","og_locale":"pt_BR","og_type":"article","og_title":"David Almeida destaca for\u00e7a das mulheres e re\u00fane mais de 4 mil participantes no \u201cMulheres que Inspiram\u201d em ManausDavid Almeida destaca for\u00e7a das mulheres e re\u00fane mais de 4 mil participantes no \u201cMulheres que Inspiram\u201d em Manaus","og_description":"O prefeito de Manaus, David Almeida, participou nesta quinta-feira, 12\/3, da segunda edi\u00e7\u00e3o do encontro \u201cMulheres que Inspiram\u201d, realizado no audit\u00f3rio do Studio 5.","og_url":"https:\/\/www.manaus.am.gov.br\/semcom\/destaca-forca-mulheres-que-inspiram\/","og_site_name":"SEMCOM","article_published_time":"2026-03-13T02:05:57+00:00","article_modified_time":"2026-03-13T15:22:10+00:00","og_image":[{"width":1048,"height":698,"url":"https:\/\/www.manaus.am.gov.br\/semcom\/wp-content\/uploads\/sites\/5\/2026\/03\/FMS-Mulheres-que-Inspiram-6.jpg","type":"image\/jpeg"}],"author":"smonteiro","twitter_card":"summary_large_image","twitter_misc":{"Written by":"smonteiro","Est. reading time":"3 minutos"},"schema":{"@context":"https:\/\/schema.org","@graph":[{"@type":"WebPage","@id":"https:\/\/www.manaus.am.gov.br\/semcom\/destaca-forca-mulheres-que-inspiram\/","url":"https:\/\/www.manaus.am.gov.br\/semcom\/destaca-forca-mulheres-que-inspiram\/","name":"David Almeida destaca for\u00e7a das mulheres e re\u00fane mais de 4 mil participantes no \u201cMulheres que Inspiram\u201d em ManausDavid Almeida destaca for\u00e7a das mulheres e re\u00fane mais de 4 mil participantes no \u201cMulheres que Inspiram\u201d em Manaus","isPartOf":{"@id":"https:\/\/www.manaus.am.gov.br\/semcom\/#website"},"primaryImageOfPage":{"@id":"https:\/\/www.manaus.am.gov.br\/semcom\/destaca-forca-mulheres-que-inspiram\/#primaryimage"},"image":{"@id":"https:\/\/www.manaus.am.gov.br\/semcom\/destaca-forca-mulheres-que-inspiram\/#primaryimage"},"thumbnailUrl":"https:\/\/www.manaus.am.gov.br\/semcom\/wp-content\/uploads\/sites\/5\/2026\/03\/FMS-Mulheres-que-Inspiram-6.jpg","datePublished":"2026-03-13T02:05:57+00:00","dateModified":"2026-03-13T15:22:10+00:00","author":{"@id":"https:\/\/www.manaus.am.gov.br\/semcom\/#\/schema\/person\/ab4dcf766a54dff74e8d267f5c591961"},"description":"O prefeito de Manaus, David Almeida, participou nesta quinta-feira, 12\/3, da segunda edi\u00e7\u00e3o do encontro \u201cMulheres que Inspiram\u201d, realizado no audit\u00f3rio do Studio 5.","inLanguage":"pt-BR","potentialAction":[{"@type":"ReadAction","target":["https:\/\/www.manaus.am.gov.br\/semcom\/destaca-forca-mulheres-que-inspiram\/"]}]},{"@type":"ImageObject","inLanguage":"pt-BR","@id":"https:\/\/www.manaus.am.gov.br\/semcom\/destaca-forca-mulheres-que-inspiram\/#primaryimage","url":"https:\/\/www.manaus.am.gov.br\/semcom\/wp-content\/uploads\/sites\/5\/2026\/03\/FMS-Mulheres-que-Inspiram-6.jpg","contentUrl":"https:\/\/www.manaus.am.gov.br\/semcom\/wp-content\/uploads\/sites\/5\/2026\/03\/FMS-Mulheres-que-Inspiram-6.jpg","width":1048,"height":698,"caption":"#paratodosverem - no evento, mulheres de destaque foram homenageadas"},{"@type":"WebSite","@id":"https:\/\/www.manaus.am.gov.br\/semcom\/#website","url":"https:\/\/www.manaus.am.gov.br\/semcom\/","name":"SEMCOM","description":"Secretaria Municipal de Comunica\u00e7\u00e3o","potentialAction":[{"@type":"SearchAction","target":{"@type":"EntryPoint","urlTemplate":"https:\/\/www.manaus.am.gov.br\/semcom\/?s={search_term_string}"},"query-input":"required name=search_term_string"}],"inLanguage":"pt-BR"},{"@type":"Person","@id":"https:\/\/www.manaus.am.gov.br\/semcom\/#\/schema\/person\/ab4dcf766a54dff74e8d267f5c591961","name":"smonteiro","image":{"@type":"ImageObject","inLanguage":"pt-BR","@id":"https:\/\/www.manaus.am.gov.br\/semcom\/#\/schema\/person\/image\/","url":"https:\/\/secure.gravatar.com\/avatar\/21c8776ef61d9272c73322052e042d77?s=96&d=mm&r=g","contentUrl":"https:\/\/secure.gravatar.com\/avatar\/21c8776ef61d9272c73322052e042d77?s=96&d=mm&r=g","caption":"smonteiro"}}]}},"_links":{"self":[{"href":"https:\/\/www.manaus.am.gov.br\/semcom\/wp-json\/wp\/v2\/posts\/254571"}],"collection":[{"href":"https:\/\/www.manaus.am.gov.br\/semcom\/wp-json\/wp\/v2\/posts"}],"about":[{"href":"https:\/\/www.manaus.am.gov.br\/semcom\/wp-json\/wp\/v2\/types\/post"}],"author":[{"embeddable":true,"href":"https:\/\/www.manaus.am.gov.br\/semcom\/wp-json\/wp\/v2\/users\/61"}],"replies":[{"embeddable":true,"href":"https:\/\/www.manaus.am.gov.br\/semcom\/wp-json\/wp\/v2\/comments?post=254571"}],"version-history":[{"count":5,"href":"https:\/\/www.manaus.am.gov.br\/semcom\/wp-json\/wp\/v2\/posts\/254571\/revisions"}],"predecessor-version":[{"id":254593,"href":"https:\/\/www.manaus.am.gov.br\/semcom\/wp-json\/wp\/v2\/posts\/254571\/revisions\/254593"}],"wp:featuredmedia":[{"embeddable":true,"href":"https:\/\/www.manaus.am.gov.br\/semcom\/wp-json\/wp\/v2\/media\/254574"}],"wp:attachment":[{"href":"https:\/\/www.manaus.am.gov.br\/semcom\/wp-json\/wp\/v2\/media?parent=254571"}],"wp:term":[{"taxonomy":"category","embeddable":true,"href":"https:\/\/www.manaus.am.gov.br\/semcom\/wp-json\/wp\/v2\/categories?post=254571"},{"taxonomy":"post_tag","embeddable":true,"href":"https:\/\/www.manaus.am.gov.br\/semcom\/wp-json\/wp\/v2\/tags?post=254571"}],"curies":[{"name":"wp","href":"https:\/\/api.w.org\/{rel}","templated":true}]}}