{"id":254557,"date":"2026-03-12T21:34:50","date_gmt":"2026-03-13T00:34:50","guid":{"rendered":"https:\/\/www.manaus.am.gov.br\/semcom\/intensifica-obras-oeste\/"},"modified":"2026-03-13T13:42:47","modified_gmt":"2026-03-13T16:42:47","slug":"intensifica-obras-oeste-manutencao-asfaltica","status":"publish","type":"post","link":"https:\/\/www.manaus.am.gov.br\/semcom\/intensifica-obras-oeste-manutencao-asfaltica\/","title":{"rendered":"Prefeitura de Manaus intensifica obras na zona Oeste e recupera via importante no bairro Santo Agostinho"},"content":{"rendered":"\n<p>A <a href=\"https:\/\/www.manaus.am.gov.br\/\">Prefeitura de Manaus<\/a>, por meio da <a href=\"https:\/\/www.instagram.com\/seminf.manaus\/\">Secretaria Municipal de Infraestrutura<\/a> (Seminf), segue avan\u00e7ando com novas frentes de obras em diferentes zonas da capital e, nesta quinta-feira, 12\/3, levou servi\u00e7os de manuten\u00e7\u00e3o asf\u00e1ltica para a rua Igarap\u00e9 do Franco, no bairro Santo Agostinho, zona Oeste da cidade. Considerada uma das principais vias da comunidade, a rua passa por recupera\u00e7\u00e3o da pavimenta\u00e7\u00e3o, garantindo mais mobilidade, seguran\u00e7a e melhores condi\u00e7\u00f5es de tr\u00e1fego para moradores, comerciantes e condutores que utilizam o trecho diariamente.<\/p>\n\n\n\n<p>O vice-prefeito e secret\u00e1rio de Obras, Renato Junior, destacou que o trabalho das equipes come\u00e7a ainda nas primeiras horas do dia, permitindo que diversas frentes de servi\u00e7o avancem simultaneamente em diferentes pontos da cidade.<\/p>\n\n\n\n<p>\u201cNosso time da Seminf come\u00e7a o dia cedo, com muita disposi\u00e7\u00e3o para chegar onde a popula\u00e7\u00e3o precisa. Cada rua recuperada representa mais dignidade, mais seguran\u00e7a e melhor qualidade de vida para quem mora na comunidade. \u00c9 assim que trabalhamos, seguindo a orienta\u00e7\u00e3o do prefeito David Almeida, levando infraestrutura e melhorias para todas as zonas da cidade\u201d, afirmou Renato Junior.<\/p>\n\n\n\n<p>Antes da interven\u00e7\u00e3o, a via apresentava desgaste na pavimenta\u00e7\u00e3o e diversos buracos, dificultando o tr\u00e1fego no local. Com o servi\u00e7o de recupera\u00e7\u00e3o asf\u00e1ltica, a realidade da rua come\u00e7a a mudar, trazendo mais conforto e seguran\u00e7a para quem vive e circula pela regi\u00e3o.<\/p>\n\n\n\n<p>Morador do bairro e comerciante, Janderson Dutra, de 48 anos, destacou a import\u00e2ncia da obra de manuten\u00e7\u00e3o asf\u00e1ltica para a comunidade. \u201cQuero agradecer \u00e0 Prefeitura de Manaus por atender nosso pedido. Essa \u00e9 uma via muito importante para quem mora aqui e para quem trabalha na regi\u00e3o. Ver as equipes atuando e melhorando a rua deixa a gente muito satisfeito\u201d, afirmou o morador.<\/p>\n\n\n\n<p>A a\u00e7\u00e3o integra o cronograma permanente da Prefeitura de Manaus para recupera\u00e7\u00e3o da malha vi\u00e1ria da capital, levando infraestrutura, mobilidade e mais qualidade de vida para os moradores dos bairros.<\/p>\n\n\n\n<p>&#8212; &#8212; &#8212;<\/p>\n\n\n\n<p><strong>Texto<\/strong> &#8211; Rayana Coutinho \/ Seminf<\/p>\n\n\n\n<p><strong>Fotos<\/strong> &#8211; M\u00e1rcio Melo \/ Seminf<\/p>\n","protected":false},"excerpt":{"rendered":"","protected":false},"author":61,"featured_media":254558,"comment_status":"closed","ping_status":"closed","sticky":false,"template":"","format":"standard","meta":{"footnotes":""},"categories":[27],"tags":[77,15356,33],"acf":[],"yoast_head":"<!-- This site is optimized with the Yoast SEO plugin v23.0 - https:\/\/yoast.com\/wordpress\/plugins\/seo\/ -->\n<title>Prefeitura de Manaus intensifica obras na zona Oeste e recupera via importante no bairro Santo Agostinho<\/title>\n<meta name=\"description\" content=\"A Prefeitura de Manaus, por meio da Secretaria Municipal de Infraestrutura (Seminf), segue avan\u00e7ando com novas frentes de obras em diferentes zonas da capital e, nesta quinta-feira, 12\/3, levou servi\u00e7os de manuten\u00e7\u00e3o asf\u00e1ltica para a rua Igarap\u00e9 do Franco, no bairro Santo Agostinho.\" \/>\n<meta name=\"robots\" content=\"index, follow, max-snippet:-1, max-image-preview:large, max-video-preview:-1\" \/>\n<link rel=\"canonical\" href=\"https:\/\/www.manaus.am.gov.br\/semcom\/intensifica-obras-oeste\/\" \/>\n<meta property=\"og:locale\" content=\"pt_BR\" \/>\n<meta property=\"og:type\" content=\"article\" \/>\n<meta property=\"og:title\" content=\"Prefeitura de Manaus intensifica obras na zona Oeste e recupera via importante no bairro Santo Agostinho\" \/>\n<meta property=\"og:description\" content=\"A Prefeitura de Manaus, por meio da Secretaria Municipal de Infraestrutura (Seminf), segue avan\u00e7ando com novas frentes de obras em diferentes zonas da capital e, nesta quinta-feira, 12\/3, levou servi\u00e7os de manuten\u00e7\u00e3o asf\u00e1ltica para a rua Igarap\u00e9 do Franco, no bairro Santo Agostinho.\" \/>\n<meta property=\"og:url\" content=\"https:\/\/www.manaus.am.gov.br\/semcom\/intensifica-obras-oeste\/\" \/>\n<meta property=\"og:site_name\" content=\"SEMCOM\" \/>\n<meta property=\"article:published_time\" content=\"2026-03-13T00:34:50+00:00\" \/>\n<meta property=\"article:modified_time\" content=\"2026-03-13T16:42:47+00:00\" \/>\n<meta property=\"og:image\" content=\"https:\/\/www.manaus.am.gov.br\/semcom\/wp-content\/uploads\/sites\/5\/2026\/03\/Seminf-Santo-Agostinho-2.jpg\" \/>\n\t<meta property=\"og:image:width\" content=\"1464\" \/>\n\t<meta property=\"og:image:height\" content=\"976\" \/>\n\t<meta property=\"og:image:type\" content=\"image\/jpeg\" \/>\n<meta name=\"author\" content=\"smonteiro\" \/>\n<meta name=\"twitter:card\" content=\"summary_large_image\" \/>\n<meta name=\"twitter:label1\" content=\"Written by\" \/>\n\t<meta name=\"twitter:data1\" content=\"smonteiro\" \/>\n\t<meta name=\"twitter:label2\" content=\"Est. reading time\" \/>\n\t<meta name=\"twitter:data2\" content=\"2 minutos\" \/>\n<script type=\"application\/ld+json\" class=\"yoast-schema-graph\">{\"@context\":\"https:\/\/schema.org\",\"@graph\":[{\"@type\":\"WebPage\",\"@id\":\"https:\/\/www.manaus.am.gov.br\/semcom\/intensifica-obras-oeste\/\",\"url\":\"https:\/\/www.manaus.am.gov.br\/semcom\/intensifica-obras-oeste\/\",\"name\":\"Prefeitura de Manaus intensifica obras na zona Oeste e recupera via importante no bairro Santo Agostinho\",\"isPartOf\":{\"@id\":\"https:\/\/www.manaus.am.gov.br\/semcom\/#website\"},\"primaryImageOfPage\":{\"@id\":\"https:\/\/www.manaus.am.gov.br\/semcom\/intensifica-obras-oeste\/#primaryimage\"},\"image\":{\"@id\":\"https:\/\/www.manaus.am.gov.br\/semcom\/intensifica-obras-oeste\/#primaryimage\"},\"thumbnailUrl\":\"https:\/\/www.manaus.am.gov.br\/semcom\/wp-content\/uploads\/sites\/5\/2026\/03\/Seminf-Santo-Agostinho-2.jpg\",\"datePublished\":\"2026-03-13T00:34:50+00:00\",\"dateModified\":\"2026-03-13T16:42:47+00:00\",\"author\":{\"@id\":\"https:\/\/www.manaus.am.gov.br\/semcom\/#\/schema\/person\/ab4dcf766a54dff74e8d267f5c591961\"},\"description\":\"A Prefeitura de Manaus, por meio da Secretaria Municipal de Infraestrutura (Seminf), segue avan\u00e7ando com novas frentes de obras em diferentes zonas da capital e, nesta quinta-feira, 12\/3, levou servi\u00e7os de manuten\u00e7\u00e3o asf\u00e1ltica para a rua Igarap\u00e9 do Franco, no bairro Santo Agostinho.\",\"inLanguage\":\"pt-BR\",\"potentialAction\":[{\"@type\":\"ReadAction\",\"target\":[\"https:\/\/www.manaus.am.gov.br\/semcom\/intensifica-obras-oeste\/\"]}]},{\"@type\":\"ImageObject\",\"inLanguage\":\"pt-BR\",\"@id\":\"https:\/\/www.manaus.am.gov.br\/semcom\/intensifica-obras-oeste\/#primaryimage\",\"url\":\"https:\/\/www.manaus.am.gov.br\/semcom\/wp-content\/uploads\/sites\/5\/2026\/03\/Seminf-Santo-Agostinho-2.jpg\",\"contentUrl\":\"https:\/\/www.manaus.am.gov.br\/semcom\/wp-content\/uploads\/sites\/5\/2026\/03\/Seminf-Santo-Agostinho-2.jpg\",\"width\":1464,\"height\":976,\"caption\":\"#paratodosverem - equipes da Seminf realizaram o recapamento no Santo Agostinho\"},{\"@type\":\"WebSite\",\"@id\":\"https:\/\/www.manaus.am.gov.br\/semcom\/#website\",\"url\":\"https:\/\/www.manaus.am.gov.br\/semcom\/\",\"name\":\"SEMCOM\",\"description\":\"Secretaria Municipal de Comunica\u00e7\u00e3o\",\"potentialAction\":[{\"@type\":\"SearchAction\",\"target\":{\"@type\":\"EntryPoint\",\"urlTemplate\":\"https:\/\/www.manaus.am.gov.br\/semcom\/?s={search_term_string}\"},\"query-input\":\"required name=search_term_string\"}],\"inLanguage\":\"pt-BR\"},{\"@type\":\"Person\",\"@id\":\"https:\/\/www.manaus.am.gov.br\/semcom\/#\/schema\/person\/ab4dcf766a54dff74e8d267f5c591961\",\"name\":\"smonteiro\",\"image\":{\"@type\":\"ImageObject\",\"inLanguage\":\"pt-BR\",\"@id\":\"https:\/\/www.manaus.am.gov.br\/semcom\/#\/schema\/person\/image\/\",\"url\":\"https:\/\/secure.gravatar.com\/avatar\/21c8776ef61d9272c73322052e042d77?s=96&d=mm&r=g\",\"contentUrl\":\"https:\/\/secure.gravatar.com\/avatar\/21c8776ef61d9272c73322052e042d77?s=96&d=mm&r=g\",\"caption\":\"smonteiro\"}}]}<\/script>\n<!-- \/ Yoast SEO plugin. -->","yoast_head_json":{"title":"Prefeitura de Manaus intensifica obras na zona Oeste e recupera via importante no bairro Santo Agostinho","description":"A Prefeitura de Manaus, por meio da Secretaria Municipal de Infraestrutura (Seminf), segue avan\u00e7ando com novas frentes de obras em diferentes zonas da capital e, nesta quinta-feira, 12\/3, levou servi\u00e7os de manuten\u00e7\u00e3o asf\u00e1ltica para a rua Igarap\u00e9 do Franco, no bairro Santo Agostinho.","robots":{"index":"index","follow":"follow","max-snippet":"max-snippet:-1","max-image-preview":"max-image-preview:large","max-video-preview":"max-video-preview:-1"},"canonical":"https:\/\/www.manaus.am.gov.br\/semcom\/intensifica-obras-oeste\/","og_locale":"pt_BR","og_type":"article","og_title":"Prefeitura de Manaus intensifica obras na zona Oeste e recupera via importante no bairro Santo Agostinho","og_description":"A Prefeitura de Manaus, por meio da Secretaria Municipal de Infraestrutura (Seminf), segue avan\u00e7ando com novas frentes de obras em diferentes zonas da capital e, nesta quinta-feira, 12\/3, levou servi\u00e7os de manuten\u00e7\u00e3o asf\u00e1ltica para a rua Igarap\u00e9 do Franco, no bairro Santo Agostinho.","og_url":"https:\/\/www.manaus.am.gov.br\/semcom\/intensifica-obras-oeste\/","og_site_name":"SEMCOM","article_published_time":"2026-03-13T00:34:50+00:00","article_modified_time":"2026-03-13T16:42:47+00:00","og_image":[{"width":1464,"height":976,"url":"https:\/\/www.manaus.am.gov.br\/semcom\/wp-content\/uploads\/sites\/5\/2026\/03\/Seminf-Santo-Agostinho-2.jpg","type":"image\/jpeg"}],"author":"smonteiro","twitter_card":"summary_large_image","twitter_misc":{"Written by":"smonteiro","Est. reading time":"2 minutos"},"schema":{"@context":"https:\/\/schema.org","@graph":[{"@type":"WebPage","@id":"https:\/\/www.manaus.am.gov.br\/semcom\/intensifica-obras-oeste\/","url":"https:\/\/www.manaus.am.gov.br\/semcom\/intensifica-obras-oeste\/","name":"Prefeitura de Manaus intensifica obras na zona Oeste e recupera via importante no bairro Santo Agostinho","isPartOf":{"@id":"https:\/\/www.manaus.am.gov.br\/semcom\/#website"},"primaryImageOfPage":{"@id":"https:\/\/www.manaus.am.gov.br\/semcom\/intensifica-obras-oeste\/#primaryimage"},"image":{"@id":"https:\/\/www.manaus.am.gov.br\/semcom\/intensifica-obras-oeste\/#primaryimage"},"thumbnailUrl":"https:\/\/www.manaus.am.gov.br\/semcom\/wp-content\/uploads\/sites\/5\/2026\/03\/Seminf-Santo-Agostinho-2.jpg","datePublished":"2026-03-13T00:34:50+00:00","dateModified":"2026-03-13T16:42:47+00:00","author":{"@id":"https:\/\/www.manaus.am.gov.br\/semcom\/#\/schema\/person\/ab4dcf766a54dff74e8d267f5c591961"},"description":"A Prefeitura de Manaus, por meio da Secretaria Municipal de Infraestrutura (Seminf), segue avan\u00e7ando com novas frentes de obras em diferentes zonas da capital e, nesta quinta-feira, 12\/3, levou servi\u00e7os de manuten\u00e7\u00e3o asf\u00e1ltica para a rua Igarap\u00e9 do Franco, no bairro Santo Agostinho.","inLanguage":"pt-BR","potentialAction":[{"@type":"ReadAction","target":["https:\/\/www.manaus.am.gov.br\/semcom\/intensifica-obras-oeste\/"]}]},{"@type":"ImageObject","inLanguage":"pt-BR","@id":"https:\/\/www.manaus.am.gov.br\/semcom\/intensifica-obras-oeste\/#primaryimage","url":"https:\/\/www.manaus.am.gov.br\/semcom\/wp-content\/uploads\/sites\/5\/2026\/03\/Seminf-Santo-Agostinho-2.jpg","contentUrl":"https:\/\/www.manaus.am.gov.br\/semcom\/wp-content\/uploads\/sites\/5\/2026\/03\/Seminf-Santo-Agostinho-2.jpg","width":1464,"height":976,"caption":"#paratodosverem - equipes da Seminf realizaram o recapamento no Santo Agostinho"},{"@type":"WebSite","@id":"https:\/\/www.manaus.am.gov.br\/semcom\/#website","url":"https:\/\/www.manaus.am.gov.br\/semcom\/","name":"SEMCOM","description":"Secretaria Municipal de Comunica\u00e7\u00e3o","potentialAction":[{"@type":"SearchAction","target":{"@type":"EntryPoint","urlTemplate":"https:\/\/www.manaus.am.gov.br\/semcom\/?s={search_term_string}"},"query-input":"required name=search_term_string"}],"inLanguage":"pt-BR"},{"@type":"Person","@id":"https:\/\/www.manaus.am.gov.br\/semcom\/#\/schema\/person\/ab4dcf766a54dff74e8d267f5c591961","name":"smonteiro","image":{"@type":"ImageObject","inLanguage":"pt-BR","@id":"https:\/\/www.manaus.am.gov.br\/semcom\/#\/schema\/person\/image\/","url":"https:\/\/secure.gravatar.com\/avatar\/21c8776ef61d9272c73322052e042d77?s=96&d=mm&r=g","contentUrl":"https:\/\/secure.gravatar.com\/avatar\/21c8776ef61d9272c73322052e042d77?s=96&d=mm&r=g","caption":"smonteiro"}}]}},"_links":{"self":[{"href":"https:\/\/www.manaus.am.gov.br\/semcom\/wp-json\/wp\/v2\/posts\/254557"}],"collection":[{"href":"https:\/\/www.manaus.am.gov.br\/semcom\/wp-json\/wp\/v2\/posts"}],"about":[{"href":"https:\/\/www.manaus.am.gov.br\/semcom\/wp-json\/wp\/v2\/types\/post"}],"author":[{"embeddable":true,"href":"https:\/\/www.manaus.am.gov.br\/semcom\/wp-json\/wp\/v2\/users\/61"}],"replies":[{"embeddable":true,"href":"https:\/\/www.manaus.am.gov.br\/semcom\/wp-json\/wp\/v2\/comments?post=254557"}],"version-history":[{"count":2,"href":"https:\/\/www.manaus.am.gov.br\/semcom\/wp-json\/wp\/v2\/posts\/254557\/revisions"}],"predecessor-version":[{"id":254614,"href":"https:\/\/www.manaus.am.gov.br\/semcom\/wp-json\/wp\/v2\/posts\/254557\/revisions\/254614"}],"wp:featuredmedia":[{"embeddable":true,"href":"https:\/\/www.manaus.am.gov.br\/semcom\/wp-json\/wp\/v2\/media\/254558"}],"wp:attachment":[{"href":"https:\/\/www.manaus.am.gov.br\/semcom\/wp-json\/wp\/v2\/media?parent=254557"}],"wp:term":[{"taxonomy":"category","embeddable":true,"href":"https:\/\/www.manaus.am.gov.br\/semcom\/wp-json\/wp\/v2\/categories?post=254557"},{"taxonomy":"post_tag","embeddable":true,"href":"https:\/\/www.manaus.am.gov.br\/semcom\/wp-json\/wp\/v2\/tags?post=254557"}],"curies":[{"name":"wp","href":"https:\/\/api.w.org\/{rel}","templated":true}]}}