{"id":254523,"date":"2026-03-12T15:48:49","date_gmt":"2026-03-12T18:48:49","guid":{"rendered":"https:\/\/www.manaus.am.gov.br\/semcom\/prefeitura-manauscult-feirapescaesportiva\/"},"modified":"2026-03-12T15:57:54","modified_gmt":"2026-03-12T18:57:54","slug":"prefeitura-manauscult-pesca-cia-trade-show-2026","status":"publish","type":"post","link":"https:\/\/www.manaus.am.gov.br\/semcom\/prefeitura-manauscult-pesca-cia-trade-show-2026\/","title":{"rendered":"Prefeitura de Manaus leva turismo de pesca esportiva comunit\u00e1ria \u00e0 \u2018Pesca &amp; Cia Trade Show 2026\u2019"},"content":{"rendered":"\n<p>A <a href=\"https:\/\/www.manaus.am.gov.br\/\">Prefeitura de Manaus<\/a>, por meio da <a href=\"https:\/\/www.instagram.com\/manauscult_\/\">Funda\u00e7\u00e3o Municipal de Cultura, Turismo e Eventos<\/a> (ManausCult), participa, nesta quinta-feira, 12\/3, da \u201cPesca &amp; Cia Trade Show 2026\u201d, considerada uma das maiores feiras de pesca esportiva da Am\u00e9rica Latina. O evento acontece at\u00e9 o dia 14 de mar\u00e7o, em S\u00e3o Paulo (SP), reunindo empres\u00e1rios, operadores de turismo e especialistas do setor para discutir tend\u00eancias, sustentabilidade e oportunidades de neg\u00f3cios no segmento.<\/p>\n\n\n\n<p>Neste ano, Manaus apresentar\u00e1 ao p\u00fablico da feira o potencial do turismo de pesca esportiva na regi\u00e3o, com destaque para experi\u00eancias de turismo de base comunit\u00e1ria. A comitiva contar\u00e1 com a participa\u00e7\u00e3o do presidente da Associa\u00e7\u00e3o Comunit\u00e1ria Agr\u00edcola S\u00e3o Francisco do Caramuri (ACASFC), Daniel Silva, al\u00e9m de empres\u00e1rios do setor de pesca esportiva e do segmento hoteleiro da capital amazonense.<\/p>\n\n\n\n<p>Segundo o diretor-presidente da ManausCult, Jender Lobato, a presen\u00e7a de Manaus no evento \u00e9 estrat\u00e9gica para fortalecer o destino no cen\u00e1rio nacional. \u201cParticipar da Pesca &amp; Cia Trade Show \u00e9 uma oportunidade importante para apresentar ao mercado o potencial tur\u00edstico de Manaus e da regi\u00e3o amaz\u00f4nica. Estamos levando um exemplo concreto de turismo sustent\u00e1vel e de base comunit\u00e1ria, que \u00e9 o trabalho desenvolvido na comunidade S\u00e3o Francisco do Caramuri. Essa iniciativa fortalece a economia local, valoriza a cultura da comunidade e posiciona Manaus como um dos grandes destinos da pesca esportiva no Brasil\u201d, destacou.<\/p>\n\n\n\n<p>Localizada a aproximadamente 160 quil\u00f4metros de Manaus, a comunidade vem se consolidando como um polo de turismo de base comunit\u00e1ria em crescimento, especialmente pela captura de tucunar\u00e9s das esp\u00e9cies a\u00e7u e vazzoleri e pela realiza\u00e7\u00e3o de festivais de pesca esportiva que atraem visitantes e pescadores esportivos.<\/p>\n\n\n\n<p>Para o presidente da associa\u00e7\u00e3o comunit\u00e1ria, Daniel Silva, a participa\u00e7\u00e3o no evento representa uma oportunidade de ampliar a visibilidade da comunidade.<\/p>\n\n\n\n<p>\u201cEstar presente em um evento desse porte \u00e9 muito importante para mostrar o potencial da nossa comunidade. A pesca esportiva tem gerado oportunidades para os moradores e fortalecido o turismo de base comunit\u00e1ria na comunidade S\u00e3o Francisco do Caramuri, sempre com respeito \u00e0 natureza e valoriza\u00e7\u00e3o da nossa cultura\u201d, afirmou.<\/p>\n\n\n\n<p>A participa\u00e7\u00e3o da comunidade e dos empres\u00e1rios no evento integra estrat\u00e9gias de fortalecimento do turismo sustent\u00e1vel, com impactos sociais, econ\u00f4micos, ambientais e culturais para os moradores da regi\u00e3o. A iniciativa tamb\u00e9m contribui para consolidar Manaus como porta de entrada do turismo na Amaz\u00f4nia e ampliar a gera\u00e7\u00e3o de emprego e renda.<\/p>\n\n\n\n<p>Destaque em 2025<\/p>\n\n\n\n<p>A presen\u00e7a de Manaus na feira tamb\u00e9m ocorre ap\u00f3s o destaque obtido na edi\u00e7\u00e3o de 2025 da Pesca &amp; Cia Trade Show. Na ocasi\u00e3o, o evento reuniu mais de 35 mil visitantes durante tr\u00eas dias e movimentou aproximadamente R$ 1 bilh\u00e3o em neg\u00f3cios. O mercado brasileiro \u00e9 considerado promissor, com mais de 20 milh\u00f5es de pessoas praticando alguma modalidade de pesca no pa\u00eds.<\/p>\n\n\n\n<p>Durante a edi\u00e7\u00e3o anterior, o estande de Manaus possibilitou que empres\u00e1rios da capital e de outros munic\u00edpios do Amazonas divulgassem seus produtos, ampliassem contatos e realizassem neg\u00f3cios. A cidade tamb\u00e9m ganhou destaque no \u2018F\u00f3rum de Turismo de Pesca\u2019, que discutiu sustentabilidade, ecoturismo e desenvolvimento regional.<\/p>\n\n\n\n<p>Na ocasi\u00e3o, a diretoria de Turismo da ManausCult apresentou o exemplo da comunidade S\u00e3o Francisco do Caramuri, destacando o modelo de pesca esportiva comunit\u00e1ria aliado ao ecoturismo e ao desenvolvimento sustent\u00e1vel, iniciativa que \u00e9 fortalecida por meio de parceria com a comunidade desde 2025.<\/p>\n\n\n\n<p>Reconhecimento e promo\u00e7\u00e3o do destino Manaus<\/p>\n\n\n\n<p>Manaus tamb\u00e9m vem acumulando importantes reconhecimentos no cen\u00e1rio tur\u00edstico nacional e internacional. Em 2026, a capital amazonense passou a integrar o ranking \u201c50 Lugares para Viajar no Brasil em 2026\u201d, do projeto Brasil em Mapas, ocupando a 5\u00aa posi\u00e7\u00e3o entre os principais destinos tur\u00edsticos do pa\u00eds, \u00e0 frente de tradicionais destinos do litoral brasileiro.<\/p>\n\n\n\n<p>No cen\u00e1rio internacional, Manaus foi a \u00fanica cidade brasileira escolhida como \u201cCidade Global \u2013 Tend\u00eancias de Viagens\u201d por usu\u00e1rios da Booking.com, com destaque para experi\u00eancias ligadas ao ecoturismo, \u00e0 cultura amaz\u00f4nica e \u00e0 gastronomia regional.<\/p>\n\n\n\n<p>Para Jender Lobato, a presen\u00e7a constante de Manaus em feiras e eventos do setor \u00e9 parte de uma estrat\u00e9gia para consolidar o destino no mercado tur\u00edstico. \u201cTemos intensificado a presen\u00e7a de Manaus em feiras nacionais e internacionais para mostrar ao mundo o potencial da nossa cidade. Estivemos recentemente na Bolsa de Turismo de Lisboa e, agora, participamos da Pesca &amp; Cia Trade Show, refor\u00e7ando esse trabalho de promo\u00e7\u00e3o do destino. Esses resultados j\u00e1 come\u00e7am a aparecer, com Manaus entre os principais destinos tur\u00edsticos do pa\u00eds e reconhecida internacionalmente como tend\u00eancia de viagem. Nosso objetivo \u00e9 seguir fortalecendo a imagem da cidade, atraindo visitantes e gerando mais oportunidades para a economia e para a popula\u00e7\u00e3o\u201d, concluiu.<\/p>\n\n\n\n<p>&#8212; &#8212; &#8212;<\/p>\n\n\n\n<p><strong>Texto <\/strong>&#8211; J\u00e9ssica Trajano\/ManausCult<\/p>\n\n\n\n<p><strong>Fotos<\/strong> \u2013 Divulga\u00e7\u00e3o<\/p>\n","protected":false},"excerpt":{"rendered":"","protected":false},"author":23,"featured_media":254524,"comment_status":"closed","ping_status":"closed","sticky":false,"template":"","format":"standard","meta":{"footnotes":""},"categories":[50],"tags":[19736,2550,307,77,2552,3356,418],"acf":[],"yoast_head":"<!-- This site is optimized with the Yoast SEO plugin v23.0 - https:\/\/yoast.com\/wordpress\/plugins\/seo\/ -->\n<title>Pesca &amp; Cia Trade Show 2026<\/title>\n<meta name=\"description\" content=\"A Prefeitura de Manaus, por meio da Funda\u00e7\u00e3o Municipal de Cultura, Turismo e Eventos (ManausCult), participa, nesta quinta-feira, 12\/3, da \u201cPesca &amp; Cia Trade Show 2026\u201d, considerada uma das maiores feiras de pesca esportiva da Am\u00e9rica Latina.\" \/>\n<meta name=\"robots\" content=\"index, follow, max-snippet:-1, max-image-preview:large, max-video-preview:-1\" \/>\n<link rel=\"canonical\" href=\"https:\/\/www.manaus.am.gov.br\/semcom\/prefeitura-manauscult-pesca-cia-trade-show-2026\/\" \/>\n<meta property=\"og:locale\" content=\"pt_BR\" \/>\n<meta property=\"og:type\" content=\"article\" \/>\n<meta property=\"og:title\" content=\"Pesca &amp; Cia Trade Show 2026\" \/>\n<meta property=\"og:description\" content=\"A Prefeitura de Manaus, por meio da Funda\u00e7\u00e3o Municipal de Cultura, Turismo e Eventos (ManausCult), participa, nesta quinta-feira, 12\/3, da \u201cPesca &amp; Cia Trade Show 2026\u201d, considerada uma das maiores feiras de pesca esportiva da Am\u00e9rica Latina.\" \/>\n<meta property=\"og:url\" content=\"https:\/\/www.manaus.am.gov.br\/semcom\/prefeitura-manauscult-pesca-cia-trade-show-2026\/\" \/>\n<meta property=\"og:site_name\" content=\"SEMCOM\" \/>\n<meta property=\"article:published_time\" content=\"2026-03-12T18:48:49+00:00\" \/>\n<meta property=\"article:modified_time\" content=\"2026-03-12T18:57:54+00:00\" \/>\n<meta property=\"og:image\" content=\"https:\/\/www.manaus.am.gov.br\/semcom\/wp-content\/uploads\/sites\/5\/2026\/03\/WhatsApp-Image-2026-03-12-at-14.22.45.jpeg\" \/>\n\t<meta property=\"og:image:width\" content=\"1200\" \/>\n\t<meta property=\"og:image:height\" content=\"1600\" \/>\n\t<meta property=\"og:image:type\" content=\"image\/jpeg\" \/>\n<meta name=\"author\" content=\"Adriana Costa\" \/>\n<meta name=\"twitter:card\" content=\"summary_large_image\" \/>\n<meta name=\"twitter:label1\" content=\"Written by\" \/>\n\t<meta name=\"twitter:data1\" content=\"Adriana Costa\" \/>\n\t<meta name=\"twitter:label2\" content=\"Est. reading time\" \/>\n\t<meta name=\"twitter:data2\" content=\"5 minutos\" \/>\n<script type=\"application\/ld+json\" class=\"yoast-schema-graph\">{\"@context\":\"https:\/\/schema.org\",\"@graph\":[{\"@type\":\"WebPage\",\"@id\":\"https:\/\/www.manaus.am.gov.br\/semcom\/prefeitura-manauscult-pesca-cia-trade-show-2026\/\",\"url\":\"https:\/\/www.manaus.am.gov.br\/semcom\/prefeitura-manauscult-pesca-cia-trade-show-2026\/\",\"name\":\"Pesca & Cia Trade Show 2026\",\"isPartOf\":{\"@id\":\"https:\/\/www.manaus.am.gov.br\/semcom\/#website\"},\"primaryImageOfPage\":{\"@id\":\"https:\/\/www.manaus.am.gov.br\/semcom\/prefeitura-manauscult-pesca-cia-trade-show-2026\/#primaryimage\"},\"image\":{\"@id\":\"https:\/\/www.manaus.am.gov.br\/semcom\/prefeitura-manauscult-pesca-cia-trade-show-2026\/#primaryimage\"},\"thumbnailUrl\":\"https:\/\/www.manaus.am.gov.br\/semcom\/wp-content\/uploads\/sites\/5\/2026\/03\/WhatsApp-Image-2026-03-12-at-14.22.45.jpeg\",\"datePublished\":\"2026-03-12T18:48:49+00:00\",\"dateModified\":\"2026-03-12T18:57:54+00:00\",\"author\":{\"@id\":\"https:\/\/www.manaus.am.gov.br\/semcom\/#\/schema\/person\/4e49f4e267757a06ca072ec61b2b9968\"},\"description\":\"A Prefeitura de Manaus, por meio da Funda\u00e7\u00e3o Municipal de Cultura, Turismo e Eventos (ManausCult), participa, nesta quinta-feira, 12\/3, da \u201cPesca & Cia Trade Show 2026\u201d, considerada uma das maiores feiras de pesca esportiva da Am\u00e9rica Latina.\",\"inLanguage\":\"pt-BR\",\"potentialAction\":[{\"@type\":\"ReadAction\",\"target\":[\"https:\/\/www.manaus.am.gov.br\/semcom\/prefeitura-manauscult-pesca-cia-trade-show-2026\/\"]}]},{\"@type\":\"ImageObject\",\"inLanguage\":\"pt-BR\",\"@id\":\"https:\/\/www.manaus.am.gov.br\/semcom\/prefeitura-manauscult-pesca-cia-trade-show-2026\/#primaryimage\",\"url\":\"https:\/\/www.manaus.am.gov.br\/semcom\/wp-content\/uploads\/sites\/5\/2026\/03\/WhatsApp-Image-2026-03-12-at-14.22.45.jpeg\",\"contentUrl\":\"https:\/\/www.manaus.am.gov.br\/semcom\/wp-content\/uploads\/sites\/5\/2026\/03\/WhatsApp-Image-2026-03-12-at-14.22.45.jpeg\",\"width\":1200,\"height\":1600,\"caption\":\"#paratodosverem - Estande de Manaus em feira \\\"Pesca &amp; Cia Trade Show 2026\u201d, considerada uma das maiores feiras de pesca esportiva da Am\u00e9rica Latina\"},{\"@type\":\"WebSite\",\"@id\":\"https:\/\/www.manaus.am.gov.br\/semcom\/#website\",\"url\":\"https:\/\/www.manaus.am.gov.br\/semcom\/\",\"name\":\"SEMCOM\",\"description\":\"Secretaria Municipal de Comunica\u00e7\u00e3o\",\"potentialAction\":[{\"@type\":\"SearchAction\",\"target\":{\"@type\":\"EntryPoint\",\"urlTemplate\":\"https:\/\/www.manaus.am.gov.br\/semcom\/?s={search_term_string}\"},\"query-input\":\"required name=search_term_string\"}],\"inLanguage\":\"pt-BR\"},{\"@type\":\"Person\",\"@id\":\"https:\/\/www.manaus.am.gov.br\/semcom\/#\/schema\/person\/4e49f4e267757a06ca072ec61b2b9968\",\"name\":\"Adriana Costa\",\"image\":{\"@type\":\"ImageObject\",\"inLanguage\":\"pt-BR\",\"@id\":\"https:\/\/www.manaus.am.gov.br\/semcom\/#\/schema\/person\/image\/\",\"url\":\"https:\/\/secure.gravatar.com\/avatar\/576258617ef7194f718179e766d57bd4?s=96&d=mm&r=g\",\"contentUrl\":\"https:\/\/secure.gravatar.com\/avatar\/576258617ef7194f718179e766d57bd4?s=96&d=mm&r=g\",\"caption\":\"Adriana Costa\"}}]}<\/script>\n<!-- \/ Yoast SEO plugin. -->","yoast_head_json":{"title":"Pesca & Cia Trade Show 2026","description":"A Prefeitura de Manaus, por meio da Funda\u00e7\u00e3o Municipal de Cultura, Turismo e Eventos (ManausCult), participa, nesta quinta-feira, 12\/3, da \u201cPesca & Cia Trade Show 2026\u201d, considerada uma das maiores feiras de pesca esportiva da Am\u00e9rica Latina.","robots":{"index":"index","follow":"follow","max-snippet":"max-snippet:-1","max-image-preview":"max-image-preview:large","max-video-preview":"max-video-preview:-1"},"canonical":"https:\/\/www.manaus.am.gov.br\/semcom\/prefeitura-manauscult-pesca-cia-trade-show-2026\/","og_locale":"pt_BR","og_type":"article","og_title":"Pesca & Cia Trade Show 2026","og_description":"A Prefeitura de Manaus, por meio da Funda\u00e7\u00e3o Municipal de Cultura, Turismo e Eventos (ManausCult), participa, nesta quinta-feira, 12\/3, da \u201cPesca & Cia Trade Show 2026\u201d, considerada uma das maiores feiras de pesca esportiva da Am\u00e9rica Latina.","og_url":"https:\/\/www.manaus.am.gov.br\/semcom\/prefeitura-manauscult-pesca-cia-trade-show-2026\/","og_site_name":"SEMCOM","article_published_time":"2026-03-12T18:48:49+00:00","article_modified_time":"2026-03-12T18:57:54+00:00","og_image":[{"width":1200,"height":1600,"url":"https:\/\/www.manaus.am.gov.br\/semcom\/wp-content\/uploads\/sites\/5\/2026\/03\/WhatsApp-Image-2026-03-12-at-14.22.45.jpeg","type":"image\/jpeg"}],"author":"Adriana Costa","twitter_card":"summary_large_image","twitter_misc":{"Written by":"Adriana Costa","Est. reading time":"5 minutos"},"schema":{"@context":"https:\/\/schema.org","@graph":[{"@type":"WebPage","@id":"https:\/\/www.manaus.am.gov.br\/semcom\/prefeitura-manauscult-pesca-cia-trade-show-2026\/","url":"https:\/\/www.manaus.am.gov.br\/semcom\/prefeitura-manauscult-pesca-cia-trade-show-2026\/","name":"Pesca & Cia Trade Show 2026","isPartOf":{"@id":"https:\/\/www.manaus.am.gov.br\/semcom\/#website"},"primaryImageOfPage":{"@id":"https:\/\/www.manaus.am.gov.br\/semcom\/prefeitura-manauscult-pesca-cia-trade-show-2026\/#primaryimage"},"image":{"@id":"https:\/\/www.manaus.am.gov.br\/semcom\/prefeitura-manauscult-pesca-cia-trade-show-2026\/#primaryimage"},"thumbnailUrl":"https:\/\/www.manaus.am.gov.br\/semcom\/wp-content\/uploads\/sites\/5\/2026\/03\/WhatsApp-Image-2026-03-12-at-14.22.45.jpeg","datePublished":"2026-03-12T18:48:49+00:00","dateModified":"2026-03-12T18:57:54+00:00","author":{"@id":"https:\/\/www.manaus.am.gov.br\/semcom\/#\/schema\/person\/4e49f4e267757a06ca072ec61b2b9968"},"description":"A Prefeitura de Manaus, por meio da Funda\u00e7\u00e3o Municipal de Cultura, Turismo e Eventos (ManausCult), participa, nesta quinta-feira, 12\/3, da \u201cPesca & Cia Trade Show 2026\u201d, considerada uma das maiores feiras de pesca esportiva da Am\u00e9rica Latina.","inLanguage":"pt-BR","potentialAction":[{"@type":"ReadAction","target":["https:\/\/www.manaus.am.gov.br\/semcom\/prefeitura-manauscult-pesca-cia-trade-show-2026\/"]}]},{"@type":"ImageObject","inLanguage":"pt-BR","@id":"https:\/\/www.manaus.am.gov.br\/semcom\/prefeitura-manauscult-pesca-cia-trade-show-2026\/#primaryimage","url":"https:\/\/www.manaus.am.gov.br\/semcom\/wp-content\/uploads\/sites\/5\/2026\/03\/WhatsApp-Image-2026-03-12-at-14.22.45.jpeg","contentUrl":"https:\/\/www.manaus.am.gov.br\/semcom\/wp-content\/uploads\/sites\/5\/2026\/03\/WhatsApp-Image-2026-03-12-at-14.22.45.jpeg","width":1200,"height":1600,"caption":"#paratodosverem - Estande de Manaus em feira \"Pesca &amp; Cia Trade Show 2026\u201d, considerada uma das maiores feiras de pesca esportiva da Am\u00e9rica Latina"},{"@type":"WebSite","@id":"https:\/\/www.manaus.am.gov.br\/semcom\/#website","url":"https:\/\/www.manaus.am.gov.br\/semcom\/","name":"SEMCOM","description":"Secretaria Municipal de Comunica\u00e7\u00e3o","potentialAction":[{"@type":"SearchAction","target":{"@type":"EntryPoint","urlTemplate":"https:\/\/www.manaus.am.gov.br\/semcom\/?s={search_term_string}"},"query-input":"required name=search_term_string"}],"inLanguage":"pt-BR"},{"@type":"Person","@id":"https:\/\/www.manaus.am.gov.br\/semcom\/#\/schema\/person\/4e49f4e267757a06ca072ec61b2b9968","name":"Adriana Costa","image":{"@type":"ImageObject","inLanguage":"pt-BR","@id":"https:\/\/www.manaus.am.gov.br\/semcom\/#\/schema\/person\/image\/","url":"https:\/\/secure.gravatar.com\/avatar\/576258617ef7194f718179e766d57bd4?s=96&d=mm&r=g","contentUrl":"https:\/\/secure.gravatar.com\/avatar\/576258617ef7194f718179e766d57bd4?s=96&d=mm&r=g","caption":"Adriana Costa"}}]}},"_links":{"self":[{"href":"https:\/\/www.manaus.am.gov.br\/semcom\/wp-json\/wp\/v2\/posts\/254523"}],"collection":[{"href":"https:\/\/www.manaus.am.gov.br\/semcom\/wp-json\/wp\/v2\/posts"}],"about":[{"href":"https:\/\/www.manaus.am.gov.br\/semcom\/wp-json\/wp\/v2\/types\/post"}],"author":[{"embeddable":true,"href":"https:\/\/www.manaus.am.gov.br\/semcom\/wp-json\/wp\/v2\/users\/23"}],"replies":[{"embeddable":true,"href":"https:\/\/www.manaus.am.gov.br\/semcom\/wp-json\/wp\/v2\/comments?post=254523"}],"version-history":[{"count":1,"href":"https:\/\/www.manaus.am.gov.br\/semcom\/wp-json\/wp\/v2\/posts\/254523\/revisions"}],"predecessor-version":[{"id":254525,"href":"https:\/\/www.manaus.am.gov.br\/semcom\/wp-json\/wp\/v2\/posts\/254523\/revisions\/254525"}],"wp:featuredmedia":[{"embeddable":true,"href":"https:\/\/www.manaus.am.gov.br\/semcom\/wp-json\/wp\/v2\/media\/254524"}],"wp:attachment":[{"href":"https:\/\/www.manaus.am.gov.br\/semcom\/wp-json\/wp\/v2\/media?parent=254523"}],"wp:term":[{"taxonomy":"category","embeddable":true,"href":"https:\/\/www.manaus.am.gov.br\/semcom\/wp-json\/wp\/v2\/categories?post=254523"},{"taxonomy":"post_tag","embeddable":true,"href":"https:\/\/www.manaus.am.gov.br\/semcom\/wp-json\/wp\/v2\/tags?post=254523"}],"curies":[{"name":"wp","href":"https:\/\/api.w.org\/{rel}","templated":true}]}}