{"id":254492,"date":"2026-03-12T13:53:39","date_gmt":"2026-03-12T17:53:39","guid":{"rendered":"https:\/\/www.manaus.am.gov.br\/semcom\/ageman-multas-contra-aguas-de-manaus\/"},"modified":"2026-03-12T15:21:11","modified_gmt":"2026-03-12T18:21:11","slug":"ageman-multas-contra-aguas-de-manaus","status":"publish","type":"post","link":"https:\/\/www.manaus.am.gov.br\/semcom\/ageman-multas-contra-aguas-de-manaus\/","title":{"rendered":"Ageman aplica R$ 3,3 milh\u00f5es em multas contra \u00c1guas de Manaus nos tr\u00eas primeiros meses de 2026"},"content":{"rendered":"\n<p>A <a href=\"https:\/\/www.instagram.com\/ageman_manaus\/\">Ag\u00eancia Reguladora dos Servi\u00e7os P\u00fablicos Delegados do Munic\u00edpio de Manaus<\/a> (Ageman) aplicou R$ 3,3 milh\u00f5es em multas contra a concession\u00e1ria \u00c1guas de Manaus nos tr\u00eas primeiros meses de 2026, referentes \u00e0 emiss\u00e3o de 11 autos de infra\u00e7\u00e3o por irregularidades identificadas na presta\u00e7\u00e3o dos servi\u00e7os de abastecimento de \u00e1gua e esgotamento sanit\u00e1rio na capital. O valor representa pouco mais de 50% do montante aplicado em 2025 que foi de R$ 6,4 milh\u00f5es oriundos de 19 autos de infra\u00e7\u00e3o.<\/p>\n\n\n\n<p>O caso mais grave registrado neste per\u00edodo ocorreu na comunidade Nossa Senhora do Perp\u00e9tuo Socorro, localizada no bairro Cidade Nova, zona Norte de Manaus, onde problemas na rede de esgotamento sanit\u00e1rio implantada pelo programa Trata Bem Manaus resultaram na emiss\u00e3o de seis autos de infra\u00e7\u00e3o, cujas penalidades somam R$ 2,4 milh\u00f5es.<\/p>\n\n\n\n<p>\u201cA Ageman tem o dever de garantir que os servi\u00e7os p\u00fablicos delegados sejam prestados com qualidade, regularidade e em conformidade com o que estabelece o contrato de concess\u00e3o. No caso da comunidade Nossa Senhora do Perp\u00e9tuo Socorro, \u00e0s vistorias t\u00e9cnicas constataram diversas n\u00e3o conformidades que comprometem a adequada presta\u00e7\u00e3o do servi\u00e7o de esgotamento sanit\u00e1rio. Diante dessas irregularidades, a ag\u00eancia adotou as medidas cab\u00edveis e aplicou as penalidades previstas. Nosso compromisso \u00e9 com a prote\u00e7\u00e3o do usu\u00e1rio e com o cumprimento rigoroso das obriga\u00e7\u00f5es contratuais pela concession\u00e1ria\u201d, afirmou o diretor-presidente da Ageman, Elson Andrade.<\/p>\n\n\n\n<p>O problema na comunidade Nossa Senhora do Perp\u00e9tuo Socorro chegou ao conhecimento da Ageman por meio dos pr\u00f3prios moradores da localidade, que elaboraram um abaixo-assinado solicitando a suspens\u00e3o da cobran\u00e7a da tarifa de esgoto, alegando a m\u00e1 presta\u00e7\u00e3o do servi\u00e7o.<\/p>\n\n\n\n<p>O caso come\u00e7ou a ser acompanhado pela ag\u00eancia reguladora ainda em 2025. Desde ent\u00e3o, equipes da Diretoria Executiva de Regula\u00e7\u00e3o e Fiscaliza\u00e7\u00e3o dos Servi\u00e7os de Abastecimento de \u00c1gua e Esgotamento Sanit\u00e1rio realizaram sete vistorias t\u00e9cnicas na comunidade, ocasi\u00e3o em que ouviram moradores, visitaram im\u00f3veis e inspecionaram as instala\u00e7\u00f5es para verificar as ocorr\u00eancias registradas em diferentes ruas da localidade.<\/p>\n\n\n\n<p>Durante as fiscaliza\u00e7\u00f5es, foram identificadas seis irregularidades principais, entre elas: cobran\u00e7a de tarifa de esgoto sem a disponibilidade integral do servi\u00e7o; aus\u00eancia de rede coletora completa e de liga\u00e7\u00f5es domiciliares funcionais; exist\u00eancia apenas de rede interceptora em determinadas vias; descarte de esgoto in natura no igarap\u00e9 Goiabinha por meio de extravasor; obras inacabadas desde 2024; e inconsist\u00eancias no cadastro t\u00e9cnico da rede implantada.<\/p>\n\n\n\n<p>Diante das constata\u00e7\u00f5es, o diretor-presidente da Ageman determinou a emiss\u00e3o de seis autos de infra\u00e7\u00e3o contra a concession\u00e1ria, cujas penalidades somam R$ 2.438.113,05. A empresa tem prazo de 15 dias para apresentar recurso administrativo.<\/p>\n\n\n\n<p>A&nbsp;Ageman&nbsp;refor\u00e7a que segue intensificando as a\u00e7\u00f5es de fiscaliza\u00e7\u00e3o nas obras e interven\u00e7\u00f5es realizadas pela concession\u00e1ria nas vias da cidade, com o objetivo de assegurar a qualidade dos servi\u00e7os prestados \u00e0 popula\u00e7\u00e3o.<\/p>\n\n\n\n<p>A Ag\u00eancia destaca ainda que a Ouvidoria da Ageman recebe e acompanha demandas relacionadas \u00e0 presta\u00e7\u00e3o dos servi\u00e7os de saneamento b\u00e1sico na capital. Os usu\u00e1rios podem registrar manifesta\u00e7\u00f5es pelos canais de atendimento via WhatsApp, pelos n\u00fameros (92) 98842-2919 e (92) 98410-3247, al\u00e9m do site&nbsp;<a href=\"http:\/\/www.ageman.manaus.am.gov.br\/ouvidoria\" target=\"_blank\" rel=\"noreferrer noopener\">www.ageman.manaus.am.gov.br\/ouvidoria<\/a>&nbsp;e das redes sociais da Ageman.<\/p>\n\n\n\n<figure class=\"wp-block-image size-large\"><img loading=\"lazy\" decoding=\"async\" width=\"1024\" height=\"768\" src=\"https:\/\/www.manaus.am.gov.br\/semcom\/wp-content\/uploads\/sites\/5\/2026\/03\/WhatsApp-Image-2025-06-24-at-10.29.58-3-1024x768.jpeg\" alt=\"\" class=\"wp-image-254494\" srcset=\"https:\/\/www.manaus.am.gov.br\/semcom\/wp-content\/uploads\/sites\/5\/2026\/03\/WhatsApp-Image-2025-06-24-at-10.29.58-3-1024x768.jpeg 1024w, https:\/\/www.manaus.am.gov.br\/semcom\/wp-content\/uploads\/sites\/5\/2026\/03\/WhatsApp-Image-2025-06-24-at-10.29.58-3-300x225.jpeg 300w, https:\/\/www.manaus.am.gov.br\/semcom\/wp-content\/uploads\/sites\/5\/2026\/03\/WhatsApp-Image-2025-06-24-at-10.29.58-3-768x576.jpeg 768w, https:\/\/www.manaus.am.gov.br\/semcom\/wp-content\/uploads\/sites\/5\/2026\/03\/WhatsApp-Image-2025-06-24-at-10.29.58-3-1536x1152.jpeg 1536w, https:\/\/www.manaus.am.gov.br\/semcom\/wp-content\/uploads\/sites\/5\/2026\/03\/WhatsApp-Image-2025-06-24-at-10.29.58-3-2048x1536.jpeg 2048w\" sizes=\"(max-width: 1024px) 100vw, 1024px\" \/><figcaption class=\"wp-element-caption\">#paratodosverem &#8211; A\u00e7\u00e3o de fiscaliza\u00e7\u00e3o<\/figcaption><\/figure>\n\n\n\n<p>&#8212; &#8212; &#8212;<\/p>\n\n\n\n<p><strong>Texto &#8211;&nbsp;<\/strong>Tereza Te\u00f3filo\/Ageman<\/p>\n\n\n\n<p><strong>Fotos \u2013 <\/strong>Divulga\u00e7\u00e3o\/Ageman<\/p>\n\n\n\n<p><\/p>\n","protected":false},"excerpt":{"rendered":"","protected":false},"author":39,"featured_media":254493,"comment_status":"closed","ping_status":"closed","sticky":false,"template":"","format":"standard","meta":{"footnotes":""},"categories":[5701],"tags":[215,4136,2820,6266,77],"acf":[],"yoast_head":"<!-- This site is optimized with the Yoast SEO plugin v23.0 - https:\/\/yoast.com\/wordpress\/plugins\/seo\/ -->\n<title>Ageman aplica R$ 3,3 milh\u00f5es em multas contra \u00c1guas de Manaus<\/title>\n<meta name=\"description\" content=\"Ageman aplica R$ 3,3 milh\u00f5es em multas contra a concessior\u00e1ria \u00c1guas de Manaus nos tr\u00eas primeiros meses de 2026.\" \/>\n<meta name=\"robots\" content=\"index, follow, max-snippet:-1, max-image-preview:large, max-video-preview:-1\" \/>\n<link rel=\"canonical\" href=\"https:\/\/www.manaus.am.gov.br\/semcom\/ageman-multas-contra-aguas-de-manaus\/\" \/>\n<meta property=\"og:locale\" content=\"pt_BR\" \/>\n<meta property=\"og:type\" content=\"article\" \/>\n<meta property=\"og:title\" content=\"Ageman aplica R$ 3,3 milh\u00f5es em multas contra \u00c1guas de Manaus\" \/>\n<meta property=\"og:description\" content=\"Ageman aplica R$ 3,3 milh\u00f5es em multas contra a concessior\u00e1ria \u00c1guas de Manaus nos tr\u00eas primeiros meses de 2026.\" \/>\n<meta property=\"og:url\" content=\"https:\/\/www.manaus.am.gov.br\/semcom\/ageman-multas-contra-aguas-de-manaus\/\" \/>\n<meta property=\"og:site_name\" content=\"SEMCOM\" \/>\n<meta property=\"article:published_time\" content=\"2026-03-12T17:53:39+00:00\" \/>\n<meta property=\"article:modified_time\" content=\"2026-03-12T18:21:11+00:00\" \/>\n<meta property=\"og:image\" content=\"https:\/\/www.manaus.am.gov.br\/semcom\/wp-content\/uploads\/sites\/5\/2026\/03\/WhatsApp-Image-2025-06-24-at-10.29.57-1.jpeg\" \/>\n\t<meta property=\"og:image:width\" content=\"4032\" \/>\n\t<meta property=\"og:image:height\" content=\"3024\" \/>\n\t<meta property=\"og:image:type\" content=\"image\/jpeg\" \/>\n<meta name=\"author\" content=\"Bruna Greco\" \/>\n<meta name=\"twitter:card\" content=\"summary_large_image\" \/>\n<meta name=\"twitter:label1\" content=\"Written by\" \/>\n\t<meta name=\"twitter:data1\" content=\"Bruna Greco\" \/>\n\t<meta name=\"twitter:label2\" content=\"Est. reading time\" \/>\n\t<meta name=\"twitter:data2\" content=\"4 minutos\" \/>\n<script type=\"application\/ld+json\" class=\"yoast-schema-graph\">{\"@context\":\"https:\/\/schema.org\",\"@graph\":[{\"@type\":\"WebPage\",\"@id\":\"https:\/\/www.manaus.am.gov.br\/semcom\/ageman-multas-contra-aguas-de-manaus\/\",\"url\":\"https:\/\/www.manaus.am.gov.br\/semcom\/ageman-multas-contra-aguas-de-manaus\/\",\"name\":\"Ageman aplica R$ 3,3 milh\u00f5es em multas contra \u00c1guas de Manaus\",\"isPartOf\":{\"@id\":\"https:\/\/www.manaus.am.gov.br\/semcom\/#website\"},\"primaryImageOfPage\":{\"@id\":\"https:\/\/www.manaus.am.gov.br\/semcom\/ageman-multas-contra-aguas-de-manaus\/#primaryimage\"},\"image\":{\"@id\":\"https:\/\/www.manaus.am.gov.br\/semcom\/ageman-multas-contra-aguas-de-manaus\/#primaryimage\"},\"thumbnailUrl\":\"https:\/\/www.manaus.am.gov.br\/semcom\/wp-content\/uploads\/sites\/5\/2026\/03\/WhatsApp-Image-2025-06-24-at-10.29.57-1.jpeg\",\"datePublished\":\"2026-03-12T17:53:39+00:00\",\"dateModified\":\"2026-03-12T18:21:11+00:00\",\"author\":{\"@id\":\"https:\/\/www.manaus.am.gov.br\/semcom\/#\/schema\/person\/05d223aea2bf115f9883a6ff3683d81b\"},\"description\":\"Ageman aplica R$ 3,3 milh\u00f5es em multas contra a concessior\u00e1ria \u00c1guas de Manaus nos tr\u00eas primeiros meses de 2026.\",\"inLanguage\":\"pt-BR\",\"potentialAction\":[{\"@type\":\"ReadAction\",\"target\":[\"https:\/\/www.manaus.am.gov.br\/semcom\/ageman-multas-contra-aguas-de-manaus\/\"]}]},{\"@type\":\"ImageObject\",\"inLanguage\":\"pt-BR\",\"@id\":\"https:\/\/www.manaus.am.gov.br\/semcom\/ageman-multas-contra-aguas-de-manaus\/#primaryimage\",\"url\":\"https:\/\/www.manaus.am.gov.br\/semcom\/wp-content\/uploads\/sites\/5\/2026\/03\/WhatsApp-Image-2025-06-24-at-10.29.57-1.jpeg\",\"contentUrl\":\"https:\/\/www.manaus.am.gov.br\/semcom\/wp-content\/uploads\/sites\/5\/2026\/03\/WhatsApp-Image-2025-06-24-at-10.29.57-1.jpeg\",\"width\":4032,\"height\":3024,\"caption\":\"#paratodosverem - Equipe da Ageman monitorando servi\u00e7os executados de forma irregular da concession\u00e1ria de \u00e1gua\"},{\"@type\":\"WebSite\",\"@id\":\"https:\/\/www.manaus.am.gov.br\/semcom\/#website\",\"url\":\"https:\/\/www.manaus.am.gov.br\/semcom\/\",\"name\":\"SEMCOM\",\"description\":\"Secretaria Municipal de Comunica\u00e7\u00e3o\",\"potentialAction\":[{\"@type\":\"SearchAction\",\"target\":{\"@type\":\"EntryPoint\",\"urlTemplate\":\"https:\/\/www.manaus.am.gov.br\/semcom\/?s={search_term_string}\"},\"query-input\":\"required name=search_term_string\"}],\"inLanguage\":\"pt-BR\"},{\"@type\":\"Person\",\"@id\":\"https:\/\/www.manaus.am.gov.br\/semcom\/#\/schema\/person\/05d223aea2bf115f9883a6ff3683d81b\",\"name\":\"Bruna Greco\",\"image\":{\"@type\":\"ImageObject\",\"inLanguage\":\"pt-BR\",\"@id\":\"https:\/\/www.manaus.am.gov.br\/semcom\/#\/schema\/person\/image\/\",\"url\":\"https:\/\/secure.gravatar.com\/avatar\/9c877d1a6adc2a055330e5c09a8653ce?s=96&d=mm&r=g\",\"contentUrl\":\"https:\/\/secure.gravatar.com\/avatar\/9c877d1a6adc2a055330e5c09a8653ce?s=96&d=mm&r=g\",\"caption\":\"Bruna Greco\"}}]}<\/script>\n<!-- \/ Yoast SEO plugin. -->","yoast_head_json":{"title":"Ageman aplica R$ 3,3 milh\u00f5es em multas contra \u00c1guas de Manaus","description":"Ageman aplica R$ 3,3 milh\u00f5es em multas contra a concessior\u00e1ria \u00c1guas de Manaus nos tr\u00eas primeiros meses de 2026.","robots":{"index":"index","follow":"follow","max-snippet":"max-snippet:-1","max-image-preview":"max-image-preview:large","max-video-preview":"max-video-preview:-1"},"canonical":"https:\/\/www.manaus.am.gov.br\/semcom\/ageman-multas-contra-aguas-de-manaus\/","og_locale":"pt_BR","og_type":"article","og_title":"Ageman aplica R$ 3,3 milh\u00f5es em multas contra \u00c1guas de Manaus","og_description":"Ageman aplica R$ 3,3 milh\u00f5es em multas contra a concessior\u00e1ria \u00c1guas de Manaus nos tr\u00eas primeiros meses de 2026.","og_url":"https:\/\/www.manaus.am.gov.br\/semcom\/ageman-multas-contra-aguas-de-manaus\/","og_site_name":"SEMCOM","article_published_time":"2026-03-12T17:53:39+00:00","article_modified_time":"2026-03-12T18:21:11+00:00","og_image":[{"width":4032,"height":3024,"url":"https:\/\/www.manaus.am.gov.br\/semcom\/wp-content\/uploads\/sites\/5\/2026\/03\/WhatsApp-Image-2025-06-24-at-10.29.57-1.jpeg","type":"image\/jpeg"}],"author":"Bruna Greco","twitter_card":"summary_large_image","twitter_misc":{"Written by":"Bruna Greco","Est. reading time":"4 minutos"},"schema":{"@context":"https:\/\/schema.org","@graph":[{"@type":"WebPage","@id":"https:\/\/www.manaus.am.gov.br\/semcom\/ageman-multas-contra-aguas-de-manaus\/","url":"https:\/\/www.manaus.am.gov.br\/semcom\/ageman-multas-contra-aguas-de-manaus\/","name":"Ageman aplica R$ 3,3 milh\u00f5es em multas contra \u00c1guas de Manaus","isPartOf":{"@id":"https:\/\/www.manaus.am.gov.br\/semcom\/#website"},"primaryImageOfPage":{"@id":"https:\/\/www.manaus.am.gov.br\/semcom\/ageman-multas-contra-aguas-de-manaus\/#primaryimage"},"image":{"@id":"https:\/\/www.manaus.am.gov.br\/semcom\/ageman-multas-contra-aguas-de-manaus\/#primaryimage"},"thumbnailUrl":"https:\/\/www.manaus.am.gov.br\/semcom\/wp-content\/uploads\/sites\/5\/2026\/03\/WhatsApp-Image-2025-06-24-at-10.29.57-1.jpeg","datePublished":"2026-03-12T17:53:39+00:00","dateModified":"2026-03-12T18:21:11+00:00","author":{"@id":"https:\/\/www.manaus.am.gov.br\/semcom\/#\/schema\/person\/05d223aea2bf115f9883a6ff3683d81b"},"description":"Ageman aplica R$ 3,3 milh\u00f5es em multas contra a concessior\u00e1ria \u00c1guas de Manaus nos tr\u00eas primeiros meses de 2026.","inLanguage":"pt-BR","potentialAction":[{"@type":"ReadAction","target":["https:\/\/www.manaus.am.gov.br\/semcom\/ageman-multas-contra-aguas-de-manaus\/"]}]},{"@type":"ImageObject","inLanguage":"pt-BR","@id":"https:\/\/www.manaus.am.gov.br\/semcom\/ageman-multas-contra-aguas-de-manaus\/#primaryimage","url":"https:\/\/www.manaus.am.gov.br\/semcom\/wp-content\/uploads\/sites\/5\/2026\/03\/WhatsApp-Image-2025-06-24-at-10.29.57-1.jpeg","contentUrl":"https:\/\/www.manaus.am.gov.br\/semcom\/wp-content\/uploads\/sites\/5\/2026\/03\/WhatsApp-Image-2025-06-24-at-10.29.57-1.jpeg","width":4032,"height":3024,"caption":"#paratodosverem - Equipe da Ageman monitorando servi\u00e7os executados de forma irregular da concession\u00e1ria de \u00e1gua"},{"@type":"WebSite","@id":"https:\/\/www.manaus.am.gov.br\/semcom\/#website","url":"https:\/\/www.manaus.am.gov.br\/semcom\/","name":"SEMCOM","description":"Secretaria Municipal de Comunica\u00e7\u00e3o","potentialAction":[{"@type":"SearchAction","target":{"@type":"EntryPoint","urlTemplate":"https:\/\/www.manaus.am.gov.br\/semcom\/?s={search_term_string}"},"query-input":"required name=search_term_string"}],"inLanguage":"pt-BR"},{"@type":"Person","@id":"https:\/\/www.manaus.am.gov.br\/semcom\/#\/schema\/person\/05d223aea2bf115f9883a6ff3683d81b","name":"Bruna Greco","image":{"@type":"ImageObject","inLanguage":"pt-BR","@id":"https:\/\/www.manaus.am.gov.br\/semcom\/#\/schema\/person\/image\/","url":"https:\/\/secure.gravatar.com\/avatar\/9c877d1a6adc2a055330e5c09a8653ce?s=96&d=mm&r=g","contentUrl":"https:\/\/secure.gravatar.com\/avatar\/9c877d1a6adc2a055330e5c09a8653ce?s=96&d=mm&r=g","caption":"Bruna Greco"}}]}},"_links":{"self":[{"href":"https:\/\/www.manaus.am.gov.br\/semcom\/wp-json\/wp\/v2\/posts\/254492"}],"collection":[{"href":"https:\/\/www.manaus.am.gov.br\/semcom\/wp-json\/wp\/v2\/posts"}],"about":[{"href":"https:\/\/www.manaus.am.gov.br\/semcom\/wp-json\/wp\/v2\/types\/post"}],"author":[{"embeddable":true,"href":"https:\/\/www.manaus.am.gov.br\/semcom\/wp-json\/wp\/v2\/users\/39"}],"replies":[{"embeddable":true,"href":"https:\/\/www.manaus.am.gov.br\/semcom\/wp-json\/wp\/v2\/comments?post=254492"}],"version-history":[{"count":3,"href":"https:\/\/www.manaus.am.gov.br\/semcom\/wp-json\/wp\/v2\/posts\/254492\/revisions"}],"predecessor-version":[{"id":254507,"href":"https:\/\/www.manaus.am.gov.br\/semcom\/wp-json\/wp\/v2\/posts\/254492\/revisions\/254507"}],"wp:featuredmedia":[{"embeddable":true,"href":"https:\/\/www.manaus.am.gov.br\/semcom\/wp-json\/wp\/v2\/media\/254493"}],"wp:attachment":[{"href":"https:\/\/www.manaus.am.gov.br\/semcom\/wp-json\/wp\/v2\/media?parent=254492"}],"wp:term":[{"taxonomy":"category","embeddable":true,"href":"https:\/\/www.manaus.am.gov.br\/semcom\/wp-json\/wp\/v2\/categories?post=254492"},{"taxonomy":"post_tag","embeddable":true,"href":"https:\/\/www.manaus.am.gov.br\/semcom\/wp-json\/wp\/v2\/tags?post=254492"}],"curies":[{"name":"wp","href":"https:\/\/api.w.org\/{rel}","templated":true}]}}