{"id":254490,"date":"2026-03-12T14:42:52","date_gmt":"2026-03-12T17:42:52","guid":{"rendered":"https:\/\/www.manaus.am.gov.br\/semcom\/prefeitura-semtepi-sinemanaus1303\/"},"modified":"2026-03-12T15:18:34","modified_gmt":"2026-03-12T18:18:34","slug":"prefeitura-semtepi-sine-manaus-1303","status":"publish","type":"post","link":"https:\/\/www.manaus.am.gov.br\/semcom\/prefeitura-semtepi-sine-manaus-1303\/","title":{"rendered":"Sine Manaus oferta 339 vagas de emprego nesta sexta\u2013feira, 13\/3"},"content":{"rendered":"\n<p>A <a href=\"https:\/\/www.manaus.am.gov.br\/\">Prefeitura de Manaus<\/a>, por meio do Sine Manaus, oferta 339 vagas de emprego em v\u00e1rias \u00e1reas de atua\u00e7\u00e3o, nesta sexta\u2013feira, 13\/3,\u00a0das 8h \u00e0s 14h. O candidato pode validar a Carteira Digital e Previd\u00eancia Social (CTPS) no aplicativo \u201cCarteira de Trabalho Digital\u201d ou acessar o site\u00a0<a href=\"http:\/\/gov.br\/trabalho\">http:\/\/gov.br\/trabalho<\/a>.<\/p>\n\n\n\n<p>Para participar da pr\u00e9\u2013sele\u00e7\u00e3o e concorrer a uma das vagas dispon\u00edveis, ou receber orienta\u00e7\u00e3o de cadastro, Carteira de Trabalho Digital e seguro\u2013desemprego, os candidatos devem comparecer a um dos postos do Sine Manaus: na avenida Constantino Nery, n\u00ba 1.272, bairro S\u00e3o Geraldo, zona Centro\u2013Sul; ou no shopping Phelippe Daou, na avenida Camapu\u00e3, n\u00ba 2.939, bairro Cidade de Deus, zona Norte.<\/p>\n\n\n\n<p>Os interessados devem estar munidos do comprovante de vacina\u00e7\u00e3o (Covid\u201319), curr\u00edculo, certificados de cursos e documentos pessoais (RG, CPF, PIS, CTPS, comprovante de escolaridade e resid\u00eancia). N\u00e3o \u00e9 necess\u00e1rio apresentar c\u00f3pias, somente os documentos originais.<\/p>\n\n\n\n<p>\u00c9 importante que os candidatos mantenham seus cadastros atualizados, especialmente ao finalizarem novas qualifica\u00e7\u00f5es. Para vagas espec\u00edficas, podem ser solicitados documentos adicionais, como cursos ou certifica\u00e7\u00f5es, por isso, \u00e9 essencial estar atento aos &#8220;Requisitos Obrigat\u00f3rios&#8221; de cada vaga.<\/p>\n\n\n\n<p>A Semtepi ressalta que, obedecendo ao disposto no artigo 5\u00ba, da Constitui\u00e7\u00e3o Federal, e ao artigo 373\u2013A, da Consolida\u00e7\u00e3o das Leis Trabalhistas (CLT), crit\u00e9rios referentes a sexo, idade, cor ou situa\u00e7\u00e3o familiar, n\u00e3o podem ser informados na divulga\u00e7\u00e3o das vagas disponibilizadas.<\/p>\n\n\n\n<p>Os candidatos devem estar cientes das diretrizes de vestimenta estabelecidas pelo \u00f3rg\u00e3o, as quais incluem a proibi\u00e7\u00e3o de vestimentas como bermudas, shorts, minissaias, camisetas regatas e chinelos durante a entrada.<\/p>\n\n\n\n<p><strong>VAGAS NOVAS \u2013 72<\/strong><\/p>\n\n\n\n<p><strong>1 vaga &#8211; Almoxarife de Obra<\/strong><\/p>\n\n\n\n<p><strong>Escolaridade &#8211;<\/strong> ensino m\u00e9dio completo;<\/p>\n\n\n\n<p><strong>Experi\u00eancia \u2013 <\/strong>registrada na Carteira de Trabalho;<\/p>\n\n\n\n<p><strong>Requisitos Obrigat\u00f3rios <\/strong>&#8211; ter experi\u00eancia com materiais da constru\u00e7\u00e3o civil e possuir documenta\u00e7\u00e3o completa (com dispensa militar);<\/p>\n\n\n\n<p><strong>Atividades &#8211; <\/strong>recepcionar, conferir e armazenar produtos e materiais em almoxarifados, armaz\u00e9ns, silos e dep\u00f3sitos; fazer os lan\u00e7amentos da movimenta\u00e7\u00e3o de entradas e sa\u00eddas e controlar os estoques; distribuir produtos e materiais a serem expedidos; organizar o almoxarifado para facilitar a movimenta\u00e7\u00e3o dos itens armazenados.<\/p>\n\n\n\n<p><strong>Dispon\u00edvel at\u00e9 13\/03\/2026 ou encerramento da vaga<\/strong><\/p>\n\n\n\n<p><strong>1 vaga &#8211; Motorista de Caminh\u00e3o Ba\u00fa<\/strong><\/p>\n\n\n\n<p><strong>Escolaridade &#8211;<\/strong> ensino fundamental completo;<\/p>\n\n\n\n<p><strong>Experi\u00eancia \u2013 <\/strong>registrada na Carteira de Trabalho;<\/p>\n\n\n\n<p><strong>Requisitos Obrigat\u00f3rios <\/strong>&#8211; ter Carteira nacional de Habilita\u00e7\u00e3o categoria \u201cD\u201d, disponibilidade de hor\u00e1rio, disponibilidade para viagens interestaduais e possuir documenta\u00e7\u00e3o completa (com dispensa militar);<\/p>\n\n\n\n<p><strong>Atividades &#8211; <\/strong>conduzir os ve\u00edculos automotivos da institui\u00e7\u00e3o, seguindo as solicita\u00e7\u00f5es, mantendo-se informado sobre a agenda de entregas, respeitando as leis nacionais de tr\u00e2nsito e promovendo dire\u00e7\u00e3o defensiva, transporte da equipe de eventos, transporte de equipamentos.<\/p>\n\n\n\n<p><strong>Dispon\u00edvel at\u00e9 13\/03\/2026 ou encerramento da vaga<\/strong><\/p>\n\n\n\n<p><strong>5 vagas &#8211; Agente de Portaria<\/strong><\/p>\n\n\n\n<p><strong>Escolaridade &#8211;<\/strong> ensino m\u00e9dio completo;<\/p>\n\n\n\n<p><strong>Experi\u00eancia \u2013 <\/strong>seis meses na Carteira de Trabalho;<\/p>\n\n\n\n<p><strong>Requisitos Obrigat\u00f3rios <\/strong>&#8211; ter curso de Agente de Portaria, disponibilidade de hor\u00e1rio e possuir documenta\u00e7\u00e3o completa (com dispensa militar);<\/p>\n\n\n\n<p><strong>Atividades &#8211; <\/strong>zelar pela guarda do patrim\u00f4nio e exercer a vigil\u00e2ncia de f\u00e1bricas, armaz\u00e9ns, resid\u00eancias, estacionamentos, edif\u00edcios p\u00fablicos, privados e outros estabelecimentos, percorrendo-os sistematicamente e inspecionando suas depend\u00eancias, para evitar inc\u00eandios, roubos, entrada de pessoas estranhas e outras anormalidades; controlar fluxo de pessoas, identificar, orientar e encaminhar para os lugares desejados; escoltar pessoas e mercadorias; fazer manuten\u00e7\u00f5es simples nos locais de trabalho.<\/p>\n\n\n\n<p><strong>Dispon\u00edvel at\u00e9 13\/03\/2026 ou encerramento da vaga<\/strong><\/p>\n\n\n\n<p><strong>1 vaga &#8211; Recepcionista&nbsp; &#8211; Vagas destinadas para Pessoa com Defici\u00eancia (PCD)<\/strong><\/p>\n\n\n\n<p><strong>Escolaridade &#8211;<\/strong> ensino m\u00e9dio completo ou cursando ensino superior em Administra\u00e7\u00e3o;<\/p>\n\n\n\n<p><strong>Experi\u00eancia \u2013 <\/strong>seis meses na Carteira de Trabalho;<\/p>\n\n\n\n<p><strong>Requisitos Obrigat\u00f3rios <\/strong>&#8211; possuir documenta\u00e7\u00e3o completa;<\/p>\n\n\n\n<p><strong>Atividades &#8211; <\/strong>realizar atendimento presencial e telef\u00f4nico com gentileza e cortesia, direcionando \u00e0 \u00e1rea solicitada e esclarecendo d\u00favidas; cumprimentar e recepcionar visitantes assim que chegarem ao escrit\u00f3rio; encaminhar visitantes \u00e0 pessoa ou setor apropriado; atender, filtrar e encaminhar chamadas telef\u00f4nicas recebidas; garantir que a recep\u00e7\u00e3o esteja sempre organizada e apresent\u00e1vel, com os materiais necess\u00e1rios; fornecer informa\u00e7\u00f5es b\u00e1sicas e precisas pessoalmente, por telefone ou e-mail; receber, organizar e distribuir correspond\u00eancias e entregas diariamente; assegurar a seguran\u00e7a do escrit\u00f3rio seguindo os procedimentos internos e controlando o acesso; realizar reservas de salas conforme necessidade.<\/p>\n\n\n\n<p><strong>Dispon\u00edvel at\u00e9 13\/03\/2026 ou encerramento da vaga<\/strong><\/p>\n\n\n\n<p><strong>2 vagas &#8211; Servi\u00e7os Gerais<\/strong><\/p>\n\n\n\n<p><strong>Escolaridade &#8211;<\/strong> ensino fundamental completo;<\/p>\n\n\n\n<p><strong>Experi\u00eancia \u2013 <\/strong>seis meses na Carteira de Trabalho;<\/p>\n\n\n\n<p><strong>Requisitos Obrigat\u00f3rios <\/strong>&#8211; possuir documenta\u00e7\u00e3o completa;<\/p>\n\n\n\n<p><strong>Atividades &#8211; <\/strong>conserva\u00e7\u00e3o e limpeza em ambientes internos e externos da f\u00e1brica, operar equipamentos de limpeza e higieniza\u00e7\u00e3o.<\/p>\n\n\n\n<p><strong>Dispon\u00edvel at\u00e9 13\/03\/2026 ou encerramento da vaga<\/strong><\/p>\n\n\n\n<p><strong>4 vagas &#8211; Motorista<\/strong><\/p>\n\n\n\n<p><strong>Escolaridade &#8211;<\/strong> ensino fundamental completo;<\/p>\n\n\n\n<p><strong>Experi\u00eancia \u2013 <\/strong>seis meses na Carteira de Trabalho;<\/p>\n\n\n\n<p><strong>Requisitos Obrigat\u00f3rios <\/strong>&#8211; ter Carteira Nacional de Habilita\u00e7\u00e3o categoria \u201cD\u201d e possuir documenta\u00e7\u00e3o completa (com dispensa militar);<\/p>\n\n\n\n<p><strong>Atividades &#8211; <\/strong>transportar, coletar e entregar cargas, verificar documenta\u00e7\u00e3o e realizar manuten\u00e7\u00f5es b\u00e1sicas no ve\u00edculo.<\/p>\n\n\n\n<p><strong>Dispon\u00edvel at\u00e9 13\/03\/2026 ou encerramento da vaga<\/strong><\/p>\n\n\n\n<p><strong>1 vaga &#8211; Ajudante de Estoque<\/strong><\/p>\n\n\n\n<p><strong>Escolaridade &#8211;<\/strong> ensino m\u00e9dio completo;<\/p>\n\n\n\n<p><strong>Experi\u00eancia \u2013 <\/strong>n\u00e3o \u00e9 necess\u00e1rio;<\/p>\n\n\n\n<p><strong>Requisitos Obrigat\u00f3rios <\/strong>&#8211; possuir documenta\u00e7\u00e3o completa (com dispensa militar);<\/p>\n\n\n\n<p><strong>Atividades &#8211; <\/strong>receber fornecedores, descarregar cargas, conferir notas fiscais (NF), etiquetar itens, realizar invent\u00e1rios, separar pedidos para expedi\u00e7\u00e3o e manter o armaz\u00e9m limpo e organizado.<\/p>\n\n\n\n<p><strong>Dispon\u00edvel at\u00e9 13\/03\/2026 ou encerramento da vaga<\/strong><\/p>\n\n\n\n<p><strong>1 vaga &#8211; Ajudante de Motorista<\/strong><\/p>\n\n\n\n<p><strong>Escolaridade &#8211;<\/strong> ensino m\u00e9dio completo;<\/p>\n\n\n\n<p><strong>Experi\u00eancia \u2013 <\/strong>n\u00e3o \u00e9 necess\u00e1rio;<\/p>\n\n\n\n<p><strong>Requisitos Obrigat\u00f3rios <\/strong>&#8211; possuir documenta\u00e7\u00e3o completa (com dispensa militar);<\/p>\n\n\n\n<p><strong>Atividades &#8211; <\/strong>auxiliar no carregamento, descarregamento e transporte de mercadorias, conferindo notas fiscais e organizando a carga no ve\u00edculo.<\/p>\n\n\n\n<p><strong>Dispon\u00edvel at\u00e9 13\/03\/2026 ou encerramento da vaga<\/strong><\/p>\n\n\n\n<p><strong>1 vaga &#8211; Motorista Entregador<\/strong><\/p>\n\n\n\n<p><strong>Escolaridade &#8211;<\/strong> ensino m\u00e9dio completo;<\/p>\n\n\n\n<p><strong>Experi\u00eancia \u2013 <\/strong>seis meses na Carteira de Trabalho;<\/p>\n\n\n\n<p><strong>Requisitos Obrigat\u00f3rios <\/strong>&#8211; possuir documenta\u00e7\u00e3o completa (com dispensa militar);<\/p>\n\n\n\n<p><strong>Atividades &#8211; <\/strong>transportar, coletar e entregar mercadorias, documentos ou produtos de forma segura e \u00e1gil, seguindo rotas definidas.<\/p>\n\n\n\n<p><strong>Dispon\u00edvel at\u00e9 13\/03\/2026 ou encerramento da vaga<\/strong><\/p>\n\n\n\n<p><strong>50 vagas &#8211; Ajudante de Carga e Descarga<\/strong><\/p>\n\n\n\n<p><strong>Escolaridade &#8211;<\/strong> ensino fundamental completo;<\/p>\n\n\n\n<p><strong>Experi\u00eancia \u2013 <\/strong>n\u00e3o \u00e9 necess\u00e1rio;<\/p>\n\n\n\n<p><strong>Requisitos Obrigat\u00f3rios <\/strong>&#8211; possuir documenta\u00e7\u00e3o completa (com dispensa militar);<\/p>\n\n\n\n<p><strong>Atividades &#8211; <\/strong>movimentar mercadorias, carregando e descarregando ve\u00edculos, organiza o estoque, confere produtos, prepara embalagens e mant\u00e9m o local de trabalho limpo e seguro, operando equipamentos como paleteiras e carrinhos para garantir que os produtos cheguem intactos ao destino, auxiliando em toda a log\u00edstica de recebimento e expedi\u00e7\u00e3o de materiais.<\/p>\n\n\n\n<p><strong>Dispon\u00edvel at\u00e9 13\/03\/2026 ou encerramento da vaga<\/strong><\/p>\n\n\n\n<p><strong>1 vaga &#8211; Supervisor de Log\u00edstica<\/strong><\/p>\n\n\n\n<p><strong>Escolaridade &#8211;<\/strong> ensino m\u00e9dio completo;<\/p>\n\n\n\n<p><strong>Experi\u00eancia \u2013 <\/strong>seis meses na Carteira de Trabalho;<\/p>\n\n\n\n<p><strong>Requisitos Obrigat\u00f3rios <\/strong>&#8211; possuir documenta\u00e7\u00e3o completa (com dispensa militar);<\/p>\n\n\n\n<p><strong>Atividades &#8211; <\/strong>planejar e executar os processos de limpeza e lavagem dos ve\u00edculos de Showroom, indicar melhorias e corre\u00e7\u00f5es, supervisionar equipe, recomendar aquisi\u00e7\u00e3o de produtos e equipamentos, elaborar relat\u00f3rios, controlar a expedi\u00e7\u00e3o e recebimento de produtos e garantir a melhoria cont\u00ednua dos processos operacionais.<\/p>\n\n\n\n<p><strong>Dispon\u00edvel at\u00e9 13\/03\/2026 ou encerramento da vaga<\/strong><\/p>\n\n\n\n<p><strong>2 vagas &#8211; Frentista<\/strong><\/p>\n\n\n\n<p><strong>Escolaridade &#8211;<\/strong> ensino m\u00e9dio completo;<\/p>\n\n\n\n<p><strong>Experi\u00eancia \u2013 <\/strong>n\u00e3o \u00e9 necess\u00e1rio;<\/p>\n\n\n\n<p><strong>Requisitos Obrigat\u00f3rios <\/strong>&#8211; possuir documenta\u00e7\u00e3o completa (com dispensa militar);<\/p>\n\n\n\n<p><strong>Atividades &#8211; <\/strong>atendimento direto ao cliente em postos de combust\u00edveis, realizando o abastecimento seguro de ve\u00edculos (gasolina, diesel, \u00e1lcool, GNV); e fechar o caixa.<\/p>\n\n\n\n<p><strong>Dispon\u00edvel at\u00e9 13\/03\/2026 ou encerramento da vaga<\/strong><\/p>\n\n\n\n<p><strong>2 vagas &#8211; Agente de Limpeza &#8211; Vagas destinadas para Pessoa com Defici\u00eancia (PCD)<\/strong><\/p>\n\n\n\n<p><strong>Escolaridade &#8211;<\/strong> ensino fundamental completo;<\/p>\n\n\n\n<p><strong>Experi\u00eancia \u2013 <\/strong>n\u00e3o \u00e9 necess\u00e1rio;<\/p>\n\n\n\n<p><strong>Requisitos Obrigat\u00f3rios <\/strong>&#8211; possuir documenta\u00e7\u00e3o completa;<\/p>\n\n\n\n<p><strong>Atividades &#8211; <\/strong>higieniza\u00e7\u00e3o, organiza\u00e7\u00e3o e conserva\u00e7\u00e3o de ambientes internos e externos, como escrit\u00f3rios, hospitais e \u00e1reas comuns; varrer, lavar, tirar o p\u00f3, limpar banheiros, remover lixo e repor materiais de higiene, garantindo sa\u00fade e bem-estar.<\/p>\n\n\n\n<p><strong>Dispon\u00edvel at\u00e9 13\/03\/2026 ou encerramento da vaga<\/strong><\/p>\n\n\n\n<p><strong>VAGAS NO COM\u00c9RCIO \u2013 83<\/strong><\/p>\n\n\n\n<p><strong>2 vagas &#8211; Churrasqueiro<\/strong><\/p>\n\n\n\n<p><strong>Escolaridade &#8211;<\/strong> ensino fundamental completo;<\/p>\n\n\n\n<p><strong>Experi\u00eancia \u2013 <\/strong>seis meses na Carteira de Trabalho;<\/p>\n\n\n\n<p><strong>Requisitos Obrigat\u00f3rios <\/strong>&#8211; possuir documenta\u00e7\u00e3o completa (com dispensa militar);<\/p>\n\n\n\n<p><strong>Atividades &#8211; <\/strong>respons\u00e1vel por todo o processo de um churrasco, abrangendo desde a sele\u00e7\u00e3o, preparo e tempero das carnes at\u00e9 o controle do fogo (brasa), assamento no ponto ideal e corte para servir.<\/p>\n\n\n\n<p><strong>Dispon\u00edvel at\u00e9 13\/03\/2026 ou encerramento da vaga<\/strong><\/p>\n\n\n\n<p><strong>2 vagas &#8211; Saladeiro<\/strong><\/p>\n\n\n\n<p><strong>Escolaridade &#8211;<\/strong> ensino fundamental completo;<\/p>\n\n\n\n<p><strong>Experi\u00eancia \u2013 <\/strong>seis meses na Carteira de Trabalho;<\/p>\n\n\n\n<p><strong>Requisitos Obrigat\u00f3rios <\/strong>&#8211; possuir documenta\u00e7\u00e3o completa;<\/p>\n\n\n\n<p><strong>Atividades &#8211; <\/strong>respons\u00e1vel por higienizar, cortar e preparar verduras, legumes, frutas, molhos e pastas, montando saladas e pratos frios de forma atrativa.<\/p>\n\n\n\n<p><strong>Dispon\u00edvel at\u00e9 13\/03\/2026 ou encerramento da vaga<\/strong><\/p>\n\n\n\n<p><strong>1 vaga &#8211; Auxiliar Administrativo<\/strong><\/p>\n\n\n\n<p><strong>Escolaridade &#8211;<\/strong> ensino m\u00e9dio completo;<\/p>\n\n\n\n<p><strong>Experi\u00eancia \u2013 <\/strong>seis meses na Carteira de Trabalho;<\/p>\n\n\n\n<p><strong>Requisitos Obrigat\u00f3rios <\/strong>&#8211; ter Carteira Nacional de Habilita\u00e7\u00e3o categorias \u201cAB\u201d, conhecimento b\u00e1sico de inform\u00e1tica pacote office ou similar e possuir documenta\u00e7\u00e3o completa (com dispensa militar);<\/p>\n\n\n\n<p><strong>Atividades &#8211; <\/strong>apoiar a gest\u00e3o de empresas executando rotinas di\u00e1rias como organiza\u00e7\u00e3o de documentos, atendimento a clientes\/fornecedores, controle de agendas, alimenta\u00e7\u00e3o de planilhas e suporte financeiro (emiss\u00e3o de notas, contas).<\/p>\n\n\n\n<p><strong>Dispon\u00edvel at\u00e9 13\/03\/2026 ou encerramento da vaga<\/strong><\/p>\n\n\n\n<p><strong>4 vagas &#8211; Auxiliar de Confeiteiro<\/strong><\/p>\n\n\n\n<p><strong>Escolaridade &#8211;<\/strong> ensino fundamental completo;<\/p>\n\n\n\n<p><strong>Experi\u00eancia \u2013 <\/strong>tres meses na Carteira de Trabalho ou avulsa;<\/p>\n\n\n\n<p><strong>Requisitos Obrigat\u00f3rios <\/strong>&#8211; possuir documenta\u00e7\u00e3o completa;<\/p>\n\n\n\n<p><strong>Atividades &#8211; <\/strong>preparar ingredientes (pesagem\/mis-en-place), auxiliar na produ\u00e7\u00e3o de massas, recheios e coberturas, decora produtos simples, montar vitrines e higienizar utens\u00edlios e equipamentos, tamb\u00e9m atua no controle de estoque, verificar validade de produtos e mant\u00e9m a organiza\u00e7\u00e3o e limpeza da cozinha.<\/p>\n\n\n\n<p><strong>Dispon\u00edvel at\u00e9 13\/03\/2026 ou encerramento da vaga<\/strong><\/p>\n\n\n\n<p><strong>4 vagas &#8211; Confeiteiro<\/strong><\/p>\n\n\n\n<p><strong>Escolaridade &#8211;<\/strong> ensino fundamental completo;<\/p>\n\n\n\n<p><strong>Experi\u00eancia \u2013 <\/strong>tres meses na Carteira de Trabalho ou avulsa;<\/p>\n\n\n\n<p><strong>Requisitos Obrigat\u00f3rios <\/strong>&#8211; possuir documenta\u00e7\u00e3o completa;<\/p>\n\n\n\n<p><strong>Atividades &#8211; <\/strong>prepara, assa e decora bolos, doces, tortas, biscoitos e sobremesas, equilibrando sabor, texturas e apelo visual, suas atividades incluem o controle de estoque, preparo de massas e recheios, opera\u00e7\u00e3o de maquin\u00e1rio, rigor com a higiene e, muitas vezes, a cria\u00e7\u00e3o de novas receitas e atendimento personalizado ao cliente.<\/p>\n\n\n\n<p><strong>Dispon\u00edvel at\u00e9 13\/03\/2026 ou encerramento da vaga<\/strong><\/p>\n\n\n\n<p><strong>1 vaga &#8211; Estoquista<\/strong><\/p>\n\n\n\n<p><strong>Escolaridade &#8211;<\/strong> ensino m\u00e9dio completo;<\/p>\n\n\n\n<p><strong>Experi\u00eancia \u2013&nbsp; <\/strong>registrada na Carteira de Trabalho;<\/p>\n\n\n\n<p><strong>Requisitos Obrigat\u00f3rios <\/strong>&#8211; ter conhecimento em pe\u00e7as de moto e possuir documenta\u00e7\u00e3o completa (com dispensa militar);<\/p>\n\n\n\n<p><strong>Atividades &#8211; <\/strong>respons\u00e1vel por gerenciar o fluxo de mercadorias, incluindo recebimento, confer\u00eancia, organiza\u00e7\u00e3o, armazenagem e invent\u00e1rio de produtos.<\/p>\n\n\n\n<p><strong>Dispon\u00edvel at\u00e9 13\/03\/2026 ou encerramento da vaga<\/strong><\/p>\n\n\n\n<p><strong>1 vaga &#8211; Assistente de Vendas<\/strong><\/p>\n\n\n\n<p><strong>Escolaridade &#8211;<\/strong> ensino m\u00e9dio completo;<\/p>\n\n\n\n<p><strong>Experi\u00eancia \u2013 <\/strong>seis meses na Carteira de Trabalho;<\/p>\n\n\n\n<p><strong>Requisitos Obrigat\u00f3rios <\/strong>&#8211; possuir documenta\u00e7\u00e3o completa (com dispensa militar);<\/p>\n\n\n\n<p><strong>Atividades &#8211; <\/strong>realizar atendimento ao cliente, gerenciamento de pedidos, elabora\u00e7\u00e3o de propostas comerciais, suporte \u00e0 equipe de vendas e organiza\u00e7\u00e3o e controle de documentos.<\/p>\n\n\n\n<p><strong>Dispon\u00edvel at\u00e9 13\/03\/2026 ou encerramento da vaga<\/strong><\/p>\n\n\n\n<p><strong>20 vagas &#8211; Operador de Caixa<\/strong><\/p>\n\n\n\n<p><strong>Escolaridade &#8211;<\/strong> ensino fundamental completo;<\/p>\n\n\n\n<p><strong>Experi\u00eancia \u2013 <\/strong>n\u00e3o \u00e9 necess\u00e1rio;<\/p>\n\n\n\n<p><strong>Requisitos Obrigat\u00f3rios <\/strong>&#8211; possuir documenta\u00e7\u00e3o completa;<\/p>\n\n\n\n<p><strong>Atividades &#8211; <\/strong>gerenciar todas as transa\u00e7\u00f5es financeiras, garantindo que cada compra seja processada de forma eficiente e precisa; registrar produtos, receber pagamentos em dinheiro ou cart\u00f5es, emitir recibos e troco, e manter o caixa equilibrado e organizado.<\/p>\n\n\n\n<p><strong>Dispon\u00edvel at\u00e9 13\/03\/2026 ou encerramento da vaga<\/strong><\/p>\n\n\n\n<p><strong>20 vagas &#8211; Auxiliar de A\u00e7ougue<\/strong><\/p>\n\n\n\n<p><strong>Escolaridade &#8211;<\/strong> ensino m\u00e9dio completo;<\/p>\n\n\n\n<p><strong>Experi\u00eancia \u2013 <\/strong>n\u00e3o \u00e9 necess\u00e1rio;<\/p>\n\n\n\n<p><strong>Requisitos Obrigat\u00f3rios <\/strong>&#8211; possuir documenta\u00e7\u00e3o completa (com dispensa militar);<\/p>\n\n\n\n<p><strong>Atividades &#8211; <\/strong>fazer atendimento ao cliente e fornecer orienta\u00e7\u00e3o sobre carnes, adquirindo habilidade no preparo; ajudar o a\u00e7ougueiro no corte de carne, separa\u00e7\u00e3o e desossa; reportar-se ao l\u00edder de a\u00e7ougue.<\/p>\n\n\n\n<p><strong>Dispon\u00edvel at\u00e9 13\/03\/2026 ou encerramento da vaga<\/strong><\/p>\n\n\n\n<p><strong>20 vagas &#8211; Repositor de Mercadorias<\/strong><\/p>\n\n\n\n<p><strong>Escolaridade &#8211;<\/strong> ensino m\u00e9dio completo;<\/p>\n\n\n\n<p><strong>Experi\u00eancia \u2013 <\/strong>n\u00e3o \u00e9 necess\u00e1rio;<\/p>\n\n\n\n<p><strong>Requisitos Obrigat\u00f3rios <\/strong>&#8211; trabalhar em escala 6&#215;1 e possuir documenta\u00e7\u00e3o completa (com dispensa militar);<\/p>\n\n\n\n<p><strong>Atividades &#8211; <\/strong>realizar reposi\u00e7\u00e3o de mercadorias nas g\u00f4ndolas; verificar validade dos produtos; manter a organiza\u00e7\u00e3o e limpeza nas g\u00f4ndolas; suporte no atendimento ao cliente.<\/p>\n\n\n\n<p><strong>Dispon\u00edvel at\u00e9 13\/03\/2026 ou encerramento da vaga<\/strong><\/p>\n\n\n\n<p><strong>1 vaga &#8211; Mec\u00e2nico de Autom\u00f3vel<\/strong><\/p>\n\n\n\n<p><strong>Escolaridade &#8211;<\/strong> ensino fundamental completo;<\/p>\n\n\n\n<p><strong>Experi\u00eancia \u2013 <\/strong>seis meses na Carteira de Trabalho;<\/p>\n\n\n\n<p><strong>Requisitos Obrigat\u00f3rios <\/strong>&#8211; possuir documenta\u00e7\u00e3o completa (com dispensa militar);<\/p>\n\n\n\n<p><strong>Atividades &#8211; <\/strong>realizar troca de pastilhas, discos, sapatas e tambores de freio, sangria do fluido de freio, troca de fluido e verifica\u00e7\u00e3o\/substitui\u00e7\u00e3o de cilindros mestre e de roda, identifica\u00e7\u00e3o de ru\u00eddos, vibra\u00e7\u00f5es ou perda de efici\u00eancia na frenagem.<\/p>\n\n\n\n<p><strong>Dispon\u00edvel at\u00e9 13\/03\/2026 ou encerramento da vaga<\/strong><\/p>\n\n\n\n<p><strong>1 vaga &#8211; Atendente de Confeitaria<\/strong><\/p>\n\n\n\n<p><strong>Escolaridade &#8211;<\/strong> ensino m\u00e9dio completo;<\/p>\n\n\n\n<p><strong>Experi\u00eancia \u2013 <\/strong>seis meses na Carteira de Trabalho;<\/p>\n\n\n\n<p><strong>Requisitos Obrigat\u00f3rios <\/strong>&#8211; possuir documenta\u00e7\u00e3o completa;<\/p>\n\n\n\n<p><strong>Atividades &#8211; <\/strong>atender os clientes, servir alimentos e bebidas; manipular alimentos e preparar sucos, drinks, e caf\u00e9s.<\/p>\n\n\n\n<p><strong>Dispon\u00edvel at\u00e9 13\/03\/2026 ou encerramento da vaga<\/strong><\/p>\n\n\n\n<p><strong>5 vagas &#8211; Costureira<\/strong><\/p>\n\n\n\n<p><strong>Escolaridade &#8211;<\/strong> ensino m\u00e9dio completo;<\/p>\n\n\n\n<p><strong>Experi\u00eancia \u2013 <\/strong>tr\u00eas meses na Carteira de Trabalho ou avulsa;<\/p>\n\n\n\n<p><strong>Requisitos Obrigat\u00f3rios <\/strong>&#8211; possuir documenta\u00e7\u00e3o completa;<\/p>\n\n\n\n<p><strong>Atividades &#8211; <\/strong>confec\u00e7\u00e3o, conserto e ajuste de pe\u00e7as de vestu\u00e1rio e tecidos, utilizando m\u00e1quinas de costura (reta, overloque) ou t\u00e9cnicas manuais.<\/p>\n\n\n\n<p><strong>Dispon\u00edvel at\u00e9 13\/03\/2026 ou encerramento da vaga<\/strong><\/p>\n\n\n\n<p><strong>1 vaga &#8211; Costureira<\/strong><\/p>\n\n\n\n<p><strong>Escolaridade &#8211;<\/strong> ensino m\u00e9dio completo;<\/p>\n\n\n\n<p><strong>Experi\u00eancia \u2013 <\/strong>tr\u00eas meses na Carteira de Trabalho;<\/p>\n\n\n\n<p><strong>Requisitos Obrigat\u00f3rios <\/strong>&#8211; ter curso t\u00e9cnico em Modelagem, conhecimento de tecidos, caimento, acabamento e possuir documenta\u00e7\u00e3o completa;<\/p>\n\n\n\n<p><strong>Atividades &#8211; <\/strong>realizar confec\u00e7\u00e3o de moldes, tirar medidas, cortar tecidos, alinhavar, costurar partes da pe\u00e7a, colocar acabamentos (forros, bot\u00f5es, z\u00edperes) e realizar bainhas.<\/p>\n\n\n\n<p><strong>Dispon\u00edvel at\u00e9 13\/03\/2026 ou encerramento da vaga<\/strong><\/p>\n\n\n\n<p><strong>VAGAS NA IND\u00daSTRIA \u2013 16<\/strong><\/p>\n\n\n\n<p><strong>1 vaga &#8211; Engenheiro de Seguran\u00e7a do Trabalho<\/strong><\/p>\n\n\n\n<p><strong>Escolaridade &#8211;<\/strong> ensino superior completo em engenharia de seguran\u00e7a do trabalho;<\/p>\n\n\n\n<p><strong>Experi\u00eancia \u2013 <\/strong>registrada na Carteira de Trabalho;<\/p>\n\n\n\n<p><strong>Requisitos Obrigat\u00f3rios <\/strong>&#8211; ter conhecimento s\u00f3lido da legisla\u00e7\u00e3o de SST, normas regulamentadoras (NRs), viv\u00eancia na elabora\u00e7\u00e3o e gest\u00e3o de LTCAT,&nbsp; PPRA\/PGR, em EPI, EPC, sistemas de prote\u00e7\u00e3o contra inc\u00eandio, dom\u00ednio do pacote office; viv\u00eancia no polo industrial de ,manaus e possuir documenta\u00e7\u00e3o completa (com dispensa militar);<\/p>\n\n\n\n<p><strong>Atividades &#8211; <\/strong>atua\u00e7\u00e3o no acompanhamento e implementa\u00e7\u00e3o de planos de a\u00e7\u00e3o em SST, elabora\u00e7\u00e3o de procedimentos t\u00e9cnicos de seguran\u00e7a do trabalho, elabora\u00e7\u00e3o de relat\u00f3rios e controles t\u00e9cnicos, condu\u00e7\u00e3o de reuni\u00f5es e treinamentos, executar levantamento, an\u00e1lise e gest\u00e3o de riscos (f\u00edsicos, qu\u00edmicos, biol\u00f3gicos, ergon\u00f4micos e de acidentes), trabalhar com gest\u00e3o de seguran\u00e7a e sa\u00fade do trabalho: documenta\u00e7\u00e3o e conformidade legal, preven\u00e7\u00e3o de acidentes, doen\u00e7as ocupacionais e cultura de seguran\u00e7a.<\/p>\n\n\n\n<p><strong>Dispon\u00edvel at\u00e9 13\/03\/2026 ou encerramento da vaga<\/strong><\/p>\n\n\n\n<p><strong>2 vagas &#8211; Ajudante de Carga e Descarga<\/strong><\/p>\n\n\n\n<p><strong>Escolaridade &#8211;<\/strong> ensino m\u00e9dio completo;<\/p>\n\n\n\n<p><strong>Experi\u00eancia \u2013 <\/strong>seis meses na Carteira de Trabalho;<\/p>\n\n\n\n<p><strong>Requisitos Obrigat\u00f3rios <\/strong>&#8211; possuir documenta\u00e7\u00e3o completa (com dispensa militar);<\/p>\n\n\n\n<p><strong>Atividades &#8211; <\/strong>carregar e descarregar mercadorias, organizar produtos no ba\u00fa, conferir notas fiscais e auxiliar o motorista em manobras e entregas.<\/p>\n\n\n\n<p><strong>Dispon\u00edvel at\u00e9 13\/03\/2026 ou encerramento da vaga<\/strong><\/p>\n\n\n\n<p><strong>10 vagas &#8211; Soldador<\/strong><\/p>\n\n\n\n<p><strong>Escolaridade &#8211;<\/strong> ensino m\u00e9dio completo;<\/p>\n\n\n\n<p><strong>Experi\u00eancia \u2013 <\/strong>seis meses na Carteira de Trabalho;<\/p>\n\n\n\n<p><strong>Requisitos Obrigat\u00f3rios <\/strong>&#8211; ter curso de Solda Mig, Mag e possuir documenta\u00e7\u00e3o completa (com dispensa militar);<\/p>\n\n\n\n<p><strong>Atividades &#8211; <\/strong>unir, cortar ou reparar pe\u00e7as met\u00e1licas (a\u00e7o, alum\u00ednio, inox) utilizando calor intenso, como arco el\u00e9trico ou chama, para fundir materiais.<\/p>\n\n\n\n<p><strong>Dispon\u00edvel at\u00e9 13\/03\/2026 ou encerramento da vaga<\/strong><\/p>\n\n\n\n<p><strong>3 vagas &#8211; Auxiliar de Produ\u00e7\u00e3o de M\u00f3veis Artesanais<\/strong><\/p>\n\n\n\n<p><strong>Escolaridade &#8211;<\/strong> ensino fundamental completo;<\/p>\n\n\n\n<p><strong>Experi\u00eancia \u2013 <\/strong>seis meses na Carteira de Trabalho;<\/p>\n\n\n\n<p><strong>Requisitos Obrigat\u00f3rios <\/strong>&#8211; ter experi\u00eancia em fabrica\u00e7\u00e3o de m\u00f3veis de fibra sint\u00e9tica e possuir documenta\u00e7\u00e3o completa;<\/p>\n\n\n\n<p><strong>Atividades &#8211; <\/strong>tecelagem de m\u00f3veis em geral; incluir fibras e cordas n\u00e1uticas nos m\u00f3veis.<\/p>\n\n\n\n<p><strong>Dispon\u00edvel at\u00e9 13\/03\/2026 ou encerramento da vaga<\/strong><\/p>\n\n\n\n<p><strong>VAGAS EM SERVI\u00c7O \u2013 154<\/strong><\/p>\n\n\n\n<p><strong>50 vagas &#8211; Auxiliar de Linha de Produ\u00e7\u00e3o<\/strong><\/p>\n\n\n\n<p><strong>Escolaridade &#8211; <\/strong>ensino fundamental incompleto;<\/p>\n\n\n\n<p><strong>Experi\u00eancia \u2013<\/strong> n\u00e3o \u00e9 necess\u00e1rio;<\/p>\n\n\n\n<p><strong>Requisitos Obrigat\u00f3rios &#8211; <\/strong>a vaga \u00e9 destinada para candidatos que est\u00e3o em busca de novos desafios; o candidato vai precisar morar em: V\u00e1rzea Grande (MT) e possuir documenta\u00e7\u00e3o completa (com dispensa militar);<\/p>\n\n\n\n<p><strong>Atividades &#8211; <\/strong>respons\u00e1vel por executar atividades operacionais em setores de apoio ou produ\u00e7\u00e3o de frios, visando garantir a manuten\u00e7\u00e3o, organiza\u00e7\u00e3o, limpeza ou opera\u00e7\u00e3o de atividades na unidade.<\/p>\n\n\n\n<p><strong>Dispon\u00edvel at\u00e9 10\/02\/2026 ou encerramento da vaga<\/strong><\/p>\n\n\n\n<p><strong>25 vagas &#8211; Atendente<\/strong><\/p>\n\n\n\n<p><strong>Escolaridade &#8211; <\/strong>ensino fundamental completo;<\/p>\n\n\n\n<p><strong>Experi\u00eancia \u2013<\/strong> n\u00e3o \u00e9 necess\u00e1rio;<\/p>\n\n\n\n<p><strong>Requisitos Obrigat\u00f3rios &#8211; <\/strong>a vaga \u00e9 destinada para candidatos que est\u00e3o em busca de novos desafios; o candidato vai precisar morar em: MG | RJ | ES | PA | Nordeste e possuir documenta\u00e7\u00e3o completa;<\/p>\n\n\n\n<p><strong>Atividades &#8211; <\/strong>recepcionar os clientes de forma cordial e atenciosa; realizar o atendimento e auxiliar na escolha do card\u00e1pio; registrar os pedidos e encaminh\u00e1-los \u00e0 cozinha; auxiliar na montagem e organiza\u00e7\u00e3o das mesas; realizar a manuten\u00e7\u00e3o, organiza\u00e7\u00e3o e limpeza do ambiente.<\/p>\n\n\n\n<p><strong>Dispon\u00edvel at\u00e9 10\/02\/2026 ou encerramento da vaga<\/strong><\/p>\n\n\n\n<p><strong>25 vagas &#8211; Auxiliar de Cozinha<\/strong><\/p>\n\n\n\n<p><strong>Escolaridade &#8211; <\/strong>ensino fundamental completo;<\/p>\n\n\n\n<p><strong>Experi\u00eancia \u2013<\/strong> n\u00e3o \u00e9 necess\u00e1rio;<\/p>\n\n\n\n<p><strong>Requisitos Obrigat\u00f3rios &#8211; <\/strong>a vaga \u00e9 destinada para candidatos que est\u00e3o em busca de novos desafios; o candidato vai precisar morar em: MG | RJ | ES | PA | Nordeste e possuir documenta\u00e7\u00e3o completa;<\/p>\n\n\n\n<p><strong>Atividades &#8211; <\/strong>prepara\u00e7\u00e3o e organiza\u00e7\u00e3o de alimentos, a higieniza\u00e7\u00e3o do ambiente e dos utens\u00edlios, e o apoio direto aos cozinheiros.<\/p>\n\n\n\n<p><strong>Dispon\u00edvel at\u00e9 10\/02\/2026 ou encerramento da vaga<\/strong><\/p>\n\n\n\n<p><strong>1 vaga &#8211; Analista Comercial<\/strong><\/p>\n\n\n\n<p><strong>Escolaridade &#8211;<\/strong> ensino m\u00e9dio completo;<\/p>\n\n\n\n<p><strong>Experi\u00eancia \u2013 <\/strong>seis meses na Carteira de Trabalho;<\/p>\n\n\n\n<p><strong>Requisitos Obrigat\u00f3rios <\/strong>&#8211; ter conhecimento do CRM agendor e possuir documenta\u00e7\u00e3o completa;<\/p>\n\n\n\n<p><strong>Atividades &#8211; <\/strong>pesquisar mercado e analisar dados coletados para identificar o potencial de vendas dos produtos e monitorar a performance dos vendedores, al\u00e9m disso, \u00e9 o profissional respons\u00e1vel por monitorar os concorrentes no mercado local<\/p>\n\n\n\n<p><strong>Dispon\u00edvel at\u00e9 13\/03\/2026 ou encerramento da vaga<\/strong><\/p>\n\n\n\n<p><strong>1 vaga &#8211; Costureira<\/strong><\/p>\n\n\n\n<p><strong>Escolaridade &#8211;<\/strong> ensino fundamental completo;<\/p>\n\n\n\n<p><strong>Experi\u00eancia \u2013 <\/strong>seis meses na Carteira de Trabalho;<\/p>\n\n\n\n<p><strong>Requisitos Obrigat\u00f3rios <\/strong>&#8211; possuir documenta\u00e7\u00e3o completa;<\/p>\n\n\n\n<p><strong>Atividades &#8211; <\/strong>modelagem, corte e costura, utilizando m\u00e1quinas e t\u00e9cnicas manuais para criar roupas personalizadas ou realizar ajustes em pe\u00e7as prontas.<\/p>\n\n\n\n<p><strong>Dispon\u00edvel at\u00e9 13\/03\/2026 ou encerramento da vaga<\/strong><\/p>\n\n\n\n<p><strong>2 vagas &#8211; Encarregado de Obras<\/strong><\/p>\n\n\n\n<p><strong>Escolaridade &#8211;<\/strong> ensino m\u00e9dio completo;<\/p>\n\n\n\n<p><strong>Experi\u00eancia \u2013 <\/strong>registrada na Carteira de Trabalho;<\/p>\n\n\n\n<p><strong>Requisitos Obrigat\u00f3rios <\/strong>&#8211; possuir documenta\u00e7\u00e3o completa (com dispensa militar);<\/p>\n\n\n\n<p><strong>Atividades &#8211; <\/strong>coordenar equipes, interpretar projetos t\u00e9cnicos, gerenciar o uso de materiais e garantir o cumprimento de prazos e normas de seguran\u00e7a (como o uso de EPIs).<\/p>\n\n\n\n<p><strong>Dispon\u00edvel at\u00e9 13\/03\/2026 ou encerramento da vaga<\/strong><\/p>\n\n\n\n<p><strong>1 vaga &#8211; Bombeiro Hidr\u00e1ulico<\/strong><\/p>\n\n\n\n<p><strong>Escolaridade &#8211;<\/strong> ensino m\u00e9dio completo;<\/p>\n\n\n\n<p><strong>Experi\u00eancia \u2013 <\/strong>registrada na Carteira de Trabalho;<\/p>\n\n\n\n<p><strong>Requisitos Obrigat\u00f3rios <\/strong>&#8211; ter curso de<\/p>\n\n\n\n<p>Bombeiro Hidr\u00e1ulico, metrologia b\u00e1sica e possuir documenta\u00e7\u00e3o completa (com dispensa militar);<\/p>\n\n\n\n<p><strong>Atividades &#8211; <\/strong>realizar an\u00e1lise e reparos na instala\u00e7\u00e3o da rede hidr\u00e1ulica, verificando defeitos em instala\u00e7\u00f5es e substitui\u00e7\u00f5es de pe\u00e7as componentes para evitar vazamentos, acidentes, desperd\u00edcio de pe\u00e7as e de \u00e1gua, manter o sistema hidr\u00e1ulico em perfeito funcionamento, executar, checar e reparar instala\u00e7\u00f5es de equipamentos da rede hidr\u00e1ulica da obra, prevenir danos e vazamentos, sempre atento \u00e0 preven\u00e7\u00e3o de acidentes e doen\u00e7as ocupacionais, analisar desenhos e esquemas hidr\u00e1ulicos para facilitar a an\u00e1lise da rede instalada, testar canaliza\u00e7\u00f5es, utilizando ar comprimido ou \u00e1gua sob press\u00e3o, especificar materiais e equipamentos utilizados e em falta para solicita\u00e7\u00f5es, lavar e fazer tratamento de caixas d&#8217;\u00e1gua e de caixas de gordura, instalar tubos e conex\u00f5es de PVC, FG, FF, a\u00e7o carbono e cobre, executar roscas, colagem, veda\u00e7\u00f5es, chumbagem e soldagem em tubula\u00e7\u00f5es da rede hidr\u00e1ulica, executar a remo\u00e7\u00e3o e instala\u00e7\u00e3o de eletrobombas e fix\u00e1-las.<\/p>\n\n\n\n<p><strong>Dispon\u00edvel at\u00e9 13\/03\/2026 ou encerramento da vaga<\/strong><\/p>\n\n\n\n<p><strong>1 vaga &#8211; Ajudante de Manuten\u00e7\u00e3o<\/strong><\/p>\n\n\n\n<p><strong>Escolaridade &#8211;<\/strong> ensino fundamental completo;<\/p>\n\n\n\n<p><strong>Experi\u00eancia \u2013 <\/strong>registrada na Carteira de Trabalho;<\/p>\n\n\n\n<p><strong>Requisitos Obrigat\u00f3rios <\/strong>&#8211; ter disponibilidade de hor\u00e1rio, disponibilidade para trabalho bra\u00e7al e possuir documenta\u00e7\u00e3o completa (com dispensa militar);<\/p>\n\n\n\n<p><strong>Atividades &#8211; <\/strong>auxiliar na instala\u00e7\u00e3o e manuten\u00e7\u00e3o de m\u00e1quinas e equipamentos de refrigera\u00e7\u00e3o e climatiza\u00e7\u00e3o, apoiar na montagem de tubula\u00e7\u00f5es hidr\u00e1ulicas, dutos de ar e suportes; Auxiliar na movimenta\u00e7\u00e3o de materiais e uso de plataformas; Apoiar atividades de montagem industrial, regulagem e nivelamento de tubula\u00e7\u00f5es, manter a organiza\u00e7\u00e3o, limpeza e conserva\u00e7\u00e3o de ferramentas, equipamentos e do local de trabalho.<\/p>\n\n\n\n<p><strong>Dispon\u00edvel at\u00e9 13\/03\/2026 ou encerramento da vaga<\/strong><\/p>\n\n\n\n<p><strong>1 vaga &#8211; Auxiliar de Manuten\u00e7\u00e3o El\u00e9trica e Hidr\u00e1ulica<\/strong><\/p>\n\n\n\n<p><strong>Escolaridade &#8211;<\/strong> ensino m\u00e9dio completo;<\/p>\n\n\n\n<p><strong>Experi\u00eancia \u2013 <\/strong>tres meses na Carteira de Trabalho;<\/p>\n\n\n\n<p><strong>Requisitos Obrigat\u00f3rios <\/strong>&#8211; ter Carteira Nacional de Habilita\u00e7\u00e3o categorias (B), conhecimento em el\u00e9trica e hidr\u00e1ulica e possuir documenta\u00e7\u00e3o completa (com dispensa militar);<\/p>\n\n\n\n<p><strong>Atividades &#8211; <\/strong>instala\u00e7\u00e3o e manuten\u00e7\u00e3o de quadros el\u00e9tricos, instala\u00e7\u00e3o de bombas em esta\u00e7\u00e3o de tratamento ETE, instala\u00e7\u00e3o e reparos hidr\u00e1ulicos.<\/p>\n\n\n\n<p><strong>Dispon\u00edvel at\u00e9 13\/03\/2026 ou encerramento da vaga<\/strong><\/p>\n\n\n\n<p><strong>2 vagas &#8211; Auxiliar de Manuten\u00e7\u00e3o Predial<\/strong><\/p>\n\n\n\n<p><strong>Escolaridade &#8211;<\/strong> ensino m\u00e9dio completo;<\/p>\n\n\n\n<p><strong>Experi\u00eancia \u2013 <\/strong>registrada na Carteira de Trabalho;<\/p>\n\n\n\n<p><strong>Requisitos Obrigat\u00f3rios <\/strong>&#8211; ter Carteira Nacional de Habilita\u00e7\u00e3o categoria A ou B e possuir documenta\u00e7\u00e3o completa (com dispensa militar);<\/p>\n\n\n\n<p><strong>Atividades &#8211; <\/strong>realiza servi\u00e7os de reparo, substitui\u00e7\u00e3o e instala\u00e7\u00e3o el\u00e9trica, hidr\u00e1ulica, mec\u00e2nica, alvenaria e pintura. eles garantem o funcionamento de equipamentos e instala\u00e7\u00f5es, seguindo normas de seguran\u00e7a e qualidade, as atividades incluem desentupimentos, pequenos consertos de marcenaria, limpeza t\u00e9cnica e opera\u00e7\u00e3o de equipamentos de seguran\u00e7a.<\/p>\n\n\n\n<p><strong>Dispon\u00edvel at\u00e9 13\/03\/2026 ou encerramento da vaga<\/strong><\/p>\n\n\n\n<p><strong>1 vaga &#8211; Mec\u00e2nico de Manuten\u00e7\u00e3o de M\u00e1quinas<\/strong><\/p>\n\n\n\n<p><strong>Escolaridade &#8211;<\/strong> ensino m\u00e9dio completo;<\/p>\n\n\n\n<p><strong>Experi\u00eancia \u2013 <\/strong>registrada na Carteira de Trabalho;<\/p>\n\n\n\n<p><strong>Requisitos Obrigat\u00f3rios <\/strong>&#8211; ter Carteira Nacional de Habilita\u00e7\u00e3o categoria A ou B, conhecimento em manuten\u00e7\u00e3o de motores 2 e 4 tempos e possuir documenta\u00e7\u00e3o completa (com dispensa militar);<\/p>\n\n\n\n<p><strong>Atividades &#8211; <\/strong>repara e ajusta equipamentos industriais, realizando manuten\u00e7\u00f5es preventivas, corretivas e preditivas, suas atividades incluem diagnosticar falhas mec\u00e2nicas, hidr\u00e1ulicas e pneum\u00e1ticas, substituir pe\u00e7as, lubrificar componentes, alinhar maquin\u00e1rio e elaborar relat\u00f3rios t\u00e9cnicos, garantindo a efici\u00eancia operacional e seguindo normas de seguran\u00e7a.<\/p>\n\n\n\n<p><strong>Dispon\u00edvel at\u00e9 13\/03\/2026 ou encerramento da vaga<\/strong><\/p>\n\n\n\n<p><strong>1 vaga &#8211; T\u00e9cnico em Mec\u00e2nica<\/strong><\/p>\n\n\n\n<p><strong>Escolaridade &#8211;<\/strong> cursando ensino t\u00e9cnico&nbsp; em mec\u00e2nica;<\/p>\n\n\n\n<p><strong>Experi\u00eancia \u2013 <\/strong>registrada na Carteira de Trabalho;<\/p>\n\n\n\n<p><strong>Requisitos Obrigat\u00f3rios <\/strong>&#8211; ter cursos NR 12, NR 33, NR 35, NR 10, soldagem, leitura interpreta\u00e7\u00e3o de desenhos t\u00e9cnicos, pneum\u00e1tica, hidr\u00e1ulica industrial, metrologia industrial, lubrifica\u00e7\u00e3o industrial e possuir documenta\u00e7\u00e3o completa (com dispensa militar);<\/p>\n\n\n\n<p><strong>Atividades &#8211; <\/strong>atuar no planejamento, opera\u00e7\u00e3o e manuten\u00e7\u00e3o de m\u00e1quinas e equipamentos, realizando montagens, manuten\u00e7\u00e3o preventiva e corretiva, calibra\u00e7\u00e3o de instrumentos, usinagem, soldagem e leitura de desenhos t\u00e9cnicos.<\/p>\n\n\n\n<p><strong>Dispon\u00edvel at\u00e9 13\/03\/2026 ou encerramento da vaga<\/strong><\/p>\n\n\n\n<p><strong>1 vaga &#8211; Oficial de Manuten\u00e7\u00e3o<\/strong><\/p>\n\n\n\n<p><strong>Escolaridade &#8211;<\/strong> ensino m\u00e9dio completo;<\/p>\n\n\n\n<p><strong>Experi\u00eancia \u2013 <\/strong>seis meses na Carteira de Trabalho;<\/p>\n\n\n\n<p><strong>Requisitos Obrigat\u00f3rios <\/strong>&#8211; possuir documenta\u00e7\u00e3o completa (com dispensa militar);<\/p>\n\n\n\n<p><strong>Atividades &#8211; <\/strong>realizar manuten\u00e7\u00e3o predial em telhado (instala\u00e7\u00e3o, corre\u00e7\u00e3o), hidr\u00e1ulica (instala\u00e7\u00e3o, manuten\u00e7\u00e3o corretiva), alvenaria, assentamento de cer\u00e2micas, pintura ( lixamento, pintura em geral).<\/p>\n\n\n\n<p><strong>Dispon\u00edvel at\u00e9 13\/03\/2026 ou encerramento da vaga<\/strong><\/p>\n\n\n\n<p><strong>2 vagas &#8211; Auxiliar de Manuten\u00e7\u00e3o Predial<\/strong><\/p>\n\n\n\n<p><strong>Escolaridade &#8211;<\/strong> ensino m\u00e9dio completo;<\/p>\n\n\n\n<p><strong>Experi\u00eancia \u2013 <\/strong>seis meses na Carteira de Trabalho;<\/p>\n\n\n\n<p><strong>Requisitos Obrigat\u00f3rios <\/strong>&#8211; ter disponibilidade de hor\u00e1rio e possuir documenta\u00e7\u00e3o completa (com dispensa militar);<\/p>\n\n\n\n<p><strong>Atividades &#8211; <\/strong>realizar manuten\u00e7\u00e3o preventiva e corretiva em equipamentos e instala\u00e7\u00f5es prediais, realizar reparos em alvenaria, hidr\u00e1ulica, el\u00e9trica e pintura, realizar limpeza e organiza\u00e7\u00e3o das \u00e1reas de trabalho, auxiliar nas movimenta\u00e7\u00f5es de equipamentos, realizar outras atividades correlatas.<\/p>\n\n\n\n<p><strong>Dispon\u00edvel at\u00e9 13\/03\/2026 ou encerramento da vaga<\/strong><\/p>\n\n\n\n<p><strong>1 vaga &#8211; Comprador<\/strong><\/p>\n\n\n\n<p><strong>Escolaridade &#8211;<\/strong> cursando ensino superior em administra\u00e7\u00e3o, contabilidade, log\u00edstica;<\/p>\n\n\n\n<p><strong>Experi\u00eancia \u2013 <\/strong>registrada na Carteira de Trabalho;<\/p>\n\n\n\n<p><strong>Requisitos Obrigat\u00f3rios <\/strong>&#8211; ter conhecimento em pacote Office ou sistemas de gest\u00e3o (ERP) e possuir documenta\u00e7\u00e3o completa;<\/p>\n\n\n\n<p><strong>Atividades &#8211; <\/strong>adquirir materiais, insumos, produtos ou servi\u00e7os para uma empresa, buscando o melhor custo-benef\u00edcio, qualidade e prazo.<\/p>\n\n\n\n<p><strong>Dispon\u00edvel at\u00e9 13\/03\/2026 ou encerramento da vaga<\/strong><\/p>\n\n\n\n<p><strong>3 vagas &#8211; Auxiliar de Servi\u00e7os Gerais<\/strong><\/p>\n\n\n\n<p><strong>Escolaridade &#8211;<\/strong> ensino fundamental completo;<\/p>\n\n\n\n<p><strong>Experi\u00eancia \u2013 <\/strong>seis meses na Carteira de Trabalho;<\/p>\n\n\n\n<p><strong>Requisitos Obrigat\u00f3rios <\/strong>&#8211;&nbsp; residir na zona oeste e possuir documenta\u00e7\u00e3o completa;<\/p>\n\n\n\n<p><strong>Atividades &#8211; <\/strong>executar limpeza e manuten\u00e7\u00e3o de ambientes para garantir que a empresa funcione corretamente, incluindo a limpeza de \u00e1reas comuns, a organiza\u00e7\u00e3o e reposi\u00e7\u00e3o de materiais.<\/p>\n\n\n\n<p><strong>Dispon\u00edvel at\u00e9 13\/03\/2026 ou encerramento da vaga<\/strong><\/p>\n\n\n\n<p><strong>3 vagas &#8211; L\u00edder de Servi\u00e7os Gerais<\/strong><\/p>\n\n\n\n<p><strong>Escolaridade &#8211;<\/strong> ensino fundamental completo;<\/p>\n\n\n\n<p><strong>Experi\u00eancia \u2013 <\/strong>registrada na Carteira de Trabalho;<\/p>\n\n\n\n<p><strong>Requisitos Obrigat\u00f3rios <\/strong>&#8211; ter experi\u00eancia em condom\u00ednio, residir na zona oeste e possuir documenta\u00e7\u00e3o completa;<\/p>\n\n\n\n<p><strong>Atividades &#8211; <\/strong>coordenar escalas, treinar funcion\u00e1rios, controlar o estoque de materiais, supervisionar a qualidade dos servi\u00e7os e garantir o uso de equipamentos de seguran\u00e7a (EPIs).<\/p>\n\n\n\n<p><strong>Dispon\u00edvel at\u00e9 13\/03\/2026 ou encerramento da vaga<\/strong><\/p>\n\n\n\n<p><strong>2 vagas &#8211; Servi\u00e7os Gerais<\/strong><\/p>\n\n\n\n<p><strong>Escolaridade &#8211;<\/strong> ensino fundamental completo;<\/p>\n\n\n\n<p><strong>Experi\u00eancia \u2013 <\/strong>seis meses na Carteira de Trabalho;<\/p>\n\n\n\n<p><strong>Requisitos Obrigat\u00f3rios <\/strong>&#8211; possuir documenta\u00e7\u00e3o completa (com dispensa militar);<\/p>\n\n\n\n<p><strong>Atividades &#8211; <\/strong>lavagem de lou\u00e7as, panelas, utens\u00edlios e equipamentos de cozinha, higieniza\u00e7\u00e3o e organiza\u00e7\u00e3o da \u00e1rea de lavagem, apoio na limpeza e higieniza\u00e7\u00e3o da cozinha, recolhimento e descarte correto de res\u00edduos, conforme normas de higiene e seguran\u00e7a.<\/p>\n\n\n\n<p><strong>Dispon\u00edvel at\u00e9 13\/03\/2026 ou encerramento da vaga<\/strong><\/p>\n\n\n\n<p><strong>3 vagas &#8211; Atendente de Call Center<\/strong><\/p>\n\n\n\n<p><strong>Escolaridade &#8211;<\/strong> ensino m\u00e9dio completo;<\/p>\n\n\n\n<p><strong>Experi\u00eancia \u2013 <\/strong>seis meses na Carteira de Trabalho;<\/p>\n\n\n\n<p><strong>Requisitos Obrigat\u00f3rios <\/strong>&#8211; ter curso&nbsp; atendimento ao cliente, telemarketing ou vendas e possuir documenta\u00e7\u00e3o completa;<\/p>\n\n\n\n<p><strong>Atividades &#8211; <\/strong>contato ativo com clientes da base para agendamento de manuten\u00e7\u00f5es peri\u00f3dicas (troca de refil a cada 6 meses), atendimento a clientes de forma receptiva, esclarecendo d\u00favidas e oferecendo solu\u00e7\u00f5es, oferecimento de servi\u00e7os, or\u00e7amentos e condi\u00e7\u00f5es de pagamento, negocia\u00e7\u00e3o e outras atividades pertinentes confirma\u00e7\u00e3o de dados cadastrais e organiza\u00e7\u00e3o da agenda de atendimentos por rotam excel\u00eancia no atendimento e satisfa\u00e7\u00e3o do cliente.<\/p>\n\n\n\n<p><strong>Dispon\u00edvel at\u00e9 13\/03\/2026 ou encerramento da vaga<\/strong><\/p>\n\n\n\n<p><strong>2 vagas &#8211; Motofretista<\/strong><\/p>\n\n\n\n<p><strong>Escolaridade &#8211;<\/strong> ensino m\u00e9dio completo;<\/p>\n\n\n\n<p><strong>Experi\u00eancia \u2013&nbsp; <\/strong>n\u00e3o \u00e9 necess\u00e1rio;<\/p>\n\n\n\n<p><strong>Requisitos Obrigat\u00f3rios <\/strong>&#8211; ter Carteira Nacional de Habilita\u00e7\u00e3o categoria A, possuir ve\u00edculo pr\u00f3prio e possuir documenta\u00e7\u00e3o completa (com dispensa militar);<\/p>\n\n\n\n<p><strong>Atividades &#8211; <\/strong>coletam e entregam documentos, valores, mercadorias e encomendas, transportam pessoas, realizam servi\u00e7os de pagamento e cobran\u00e7a, roteirizar entregas e coletas, localizam e conferem destinat\u00e1rios e endere\u00e7os, emitem e coletam recibos do material transportado.<\/p>\n\n\n\n<p><strong>Dispon\u00edvel at\u00e9 13\/03\/2026 ou encerramento da vaga<\/strong><\/p>\n\n\n\n<p><strong>1 vaga &#8211; Motorista Carreteiro<\/strong><\/p>\n\n\n\n<p><strong>Escolaridade &#8211;<\/strong> ensino m\u00e9dio completo;<\/p>\n\n\n\n<p><strong>Experi\u00eancia \u2013&nbsp; <\/strong>registrada na Carteira de Trabalho;<\/p>\n\n\n\n<p><strong>Requisitos Obrigat\u00f3rios <\/strong>&#8211; ter Carteira Nacional de Habilita\u00e7\u00e3o categoria E, curso Mopp e possuir documenta\u00e7\u00e3o completa (com dispensa militar);<\/p>\n\n\n\n<p><strong>Atividades &#8211; <\/strong>movimentam cargas volumosas e pesadas, podem, tamb\u00e9m, operar equipamentos, realizar inspe\u00e7\u00f5es e reparos em ve\u00edculos, vistoriar cargas, al\u00e9m de verificar documenta\u00e7\u00e3o de ve\u00edculos e de cargas.<\/p>\n\n\n\n<p><strong>Dispon\u00edvel at\u00e9 13\/03\/2026 ou encerramento da vaga<\/strong><\/p>\n\n\n\n<p><strong>15 vagas &#8211; Montador de M\u00f3veis<\/strong><\/p>\n\n\n\n<p><strong>Escolaridade &#8211;<\/strong> ensino m\u00e9dio completo;<\/p>\n\n\n\n<p><strong>Experi\u00eancia \u2013 <\/strong>registrada na Carteira de Trabalho;<\/p>\n\n\n\n<p><strong>Requisitos Obrigat\u00f3rios <\/strong>&#8211; possuir documenta\u00e7\u00e3o completa (com dispensa militar);<\/p>\n\n\n\n<p><strong>Atividades &#8211; <\/strong>preparar locais, montar m\u00f3veis padr\u00e3o e planejado, instalar e reparar m\u00f3veis de madeira ou materiais derivados (mdf\/mdp) em s\u00e9rie ou sob encomenda, seguindo projetos, normas de seguran\u00e7a e qualidade.<\/p>\n\n\n\n<p><strong>Dispon\u00edvel at\u00e9 13\/03\/2026 ou encerramento da vaga<\/strong><\/p>\n\n\n\n<p><strong>2 vagas &#8211; Ajudante de Obras<\/strong><\/p>\n\n\n\n<p><strong>Escolaridade &#8211;<\/strong> ensino m\u00e9dio completo;<\/p>\n\n\n\n<p><strong>Experi\u00eancia \u2013 <\/strong>seis meses na Carteira de Trabalho;<\/p>\n\n\n\n<p><strong>Requisitos Obrigat\u00f3rios <\/strong>&#8211; saber operar serra m\u00e1rmore, martelete 2kg e possuir documenta\u00e7\u00e3o completa (com dispensa militar);<\/p>\n\n\n\n<p><strong>Atividades &#8211; <\/strong>preparar e organizar o canteiro, preparar materiais, limpar e manusear ferramentas, e executar tarefas de apoio como carregar e descarregar materiais, cavar valas, e auxiliar na demoli\u00e7\u00e3o, sempre seguindo as normas de seguran\u00e7a e sa\u00fade.<\/p>\n\n\n\n<p><strong>Dispon\u00edvel at\u00e9 13\/03\/2026 ou encerramento da vaga<\/strong><\/p>\n\n\n\n<p><strong>3 vagas &#8211; Jardineiro<\/strong><\/p>\n\n\n\n<p><strong>Escolaridade &#8211;<\/strong> ensino m\u00e9dio completo;<\/p>\n\n\n\n<p><strong>Experi\u00eancia \u2013 <\/strong>seis meses na Carteira de Trabalho;<\/p>\n\n\n\n<p><strong>Requisitos Obrigat\u00f3rios <\/strong>&#8211; possuir documenta\u00e7\u00e3o completa (com dispensa militar);<\/p>\n\n\n\n<p><strong>Atividades &#8211; <\/strong>preparar solos, plantar mudas, realizar podas, aduba\u00e7\u00e3o, irriga\u00e7\u00e3o e limpeza de \u00e1reas verdes, apoiando o jardineiro na conserva\u00e7\u00e3o de paisagens; manuten\u00e7\u00e3o de jardins, esse profissional atua no plantio, ro\u00e7agem e limpeza de ferramentas, sendo necess\u00e1rio preparo f\u00edsico e conhecimento b\u00e1sico de plantas.<\/p>\n\n\n\n<p><strong>Dispon\u00edvel at\u00e9 13\/03\/2026 ou encerramento da vaga<\/strong><\/p>\n\n\n\n<p><strong>3 vagas &#8211; Auxiliar de Limpeza<\/strong><\/p>\n\n\n\n<p><strong>Escolaridade &#8211;<\/strong> ensino m\u00e9dio completo;<\/p>\n\n\n\n<p><strong>Experi\u00eancia \u2013 <\/strong>seis meses na Carteira de Trabalho;<\/p>\n\n\n\n<p><strong>Requisitos Obrigat\u00f3rios <\/strong>&#8211; possuir documenta\u00e7\u00e3o completa;<\/p>\n\n\n\n<p><strong>Atividades &#8211; <\/strong>varrer, lavar, tirar o p\u00f3, recolher lixo, repor materiais de higiene (papel, sabonete) e desinfetar superf\u00edcies.<\/p>\n\n\n\n<p><strong>Dispon\u00edvel at\u00e9 13\/03\/2026 ou encerramento da vaga<\/strong><\/p>\n\n\n\n<p><strong>1 vaga &#8211; Pintor de Autom\u00f3veis e M\u00e1quinas Pesadas<\/strong><\/p>\n\n\n\n<p><strong>Escolaridade &#8211;<\/strong> ensino m\u00e9dio completo;<\/p>\n\n\n\n<p><strong>Experi\u00eancia \u2013 <\/strong>seis meses na Carteira de Trabalho;<\/p>\n\n\n\n<p><strong>Requisitos Obrigat\u00f3rios <\/strong>&#8211; possuir documenta\u00e7\u00e3o completa (com dispensa militar);<\/p>\n\n\n\n<p><strong>Atividades &#8211; <\/strong>pintura de autom\u00f3veis e m\u00e1quinas pesadas,&nbsp; preparar superf\u00edcies, aplicar tintas, polimentos e retoques em ve\u00edculos e equipamentos industriais; lixamento, aplica\u00e7\u00e3o de primer, pintura com pistola, secagem e manuten\u00e7\u00e3o de equipamentos, visando acabamento e prote\u00e7\u00e3o anticorrosiva.<\/p>\n\n\n\n<p><strong>Dispon\u00edvel at\u00e9 13\/03\/2026 ou encerramento da vaga<\/strong><\/p>\n\n\n\n<p><strong>VAGAS DESTINADAS \u00c0 PESSOAS COM DEFICI\u00caNCIA (PCD) \u2013 14<\/strong><\/p>\n\n\n\n<p><strong>9 vagas &#8211; Auxiliar de Limpeza &#8211; Vagas destinadas para Pessoa com Defici\u00eancia (PCD)<\/strong><\/p>\n\n\n\n<p><strong>Escolaridade &#8211;<\/strong> ensino fundamental completo;<\/p>\n\n\n\n<p><strong>Experi\u00eancia \u2013 <\/strong>registrada na Carteira de Trabalho ou avulso;<\/p>\n\n\n\n<p><strong>Requisitos Obrigat\u00f3rios <\/strong>&#8211; possuir documenta\u00e7\u00e3o completa;<\/p>\n\n\n\n<p><strong>Atividades &#8211; <\/strong>manter a higiene, organiza\u00e7\u00e3o e conserva\u00e7\u00e3o de ambientes internos e externos, varrendo, lavando, espanando e higienizando superf\u00edcies; realiza a coleta de lixo, reposi\u00e7\u00e3o de materiais e utiliza produtos de limpeza com seguran\u00e7a.<\/p>\n\n\n\n<p><strong>Dispon\u00edvel at\u00e9 13\/03\/2026 ou encerramento da vaga<\/strong><\/p>\n\n\n\n<p><strong>4 vagas &#8211; Auxiliar de Servi\u00e7os Gerais &#8211; Vagas destinadas para Pessoa com Defici\u00eancia (PCD)<\/strong><\/p>\n\n\n\n<p><strong>Escolaridade &#8211;<\/strong> ensino fundamental completo;<\/p>\n\n\n\n<p><strong>Experi\u00eancia \u2013 <\/strong>n\u00e3o \u00e9 necess\u00e1rio;<\/p>\n\n\n\n<p><strong>Requisitos Obrigat\u00f3rios <\/strong>&#8211; possuir documenta\u00e7\u00e3o completa;<\/p>\n\n\n\n<p><strong>Atividades &#8211; <\/strong>limpeza, organiza\u00e7\u00e3o e manuten\u00e7\u00e3o de diversos ambientes, como empresas, hospitais, escolas e resid\u00eancias.<\/p>\n\n\n\n<p><strong>Dispon\u00edvel at\u00e9 13\/03\/2026 ou encerramento da vaga<\/strong><\/p>\n\n\n\n<p><strong>1 vaga &#8211; Auxiliar de Dep\u00f3sito &#8211; Vagas destinadas para Pessoa com Defici\u00eancia (PCD)<\/strong><\/p>\n\n\n\n<p><strong>Escolaridade &#8211;<\/strong> ensino m\u00e9dio completo;<\/p>\n\n\n\n<p><strong>Experi\u00eancia \u2013 <\/strong>tr\u00eas meses na Carteira de Trabalho ou avulso;<\/p>\n\n\n\n<p><strong>Requisitos Obrigat\u00f3rios <\/strong>&#8211; ter curso de inform\u00e1tica b\u00e1sica e possuir documenta\u00e7\u00e3o completa (com dispensa militar);<\/p>\n\n\n\n<p><strong>Atividades &#8211; <\/strong>embarque e desembarque de mercadorias, etiquetagem e organiza\u00e7\u00e3o do ambiente de trabalho.<\/p>\n\n\n\n<p><strong>Dispon\u00edvel at\u00e9 13\/03\/2026 ou encerramento da vaga<\/strong><\/p>\n\n\n\n<p>\u2014 \u2014 \u2014<\/p>\n\n\n\n<p><strong>Texto<\/strong>&nbsp;\u2013&nbsp;Divulga\u00e7\u00e3o\/Semtepi<\/p>\n\n\n\n<p><strong>Fotos<\/strong>&nbsp;\u2013&nbsp;Arquivo\/Semcom<\/p>\n\n\n\n<p><strong>Dispon\u00edveis em<\/strong>&nbsp;\u2013&nbsp;<a href=\"https:\/\/flic.kr\/s\/aHBqjCetWK\">https:\/\/flic.kr\/s\/aHBqjCetWK<\/a><\/p>\n","protected":false},"excerpt":{"rendered":"","protected":false},"author":23,"featured_media":247788,"comment_status":"closed","ping_status":"closed","sticky":false,"template":"","format":"standard","meta":{"footnotes":""},"categories":[20],"tags":[367,2068,77,22,23,126],"acf":[],"yoast_head":"<!-- This site is optimized with the Yoast SEO plugin v23.0 - https:\/\/yoast.com\/wordpress\/plugins\/seo\/ -->\n<title>Sine Manaus oferta 339 vagas de emprego nesta sexta\u2013feira, 13\/3<\/title>\n<meta name=\"description\" content=\"A Prefeitura de Manaus, por meio do Sine Manaus, oferta 339 vagas de emprego em v\u00e1rias \u00e1reas de atua\u00e7\u00e3o, nesta sexta\u2013feira, 13\/3, das 8h \u00e0s 14h.\" \/>\n<meta name=\"robots\" content=\"index, follow, max-snippet:-1, max-image-preview:large, max-video-preview:-1\" \/>\n<link rel=\"canonical\" href=\"https:\/\/www.manaus.am.gov.br\/semcom\/prefeitura-semtepi-sinemanaus1303\/\" \/>\n<meta property=\"og:locale\" content=\"pt_BR\" \/>\n<meta property=\"og:type\" content=\"article\" \/>\n<meta property=\"og:title\" content=\"Sine Manaus oferta 339 vagas de emprego nesta sexta\u2013feira, 13\/3\" \/>\n<meta property=\"og:description\" content=\"A Prefeitura de Manaus, por meio do Sine Manaus, oferta 339 vagas de emprego em v\u00e1rias \u00e1reas de atua\u00e7\u00e3o, nesta sexta\u2013feira, 13\/3, das 8h \u00e0s 14h.\" \/>\n<meta property=\"og:url\" content=\"https:\/\/www.manaus.am.gov.br\/semcom\/prefeitura-semtepi-sinemanaus1303\/\" \/>\n<meta property=\"og:site_name\" content=\"SEMCOM\" \/>\n<meta property=\"article:published_time\" content=\"2026-03-12T17:42:52+00:00\" \/>\n<meta property=\"article:modified_time\" content=\"2026-03-12T18:18:34+00:00\" \/>\n<meta property=\"og:image\" content=\"https:\/\/www.manaus.am.gov.br\/semcom\/wp-content\/uploads\/sites\/5\/2025\/10\/54524090395_0d019834ba_c-3.jpg\" \/>\n\t<meta property=\"og:image:width\" content=\"799\" \/>\n\t<meta property=\"og:image:height\" content=\"533\" \/>\n\t<meta property=\"og:image:type\" content=\"image\/jpeg\" \/>\n<meta name=\"author\" content=\"Adriana Costa\" \/>\n<meta name=\"twitter:card\" content=\"summary_large_image\" \/>\n<meta name=\"twitter:label1\" content=\"Written by\" \/>\n\t<meta name=\"twitter:data1\" content=\"Adriana Costa\" \/>\n\t<meta name=\"twitter:label2\" content=\"Est. reading time\" \/>\n\t<meta name=\"twitter:data2\" content=\"25 minutos\" \/>\n<script type=\"application\/ld+json\" class=\"yoast-schema-graph\">{\"@context\":\"https:\/\/schema.org\",\"@graph\":[{\"@type\":\"WebPage\",\"@id\":\"https:\/\/www.manaus.am.gov.br\/semcom\/prefeitura-semtepi-sinemanaus1303\/\",\"url\":\"https:\/\/www.manaus.am.gov.br\/semcom\/prefeitura-semtepi-sinemanaus1303\/\",\"name\":\"Sine Manaus oferta 339 vagas de emprego nesta sexta\u2013feira, 13\/3\",\"isPartOf\":{\"@id\":\"https:\/\/www.manaus.am.gov.br\/semcom\/#website\"},\"primaryImageOfPage\":{\"@id\":\"https:\/\/www.manaus.am.gov.br\/semcom\/prefeitura-semtepi-sinemanaus1303\/#primaryimage\"},\"image\":{\"@id\":\"https:\/\/www.manaus.am.gov.br\/semcom\/prefeitura-semtepi-sinemanaus1303\/#primaryimage\"},\"thumbnailUrl\":\"https:\/\/www.manaus.am.gov.br\/semcom\/wp-content\/uploads\/sites\/5\/2025\/10\/54524090395_0d019834ba_c-3.jpg\",\"datePublished\":\"2026-03-12T17:42:52+00:00\",\"dateModified\":\"2026-03-12T18:18:34+00:00\",\"author\":{\"@id\":\"https:\/\/www.manaus.am.gov.br\/semcom\/#\/schema\/person\/4e49f4e267757a06ca072ec61b2b9968\"},\"description\":\"A Prefeitura de Manaus, por meio do Sine Manaus, oferta 339 vagas de emprego em v\u00e1rias \u00e1reas de atua\u00e7\u00e3o, nesta sexta\u2013feira, 13\/3, das 8h \u00e0s 14h.\",\"inLanguage\":\"pt-BR\",\"potentialAction\":[{\"@type\":\"ReadAction\",\"target\":[\"https:\/\/www.manaus.am.gov.br\/semcom\/prefeitura-semtepi-sinemanaus1303\/\"]}]},{\"@type\":\"ImageObject\",\"inLanguage\":\"pt-BR\",\"@id\":\"https:\/\/www.manaus.am.gov.br\/semcom\/prefeitura-semtepi-sinemanaus1303\/#primaryimage\",\"url\":\"https:\/\/www.manaus.am.gov.br\/semcom\/wp-content\/uploads\/sites\/5\/2025\/10\/54524090395_0d019834ba_c-3.jpg\",\"contentUrl\":\"https:\/\/www.manaus.am.gov.br\/semcom\/wp-content\/uploads\/sites\/5\/2025\/10\/54524090395_0d019834ba_c-3.jpg\",\"width\":799,\"height\":533,\"caption\":\"#paratodosverem - Atendimento em posto do Sine Manaus\"},{\"@type\":\"WebSite\",\"@id\":\"https:\/\/www.manaus.am.gov.br\/semcom\/#website\",\"url\":\"https:\/\/www.manaus.am.gov.br\/semcom\/\",\"name\":\"SEMCOM\",\"description\":\"Secretaria Municipal de Comunica\u00e7\u00e3o\",\"potentialAction\":[{\"@type\":\"SearchAction\",\"target\":{\"@type\":\"EntryPoint\",\"urlTemplate\":\"https:\/\/www.manaus.am.gov.br\/semcom\/?s={search_term_string}\"},\"query-input\":\"required name=search_term_string\"}],\"inLanguage\":\"pt-BR\"},{\"@type\":\"Person\",\"@id\":\"https:\/\/www.manaus.am.gov.br\/semcom\/#\/schema\/person\/4e49f4e267757a06ca072ec61b2b9968\",\"name\":\"Adriana Costa\",\"image\":{\"@type\":\"ImageObject\",\"inLanguage\":\"pt-BR\",\"@id\":\"https:\/\/www.manaus.am.gov.br\/semcom\/#\/schema\/person\/image\/\",\"url\":\"https:\/\/secure.gravatar.com\/avatar\/576258617ef7194f718179e766d57bd4?s=96&d=mm&r=g\",\"contentUrl\":\"https:\/\/secure.gravatar.com\/avatar\/576258617ef7194f718179e766d57bd4?s=96&d=mm&r=g\",\"caption\":\"Adriana Costa\"}}]}<\/script>\n<!-- \/ Yoast SEO plugin. -->","yoast_head_json":{"title":"Sine Manaus oferta 339 vagas de emprego nesta sexta\u2013feira, 13\/3","description":"A Prefeitura de Manaus, por meio do Sine Manaus, oferta 339 vagas de emprego em v\u00e1rias \u00e1reas de atua\u00e7\u00e3o, nesta sexta\u2013feira, 13\/3, das 8h \u00e0s 14h.","robots":{"index":"index","follow":"follow","max-snippet":"max-snippet:-1","max-image-preview":"max-image-preview:large","max-video-preview":"max-video-preview:-1"},"canonical":"https:\/\/www.manaus.am.gov.br\/semcom\/prefeitura-semtepi-sinemanaus1303\/","og_locale":"pt_BR","og_type":"article","og_title":"Sine Manaus oferta 339 vagas de emprego nesta sexta\u2013feira, 13\/3","og_description":"A Prefeitura de Manaus, por meio do Sine Manaus, oferta 339 vagas de emprego em v\u00e1rias \u00e1reas de atua\u00e7\u00e3o, nesta sexta\u2013feira, 13\/3, das 8h \u00e0s 14h.","og_url":"https:\/\/www.manaus.am.gov.br\/semcom\/prefeitura-semtepi-sinemanaus1303\/","og_site_name":"SEMCOM","article_published_time":"2026-03-12T17:42:52+00:00","article_modified_time":"2026-03-12T18:18:34+00:00","og_image":[{"width":799,"height":533,"url":"https:\/\/www.manaus.am.gov.br\/semcom\/wp-content\/uploads\/sites\/5\/2025\/10\/54524090395_0d019834ba_c-3.jpg","type":"image\/jpeg"}],"author":"Adriana Costa","twitter_card":"summary_large_image","twitter_misc":{"Written by":"Adriana Costa","Est. reading time":"25 minutos"},"schema":{"@context":"https:\/\/schema.org","@graph":[{"@type":"WebPage","@id":"https:\/\/www.manaus.am.gov.br\/semcom\/prefeitura-semtepi-sinemanaus1303\/","url":"https:\/\/www.manaus.am.gov.br\/semcom\/prefeitura-semtepi-sinemanaus1303\/","name":"Sine Manaus oferta 339 vagas de emprego nesta sexta\u2013feira, 13\/3","isPartOf":{"@id":"https:\/\/www.manaus.am.gov.br\/semcom\/#website"},"primaryImageOfPage":{"@id":"https:\/\/www.manaus.am.gov.br\/semcom\/prefeitura-semtepi-sinemanaus1303\/#primaryimage"},"image":{"@id":"https:\/\/www.manaus.am.gov.br\/semcom\/prefeitura-semtepi-sinemanaus1303\/#primaryimage"},"thumbnailUrl":"https:\/\/www.manaus.am.gov.br\/semcom\/wp-content\/uploads\/sites\/5\/2025\/10\/54524090395_0d019834ba_c-3.jpg","datePublished":"2026-03-12T17:42:52+00:00","dateModified":"2026-03-12T18:18:34+00:00","author":{"@id":"https:\/\/www.manaus.am.gov.br\/semcom\/#\/schema\/person\/4e49f4e267757a06ca072ec61b2b9968"},"description":"A Prefeitura de Manaus, por meio do Sine Manaus, oferta 339 vagas de emprego em v\u00e1rias \u00e1reas de atua\u00e7\u00e3o, nesta sexta\u2013feira, 13\/3, das 8h \u00e0s 14h.","inLanguage":"pt-BR","potentialAction":[{"@type":"ReadAction","target":["https:\/\/www.manaus.am.gov.br\/semcom\/prefeitura-semtepi-sinemanaus1303\/"]}]},{"@type":"ImageObject","inLanguage":"pt-BR","@id":"https:\/\/www.manaus.am.gov.br\/semcom\/prefeitura-semtepi-sinemanaus1303\/#primaryimage","url":"https:\/\/www.manaus.am.gov.br\/semcom\/wp-content\/uploads\/sites\/5\/2025\/10\/54524090395_0d019834ba_c-3.jpg","contentUrl":"https:\/\/www.manaus.am.gov.br\/semcom\/wp-content\/uploads\/sites\/5\/2025\/10\/54524090395_0d019834ba_c-3.jpg","width":799,"height":533,"caption":"#paratodosverem - Atendimento em posto do Sine Manaus"},{"@type":"WebSite","@id":"https:\/\/www.manaus.am.gov.br\/semcom\/#website","url":"https:\/\/www.manaus.am.gov.br\/semcom\/","name":"SEMCOM","description":"Secretaria Municipal de Comunica\u00e7\u00e3o","potentialAction":[{"@type":"SearchAction","target":{"@type":"EntryPoint","urlTemplate":"https:\/\/www.manaus.am.gov.br\/semcom\/?s={search_term_string}"},"query-input":"required name=search_term_string"}],"inLanguage":"pt-BR"},{"@type":"Person","@id":"https:\/\/www.manaus.am.gov.br\/semcom\/#\/schema\/person\/4e49f4e267757a06ca072ec61b2b9968","name":"Adriana Costa","image":{"@type":"ImageObject","inLanguage":"pt-BR","@id":"https:\/\/www.manaus.am.gov.br\/semcom\/#\/schema\/person\/image\/","url":"https:\/\/secure.gravatar.com\/avatar\/576258617ef7194f718179e766d57bd4?s=96&d=mm&r=g","contentUrl":"https:\/\/secure.gravatar.com\/avatar\/576258617ef7194f718179e766d57bd4?s=96&d=mm&r=g","caption":"Adriana Costa"}}]}},"_links":{"self":[{"href":"https:\/\/www.manaus.am.gov.br\/semcom\/wp-json\/wp\/v2\/posts\/254490"}],"collection":[{"href":"https:\/\/www.manaus.am.gov.br\/semcom\/wp-json\/wp\/v2\/posts"}],"about":[{"href":"https:\/\/www.manaus.am.gov.br\/semcom\/wp-json\/wp\/v2\/types\/post"}],"author":[{"embeddable":true,"href":"https:\/\/www.manaus.am.gov.br\/semcom\/wp-json\/wp\/v2\/users\/23"}],"replies":[{"embeddable":true,"href":"https:\/\/www.manaus.am.gov.br\/semcom\/wp-json\/wp\/v2\/comments?post=254490"}],"version-history":[{"count":1,"href":"https:\/\/www.manaus.am.gov.br\/semcom\/wp-json\/wp\/v2\/posts\/254490\/revisions"}],"predecessor-version":[{"id":254503,"href":"https:\/\/www.manaus.am.gov.br\/semcom\/wp-json\/wp\/v2\/posts\/254490\/revisions\/254503"}],"wp:featuredmedia":[{"embeddable":true,"href":"https:\/\/www.manaus.am.gov.br\/semcom\/wp-json\/wp\/v2\/media\/247788"}],"wp:attachment":[{"href":"https:\/\/www.manaus.am.gov.br\/semcom\/wp-json\/wp\/v2\/media?parent=254490"}],"wp:term":[{"taxonomy":"category","embeddable":true,"href":"https:\/\/www.manaus.am.gov.br\/semcom\/wp-json\/wp\/v2\/categories?post=254490"},{"taxonomy":"post_tag","embeddable":true,"href":"https:\/\/www.manaus.am.gov.br\/semcom\/wp-json\/wp\/v2\/tags?post=254490"}],"curies":[{"name":"wp","href":"https:\/\/api.w.org\/{rel}","templated":true}]}}