{"id":254486,"date":"2026-03-12T13:34:24","date_gmt":"2026-03-12T16:34:24","guid":{"rendered":"https:\/\/www.manaus.am.gov.br\/semcom\/prefeitura-immu-transporteirregular\/"},"modified":"2026-03-12T15:14:05","modified_gmt":"2026-03-12T18:14:05","slug":"prefeitura-immu-transporte-legal","status":"publish","type":"post","link":"https:\/\/www.manaus.am.gov.br\/semcom\/prefeitura-immu-transporte-legal\/","title":{"rendered":"Prefeitura retira ve\u00edculos que realizavam transporte irregular das ruas de Manaus"},"content":{"rendered":"\n<p>A opera\u00e7\u00e3o \u201cTransporte Legal\u201d para combater o transporte irregular, a <a href=\"https:\/\/www.manaus.am.gov.br\/\">Prefeitura de Manaus<\/a>, por meio do <a href=\"https:\/\/www.instagram.com\/immu_manaus\/\">Instituto Municipal de Mobilidade Urbana<\/a> (IMMU), retirou das ruas ve\u00edculos que realizavam transporte sem autoriza\u00e7\u00e3o, oferecendo perigo aos passageiros.<\/p>\n\n\n\n<p>Fiscais de transporte e agentes de tr\u00e2nsito do IMMU promoveram, na manh\u00e3 desta quinta-feira, 12\/3, a opera\u00e7\u00e3o \u201cTransporte Legal\u201d. Desta vez, a fiscaliza\u00e7\u00e3o ocorreu na rua Wilkens de Matos, pr\u00f3ximo ao Centro Estadual de Conviv\u00eancia do Idoso, no bairro Aparecida, zona Sul.<\/p>\n\n\n\n<p>Durante a opera\u00e7\u00e3o, foram realizadas 27 abordagens, que resultaram em dez autua\u00e7\u00f5es, e dois ve\u00edculos que faziam transporte irregular foram apreendidos. Seis condutores foram autuados por trafegar sem a licen\u00e7a de motorista auxiliar, por documenta\u00e7\u00e3o vencida ou por mau estado de conserva\u00e7\u00e3o; outras quatro autua\u00e7\u00f5es ocorreram por motivos diversos.<\/p>\n\n\n\n<p>Segundo o chefe de Fiscaliza\u00e7\u00e3o de Transporte do IMMU, Alfredo Maciel, a opera\u00e7\u00e3o \u201cTransporte Legal\u201d tem como objetivo retirar de circula\u00e7\u00e3o ve\u00edculos irregulares e garantir a seguran\u00e7a da popula\u00e7\u00e3o. \u201cNosso objetivo \u00e9 garantir que o passageiro utilize um servi\u00e7o que cumpra as normas de seguran\u00e7a e legalidade. As abordagens focam tanto na documenta\u00e7\u00e3o do condutor quanto no estado de conserva\u00e7\u00e3o dos ve\u00edculos que circulam diariamente na cidade&#8221;, afirmou.<\/p>\n\n\n\n<p>A opera\u00e7\u00e3o \u00e9 realizada em v\u00e1rias zonas da cidade para coibir o transporte irregular e garantir mais seguran\u00e7a e qualidade no deslocamento dos passageiros na capital amazonense.<\/p>\n\n\n\n<p>&#8212; &#8212; &#8212;<\/p>\n\n\n\n<p><strong>Texto&nbsp;<\/strong>&#8211; \u00c1lisson Castro\/IMMU<\/p>\n\n\n\n<p><strong>Fotos&nbsp;<\/strong>&#8211; Divulga\u00e7\u00e3o\/IMMU<\/p>\n","protected":false},"excerpt":{"rendered":"","protected":false},"author":23,"featured_media":254487,"comment_status":"closed","ping_status":"closed","sticky":false,"template":"","format":"standard","meta":{"footnotes":""},"categories":[445],"tags":[13493,88,12,77,3907],"acf":[],"yoast_head":"<!-- This site is optimized with the Yoast SEO plugin v23.0 - https:\/\/yoast.com\/wordpress\/plugins\/seo\/ -->\n<title>Prefeitura retira ve\u00edculos que realizavam transporte irregular das ruas de Manaus<\/title>\n<meta name=\"description\" content=\"Fiscais de transporte e agentes de tr\u00e2nsito do Instituto Municipal de Mobilidade Urbana (IMMU) promoveram, na manh\u00e3 desta quinta-feira, 12\/3, a opera\u00e7\u00e3o \u201cTransporte Legal\u201d. Desta vez, a fiscaliza\u00e7\u00e3o ocorreu na rua Wilkens de Matos, pr\u00f3ximo ao Centro Estadual de Conviv\u00eancia do Idoso, no bairro Aparecida, zona Sul.\" \/>\n<meta name=\"robots\" content=\"index, follow, max-snippet:-1, max-image-preview:large, max-video-preview:-1\" \/>\n<link rel=\"canonical\" href=\"https:\/\/www.manaus.am.gov.br\/semcom\/prefeitura-immu-transporteirregular\/\" \/>\n<meta property=\"og:locale\" content=\"pt_BR\" \/>\n<meta property=\"og:type\" content=\"article\" \/>\n<meta property=\"og:title\" content=\"Prefeitura retira ve\u00edculos que realizavam transporte irregular das ruas de Manaus\" \/>\n<meta property=\"og:description\" content=\"Fiscais de transporte e agentes de tr\u00e2nsito do Instituto Municipal de Mobilidade Urbana (IMMU) promoveram, na manh\u00e3 desta quinta-feira, 12\/3, a opera\u00e7\u00e3o \u201cTransporte Legal\u201d. Desta vez, a fiscaliza\u00e7\u00e3o ocorreu na rua Wilkens de Matos, pr\u00f3ximo ao Centro Estadual de Conviv\u00eancia do Idoso, no bairro Aparecida, zona Sul.\" \/>\n<meta property=\"og:url\" content=\"https:\/\/www.manaus.am.gov.br\/semcom\/prefeitura-immu-transporteirregular\/\" \/>\n<meta property=\"og:site_name\" content=\"SEMCOM\" \/>\n<meta property=\"article:published_time\" content=\"2026-03-12T16:34:24+00:00\" \/>\n<meta property=\"article:modified_time\" content=\"2026-03-12T18:14:05+00:00\" \/>\n<meta property=\"og:image\" content=\"https:\/\/www.manaus.am.gov.br\/semcom\/wp-content\/uploads\/sites\/5\/2026\/03\/WhatsApp-Image-2026-03-12-at-09.06.08-3-1.jpeg\" \/>\n\t<meta property=\"og:image:width\" content=\"960\" \/>\n\t<meta property=\"og:image:height\" content=\"1280\" \/>\n\t<meta property=\"og:image:type\" content=\"image\/jpeg\" \/>\n<meta name=\"author\" content=\"Adriana Costa\" \/>\n<meta name=\"twitter:card\" content=\"summary_large_image\" \/>\n<meta name=\"twitter:label1\" content=\"Written by\" \/>\n\t<meta name=\"twitter:data1\" content=\"Adriana Costa\" \/>\n\t<meta name=\"twitter:label2\" content=\"Est. reading time\" \/>\n\t<meta name=\"twitter:data2\" content=\"2 minutos\" \/>\n<script type=\"application\/ld+json\" class=\"yoast-schema-graph\">{\"@context\":\"https:\/\/schema.org\",\"@graph\":[{\"@type\":\"WebPage\",\"@id\":\"https:\/\/www.manaus.am.gov.br\/semcom\/prefeitura-immu-transporteirregular\/\",\"url\":\"https:\/\/www.manaus.am.gov.br\/semcom\/prefeitura-immu-transporteirregular\/\",\"name\":\"Prefeitura retira ve\u00edculos que realizavam transporte irregular das ruas de Manaus\",\"isPartOf\":{\"@id\":\"https:\/\/www.manaus.am.gov.br\/semcom\/#website\"},\"primaryImageOfPage\":{\"@id\":\"https:\/\/www.manaus.am.gov.br\/semcom\/prefeitura-immu-transporteirregular\/#primaryimage\"},\"image\":{\"@id\":\"https:\/\/www.manaus.am.gov.br\/semcom\/prefeitura-immu-transporteirregular\/#primaryimage\"},\"thumbnailUrl\":\"https:\/\/www.manaus.am.gov.br\/semcom\/wp-content\/uploads\/sites\/5\/2026\/03\/WhatsApp-Image-2026-03-12-at-09.06.08-3-1.jpeg\",\"datePublished\":\"2026-03-12T16:34:24+00:00\",\"dateModified\":\"2026-03-12T18:14:05+00:00\",\"author\":{\"@id\":\"https:\/\/www.manaus.am.gov.br\/semcom\/#\/schema\/person\/4e49f4e267757a06ca072ec61b2b9968\"},\"description\":\"Fiscais de transporte e agentes de tr\u00e2nsito do Instituto Municipal de Mobilidade Urbana (IMMU) promoveram, na manh\u00e3 desta quinta-feira, 12\/3, a opera\u00e7\u00e3o \u201cTransporte Legal\u201d. Desta vez, a fiscaliza\u00e7\u00e3o ocorreu na rua Wilkens de Matos, pr\u00f3ximo ao Centro Estadual de Conviv\u00eancia do Idoso, no bairro Aparecida, zona Sul.\",\"inLanguage\":\"pt-BR\",\"potentialAction\":[{\"@type\":\"ReadAction\",\"target\":[\"https:\/\/www.manaus.am.gov.br\/semcom\/prefeitura-immu-transporteirregular\/\"]}]},{\"@type\":\"ImageObject\",\"inLanguage\":\"pt-BR\",\"@id\":\"https:\/\/www.manaus.am.gov.br\/semcom\/prefeitura-immu-transporteirregular\/#primaryimage\",\"url\":\"https:\/\/www.manaus.am.gov.br\/semcom\/wp-content\/uploads\/sites\/5\/2026\/03\/WhatsApp-Image-2026-03-12-at-09.06.08-3-1.jpeg\",\"contentUrl\":\"https:\/\/www.manaus.am.gov.br\/semcom\/wp-content\/uploads\/sites\/5\/2026\/03\/WhatsApp-Image-2026-03-12-at-09.06.08-3-1.jpeg\",\"width\":960,\"height\":1280,\"caption\":\"#paratodosverem - Agentes de tr\u00e2nsito do IMMU em opera\u00e7\u00e3o na rua Wilkens de Matos, no bairro Aparecida\"},{\"@type\":\"WebSite\",\"@id\":\"https:\/\/www.manaus.am.gov.br\/semcom\/#website\",\"url\":\"https:\/\/www.manaus.am.gov.br\/semcom\/\",\"name\":\"SEMCOM\",\"description\":\"Secretaria Municipal de Comunica\u00e7\u00e3o\",\"potentialAction\":[{\"@type\":\"SearchAction\",\"target\":{\"@type\":\"EntryPoint\",\"urlTemplate\":\"https:\/\/www.manaus.am.gov.br\/semcom\/?s={search_term_string}\"},\"query-input\":\"required name=search_term_string\"}],\"inLanguage\":\"pt-BR\"},{\"@type\":\"Person\",\"@id\":\"https:\/\/www.manaus.am.gov.br\/semcom\/#\/schema\/person\/4e49f4e267757a06ca072ec61b2b9968\",\"name\":\"Adriana Costa\",\"image\":{\"@type\":\"ImageObject\",\"inLanguage\":\"pt-BR\",\"@id\":\"https:\/\/www.manaus.am.gov.br\/semcom\/#\/schema\/person\/image\/\",\"url\":\"https:\/\/secure.gravatar.com\/avatar\/576258617ef7194f718179e766d57bd4?s=96&d=mm&r=g\",\"contentUrl\":\"https:\/\/secure.gravatar.com\/avatar\/576258617ef7194f718179e766d57bd4?s=96&d=mm&r=g\",\"caption\":\"Adriana Costa\"}}]}<\/script>\n<!-- \/ Yoast SEO plugin. -->","yoast_head_json":{"title":"Prefeitura retira ve\u00edculos que realizavam transporte irregular das ruas de Manaus","description":"Fiscais de transporte e agentes de tr\u00e2nsito do Instituto Municipal de Mobilidade Urbana (IMMU) promoveram, na manh\u00e3 desta quinta-feira, 12\/3, a opera\u00e7\u00e3o \u201cTransporte Legal\u201d. Desta vez, a fiscaliza\u00e7\u00e3o ocorreu na rua Wilkens de Matos, pr\u00f3ximo ao Centro Estadual de Conviv\u00eancia do Idoso, no bairro Aparecida, zona Sul.","robots":{"index":"index","follow":"follow","max-snippet":"max-snippet:-1","max-image-preview":"max-image-preview:large","max-video-preview":"max-video-preview:-1"},"canonical":"https:\/\/www.manaus.am.gov.br\/semcom\/prefeitura-immu-transporteirregular\/","og_locale":"pt_BR","og_type":"article","og_title":"Prefeitura retira ve\u00edculos que realizavam transporte irregular das ruas de Manaus","og_description":"Fiscais de transporte e agentes de tr\u00e2nsito do Instituto Municipal de Mobilidade Urbana (IMMU) promoveram, na manh\u00e3 desta quinta-feira, 12\/3, a opera\u00e7\u00e3o \u201cTransporte Legal\u201d. Desta vez, a fiscaliza\u00e7\u00e3o ocorreu na rua Wilkens de Matos, pr\u00f3ximo ao Centro Estadual de Conviv\u00eancia do Idoso, no bairro Aparecida, zona Sul.","og_url":"https:\/\/www.manaus.am.gov.br\/semcom\/prefeitura-immu-transporteirregular\/","og_site_name":"SEMCOM","article_published_time":"2026-03-12T16:34:24+00:00","article_modified_time":"2026-03-12T18:14:05+00:00","og_image":[{"width":960,"height":1280,"url":"https:\/\/www.manaus.am.gov.br\/semcom\/wp-content\/uploads\/sites\/5\/2026\/03\/WhatsApp-Image-2026-03-12-at-09.06.08-3-1.jpeg","type":"image\/jpeg"}],"author":"Adriana Costa","twitter_card":"summary_large_image","twitter_misc":{"Written by":"Adriana Costa","Est. reading time":"2 minutos"},"schema":{"@context":"https:\/\/schema.org","@graph":[{"@type":"WebPage","@id":"https:\/\/www.manaus.am.gov.br\/semcom\/prefeitura-immu-transporteirregular\/","url":"https:\/\/www.manaus.am.gov.br\/semcom\/prefeitura-immu-transporteirregular\/","name":"Prefeitura retira ve\u00edculos que realizavam transporte irregular das ruas de Manaus","isPartOf":{"@id":"https:\/\/www.manaus.am.gov.br\/semcom\/#website"},"primaryImageOfPage":{"@id":"https:\/\/www.manaus.am.gov.br\/semcom\/prefeitura-immu-transporteirregular\/#primaryimage"},"image":{"@id":"https:\/\/www.manaus.am.gov.br\/semcom\/prefeitura-immu-transporteirregular\/#primaryimage"},"thumbnailUrl":"https:\/\/www.manaus.am.gov.br\/semcom\/wp-content\/uploads\/sites\/5\/2026\/03\/WhatsApp-Image-2026-03-12-at-09.06.08-3-1.jpeg","datePublished":"2026-03-12T16:34:24+00:00","dateModified":"2026-03-12T18:14:05+00:00","author":{"@id":"https:\/\/www.manaus.am.gov.br\/semcom\/#\/schema\/person\/4e49f4e267757a06ca072ec61b2b9968"},"description":"Fiscais de transporte e agentes de tr\u00e2nsito do Instituto Municipal de Mobilidade Urbana (IMMU) promoveram, na manh\u00e3 desta quinta-feira, 12\/3, a opera\u00e7\u00e3o \u201cTransporte Legal\u201d. Desta vez, a fiscaliza\u00e7\u00e3o ocorreu na rua Wilkens de Matos, pr\u00f3ximo ao Centro Estadual de Conviv\u00eancia do Idoso, no bairro Aparecida, zona Sul.","inLanguage":"pt-BR","potentialAction":[{"@type":"ReadAction","target":["https:\/\/www.manaus.am.gov.br\/semcom\/prefeitura-immu-transporteirregular\/"]}]},{"@type":"ImageObject","inLanguage":"pt-BR","@id":"https:\/\/www.manaus.am.gov.br\/semcom\/prefeitura-immu-transporteirregular\/#primaryimage","url":"https:\/\/www.manaus.am.gov.br\/semcom\/wp-content\/uploads\/sites\/5\/2026\/03\/WhatsApp-Image-2026-03-12-at-09.06.08-3-1.jpeg","contentUrl":"https:\/\/www.manaus.am.gov.br\/semcom\/wp-content\/uploads\/sites\/5\/2026\/03\/WhatsApp-Image-2026-03-12-at-09.06.08-3-1.jpeg","width":960,"height":1280,"caption":"#paratodosverem - Agentes de tr\u00e2nsito do IMMU em opera\u00e7\u00e3o na rua Wilkens de Matos, no bairro Aparecida"},{"@type":"WebSite","@id":"https:\/\/www.manaus.am.gov.br\/semcom\/#website","url":"https:\/\/www.manaus.am.gov.br\/semcom\/","name":"SEMCOM","description":"Secretaria Municipal de Comunica\u00e7\u00e3o","potentialAction":[{"@type":"SearchAction","target":{"@type":"EntryPoint","urlTemplate":"https:\/\/www.manaus.am.gov.br\/semcom\/?s={search_term_string}"},"query-input":"required name=search_term_string"}],"inLanguage":"pt-BR"},{"@type":"Person","@id":"https:\/\/www.manaus.am.gov.br\/semcom\/#\/schema\/person\/4e49f4e267757a06ca072ec61b2b9968","name":"Adriana Costa","image":{"@type":"ImageObject","inLanguage":"pt-BR","@id":"https:\/\/www.manaus.am.gov.br\/semcom\/#\/schema\/person\/image\/","url":"https:\/\/secure.gravatar.com\/avatar\/576258617ef7194f718179e766d57bd4?s=96&d=mm&r=g","contentUrl":"https:\/\/secure.gravatar.com\/avatar\/576258617ef7194f718179e766d57bd4?s=96&d=mm&r=g","caption":"Adriana Costa"}}]}},"_links":{"self":[{"href":"https:\/\/www.manaus.am.gov.br\/semcom\/wp-json\/wp\/v2\/posts\/254486"}],"collection":[{"href":"https:\/\/www.manaus.am.gov.br\/semcom\/wp-json\/wp\/v2\/posts"}],"about":[{"href":"https:\/\/www.manaus.am.gov.br\/semcom\/wp-json\/wp\/v2\/types\/post"}],"author":[{"embeddable":true,"href":"https:\/\/www.manaus.am.gov.br\/semcom\/wp-json\/wp\/v2\/users\/23"}],"replies":[{"embeddable":true,"href":"https:\/\/www.manaus.am.gov.br\/semcom\/wp-json\/wp\/v2\/comments?post=254486"}],"version-history":[{"count":4,"href":"https:\/\/www.manaus.am.gov.br\/semcom\/wp-json\/wp\/v2\/posts\/254486\/revisions"}],"predecessor-version":[{"id":254501,"href":"https:\/\/www.manaus.am.gov.br\/semcom\/wp-json\/wp\/v2\/posts\/254486\/revisions\/254501"}],"wp:featuredmedia":[{"embeddable":true,"href":"https:\/\/www.manaus.am.gov.br\/semcom\/wp-json\/wp\/v2\/media\/254487"}],"wp:attachment":[{"href":"https:\/\/www.manaus.am.gov.br\/semcom\/wp-json\/wp\/v2\/media?parent=254486"}],"wp:term":[{"taxonomy":"category","embeddable":true,"href":"https:\/\/www.manaus.am.gov.br\/semcom\/wp-json\/wp\/v2\/categories?post=254486"},{"taxonomy":"post_tag","embeddable":true,"href":"https:\/\/www.manaus.am.gov.br\/semcom\/wp-json\/wp\/v2\/tags?post=254486"}],"curies":[{"name":"wp","href":"https:\/\/api.w.org\/{rel}","templated":true}]}}