{"id":254483,"date":"2026-03-12T12:31:40","date_gmt":"2026-03-12T15:31:40","guid":{"rendered":"https:\/\/www.manaus.am.gov.br\/semcom\/prefeitura-semtepi-cursosinformatica\/"},"modified":"2026-03-12T15:03:52","modified_gmt":"2026-03-12T18:03:52","slug":"prefeitura-semtepi-cursos-informatica","status":"publish","type":"post","link":"https:\/\/www.manaus.am.gov.br\/semcom\/prefeitura-semtepi-cursos-informatica\/","title":{"rendered":"Prefeitura de Manaus abre inscri\u00e7\u00f5es para cursos de \u2018Cria\u00e7\u00e3o de Websites\u2019 e \u2018Operador de Computador\u2019"},"content":{"rendered":"\n<p>A <a href=\"https:\/\/www.manaus.am.gov.br\/\">Prefeitura de Manaus<\/a>, por meio da <a href=\"https:\/\/www.instagram.com\/semtepimanaus\/\">Secretaria Municipal do Trabalho, Empreendedorismo e Inova\u00e7\u00e3o<\/a> (Semtepi), abre, nesta sexta-feira, 13\/3, as inscri\u00e7\u00f5es para dois cursos de qualifica\u00e7\u00e3o profissional voltados para quem deseja adquirir conhecimentos na \u00e1rea de tecnologia e inform\u00e1tica. As oportunidades s\u00e3o para os cursos de \u201cHTML e CSS: Cria\u00e7\u00e3o de Websites\u201d e \u201cOperador de Computador\u201d, realizados em parceria com o Manas Hub.<\/p>\n\n\n\n<p>As inscri\u00e7\u00f5es v\u00e3o at\u00e9 as 17h do dia 16 de mar\u00e7o e os cursos ser\u00e3o realizados no Servi\u00e7o Nacional de Aprendizagem Comercial (Senac), localizado na avenida Darcy Vargas, n\u00ba 288, bairro Chapada. Ao todo, ser\u00e3o ofertadas 40 vagas, sendo 20 para cada curso.<\/p>\n\n\n\n<p>O secret\u00e1rio da Semtepi, Alonso Oliveira, destacou que a iniciativa busca ampliar o acesso da popula\u00e7\u00e3o \u00e0s oportunidades de qualifica\u00e7\u00e3o na \u00e1rea de tecnologia e inform\u00e1tica. \u201cO mercado de trabalho est\u00e1 cada vez mais conectado com a tecnologia, e oferecer cursos como esses \u00e9 uma forma de preparar a popula\u00e7\u00e3o para novas oportunidades. A Prefeitura de Manaus tem investido em qualifica\u00e7\u00e3o profissional para que mais pessoas possam se inserir ou se atualizar no mercado de trabalho\u201d, afirmou o secret\u00e1rio.<\/p>\n\n\n\n<p>O curso HTML e CSS: Cria\u00e7\u00e3o de Websites acontecer\u00e1 de 23\/3 a 2\/4, de segunda a sexta-feira, das 18h \u00e0s 22h. Durante as aulas, os participantes aprender\u00e3o a criar websites estruturados e visualmente atrativos utilizando HTML, linguagem respons\u00e1vel pela estrutura das p\u00e1ginas, e CSS, utilizada para a estiliza\u00e7\u00e3o e organiza\u00e7\u00e3o visual dos elementos.<\/p>\n\n\n\n<p>J\u00e1 o curso Operador de Computador ser\u00e1 realizado de 24\/3 a 8\/6, tamb\u00e9m de segunda a sexta-feira, das 13h \u00e0s 17h, com idade m\u00ednima de 15 anos para participa\u00e7\u00e3o. A qualifica\u00e7\u00e3o tem como objetivo ensinar o uso pr\u00e1tico do computador no dia a dia, incluindo digita\u00e7\u00e3o, organiza\u00e7\u00e3o de arquivos, navega\u00e7\u00e3o na internet e utiliza\u00e7\u00e3o de ferramentas do pacote Office, como Word, Excel e PowerPoint.<\/p>\n\n\n\n<p>As inscri\u00e7\u00f5es podem ser realizadas por meio do link:&nbsp;<a href=\"https:\/\/forms.gle\/a3BY67CcdzN38Td19\" target=\"_blank\" rel=\"noreferrer noopener\">https:\/\/forms.gle\/a3BY67CcdzN38Td19<\/a>. Os candidatos devem esperar a lista de selecionados para ambos os cursos, que ser\u00e1 divulgada no dia 17 de mar\u00e7o, \u00e0s 12h.<\/p>\n\n\n\n<p>&#8212; &#8212; &#8212;<\/p>\n\n\n\n<p><strong>Texto&nbsp;<\/strong>\u2013 Fabiane Monteiro \/ Semtepi<\/p>\n\n\n\n<p><strong>Fotos&nbsp;<\/strong>&#8211; Divulga\u00e7\u00e3o \/ Semtepi<\/p>\n","protected":false},"excerpt":{"rendered":"","protected":false},"author":23,"featured_media":254484,"comment_status":"closed","ping_status":"closed","sticky":false,"template":"","format":"standard","meta":{"footnotes":""},"categories":[51],"tags":[3231,757,19728,77,22,5296,19729],"acf":[],"yoast_head":"<!-- This site is optimized with the Yoast SEO plugin v23.0 - https:\/\/yoast.com\/wordpress\/plugins\/seo\/ -->\n<title>Prefeitura de Manaus abre inscri\u00e7\u00f5es para cursos de \u2018Cria\u00e7\u00e3o de Websites\u2019 e \u2018Operador de Computador\u2019<\/title>\n<meta name=\"description\" content=\"A Prefeitura de Manaus, por meio da Secretaria Municipal do Trabalho, Empreendedorismo e Inova\u00e7\u00e3o (Semtepi), abre, nesta sexta-feira, 13\/3, as inscri\u00e7\u00f5es para dois cursos de qualifica\u00e7\u00e3o profissional voltados para quem deseja adquirir conhecimentos na \u00e1rea de tecnologia e inform\u00e1tica.\" \/>\n<meta name=\"robots\" content=\"index, follow, max-snippet:-1, max-image-preview:large, max-video-preview:-1\" \/>\n<link rel=\"canonical\" href=\"https:\/\/www.manaus.am.gov.br\/semcom\/prefeitura-semtepi-cursosinformatica\/\" \/>\n<meta property=\"og:locale\" content=\"pt_BR\" \/>\n<meta property=\"og:type\" content=\"article\" \/>\n<meta property=\"og:title\" content=\"Prefeitura de Manaus abre inscri\u00e7\u00f5es para cursos de \u2018Cria\u00e7\u00e3o de Websites\u2019 e \u2018Operador de Computador\u2019\" \/>\n<meta property=\"og:description\" content=\"A Prefeitura de Manaus, por meio da Secretaria Municipal do Trabalho, Empreendedorismo e Inova\u00e7\u00e3o (Semtepi), abre, nesta sexta-feira, 13\/3, as inscri\u00e7\u00f5es para dois cursos de qualifica\u00e7\u00e3o profissional voltados para quem deseja adquirir conhecimentos na \u00e1rea de tecnologia e inform\u00e1tica.\" \/>\n<meta property=\"og:url\" content=\"https:\/\/www.manaus.am.gov.br\/semcom\/prefeitura-semtepi-cursosinformatica\/\" \/>\n<meta property=\"og:site_name\" content=\"SEMCOM\" \/>\n<meta property=\"article:published_time\" content=\"2026-03-12T15:31:40+00:00\" \/>\n<meta property=\"article:modified_time\" content=\"2026-03-12T18:03:52+00:00\" \/>\n<meta property=\"og:image\" content=\"https:\/\/www.manaus.am.gov.br\/semcom\/wp-content\/uploads\/sites\/5\/2026\/03\/WhatsApp-Image-2023-07-24-at-06.53.24.jpeg\" \/>\n\t<meta property=\"og:image:width\" content=\"1600\" \/>\n\t<meta property=\"og:image:height\" content=\"1200\" \/>\n\t<meta property=\"og:image:type\" content=\"image\/jpeg\" \/>\n<meta name=\"author\" content=\"Adriana Costa\" \/>\n<meta name=\"twitter:card\" content=\"summary_large_image\" \/>\n<meta name=\"twitter:label1\" content=\"Written by\" \/>\n\t<meta name=\"twitter:data1\" content=\"Adriana Costa\" \/>\n\t<meta name=\"twitter:label2\" content=\"Est. reading time\" \/>\n\t<meta name=\"twitter:data2\" content=\"3 minutos\" \/>\n<script type=\"application\/ld+json\" class=\"yoast-schema-graph\">{\"@context\":\"https:\/\/schema.org\",\"@graph\":[{\"@type\":\"WebPage\",\"@id\":\"https:\/\/www.manaus.am.gov.br\/semcom\/prefeitura-semtepi-cursosinformatica\/\",\"url\":\"https:\/\/www.manaus.am.gov.br\/semcom\/prefeitura-semtepi-cursosinformatica\/\",\"name\":\"Prefeitura de Manaus abre inscri\u00e7\u00f5es para cursos de \u2018Cria\u00e7\u00e3o de Websites\u2019 e \u2018Operador de Computador\u2019\",\"isPartOf\":{\"@id\":\"https:\/\/www.manaus.am.gov.br\/semcom\/#website\"},\"primaryImageOfPage\":{\"@id\":\"https:\/\/www.manaus.am.gov.br\/semcom\/prefeitura-semtepi-cursosinformatica\/#primaryimage\"},\"image\":{\"@id\":\"https:\/\/www.manaus.am.gov.br\/semcom\/prefeitura-semtepi-cursosinformatica\/#primaryimage\"},\"thumbnailUrl\":\"https:\/\/www.manaus.am.gov.br\/semcom\/wp-content\/uploads\/sites\/5\/2026\/03\/WhatsApp-Image-2023-07-24-at-06.53.24.jpeg\",\"datePublished\":\"2026-03-12T15:31:40+00:00\",\"dateModified\":\"2026-03-12T18:03:52+00:00\",\"author\":{\"@id\":\"https:\/\/www.manaus.am.gov.br\/semcom\/#\/schema\/person\/4e49f4e267757a06ca072ec61b2b9968\"},\"description\":\"A Prefeitura de Manaus, por meio da Secretaria Municipal do Trabalho, Empreendedorismo e Inova\u00e7\u00e3o (Semtepi), abre, nesta sexta-feira, 13\/3, as inscri\u00e7\u00f5es para dois cursos de qualifica\u00e7\u00e3o profissional voltados para quem deseja adquirir conhecimentos na \u00e1rea de tecnologia e inform\u00e1tica.\",\"inLanguage\":\"pt-BR\",\"potentialAction\":[{\"@type\":\"ReadAction\",\"target\":[\"https:\/\/www.manaus.am.gov.br\/semcom\/prefeitura-semtepi-cursosinformatica\/\"]}]},{\"@type\":\"ImageObject\",\"inLanguage\":\"pt-BR\",\"@id\":\"https:\/\/www.manaus.am.gov.br\/semcom\/prefeitura-semtepi-cursosinformatica\/#primaryimage\",\"url\":\"https:\/\/www.manaus.am.gov.br\/semcom\/wp-content\/uploads\/sites\/5\/2026\/03\/WhatsApp-Image-2023-07-24-at-06.53.24.jpeg\",\"contentUrl\":\"https:\/\/www.manaus.am.gov.br\/semcom\/wp-content\/uploads\/sites\/5\/2026\/03\/WhatsApp-Image-2023-07-24-at-06.53.24.jpeg\",\"width\":1600,\"height\":1200,\"caption\":\"#paratodosverem - Sala de aula com alunos de cursos de qualifica\u00e7\u00e3o da Semtepi\"},{\"@type\":\"WebSite\",\"@id\":\"https:\/\/www.manaus.am.gov.br\/semcom\/#website\",\"url\":\"https:\/\/www.manaus.am.gov.br\/semcom\/\",\"name\":\"SEMCOM\",\"description\":\"Secretaria Municipal de Comunica\u00e7\u00e3o\",\"potentialAction\":[{\"@type\":\"SearchAction\",\"target\":{\"@type\":\"EntryPoint\",\"urlTemplate\":\"https:\/\/www.manaus.am.gov.br\/semcom\/?s={search_term_string}\"},\"query-input\":\"required name=search_term_string\"}],\"inLanguage\":\"pt-BR\"},{\"@type\":\"Person\",\"@id\":\"https:\/\/www.manaus.am.gov.br\/semcom\/#\/schema\/person\/4e49f4e267757a06ca072ec61b2b9968\",\"name\":\"Adriana Costa\",\"image\":{\"@type\":\"ImageObject\",\"inLanguage\":\"pt-BR\",\"@id\":\"https:\/\/www.manaus.am.gov.br\/semcom\/#\/schema\/person\/image\/\",\"url\":\"https:\/\/secure.gravatar.com\/avatar\/576258617ef7194f718179e766d57bd4?s=96&d=mm&r=g\",\"contentUrl\":\"https:\/\/secure.gravatar.com\/avatar\/576258617ef7194f718179e766d57bd4?s=96&d=mm&r=g\",\"caption\":\"Adriana Costa\"}}]}<\/script>\n<!-- \/ Yoast SEO plugin. -->","yoast_head_json":{"title":"Prefeitura de Manaus abre inscri\u00e7\u00f5es para cursos de \u2018Cria\u00e7\u00e3o de Websites\u2019 e \u2018Operador de Computador\u2019","description":"A Prefeitura de Manaus, por meio da Secretaria Municipal do Trabalho, Empreendedorismo e Inova\u00e7\u00e3o (Semtepi), abre, nesta sexta-feira, 13\/3, as inscri\u00e7\u00f5es para dois cursos de qualifica\u00e7\u00e3o profissional voltados para quem deseja adquirir conhecimentos na \u00e1rea de tecnologia e inform\u00e1tica.","robots":{"index":"index","follow":"follow","max-snippet":"max-snippet:-1","max-image-preview":"max-image-preview:large","max-video-preview":"max-video-preview:-1"},"canonical":"https:\/\/www.manaus.am.gov.br\/semcom\/prefeitura-semtepi-cursosinformatica\/","og_locale":"pt_BR","og_type":"article","og_title":"Prefeitura de Manaus abre inscri\u00e7\u00f5es para cursos de \u2018Cria\u00e7\u00e3o de Websites\u2019 e \u2018Operador de Computador\u2019","og_description":"A Prefeitura de Manaus, por meio da Secretaria Municipal do Trabalho, Empreendedorismo e Inova\u00e7\u00e3o (Semtepi), abre, nesta sexta-feira, 13\/3, as inscri\u00e7\u00f5es para dois cursos de qualifica\u00e7\u00e3o profissional voltados para quem deseja adquirir conhecimentos na \u00e1rea de tecnologia e inform\u00e1tica.","og_url":"https:\/\/www.manaus.am.gov.br\/semcom\/prefeitura-semtepi-cursosinformatica\/","og_site_name":"SEMCOM","article_published_time":"2026-03-12T15:31:40+00:00","article_modified_time":"2026-03-12T18:03:52+00:00","og_image":[{"width":1600,"height":1200,"url":"https:\/\/www.manaus.am.gov.br\/semcom\/wp-content\/uploads\/sites\/5\/2026\/03\/WhatsApp-Image-2023-07-24-at-06.53.24.jpeg","type":"image\/jpeg"}],"author":"Adriana Costa","twitter_card":"summary_large_image","twitter_misc":{"Written by":"Adriana Costa","Est. reading time":"3 minutos"},"schema":{"@context":"https:\/\/schema.org","@graph":[{"@type":"WebPage","@id":"https:\/\/www.manaus.am.gov.br\/semcom\/prefeitura-semtepi-cursosinformatica\/","url":"https:\/\/www.manaus.am.gov.br\/semcom\/prefeitura-semtepi-cursosinformatica\/","name":"Prefeitura de Manaus abre inscri\u00e7\u00f5es para cursos de \u2018Cria\u00e7\u00e3o de Websites\u2019 e \u2018Operador de Computador\u2019","isPartOf":{"@id":"https:\/\/www.manaus.am.gov.br\/semcom\/#website"},"primaryImageOfPage":{"@id":"https:\/\/www.manaus.am.gov.br\/semcom\/prefeitura-semtepi-cursosinformatica\/#primaryimage"},"image":{"@id":"https:\/\/www.manaus.am.gov.br\/semcom\/prefeitura-semtepi-cursosinformatica\/#primaryimage"},"thumbnailUrl":"https:\/\/www.manaus.am.gov.br\/semcom\/wp-content\/uploads\/sites\/5\/2026\/03\/WhatsApp-Image-2023-07-24-at-06.53.24.jpeg","datePublished":"2026-03-12T15:31:40+00:00","dateModified":"2026-03-12T18:03:52+00:00","author":{"@id":"https:\/\/www.manaus.am.gov.br\/semcom\/#\/schema\/person\/4e49f4e267757a06ca072ec61b2b9968"},"description":"A Prefeitura de Manaus, por meio da Secretaria Municipal do Trabalho, Empreendedorismo e Inova\u00e7\u00e3o (Semtepi), abre, nesta sexta-feira, 13\/3, as inscri\u00e7\u00f5es para dois cursos de qualifica\u00e7\u00e3o profissional voltados para quem deseja adquirir conhecimentos na \u00e1rea de tecnologia e inform\u00e1tica.","inLanguage":"pt-BR","potentialAction":[{"@type":"ReadAction","target":["https:\/\/www.manaus.am.gov.br\/semcom\/prefeitura-semtepi-cursosinformatica\/"]}]},{"@type":"ImageObject","inLanguage":"pt-BR","@id":"https:\/\/www.manaus.am.gov.br\/semcom\/prefeitura-semtepi-cursosinformatica\/#primaryimage","url":"https:\/\/www.manaus.am.gov.br\/semcom\/wp-content\/uploads\/sites\/5\/2026\/03\/WhatsApp-Image-2023-07-24-at-06.53.24.jpeg","contentUrl":"https:\/\/www.manaus.am.gov.br\/semcom\/wp-content\/uploads\/sites\/5\/2026\/03\/WhatsApp-Image-2023-07-24-at-06.53.24.jpeg","width":1600,"height":1200,"caption":"#paratodosverem - Sala de aula com alunos de cursos de qualifica\u00e7\u00e3o da Semtepi"},{"@type":"WebSite","@id":"https:\/\/www.manaus.am.gov.br\/semcom\/#website","url":"https:\/\/www.manaus.am.gov.br\/semcom\/","name":"SEMCOM","description":"Secretaria Municipal de Comunica\u00e7\u00e3o","potentialAction":[{"@type":"SearchAction","target":{"@type":"EntryPoint","urlTemplate":"https:\/\/www.manaus.am.gov.br\/semcom\/?s={search_term_string}"},"query-input":"required name=search_term_string"}],"inLanguage":"pt-BR"},{"@type":"Person","@id":"https:\/\/www.manaus.am.gov.br\/semcom\/#\/schema\/person\/4e49f4e267757a06ca072ec61b2b9968","name":"Adriana Costa","image":{"@type":"ImageObject","inLanguage":"pt-BR","@id":"https:\/\/www.manaus.am.gov.br\/semcom\/#\/schema\/person\/image\/","url":"https:\/\/secure.gravatar.com\/avatar\/576258617ef7194f718179e766d57bd4?s=96&d=mm&r=g","contentUrl":"https:\/\/secure.gravatar.com\/avatar\/576258617ef7194f718179e766d57bd4?s=96&d=mm&r=g","caption":"Adriana Costa"}}]}},"_links":{"self":[{"href":"https:\/\/www.manaus.am.gov.br\/semcom\/wp-json\/wp\/v2\/posts\/254483"}],"collection":[{"href":"https:\/\/www.manaus.am.gov.br\/semcom\/wp-json\/wp\/v2\/posts"}],"about":[{"href":"https:\/\/www.manaus.am.gov.br\/semcom\/wp-json\/wp\/v2\/types\/post"}],"author":[{"embeddable":true,"href":"https:\/\/www.manaus.am.gov.br\/semcom\/wp-json\/wp\/v2\/users\/23"}],"replies":[{"embeddable":true,"href":"https:\/\/www.manaus.am.gov.br\/semcom\/wp-json\/wp\/v2\/comments?post=254483"}],"version-history":[{"count":1,"href":"https:\/\/www.manaus.am.gov.br\/semcom\/wp-json\/wp\/v2\/posts\/254483\/revisions"}],"predecessor-version":[{"id":254498,"href":"https:\/\/www.manaus.am.gov.br\/semcom\/wp-json\/wp\/v2\/posts\/254483\/revisions\/254498"}],"wp:featuredmedia":[{"embeddable":true,"href":"https:\/\/www.manaus.am.gov.br\/semcom\/wp-json\/wp\/v2\/media\/254484"}],"wp:attachment":[{"href":"https:\/\/www.manaus.am.gov.br\/semcom\/wp-json\/wp\/v2\/media?parent=254483"}],"wp:term":[{"taxonomy":"category","embeddable":true,"href":"https:\/\/www.manaus.am.gov.br\/semcom\/wp-json\/wp\/v2\/categories?post=254483"},{"taxonomy":"post_tag","embeddable":true,"href":"https:\/\/www.manaus.am.gov.br\/semcom\/wp-json\/wp\/v2\/tags?post=254483"}],"curies":[{"name":"wp","href":"https:\/\/api.w.org\/{rel}","templated":true}]}}