{"id":254463,"date":"2026-03-11T20:42:10","date_gmt":"2026-03-11T23:42:10","guid":{"rendered":"https:\/\/www.manaus.am.gov.br\/semcom\/acao-especial-dia-mulher\/"},"modified":"2026-03-12T12:15:16","modified_gmt":"2026-03-12T15:15:16","slug":"acao-especial-dia-mulher","status":"publish","type":"post","link":"https:\/\/www.manaus.am.gov.br\/semcom\/acao-especial-dia-mulher\/","title":{"rendered":"Prefeitura de Manaus realiza a\u00e7\u00e3o especial do Dia da Mulher no Parque do Idoso"},"content":{"rendered":"\n<p>A<a href=\"https:\/\/www.instagram.com\/prefeiturademanaus\/\"> Prefeitura de Manaus<\/a>, por meio da Funda\u00e7\u00e3o de Apoio ao Idoso Dr. Thomas<a href=\"https:\/\/www.manaus.am.gov.br\/\"> (FDT<\/a>), promoveu, nesta quarta-feira, 11\/3, uma roda de conversa especial em alus\u00e3o ao Dia Internacional da Mulher. A atividade reuniu mulheres idosas em um momento de escuta, troca de experi\u00eancias e di\u00e1logo sobre temas como autocuidado est\u00e9tico, sa\u00fade mental e valoriza\u00e7\u00e3o da trajet\u00f3ria feminina.<\/p>\n\n\n\n<p>O encontro aconteceu no Parque Municipal do Idoso (PMI), localizado no bairro Nossa Senhora das Gra\u00e7as, zona Centro-Sul da capital, e proporcionou um ambiente acolhedor para reflex\u00e3o e compartilhamento de viv\u00eancias.<\/p>\n\n\n\n<p>Para o presidente da FDT, Eduardo Lucas, iniciativas como essa refor\u00e7am o compromisso da gest\u00e3o municipal com a promo\u00e7\u00e3o da qualidade de vida da pessoa idosa.<\/p>\n\n\n\n<p>\u201cReconhecer a hist\u00f3ria e a contribui\u00e7\u00e3o das mulheres idosas \u00e9 fundamental, e a\u00e7\u00f5es como essa ajudam a promover sa\u00fade, bem-estar e qualidade de vida para quem frequenta o Parque Municipal do Idoso\u201d, destacou.<\/p>\n\n\n<div class=\"wp-block-image\">\n<figure class=\"aligncenter size-large\"><img decoding=\"async\" src=\"https:\/\/www.manaus.am.gov.br\/wp-content\/uploads\/2026\/03\/FDT-Mulher-2-1024x768.jpeg\" alt=\"\" class=\"wp-image-289380\" \/><figcaption class=\"wp-element-caption\">#paratodosverem &#8211; p\u00fablico presente, acompanhou a palestra<\/figcaption><\/figure><\/div>\n\n\n<p>A programa\u00e7\u00e3o contou ainda com uma palestra conduzida pela psic\u00f3loga do parque, Lina Rodrigues, que abordou a import\u00e2ncia de as mulheres tamb\u00e9m olharem para si mesmas ao longo da vida.<\/p>\n\n\n\n<p>\u201cMuitas mulheres passam grande parte da vida cuidando dos filhos, dos maridos e dos netos e acabam deixando o pr\u00f3prio cuidado em segundo plano. \u00c9 fundamental que elas tamb\u00e9m se priorizem, cuidem da sa\u00fade e busquem qualidade de vida\u201d, ressaltou a psic\u00f3loga.<\/p>\n\n\n\n<p>Durante a roda de conversa, as participantes tiveram espa\u00e7o para compartilhar experi\u00eancias e fortalecer o di\u00e1logo com os profissionais do parque. A iniciativa estimulou o aprendizado coletivo e refor\u00e7ou a valoriza\u00e7\u00e3o das mulheres que frequentam o espa\u00e7o.<\/p>\n\n\n\n<p>Frequentadora do parque h\u00e1 mais de sete anos, Luci Brito destacou a import\u00e2ncia do momento para as participantes.<\/p>\n\n\n\n<p>\u201cEssa roda de conversa \u00e9 muito importante para n\u00f3s, porque fala sobre sa\u00fade mental, que muitas vezes j\u00e1 est\u00e1 desgastada. Aqui aprendemos o que fazer para melhorar e tamb\u00e9m nos sentimos lembradas e valorizadas, principalmente no Dia da Mulher. Participar do parque \u00e9 muito bom, porque nos traz qualidade de vida\u201d, afirmou.<\/p>\n\n\n\n<p>A a\u00e7\u00e3o integrou a programa\u00e7\u00e3o especial do m\u00eas dedicado \u00e0s mulheres e refor\u00e7a o compromisso da Prefeitura de Manaus em promover atividades que incentivem o bem-estar, a valoriza\u00e7\u00e3o e a qualidade de vida da pessoa idosa.<\/p>\n\n\n\n<p>&#8212; &#8212; &#8212;<\/p>\n\n\n\n<p><strong>Texto<\/strong> \u2013 Georgia Varela \/ FDT<\/p>\n\n\n\n<p><strong>Fotos<\/strong> \u2013 Divulga\u00e7\u00e3o \/FDT<\/p>\n","protected":false},"excerpt":{"rendered":"","protected":false},"author":61,"featured_media":254464,"comment_status":"closed","ping_status":"closed","sticky":false,"template":"","format":"standard","meta":{"footnotes":""},"categories":[41],"tags":[935,1064,77,19725,1965],"acf":[],"yoast_head":"<!-- This site is optimized with the Yoast SEO plugin v23.0 - https:\/\/yoast.com\/wordpress\/plugins\/seo\/ -->\n<title>Prefeitura de Manaus realiza a\u00e7\u00e3o especial do Dia da Mulher no Parque do Idoso<\/title>\n<meta name=\"description\" content=\"A Prefeitura de Manaus, por meio da Funda\u00e7\u00e3o de Apoio ao Idoso Dr. Thomas (FDT), promoveu, nesta quarta-feira, 11\/3, uma roda de conversa especial em alus\u00e3o ao Dia Internacional da Mulher.\" \/>\n<meta name=\"robots\" content=\"index, follow, max-snippet:-1, max-image-preview:large, max-video-preview:-1\" \/>\n<link rel=\"canonical\" href=\"https:\/\/www.manaus.am.gov.br\/semcom\/acao-especial-dia-mulher\/\" \/>\n<meta property=\"og:locale\" content=\"pt_BR\" \/>\n<meta property=\"og:type\" content=\"article\" \/>\n<meta property=\"og:title\" content=\"Prefeitura de Manaus realiza a\u00e7\u00e3o especial do Dia da Mulher no Parque do Idoso\" \/>\n<meta property=\"og:description\" content=\"A Prefeitura de Manaus, por meio da Funda\u00e7\u00e3o de Apoio ao Idoso Dr. Thomas (FDT), promoveu, nesta quarta-feira, 11\/3, uma roda de conversa especial em alus\u00e3o ao Dia Internacional da Mulher.\" \/>\n<meta property=\"og:url\" content=\"https:\/\/www.manaus.am.gov.br\/semcom\/acao-especial-dia-mulher\/\" \/>\n<meta property=\"og:site_name\" content=\"SEMCOM\" \/>\n<meta property=\"article:published_time\" content=\"2026-03-11T23:42:10+00:00\" \/>\n<meta property=\"article:modified_time\" content=\"2026-03-12T15:15:16+00:00\" \/>\n<meta property=\"og:image\" content=\"https:\/\/www.manaus.am.gov.br\/semcom\/wp-content\/uploads\/sites\/5\/2026\/03\/FDT-Mulher-1.jpeg\" \/>\n\t<meta property=\"og:image:width\" content=\"1032\" \/>\n\t<meta property=\"og:image:height\" content=\"774\" \/>\n\t<meta property=\"og:image:type\" content=\"image\/jpeg\" \/>\n<meta name=\"author\" content=\"smonteiro\" \/>\n<meta name=\"twitter:card\" content=\"summary_large_image\" \/>\n<meta name=\"twitter:label1\" content=\"Written by\" \/>\n\t<meta name=\"twitter:data1\" content=\"smonteiro\" \/>\n\t<meta name=\"twitter:label2\" content=\"Est. reading time\" \/>\n\t<meta name=\"twitter:data2\" content=\"3 minutos\" \/>\n<script type=\"application\/ld+json\" class=\"yoast-schema-graph\">{\"@context\":\"https:\/\/schema.org\",\"@graph\":[{\"@type\":\"WebPage\",\"@id\":\"https:\/\/www.manaus.am.gov.br\/semcom\/acao-especial-dia-mulher\/\",\"url\":\"https:\/\/www.manaus.am.gov.br\/semcom\/acao-especial-dia-mulher\/\",\"name\":\"Prefeitura de Manaus realiza a\u00e7\u00e3o especial do Dia da Mulher no Parque do Idoso\",\"isPartOf\":{\"@id\":\"https:\/\/www.manaus.am.gov.br\/semcom\/#website\"},\"primaryImageOfPage\":{\"@id\":\"https:\/\/www.manaus.am.gov.br\/semcom\/acao-especial-dia-mulher\/#primaryimage\"},\"image\":{\"@id\":\"https:\/\/www.manaus.am.gov.br\/semcom\/acao-especial-dia-mulher\/#primaryimage\"},\"thumbnailUrl\":\"https:\/\/www.manaus.am.gov.br\/semcom\/wp-content\/uploads\/sites\/5\/2026\/03\/FDT-Mulher-1.jpeg\",\"datePublished\":\"2026-03-11T23:42:10+00:00\",\"dateModified\":\"2026-03-12T15:15:16+00:00\",\"author\":{\"@id\":\"https:\/\/www.manaus.am.gov.br\/semcom\/#\/schema\/person\/ab4dcf766a54dff74e8d267f5c591961\"},\"description\":\"A Prefeitura de Manaus, por meio da Funda\u00e7\u00e3o de Apoio ao Idoso Dr. Thomas (FDT), promoveu, nesta quarta-feira, 11\/3, uma roda de conversa especial em alus\u00e3o ao Dia Internacional da Mulher.\",\"inLanguage\":\"pt-BR\",\"potentialAction\":[{\"@type\":\"ReadAction\",\"target\":[\"https:\/\/www.manaus.am.gov.br\/semcom\/acao-especial-dia-mulher\/\"]}]},{\"@type\":\"ImageObject\",\"inLanguage\":\"pt-BR\",\"@id\":\"https:\/\/www.manaus.am.gov.br\/semcom\/acao-especial-dia-mulher\/#primaryimage\",\"url\":\"https:\/\/www.manaus.am.gov.br\/semcom\/wp-content\/uploads\/sites\/5\/2026\/03\/FDT-Mulher-1.jpeg\",\"contentUrl\":\"https:\/\/www.manaus.am.gov.br\/semcom\/wp-content\/uploads\/sites\/5\/2026\/03\/FDT-Mulher-1.jpeg\",\"width\":1032,\"height\":774,\"caption\":\"#paratodosverem - na roda de conversa foram abordados temas importante para as mulheres idosas\"},{\"@type\":\"WebSite\",\"@id\":\"https:\/\/www.manaus.am.gov.br\/semcom\/#website\",\"url\":\"https:\/\/www.manaus.am.gov.br\/semcom\/\",\"name\":\"SEMCOM\",\"description\":\"Secretaria Municipal de Comunica\u00e7\u00e3o\",\"potentialAction\":[{\"@type\":\"SearchAction\",\"target\":{\"@type\":\"EntryPoint\",\"urlTemplate\":\"https:\/\/www.manaus.am.gov.br\/semcom\/?s={search_term_string}\"},\"query-input\":\"required name=search_term_string\"}],\"inLanguage\":\"pt-BR\"},{\"@type\":\"Person\",\"@id\":\"https:\/\/www.manaus.am.gov.br\/semcom\/#\/schema\/person\/ab4dcf766a54dff74e8d267f5c591961\",\"name\":\"smonteiro\",\"image\":{\"@type\":\"ImageObject\",\"inLanguage\":\"pt-BR\",\"@id\":\"https:\/\/www.manaus.am.gov.br\/semcom\/#\/schema\/person\/image\/\",\"url\":\"https:\/\/secure.gravatar.com\/avatar\/21c8776ef61d9272c73322052e042d77?s=96&d=mm&r=g\",\"contentUrl\":\"https:\/\/secure.gravatar.com\/avatar\/21c8776ef61d9272c73322052e042d77?s=96&d=mm&r=g\",\"caption\":\"smonteiro\"}}]}<\/script>\n<!-- \/ Yoast SEO plugin. -->","yoast_head_json":{"title":"Prefeitura de Manaus realiza a\u00e7\u00e3o especial do Dia da Mulher no Parque do Idoso","description":"A Prefeitura de Manaus, por meio da Funda\u00e7\u00e3o de Apoio ao Idoso Dr. Thomas (FDT), promoveu, nesta quarta-feira, 11\/3, uma roda de conversa especial em alus\u00e3o ao Dia Internacional da Mulher.","robots":{"index":"index","follow":"follow","max-snippet":"max-snippet:-1","max-image-preview":"max-image-preview:large","max-video-preview":"max-video-preview:-1"},"canonical":"https:\/\/www.manaus.am.gov.br\/semcom\/acao-especial-dia-mulher\/","og_locale":"pt_BR","og_type":"article","og_title":"Prefeitura de Manaus realiza a\u00e7\u00e3o especial do Dia da Mulher no Parque do Idoso","og_description":"A Prefeitura de Manaus, por meio da Funda\u00e7\u00e3o de Apoio ao Idoso Dr. Thomas (FDT), promoveu, nesta quarta-feira, 11\/3, uma roda de conversa especial em alus\u00e3o ao Dia Internacional da Mulher.","og_url":"https:\/\/www.manaus.am.gov.br\/semcom\/acao-especial-dia-mulher\/","og_site_name":"SEMCOM","article_published_time":"2026-03-11T23:42:10+00:00","article_modified_time":"2026-03-12T15:15:16+00:00","og_image":[{"width":1032,"height":774,"url":"https:\/\/www.manaus.am.gov.br\/semcom\/wp-content\/uploads\/sites\/5\/2026\/03\/FDT-Mulher-1.jpeg","type":"image\/jpeg"}],"author":"smonteiro","twitter_card":"summary_large_image","twitter_misc":{"Written by":"smonteiro","Est. reading time":"3 minutos"},"schema":{"@context":"https:\/\/schema.org","@graph":[{"@type":"WebPage","@id":"https:\/\/www.manaus.am.gov.br\/semcom\/acao-especial-dia-mulher\/","url":"https:\/\/www.manaus.am.gov.br\/semcom\/acao-especial-dia-mulher\/","name":"Prefeitura de Manaus realiza a\u00e7\u00e3o especial do Dia da Mulher no Parque do Idoso","isPartOf":{"@id":"https:\/\/www.manaus.am.gov.br\/semcom\/#website"},"primaryImageOfPage":{"@id":"https:\/\/www.manaus.am.gov.br\/semcom\/acao-especial-dia-mulher\/#primaryimage"},"image":{"@id":"https:\/\/www.manaus.am.gov.br\/semcom\/acao-especial-dia-mulher\/#primaryimage"},"thumbnailUrl":"https:\/\/www.manaus.am.gov.br\/semcom\/wp-content\/uploads\/sites\/5\/2026\/03\/FDT-Mulher-1.jpeg","datePublished":"2026-03-11T23:42:10+00:00","dateModified":"2026-03-12T15:15:16+00:00","author":{"@id":"https:\/\/www.manaus.am.gov.br\/semcom\/#\/schema\/person\/ab4dcf766a54dff74e8d267f5c591961"},"description":"A Prefeitura de Manaus, por meio da Funda\u00e7\u00e3o de Apoio ao Idoso Dr. Thomas (FDT), promoveu, nesta quarta-feira, 11\/3, uma roda de conversa especial em alus\u00e3o ao Dia Internacional da Mulher.","inLanguage":"pt-BR","potentialAction":[{"@type":"ReadAction","target":["https:\/\/www.manaus.am.gov.br\/semcom\/acao-especial-dia-mulher\/"]}]},{"@type":"ImageObject","inLanguage":"pt-BR","@id":"https:\/\/www.manaus.am.gov.br\/semcom\/acao-especial-dia-mulher\/#primaryimage","url":"https:\/\/www.manaus.am.gov.br\/semcom\/wp-content\/uploads\/sites\/5\/2026\/03\/FDT-Mulher-1.jpeg","contentUrl":"https:\/\/www.manaus.am.gov.br\/semcom\/wp-content\/uploads\/sites\/5\/2026\/03\/FDT-Mulher-1.jpeg","width":1032,"height":774,"caption":"#paratodosverem - na roda de conversa foram abordados temas importante para as mulheres idosas"},{"@type":"WebSite","@id":"https:\/\/www.manaus.am.gov.br\/semcom\/#website","url":"https:\/\/www.manaus.am.gov.br\/semcom\/","name":"SEMCOM","description":"Secretaria Municipal de Comunica\u00e7\u00e3o","potentialAction":[{"@type":"SearchAction","target":{"@type":"EntryPoint","urlTemplate":"https:\/\/www.manaus.am.gov.br\/semcom\/?s={search_term_string}"},"query-input":"required name=search_term_string"}],"inLanguage":"pt-BR"},{"@type":"Person","@id":"https:\/\/www.manaus.am.gov.br\/semcom\/#\/schema\/person\/ab4dcf766a54dff74e8d267f5c591961","name":"smonteiro","image":{"@type":"ImageObject","inLanguage":"pt-BR","@id":"https:\/\/www.manaus.am.gov.br\/semcom\/#\/schema\/person\/image\/","url":"https:\/\/secure.gravatar.com\/avatar\/21c8776ef61d9272c73322052e042d77?s=96&d=mm&r=g","contentUrl":"https:\/\/secure.gravatar.com\/avatar\/21c8776ef61d9272c73322052e042d77?s=96&d=mm&r=g","caption":"smonteiro"}}]}},"_links":{"self":[{"href":"https:\/\/www.manaus.am.gov.br\/semcom\/wp-json\/wp\/v2\/posts\/254463"}],"collection":[{"href":"https:\/\/www.manaus.am.gov.br\/semcom\/wp-json\/wp\/v2\/posts"}],"about":[{"href":"https:\/\/www.manaus.am.gov.br\/semcom\/wp-json\/wp\/v2\/types\/post"}],"author":[{"embeddable":true,"href":"https:\/\/www.manaus.am.gov.br\/semcom\/wp-json\/wp\/v2\/users\/61"}],"replies":[{"embeddable":true,"href":"https:\/\/www.manaus.am.gov.br\/semcom\/wp-json\/wp\/v2\/comments?post=254463"}],"version-history":[{"count":1,"href":"https:\/\/www.manaus.am.gov.br\/semcom\/wp-json\/wp\/v2\/posts\/254463\/revisions"}],"predecessor-version":[{"id":254470,"href":"https:\/\/www.manaus.am.gov.br\/semcom\/wp-json\/wp\/v2\/posts\/254463\/revisions\/254470"}],"wp:featuredmedia":[{"embeddable":true,"href":"https:\/\/www.manaus.am.gov.br\/semcom\/wp-json\/wp\/v2\/media\/254464"}],"wp:attachment":[{"href":"https:\/\/www.manaus.am.gov.br\/semcom\/wp-json\/wp\/v2\/media?parent=254463"}],"wp:term":[{"taxonomy":"category","embeddable":true,"href":"https:\/\/www.manaus.am.gov.br\/semcom\/wp-json\/wp\/v2\/categories?post=254463"},{"taxonomy":"post_tag","embeddable":true,"href":"https:\/\/www.manaus.am.gov.br\/semcom\/wp-json\/wp\/v2\/tags?post=254463"}],"curies":[{"name":"wp","href":"https:\/\/api.w.org\/{rel}","templated":true}]}}