{"id":254461,"date":"2026-03-11T20:28:40","date_gmt":"2026-03-11T23:28:40","guid":{"rendered":"https:\/\/www.manaus.am.gov.br\/semcom\/prefeitura-de-manaus-realiza-reparos-em-drenagem-no-bairro-armando-mendes-zona-leste\/"},"modified":"2026-03-12T14:55:44","modified_gmt":"2026-03-12T17:55:44","slug":"prefeitura-de-manaus-realiza-recuperacao-da-rede-de-drenagem-no-bairro-armando-mendes-zona-leste","status":"publish","type":"post","link":"https:\/\/www.manaus.am.gov.br\/semcom\/prefeitura-de-manaus-realiza-recuperacao-da-rede-de-drenagem-no-bairro-armando-mendes-zona-leste\/","title":{"rendered":"Prefeitura de Manaus realiza reparos em drenagem no bairro Armando Mendes, zona Leste"},"content":{"rendered":"\n<p>Equipes da <a href=\"https:\/\/www.manaus.am.gov.br\/\">Prefeitura de Manaus<\/a>, por meio da <a href=\"https:\/\/www.instagram.com\/seminf.manaus\/\">Secretaria Municipal de Infraestrutura<\/a> (Seminf), atuam, nesta quarta-feira, 11\/3, com a recupera\u00e7\u00e3o da rede de drenagem profunda e superficial da rua Panasonic, no bairro Armando Mendes, na zona Leste, devolvendo aos moradores da via a seguran\u00e7a da \u00e1rea e evitando alagamentos da \u00e1rea.<\/p>\n\n\n\n<p>O vice-prefeito e secret\u00e1rio de Obras, Renato Junior, afirma que servi\u00e7os de manuten\u00e7\u00e3o nas galerias subterr\u00e2neas s\u00e3o fundamentais para evitar transtornos a popula\u00e7\u00e3o.<\/p>\n\n\n\n<p>\u201cEsse trabalho de recupera\u00e7\u00e3o da rede de drenagem \u00e9 essencial para garantir o escoamento correto das \u00e1guas pluviais e evitar alagamentos. O prefeito David Almeida determina que nossas equipes possam seguir atuantes de forma cont\u00ednua para recuperar estruturas comprometidas e oferecer mais seguran\u00e7a e qualidade de vida a todos\u201d, diz Renato Junior.<\/p>\n\n\n\n<p>Durante a interven\u00e7\u00e3o, a equipe executa os servi\u00e7os de manuten\u00e7\u00e3o na rede de drenagem com anelamento da tubula\u00e7\u00e3o, junto da substitui\u00e7\u00e3o dos tubos danificados, refor\u00e7ando a estrutura da galeria subterr\u00e2nea.<\/p>\n\n\n\n<p>Com a implanta\u00e7\u00e3o das novas e mais modernas manilhas, \u00e9 realizado o aterro da \u00e1rea e a reconstru\u00e7\u00e3o de drenagem superficial, com implanta\u00e7\u00e3o de meio-fio e sarjeta, garantindo melhor condu\u00e7\u00e3o das \u00e1guas pluviais e das caixas coletoras, alcan\u00e7ando as redes de drenagem, evitando transtornos \u00e0 popula\u00e7\u00e3o.<\/p>\n\n\n\n<p>&#8212; &#8212; &#8212;<\/p>\n\n\n\n<p><strong>Texto<\/strong> \u2013 Eduarda Lira \/ Seminf<\/p>\n\n\n\n<p><strong>Fotos<\/strong> \u2013 Divulga\u00e7\u00e3o \/ Seminf<\/p>\n","protected":false},"excerpt":{"rendered":"","protected":false},"author":61,"featured_media":254462,"comment_status":"closed","ping_status":"closed","sticky":false,"template":"","format":"standard","meta":{"footnotes":""},"categories":[27],"tags":[85,3864,77,33],"acf":[],"yoast_head":"<!-- This site is optimized with the Yoast SEO plugin v23.0 - https:\/\/yoast.com\/wordpress\/plugins\/seo\/ -->\n<title>Prefeitura de Manaus realiza reparos em drenagem no bairro Armando Mendes, zona Leste<\/title>\n<meta name=\"robots\" content=\"index, follow, max-snippet:-1, max-image-preview:large, max-video-preview:-1\" \/>\n<link rel=\"canonical\" href=\"https:\/\/www.manaus.am.gov.br\/semcom\/prefeitura-de-manaus-realiza-reparos-em-drenagem-no-bairro-armando-mendes-zona-leste\/\" \/>\n<meta property=\"og:locale\" content=\"pt_BR\" \/>\n<meta property=\"og:type\" content=\"article\" \/>\n<meta property=\"og:title\" content=\"Prefeitura de Manaus realiza reparos em drenagem no bairro Armando Mendes, zona Leste\" \/>\n<meta property=\"og:url\" content=\"https:\/\/www.manaus.am.gov.br\/semcom\/prefeitura-de-manaus-realiza-reparos-em-drenagem-no-bairro-armando-mendes-zona-leste\/\" \/>\n<meta property=\"og:site_name\" content=\"SEMCOM\" \/>\n<meta property=\"article:published_time\" content=\"2026-03-11T23:28:40+00:00\" \/>\n<meta property=\"article:modified_time\" content=\"2026-03-12T17:55:44+00:00\" \/>\n<meta property=\"og:image\" content=\"https:\/\/www.manaus.am.gov.br\/semcom\/wp-content\/uploads\/sites\/5\/2026\/03\/Seminf-Armando-Mendes-3.jpg\" \/>\n\t<meta property=\"og:image:width\" content=\"999\" \/>\n\t<meta property=\"og:image:height\" content=\"749\" \/>\n\t<meta property=\"og:image:type\" content=\"image\/jpeg\" \/>\n<meta name=\"author\" content=\"smonteiro\" \/>\n<meta name=\"twitter:card\" content=\"summary_large_image\" \/>\n<meta name=\"twitter:label1\" content=\"Written by\" \/>\n\t<meta name=\"twitter:data1\" content=\"smonteiro\" \/>\n\t<meta name=\"twitter:label2\" content=\"Est. reading time\" \/>\n\t<meta name=\"twitter:data2\" content=\"2 minutos\" \/>\n<script type=\"application\/ld+json\" class=\"yoast-schema-graph\">{\"@context\":\"https:\/\/schema.org\",\"@graph\":[{\"@type\":\"WebPage\",\"@id\":\"https:\/\/www.manaus.am.gov.br\/semcom\/prefeitura-de-manaus-realiza-reparos-em-drenagem-no-bairro-armando-mendes-zona-leste\/\",\"url\":\"https:\/\/www.manaus.am.gov.br\/semcom\/prefeitura-de-manaus-realiza-reparos-em-drenagem-no-bairro-armando-mendes-zona-leste\/\",\"name\":\"Prefeitura de Manaus realiza reparos em drenagem no bairro Armando Mendes, zona Leste\",\"isPartOf\":{\"@id\":\"https:\/\/www.manaus.am.gov.br\/semcom\/#website\"},\"primaryImageOfPage\":{\"@id\":\"https:\/\/www.manaus.am.gov.br\/semcom\/prefeitura-de-manaus-realiza-reparos-em-drenagem-no-bairro-armando-mendes-zona-leste\/#primaryimage\"},\"image\":{\"@id\":\"https:\/\/www.manaus.am.gov.br\/semcom\/prefeitura-de-manaus-realiza-reparos-em-drenagem-no-bairro-armando-mendes-zona-leste\/#primaryimage\"},\"thumbnailUrl\":\"https:\/\/www.manaus.am.gov.br\/semcom\/wp-content\/uploads\/sites\/5\/2026\/03\/Seminf-Armando-Mendes-3.jpg\",\"datePublished\":\"2026-03-11T23:28:40+00:00\",\"dateModified\":\"2026-03-12T17:55:44+00:00\",\"author\":{\"@id\":\"https:\/\/www.manaus.am.gov.br\/semcom\/#\/schema\/person\/ab4dcf766a54dff74e8d267f5c591961\"},\"inLanguage\":\"pt-BR\",\"potentialAction\":[{\"@type\":\"ReadAction\",\"target\":[\"https:\/\/www.manaus.am.gov.br\/semcom\/prefeitura-de-manaus-realiza-reparos-em-drenagem-no-bairro-armando-mendes-zona-leste\/\"]}]},{\"@type\":\"ImageObject\",\"inLanguage\":\"pt-BR\",\"@id\":\"https:\/\/www.manaus.am.gov.br\/semcom\/prefeitura-de-manaus-realiza-reparos-em-drenagem-no-bairro-armando-mendes-zona-leste\/#primaryimage\",\"url\":\"https:\/\/www.manaus.am.gov.br\/semcom\/wp-content\/uploads\/sites\/5\/2026\/03\/Seminf-Armando-Mendes-3.jpg\",\"contentUrl\":\"https:\/\/www.manaus.am.gov.br\/semcom\/wp-content\/uploads\/sites\/5\/2026\/03\/Seminf-Armando-Mendes-3.jpg\",\"width\":999,\"height\":749,\"caption\":\"#paratodosverem - os reparos em tubula\u00e7\u00e3o previnem alagamentos\"},{\"@type\":\"WebSite\",\"@id\":\"https:\/\/www.manaus.am.gov.br\/semcom\/#website\",\"url\":\"https:\/\/www.manaus.am.gov.br\/semcom\/\",\"name\":\"SEMCOM\",\"description\":\"Secretaria Municipal de Comunica\u00e7\u00e3o\",\"potentialAction\":[{\"@type\":\"SearchAction\",\"target\":{\"@type\":\"EntryPoint\",\"urlTemplate\":\"https:\/\/www.manaus.am.gov.br\/semcom\/?s={search_term_string}\"},\"query-input\":\"required name=search_term_string\"}],\"inLanguage\":\"pt-BR\"},{\"@type\":\"Person\",\"@id\":\"https:\/\/www.manaus.am.gov.br\/semcom\/#\/schema\/person\/ab4dcf766a54dff74e8d267f5c591961\",\"name\":\"smonteiro\",\"image\":{\"@type\":\"ImageObject\",\"inLanguage\":\"pt-BR\",\"@id\":\"https:\/\/www.manaus.am.gov.br\/semcom\/#\/schema\/person\/image\/\",\"url\":\"https:\/\/secure.gravatar.com\/avatar\/21c8776ef61d9272c73322052e042d77?s=96&d=mm&r=g\",\"contentUrl\":\"https:\/\/secure.gravatar.com\/avatar\/21c8776ef61d9272c73322052e042d77?s=96&d=mm&r=g\",\"caption\":\"smonteiro\"}}]}<\/script>\n<!-- \/ Yoast SEO plugin. -->","yoast_head_json":{"title":"Prefeitura de Manaus realiza reparos em drenagem no bairro Armando Mendes, zona Leste","robots":{"index":"index","follow":"follow","max-snippet":"max-snippet:-1","max-image-preview":"max-image-preview:large","max-video-preview":"max-video-preview:-1"},"canonical":"https:\/\/www.manaus.am.gov.br\/semcom\/prefeitura-de-manaus-realiza-reparos-em-drenagem-no-bairro-armando-mendes-zona-leste\/","og_locale":"pt_BR","og_type":"article","og_title":"Prefeitura de Manaus realiza reparos em drenagem no bairro Armando Mendes, zona Leste","og_url":"https:\/\/www.manaus.am.gov.br\/semcom\/prefeitura-de-manaus-realiza-reparos-em-drenagem-no-bairro-armando-mendes-zona-leste\/","og_site_name":"SEMCOM","article_published_time":"2026-03-11T23:28:40+00:00","article_modified_time":"2026-03-12T17:55:44+00:00","og_image":[{"width":999,"height":749,"url":"https:\/\/www.manaus.am.gov.br\/semcom\/wp-content\/uploads\/sites\/5\/2026\/03\/Seminf-Armando-Mendes-3.jpg","type":"image\/jpeg"}],"author":"smonteiro","twitter_card":"summary_large_image","twitter_misc":{"Written by":"smonteiro","Est. reading time":"2 minutos"},"schema":{"@context":"https:\/\/schema.org","@graph":[{"@type":"WebPage","@id":"https:\/\/www.manaus.am.gov.br\/semcom\/prefeitura-de-manaus-realiza-reparos-em-drenagem-no-bairro-armando-mendes-zona-leste\/","url":"https:\/\/www.manaus.am.gov.br\/semcom\/prefeitura-de-manaus-realiza-reparos-em-drenagem-no-bairro-armando-mendes-zona-leste\/","name":"Prefeitura de Manaus realiza reparos em drenagem no bairro Armando Mendes, zona Leste","isPartOf":{"@id":"https:\/\/www.manaus.am.gov.br\/semcom\/#website"},"primaryImageOfPage":{"@id":"https:\/\/www.manaus.am.gov.br\/semcom\/prefeitura-de-manaus-realiza-reparos-em-drenagem-no-bairro-armando-mendes-zona-leste\/#primaryimage"},"image":{"@id":"https:\/\/www.manaus.am.gov.br\/semcom\/prefeitura-de-manaus-realiza-reparos-em-drenagem-no-bairro-armando-mendes-zona-leste\/#primaryimage"},"thumbnailUrl":"https:\/\/www.manaus.am.gov.br\/semcom\/wp-content\/uploads\/sites\/5\/2026\/03\/Seminf-Armando-Mendes-3.jpg","datePublished":"2026-03-11T23:28:40+00:00","dateModified":"2026-03-12T17:55:44+00:00","author":{"@id":"https:\/\/www.manaus.am.gov.br\/semcom\/#\/schema\/person\/ab4dcf766a54dff74e8d267f5c591961"},"inLanguage":"pt-BR","potentialAction":[{"@type":"ReadAction","target":["https:\/\/www.manaus.am.gov.br\/semcom\/prefeitura-de-manaus-realiza-reparos-em-drenagem-no-bairro-armando-mendes-zona-leste\/"]}]},{"@type":"ImageObject","inLanguage":"pt-BR","@id":"https:\/\/www.manaus.am.gov.br\/semcom\/prefeitura-de-manaus-realiza-reparos-em-drenagem-no-bairro-armando-mendes-zona-leste\/#primaryimage","url":"https:\/\/www.manaus.am.gov.br\/semcom\/wp-content\/uploads\/sites\/5\/2026\/03\/Seminf-Armando-Mendes-3.jpg","contentUrl":"https:\/\/www.manaus.am.gov.br\/semcom\/wp-content\/uploads\/sites\/5\/2026\/03\/Seminf-Armando-Mendes-3.jpg","width":999,"height":749,"caption":"#paratodosverem - os reparos em tubula\u00e7\u00e3o previnem alagamentos"},{"@type":"WebSite","@id":"https:\/\/www.manaus.am.gov.br\/semcom\/#website","url":"https:\/\/www.manaus.am.gov.br\/semcom\/","name":"SEMCOM","description":"Secretaria Municipal de Comunica\u00e7\u00e3o","potentialAction":[{"@type":"SearchAction","target":{"@type":"EntryPoint","urlTemplate":"https:\/\/www.manaus.am.gov.br\/semcom\/?s={search_term_string}"},"query-input":"required name=search_term_string"}],"inLanguage":"pt-BR"},{"@type":"Person","@id":"https:\/\/www.manaus.am.gov.br\/semcom\/#\/schema\/person\/ab4dcf766a54dff74e8d267f5c591961","name":"smonteiro","image":{"@type":"ImageObject","inLanguage":"pt-BR","@id":"https:\/\/www.manaus.am.gov.br\/semcom\/#\/schema\/person\/image\/","url":"https:\/\/secure.gravatar.com\/avatar\/21c8776ef61d9272c73322052e042d77?s=96&d=mm&r=g","contentUrl":"https:\/\/secure.gravatar.com\/avatar\/21c8776ef61d9272c73322052e042d77?s=96&d=mm&r=g","caption":"smonteiro"}}]}},"_links":{"self":[{"href":"https:\/\/www.manaus.am.gov.br\/semcom\/wp-json\/wp\/v2\/posts\/254461"}],"collection":[{"href":"https:\/\/www.manaus.am.gov.br\/semcom\/wp-json\/wp\/v2\/posts"}],"about":[{"href":"https:\/\/www.manaus.am.gov.br\/semcom\/wp-json\/wp\/v2\/types\/post"}],"author":[{"embeddable":true,"href":"https:\/\/www.manaus.am.gov.br\/semcom\/wp-json\/wp\/v2\/users\/61"}],"replies":[{"embeddable":true,"href":"https:\/\/www.manaus.am.gov.br\/semcom\/wp-json\/wp\/v2\/comments?post=254461"}],"version-history":[{"count":1,"href":"https:\/\/www.manaus.am.gov.br\/semcom\/wp-json\/wp\/v2\/posts\/254461\/revisions"}],"predecessor-version":[{"id":254496,"href":"https:\/\/www.manaus.am.gov.br\/semcom\/wp-json\/wp\/v2\/posts\/254461\/revisions\/254496"}],"wp:featuredmedia":[{"embeddable":true,"href":"https:\/\/www.manaus.am.gov.br\/semcom\/wp-json\/wp\/v2\/media\/254462"}],"wp:attachment":[{"href":"https:\/\/www.manaus.am.gov.br\/semcom\/wp-json\/wp\/v2\/media?parent=254461"}],"wp:term":[{"taxonomy":"category","embeddable":true,"href":"https:\/\/www.manaus.am.gov.br\/semcom\/wp-json\/wp\/v2\/categories?post=254461"},{"taxonomy":"post_tag","embeddable":true,"href":"https:\/\/www.manaus.am.gov.br\/semcom\/wp-json\/wp\/v2\/tags?post=254461"}],"curies":[{"name":"wp","href":"https:\/\/api.w.org\/{rel}","templated":true}]}}