{"id":254459,"date":"2026-03-11T20:15:39","date_gmt":"2026-03-11T23:15:39","guid":{"rendered":"https:\/\/www.manaus.am.gov.br\/semcom\/recupera-galeria-via\/"},"modified":"2026-03-12T14:46:09","modified_gmt":"2026-03-12T17:46:09","slug":"recupera-galeria-via","status":"publish","type":"post","link":"https:\/\/www.manaus.am.gov.br\/semcom\/recupera-galeria-via\/","title":{"rendered":"Prefeitura de Manaus recupera galeria subterr\u00e2nea em via do bairro S\u00e3o Jorge, zona Oeste da cidade"},"content":{"rendered":"\n<p>A <a href=\"https:\/\/www.manaus.am.gov.br\/\">Prefeitura de Manaus<\/a>, por meio da <a href=\"https:\/\/www.instagram.com\/seminf.manaus\/\">Secretaria Municipal de Infraestrutura<\/a> (Seminf), realizou, nesta quarta-feira, 11\/3, na travessa Bras\u00edlia, no bairro S\u00e3o Jorge, zona Oeste, uma interven\u00e7\u00e3o que consiste na recupera\u00e7\u00e3o de um trecho da rede de drenagem profunda da via, que se rompeu em decorr\u00eancia do grande fluxo das \u00e1guas das chuvas. As equipes atuaram com celeridade para devolver a estabilidade \u00e0 \u00e1rea.<\/p>\n\n\n\n<p>O vice-prefeito e secret\u00e1rio de Obras, Renato Junior, reafirma o comprometimento que as equipes da Seminf tem com as demandas da popula\u00e7\u00e3o relacionadas a infraestrutura da cidade.<\/p>\n\n\n\n<p>\u201cA determina\u00e7\u00e3o do prefeito David Almeida \u00e9 que possamos atender as demandas da popula\u00e7\u00e3o e garantir a estabilidade da regi\u00e3o afetada de forma \u00e1gil, para evitar transtornos \u00e0 comunidade. Todos os dias o ex\u00e9rcito da Seminf est\u00e1 presente nas ruas, trabalhando de forma eficaz e comprometida, realizando as interven\u00e7\u00f5es preventivas e os trabalhos emergenciais e dessa forma vamos avan\u00e7ando\u201d, afirma Renato Junior.<\/p>\n\n\n\n<p>Os oper\u00e1rios realizaram a escava\u00e7\u00e3o mec\u00e2nica com maquin\u00e1rio necess\u00e1rio, uma retroescavadeira, para acessar a tubula\u00e7\u00e3o deteriorada e realizar a remo\u00e7\u00e3o da antiga tubula\u00e7\u00e3o. Avan\u00e7ando para a segunda etapa, de implanta\u00e7\u00e3o dos novos e mais modernos tubos de concreto armado, que garantem maior durabilidade ao sistema.<\/p>\n\n\n\n<p>Os trabalhos foram feitos em aproximadamente 15 metros de extens\u00e3o da via, contanto com anelamento de tubula\u00e7\u00e3o, com veda\u00e7\u00e3o de cimento e barro, e com a substitui\u00e7\u00e3o de novos tubos, finalizando com o aterro da vala, devolvendo a estabilidade da via para os moradores.<\/p>\n\n\n\n<p>\u201cN\u00f3s realizamos a solicita\u00e7\u00e3o e agora as equipes se encontram presentes aqui na nossa rua, e isso \u00e9 significativo pois mostra o comprometimento da prefeitura conosco. Os trabalhadores est\u00e3o fazendo um bom servi\u00e7o e estamos acompanhando de perto\u201d, parabeniza a prefeitura o policial militar de 39 anos, Lucas Lima.<\/p>\n\n\n\n<p>&#8212; &#8212; &#8212;<\/p>\n\n\n\n<p><strong>Texto<\/strong> \u2013 Eduarda Lira \/ Seminf<\/p>\n\n\n\n<p><strong>Fotos <\/strong>\u2013 M\u00e1rcio Melo \/ Seminf<\/p>\n","protected":false},"excerpt":{"rendered":"","protected":false},"author":61,"featured_media":254460,"comment_status":"closed","ping_status":"closed","sticky":false,"template":"","format":"standard","meta":{"footnotes":""},"categories":[27],"tags":[19724,77,1795,33],"acf":[],"yoast_head":"<!-- This site is optimized with the Yoast SEO plugin v23.0 - https:\/\/yoast.com\/wordpress\/plugins\/seo\/ -->\n<title>Prefeitura de Manaus recupera galeria subterr\u00e2nea em via do bairro S\u00e3o Jorge, zona Oeste da cidade<\/title>\n<meta name=\"description\" content=\"A Prefeitura de Manaus, por meio da Secretaria Municipal de Infraestrutura (Seminf), realizou, nesta quarta-feira, 11\/3, na travessa Bras\u00edlia, no bairro S\u00e3o Jorge, zona Oeste, uma interven\u00e7\u00e3o que consiste na recupera\u00e7\u00e3o de um trecho da rede de drenagem profunda da via.\" \/>\n<meta name=\"robots\" content=\"index, follow, max-snippet:-1, max-image-preview:large, max-video-preview:-1\" \/>\n<link rel=\"canonical\" href=\"https:\/\/www.manaus.am.gov.br\/semcom\/recupera-galeria-via\/\" \/>\n<meta property=\"og:locale\" content=\"pt_BR\" \/>\n<meta property=\"og:type\" content=\"article\" \/>\n<meta property=\"og:title\" content=\"Prefeitura de Manaus recupera galeria subterr\u00e2nea em via do bairro S\u00e3o Jorge, zona Oeste da cidade\" \/>\n<meta property=\"og:description\" content=\"A Prefeitura de Manaus, por meio da Secretaria Municipal de Infraestrutura (Seminf), realizou, nesta quarta-feira, 11\/3, na travessa Bras\u00edlia, no bairro S\u00e3o Jorge, zona Oeste, uma interven\u00e7\u00e3o que consiste na recupera\u00e7\u00e3o de um trecho da rede de drenagem profunda da via.\" \/>\n<meta property=\"og:url\" content=\"https:\/\/www.manaus.am.gov.br\/semcom\/recupera-galeria-via\/\" \/>\n<meta property=\"og:site_name\" content=\"SEMCOM\" \/>\n<meta property=\"article:published_time\" content=\"2026-03-11T23:15:39+00:00\" \/>\n<meta property=\"article:modified_time\" content=\"2026-03-12T17:46:09+00:00\" \/>\n<meta property=\"og:image\" content=\"https:\/\/www.manaus.am.gov.br\/semcom\/wp-content\/uploads\/sites\/5\/2026\/03\/Seminf-Drenagem-Sao-Jorge-1.jpg\" \/>\n\t<meta property=\"og:image:width\" content=\"1464\" \/>\n\t<meta property=\"og:image:height\" content=\"976\" \/>\n\t<meta property=\"og:image:type\" content=\"image\/jpeg\" \/>\n<meta name=\"author\" content=\"smonteiro\" \/>\n<meta name=\"twitter:card\" content=\"summary_large_image\" \/>\n<meta name=\"twitter:label1\" content=\"Written by\" \/>\n\t<meta name=\"twitter:data1\" content=\"smonteiro\" \/>\n\t<meta name=\"twitter:label2\" content=\"Est. reading time\" \/>\n\t<meta name=\"twitter:data2\" content=\"2 minutos\" \/>\n<script type=\"application\/ld+json\" class=\"yoast-schema-graph\">{\"@context\":\"https:\/\/schema.org\",\"@graph\":[{\"@type\":\"WebPage\",\"@id\":\"https:\/\/www.manaus.am.gov.br\/semcom\/recupera-galeria-via\/\",\"url\":\"https:\/\/www.manaus.am.gov.br\/semcom\/recupera-galeria-via\/\",\"name\":\"Prefeitura de Manaus recupera galeria subterr\u00e2nea em via do bairro S\u00e3o Jorge, zona Oeste da cidade\",\"isPartOf\":{\"@id\":\"https:\/\/www.manaus.am.gov.br\/semcom\/#website\"},\"primaryImageOfPage\":{\"@id\":\"https:\/\/www.manaus.am.gov.br\/semcom\/recupera-galeria-via\/#primaryimage\"},\"image\":{\"@id\":\"https:\/\/www.manaus.am.gov.br\/semcom\/recupera-galeria-via\/#primaryimage\"},\"thumbnailUrl\":\"https:\/\/www.manaus.am.gov.br\/semcom\/wp-content\/uploads\/sites\/5\/2026\/03\/Seminf-Drenagem-Sao-Jorge-1.jpg\",\"datePublished\":\"2026-03-11T23:15:39+00:00\",\"dateModified\":\"2026-03-12T17:46:09+00:00\",\"author\":{\"@id\":\"https:\/\/www.manaus.am.gov.br\/semcom\/#\/schema\/person\/ab4dcf766a54dff74e8d267f5c591961\"},\"description\":\"A Prefeitura de Manaus, por meio da Secretaria Municipal de Infraestrutura (Seminf), realizou, nesta quarta-feira, 11\/3, na travessa Bras\u00edlia, no bairro S\u00e3o Jorge, zona Oeste, uma interven\u00e7\u00e3o que consiste na recupera\u00e7\u00e3o de um trecho da rede de drenagem profunda da via.\",\"inLanguage\":\"pt-BR\",\"potentialAction\":[{\"@type\":\"ReadAction\",\"target\":[\"https:\/\/www.manaus.am.gov.br\/semcom\/recupera-galeria-via\/\"]}]},{\"@type\":\"ImageObject\",\"inLanguage\":\"pt-BR\",\"@id\":\"https:\/\/www.manaus.am.gov.br\/semcom\/recupera-galeria-via\/#primaryimage\",\"url\":\"https:\/\/www.manaus.am.gov.br\/semcom\/wp-content\/uploads\/sites\/5\/2026\/03\/Seminf-Drenagem-Sao-Jorge-1.jpg\",\"contentUrl\":\"https:\/\/www.manaus.am.gov.br\/semcom\/wp-content\/uploads\/sites\/5\/2026\/03\/Seminf-Drenagem-Sao-Jorge-1.jpg\",\"width\":1464,\"height\":976,\"caption\":\"#paratodosverem - homens trabaham na recupera\u00e7\u00e3o da tubula\u00e7\u00e3o\"},{\"@type\":\"WebSite\",\"@id\":\"https:\/\/www.manaus.am.gov.br\/semcom\/#website\",\"url\":\"https:\/\/www.manaus.am.gov.br\/semcom\/\",\"name\":\"SEMCOM\",\"description\":\"Secretaria Municipal de Comunica\u00e7\u00e3o\",\"potentialAction\":[{\"@type\":\"SearchAction\",\"target\":{\"@type\":\"EntryPoint\",\"urlTemplate\":\"https:\/\/www.manaus.am.gov.br\/semcom\/?s={search_term_string}\"},\"query-input\":\"required name=search_term_string\"}],\"inLanguage\":\"pt-BR\"},{\"@type\":\"Person\",\"@id\":\"https:\/\/www.manaus.am.gov.br\/semcom\/#\/schema\/person\/ab4dcf766a54dff74e8d267f5c591961\",\"name\":\"smonteiro\",\"image\":{\"@type\":\"ImageObject\",\"inLanguage\":\"pt-BR\",\"@id\":\"https:\/\/www.manaus.am.gov.br\/semcom\/#\/schema\/person\/image\/\",\"url\":\"https:\/\/secure.gravatar.com\/avatar\/21c8776ef61d9272c73322052e042d77?s=96&d=mm&r=g\",\"contentUrl\":\"https:\/\/secure.gravatar.com\/avatar\/21c8776ef61d9272c73322052e042d77?s=96&d=mm&r=g\",\"caption\":\"smonteiro\"}}]}<\/script>\n<!-- \/ Yoast SEO plugin. -->","yoast_head_json":{"title":"Prefeitura de Manaus recupera galeria subterr\u00e2nea em via do bairro S\u00e3o Jorge, zona Oeste da cidade","description":"A Prefeitura de Manaus, por meio da Secretaria Municipal de Infraestrutura (Seminf), realizou, nesta quarta-feira, 11\/3, na travessa Bras\u00edlia, no bairro S\u00e3o Jorge, zona Oeste, uma interven\u00e7\u00e3o que consiste na recupera\u00e7\u00e3o de um trecho da rede de drenagem profunda da via.","robots":{"index":"index","follow":"follow","max-snippet":"max-snippet:-1","max-image-preview":"max-image-preview:large","max-video-preview":"max-video-preview:-1"},"canonical":"https:\/\/www.manaus.am.gov.br\/semcom\/recupera-galeria-via\/","og_locale":"pt_BR","og_type":"article","og_title":"Prefeitura de Manaus recupera galeria subterr\u00e2nea em via do bairro S\u00e3o Jorge, zona Oeste da cidade","og_description":"A Prefeitura de Manaus, por meio da Secretaria Municipal de Infraestrutura (Seminf), realizou, nesta quarta-feira, 11\/3, na travessa Bras\u00edlia, no bairro S\u00e3o Jorge, zona Oeste, uma interven\u00e7\u00e3o que consiste na recupera\u00e7\u00e3o de um trecho da rede de drenagem profunda da via.","og_url":"https:\/\/www.manaus.am.gov.br\/semcom\/recupera-galeria-via\/","og_site_name":"SEMCOM","article_published_time":"2026-03-11T23:15:39+00:00","article_modified_time":"2026-03-12T17:46:09+00:00","og_image":[{"width":1464,"height":976,"url":"https:\/\/www.manaus.am.gov.br\/semcom\/wp-content\/uploads\/sites\/5\/2026\/03\/Seminf-Drenagem-Sao-Jorge-1.jpg","type":"image\/jpeg"}],"author":"smonteiro","twitter_card":"summary_large_image","twitter_misc":{"Written by":"smonteiro","Est. reading time":"2 minutos"},"schema":{"@context":"https:\/\/schema.org","@graph":[{"@type":"WebPage","@id":"https:\/\/www.manaus.am.gov.br\/semcom\/recupera-galeria-via\/","url":"https:\/\/www.manaus.am.gov.br\/semcom\/recupera-galeria-via\/","name":"Prefeitura de Manaus recupera galeria subterr\u00e2nea em via do bairro S\u00e3o Jorge, zona Oeste da cidade","isPartOf":{"@id":"https:\/\/www.manaus.am.gov.br\/semcom\/#website"},"primaryImageOfPage":{"@id":"https:\/\/www.manaus.am.gov.br\/semcom\/recupera-galeria-via\/#primaryimage"},"image":{"@id":"https:\/\/www.manaus.am.gov.br\/semcom\/recupera-galeria-via\/#primaryimage"},"thumbnailUrl":"https:\/\/www.manaus.am.gov.br\/semcom\/wp-content\/uploads\/sites\/5\/2026\/03\/Seminf-Drenagem-Sao-Jorge-1.jpg","datePublished":"2026-03-11T23:15:39+00:00","dateModified":"2026-03-12T17:46:09+00:00","author":{"@id":"https:\/\/www.manaus.am.gov.br\/semcom\/#\/schema\/person\/ab4dcf766a54dff74e8d267f5c591961"},"description":"A Prefeitura de Manaus, por meio da Secretaria Municipal de Infraestrutura (Seminf), realizou, nesta quarta-feira, 11\/3, na travessa Bras\u00edlia, no bairro S\u00e3o Jorge, zona Oeste, uma interven\u00e7\u00e3o que consiste na recupera\u00e7\u00e3o de um trecho da rede de drenagem profunda da via.","inLanguage":"pt-BR","potentialAction":[{"@type":"ReadAction","target":["https:\/\/www.manaus.am.gov.br\/semcom\/recupera-galeria-via\/"]}]},{"@type":"ImageObject","inLanguage":"pt-BR","@id":"https:\/\/www.manaus.am.gov.br\/semcom\/recupera-galeria-via\/#primaryimage","url":"https:\/\/www.manaus.am.gov.br\/semcom\/wp-content\/uploads\/sites\/5\/2026\/03\/Seminf-Drenagem-Sao-Jorge-1.jpg","contentUrl":"https:\/\/www.manaus.am.gov.br\/semcom\/wp-content\/uploads\/sites\/5\/2026\/03\/Seminf-Drenagem-Sao-Jorge-1.jpg","width":1464,"height":976,"caption":"#paratodosverem - homens trabaham na recupera\u00e7\u00e3o da tubula\u00e7\u00e3o"},{"@type":"WebSite","@id":"https:\/\/www.manaus.am.gov.br\/semcom\/#website","url":"https:\/\/www.manaus.am.gov.br\/semcom\/","name":"SEMCOM","description":"Secretaria Municipal de Comunica\u00e7\u00e3o","potentialAction":[{"@type":"SearchAction","target":{"@type":"EntryPoint","urlTemplate":"https:\/\/www.manaus.am.gov.br\/semcom\/?s={search_term_string}"},"query-input":"required name=search_term_string"}],"inLanguage":"pt-BR"},{"@type":"Person","@id":"https:\/\/www.manaus.am.gov.br\/semcom\/#\/schema\/person\/ab4dcf766a54dff74e8d267f5c591961","name":"smonteiro","image":{"@type":"ImageObject","inLanguage":"pt-BR","@id":"https:\/\/www.manaus.am.gov.br\/semcom\/#\/schema\/person\/image\/","url":"https:\/\/secure.gravatar.com\/avatar\/21c8776ef61d9272c73322052e042d77?s=96&d=mm&r=g","contentUrl":"https:\/\/secure.gravatar.com\/avatar\/21c8776ef61d9272c73322052e042d77?s=96&d=mm&r=g","caption":"smonteiro"}}]}},"_links":{"self":[{"href":"https:\/\/www.manaus.am.gov.br\/semcom\/wp-json\/wp\/v2\/posts\/254459"}],"collection":[{"href":"https:\/\/www.manaus.am.gov.br\/semcom\/wp-json\/wp\/v2\/posts"}],"about":[{"href":"https:\/\/www.manaus.am.gov.br\/semcom\/wp-json\/wp\/v2\/types\/post"}],"author":[{"embeddable":true,"href":"https:\/\/www.manaus.am.gov.br\/semcom\/wp-json\/wp\/v2\/users\/61"}],"replies":[{"embeddable":true,"href":"https:\/\/www.manaus.am.gov.br\/semcom\/wp-json\/wp\/v2\/comments?post=254459"}],"version-history":[{"count":1,"href":"https:\/\/www.manaus.am.gov.br\/semcom\/wp-json\/wp\/v2\/posts\/254459\/revisions"}],"predecessor-version":[{"id":254491,"href":"https:\/\/www.manaus.am.gov.br\/semcom\/wp-json\/wp\/v2\/posts\/254459\/revisions\/254491"}],"wp:featuredmedia":[{"embeddable":true,"href":"https:\/\/www.manaus.am.gov.br\/semcom\/wp-json\/wp\/v2\/media\/254460"}],"wp:attachment":[{"href":"https:\/\/www.manaus.am.gov.br\/semcom\/wp-json\/wp\/v2\/media?parent=254459"}],"wp:term":[{"taxonomy":"category","embeddable":true,"href":"https:\/\/www.manaus.am.gov.br\/semcom\/wp-json\/wp\/v2\/categories?post=254459"},{"taxonomy":"post_tag","embeddable":true,"href":"https:\/\/www.manaus.am.gov.br\/semcom\/wp-json\/wp\/v2\/tags?post=254459"}],"curies":[{"name":"wp","href":"https:\/\/api.w.org\/{rel}","templated":true}]}}