{"id":254455,"date":"2026-03-11T18:47:10","date_gmt":"2026-03-11T22:47:10","guid":{"rendered":"https:\/\/www.manaus.am.gov.br\/semcom\/melhorias-infraestrutura-jorge-teixeira\/"},"modified":"2026-03-12T12:20:22","modified_gmt":"2026-03-12T15:20:22","slug":"melhorias-infraestrutura-jorge-teixeira","status":"publish","type":"post","link":"https:\/\/www.manaus.am.gov.br\/semcom\/melhorias-infraestrutura-jorge-teixeira\/","title":{"rendered":"Prefeitura de Manaus garante melhorias na infraestrutura em nova rua do bairro Jorge Teixeira, zona Leste da capital"},"content":{"rendered":"\n<p>A<a href=\"https:\/\/www.instagram.com\/prefeiturademanaus\/\"> Prefeitura de Manaus, <\/a>por meio da Secretaria Municipal de Infraestrutura <a href=\"https:\/\/www.manaus.am.gov.br\/\">(Seminf<\/a>), trabalhou nesta quarta-feira, 11\/3, em mais uma a\u00e7\u00e3o de recupera\u00e7\u00e3o asf\u00e1ltica na capital, promovendo uma melhoria significativa na infraestrutura. Desta vez, a rua 10, localizada na quarta etapa do bairro Jorge Teixeira, zona Leste da capital, foi contemplada com a a\u00e7\u00e3o determinada pela gest\u00e3o municipal.<\/p>\n\n\n\n<p>Conforme destaca o vice-prefeito e secret\u00e1rio de Obras, Renato Junior, os trabalhos de recupera\u00e7\u00e3o asf\u00e1ltica s\u00e3o de grande import\u00e2ncia para o avan\u00e7o e desenvolvimento da cidade.<\/p>\n\n\n\n<p>\u201cNossos trabalhos de recupera\u00e7\u00e3o asf\u00e1ltica garantem melhorias gigantes na infraestrutura da cidade. Esses servi\u00e7os realizados pelo nosso ex\u00e9rcito da Seminf transforma a realidade de muitas pessoas e isso significa um grande avan\u00e7o na vida e no dia a dia de todos. Na gest\u00e3o do prefeito David Almeida, nossas equipes trabalham estimuladas e trazendo grandes mudan\u00e7as para a nossa capital\u201d, disse Renato Junior.<\/p>\n\n\n\n<p>As equipes do Distrito de Obras executaram um trabalho com muito comprometimento na via. Os trechos, antes deteriorados, foram recuperados por meio da aplica\u00e7\u00e3o da nova massa asf\u00e1ltica. Com a imprima\u00e7\u00e3o, a aplica\u00e7\u00e3o do asfalto e compacta\u00e7\u00e3o da massa, os servidores da secretaria de Obras transformaram a via e o novo visual agradou aos moradores.<\/p>\n\n\n<div class=\"wp-block-image\">\n<figure class=\"aligncenter size-large\"><img loading=\"lazy\" decoding=\"async\" width=\"1024\" height=\"683\" src=\"https:\/\/www.manaus.am.gov.br\/semcom\/wp-content\/uploads\/sites\/5\/2026\/03\/Seminf-Jorge-Teixeira-1-1024x683.jpg\" alt=\"\" class=\"wp-image-254456\" srcset=\"https:\/\/www.manaus.am.gov.br\/semcom\/wp-content\/uploads\/sites\/5\/2026\/03\/Seminf-Jorge-Teixeira-1-1024x683.jpg 1024w, https:\/\/www.manaus.am.gov.br\/semcom\/wp-content\/uploads\/sites\/5\/2026\/03\/Seminf-Jorge-Teixeira-1-300x200.jpg 300w, https:\/\/www.manaus.am.gov.br\/semcom\/wp-content\/uploads\/sites\/5\/2026\/03\/Seminf-Jorge-Teixeira-1-768x512.jpg 768w, https:\/\/www.manaus.am.gov.br\/semcom\/wp-content\/uploads\/sites\/5\/2026\/03\/Seminf-Jorge-Teixeira-1.jpg 1464w\" sizes=\"(max-width: 1024px) 100vw, 1024px\" \/><figcaption class=\"wp-element-caption\">#paratodosverem &#8211; morador aprovou o servi\u00e7o feito pela Seminf<\/figcaption><\/figure><\/div>\n\n\n<p>\u201cAgradecemos muito porque, mais uma vez, a Prefeitura de Manaus est\u00e1 atendendo ao pedido da comunidade, e hoje com muita alegria, esse trabalho traz grande benef\u00edcio para n\u00f3s, moradores\u201d, disse Jairo Rodrigues, 35 anos, motorista, comentando a grande interven\u00e7\u00e3o promovida pela Seminf.<\/p>\n\n\n\n<p>Por meio das a\u00e7\u00f5es de melhorias na infraestrutura, a Prefeitura de Manaus chega a diversos bairros da capital levando mudan\u00e7as que transformam a realidade da popula\u00e7\u00e3o, e assim, reafirma seu compromisso em renovar as vias da cidade com o asfalto de qualidade e o bom servi\u00e7o das equipes dos distritos de obras.<\/p>\n\n\n\n<p>&#8212; &#8212; &#8212;<\/p>\n\n\n\n<p><strong>Texto<\/strong> \u2013 Maria Amed \/ Seminf<\/p>\n\n\n\n<p><strong>Fotos <\/strong>\u2013 M\u00e1rcio Melo \/ Seminf<\/p>\n","protected":false},"excerpt":{"rendered":"","protected":false},"author":61,"featured_media":254457,"comment_status":"closed","ping_status":"closed","sticky":false,"template":"","format":"standard","meta":{"footnotes":""},"categories":[27],"tags":[265,29,77,33],"acf":[],"yoast_head":"<!-- This site is optimized with the Yoast SEO plugin v23.0 - https:\/\/yoast.com\/wordpress\/plugins\/seo\/ -->\n<title>Prefeitura de Manaus garante melhorias na infraestrutura em nova rua do bairro Jorge Teixeira, zona Leste da capital<\/title>\n<meta name=\"description\" content=\"A Prefeitura de Manaus, por meio da Secretaria Municipal de Infraestrutura (Seminf), trabalhou nesta quarta-feira, 11\/3, em mais uma a\u00e7\u00e3o de recupera\u00e7\u00e3o asf\u00e1ltica na capital, promovendo uma melhoria significativa na infraestrutura.\" \/>\n<meta name=\"robots\" content=\"index, follow, max-snippet:-1, max-image-preview:large, max-video-preview:-1\" \/>\n<link rel=\"canonical\" href=\"https:\/\/www.manaus.am.gov.br\/semcom\/melhorias-infraestrutura-jorge-teixeira\/\" \/>\n<meta property=\"og:locale\" content=\"pt_BR\" \/>\n<meta property=\"og:type\" content=\"article\" \/>\n<meta property=\"og:title\" content=\"Prefeitura de Manaus garante melhorias na infraestrutura em nova rua do bairro Jorge Teixeira, zona Leste da capital\" \/>\n<meta property=\"og:description\" content=\"A Prefeitura de Manaus, por meio da Secretaria Municipal de Infraestrutura (Seminf), trabalhou nesta quarta-feira, 11\/3, em mais uma a\u00e7\u00e3o de recupera\u00e7\u00e3o asf\u00e1ltica na capital, promovendo uma melhoria significativa na infraestrutura.\" \/>\n<meta property=\"og:url\" content=\"https:\/\/www.manaus.am.gov.br\/semcom\/melhorias-infraestrutura-jorge-teixeira\/\" \/>\n<meta property=\"og:site_name\" content=\"SEMCOM\" \/>\n<meta property=\"article:published_time\" content=\"2026-03-11T22:47:10+00:00\" \/>\n<meta property=\"article:modified_time\" content=\"2026-03-12T15:20:22+00:00\" \/>\n<meta property=\"og:image\" content=\"https:\/\/www.manaus.am.gov.br\/semcom\/wp-content\/uploads\/sites\/5\/2026\/03\/Seminf-Jorge-Teixeira-2.jpg\" \/>\n\t<meta property=\"og:image:width\" content=\"1464\" \/>\n\t<meta property=\"og:image:height\" content=\"976\" \/>\n\t<meta property=\"og:image:type\" content=\"image\/jpeg\" \/>\n<meta name=\"author\" content=\"smonteiro\" \/>\n<meta name=\"twitter:card\" content=\"summary_large_image\" \/>\n<meta name=\"twitter:label1\" content=\"Written by\" \/>\n\t<meta name=\"twitter:data1\" content=\"smonteiro\" \/>\n\t<meta name=\"twitter:label2\" content=\"Est. reading time\" \/>\n\t<meta name=\"twitter:data2\" content=\"3 minutos\" \/>\n<script type=\"application\/ld+json\" class=\"yoast-schema-graph\">{\"@context\":\"https:\/\/schema.org\",\"@graph\":[{\"@type\":\"WebPage\",\"@id\":\"https:\/\/www.manaus.am.gov.br\/semcom\/melhorias-infraestrutura-jorge-teixeira\/\",\"url\":\"https:\/\/www.manaus.am.gov.br\/semcom\/melhorias-infraestrutura-jorge-teixeira\/\",\"name\":\"Prefeitura de Manaus garante melhorias na infraestrutura em nova rua do bairro Jorge Teixeira, zona Leste da capital\",\"isPartOf\":{\"@id\":\"https:\/\/www.manaus.am.gov.br\/semcom\/#website\"},\"primaryImageOfPage\":{\"@id\":\"https:\/\/www.manaus.am.gov.br\/semcom\/melhorias-infraestrutura-jorge-teixeira\/#primaryimage\"},\"image\":{\"@id\":\"https:\/\/www.manaus.am.gov.br\/semcom\/melhorias-infraestrutura-jorge-teixeira\/#primaryimage\"},\"thumbnailUrl\":\"https:\/\/www.manaus.am.gov.br\/semcom\/wp-content\/uploads\/sites\/5\/2026\/03\/Seminf-Jorge-Teixeira-2.jpg\",\"datePublished\":\"2026-03-11T22:47:10+00:00\",\"dateModified\":\"2026-03-12T15:20:22+00:00\",\"author\":{\"@id\":\"https:\/\/www.manaus.am.gov.br\/semcom\/#\/schema\/person\/ab4dcf766a54dff74e8d267f5c591961\"},\"description\":\"A Prefeitura de Manaus, por meio da Secretaria Municipal de Infraestrutura (Seminf), trabalhou nesta quarta-feira, 11\/3, em mais uma a\u00e7\u00e3o de recupera\u00e7\u00e3o asf\u00e1ltica na capital, promovendo uma melhoria significativa na infraestrutura.\",\"inLanguage\":\"pt-BR\",\"potentialAction\":[{\"@type\":\"ReadAction\",\"target\":[\"https:\/\/www.manaus.am.gov.br\/semcom\/melhorias-infraestrutura-jorge-teixeira\/\"]}]},{\"@type\":\"ImageObject\",\"inLanguage\":\"pt-BR\",\"@id\":\"https:\/\/www.manaus.am.gov.br\/semcom\/melhorias-infraestrutura-jorge-teixeira\/#primaryimage\",\"url\":\"https:\/\/www.manaus.am.gov.br\/semcom\/wp-content\/uploads\/sites\/5\/2026\/03\/Seminf-Jorge-Teixeira-2.jpg\",\"contentUrl\":\"https:\/\/www.manaus.am.gov.br\/semcom\/wp-content\/uploads\/sites\/5\/2026\/03\/Seminf-Jorge-Teixeira-2.jpg\",\"width\":1464,\"height\":976,\"caption\":\"#paratodosverem - equipe da Seminf trabalha na recupera\u00e7\u00e3o asf\u00e1ltica\"},{\"@type\":\"WebSite\",\"@id\":\"https:\/\/www.manaus.am.gov.br\/semcom\/#website\",\"url\":\"https:\/\/www.manaus.am.gov.br\/semcom\/\",\"name\":\"SEMCOM\",\"description\":\"Secretaria Municipal de Comunica\u00e7\u00e3o\",\"potentialAction\":[{\"@type\":\"SearchAction\",\"target\":{\"@type\":\"EntryPoint\",\"urlTemplate\":\"https:\/\/www.manaus.am.gov.br\/semcom\/?s={search_term_string}\"},\"query-input\":\"required name=search_term_string\"}],\"inLanguage\":\"pt-BR\"},{\"@type\":\"Person\",\"@id\":\"https:\/\/www.manaus.am.gov.br\/semcom\/#\/schema\/person\/ab4dcf766a54dff74e8d267f5c591961\",\"name\":\"smonteiro\",\"image\":{\"@type\":\"ImageObject\",\"inLanguage\":\"pt-BR\",\"@id\":\"https:\/\/www.manaus.am.gov.br\/semcom\/#\/schema\/person\/image\/\",\"url\":\"https:\/\/secure.gravatar.com\/avatar\/21c8776ef61d9272c73322052e042d77?s=96&d=mm&r=g\",\"contentUrl\":\"https:\/\/secure.gravatar.com\/avatar\/21c8776ef61d9272c73322052e042d77?s=96&d=mm&r=g\",\"caption\":\"smonteiro\"}}]}<\/script>\n<!-- \/ Yoast SEO plugin. -->","yoast_head_json":{"title":"Prefeitura de Manaus garante melhorias na infraestrutura em nova rua do bairro Jorge Teixeira, zona Leste da capital","description":"A Prefeitura de Manaus, por meio da Secretaria Municipal de Infraestrutura (Seminf), trabalhou nesta quarta-feira, 11\/3, em mais uma a\u00e7\u00e3o de recupera\u00e7\u00e3o asf\u00e1ltica na capital, promovendo uma melhoria significativa na infraestrutura.","robots":{"index":"index","follow":"follow","max-snippet":"max-snippet:-1","max-image-preview":"max-image-preview:large","max-video-preview":"max-video-preview:-1"},"canonical":"https:\/\/www.manaus.am.gov.br\/semcom\/melhorias-infraestrutura-jorge-teixeira\/","og_locale":"pt_BR","og_type":"article","og_title":"Prefeitura de Manaus garante melhorias na infraestrutura em nova rua do bairro Jorge Teixeira, zona Leste da capital","og_description":"A Prefeitura de Manaus, por meio da Secretaria Municipal de Infraestrutura (Seminf), trabalhou nesta quarta-feira, 11\/3, em mais uma a\u00e7\u00e3o de recupera\u00e7\u00e3o asf\u00e1ltica na capital, promovendo uma melhoria significativa na infraestrutura.","og_url":"https:\/\/www.manaus.am.gov.br\/semcom\/melhorias-infraestrutura-jorge-teixeira\/","og_site_name":"SEMCOM","article_published_time":"2026-03-11T22:47:10+00:00","article_modified_time":"2026-03-12T15:20:22+00:00","og_image":[{"width":1464,"height":976,"url":"https:\/\/www.manaus.am.gov.br\/semcom\/wp-content\/uploads\/sites\/5\/2026\/03\/Seminf-Jorge-Teixeira-2.jpg","type":"image\/jpeg"}],"author":"smonteiro","twitter_card":"summary_large_image","twitter_misc":{"Written by":"smonteiro","Est. reading time":"3 minutos"},"schema":{"@context":"https:\/\/schema.org","@graph":[{"@type":"WebPage","@id":"https:\/\/www.manaus.am.gov.br\/semcom\/melhorias-infraestrutura-jorge-teixeira\/","url":"https:\/\/www.manaus.am.gov.br\/semcom\/melhorias-infraestrutura-jorge-teixeira\/","name":"Prefeitura de Manaus garante melhorias na infraestrutura em nova rua do bairro Jorge Teixeira, zona Leste da capital","isPartOf":{"@id":"https:\/\/www.manaus.am.gov.br\/semcom\/#website"},"primaryImageOfPage":{"@id":"https:\/\/www.manaus.am.gov.br\/semcom\/melhorias-infraestrutura-jorge-teixeira\/#primaryimage"},"image":{"@id":"https:\/\/www.manaus.am.gov.br\/semcom\/melhorias-infraestrutura-jorge-teixeira\/#primaryimage"},"thumbnailUrl":"https:\/\/www.manaus.am.gov.br\/semcom\/wp-content\/uploads\/sites\/5\/2026\/03\/Seminf-Jorge-Teixeira-2.jpg","datePublished":"2026-03-11T22:47:10+00:00","dateModified":"2026-03-12T15:20:22+00:00","author":{"@id":"https:\/\/www.manaus.am.gov.br\/semcom\/#\/schema\/person\/ab4dcf766a54dff74e8d267f5c591961"},"description":"A Prefeitura de Manaus, por meio da Secretaria Municipal de Infraestrutura (Seminf), trabalhou nesta quarta-feira, 11\/3, em mais uma a\u00e7\u00e3o de recupera\u00e7\u00e3o asf\u00e1ltica na capital, promovendo uma melhoria significativa na infraestrutura.","inLanguage":"pt-BR","potentialAction":[{"@type":"ReadAction","target":["https:\/\/www.manaus.am.gov.br\/semcom\/melhorias-infraestrutura-jorge-teixeira\/"]}]},{"@type":"ImageObject","inLanguage":"pt-BR","@id":"https:\/\/www.manaus.am.gov.br\/semcom\/melhorias-infraestrutura-jorge-teixeira\/#primaryimage","url":"https:\/\/www.manaus.am.gov.br\/semcom\/wp-content\/uploads\/sites\/5\/2026\/03\/Seminf-Jorge-Teixeira-2.jpg","contentUrl":"https:\/\/www.manaus.am.gov.br\/semcom\/wp-content\/uploads\/sites\/5\/2026\/03\/Seminf-Jorge-Teixeira-2.jpg","width":1464,"height":976,"caption":"#paratodosverem - equipe da Seminf trabalha na recupera\u00e7\u00e3o asf\u00e1ltica"},{"@type":"WebSite","@id":"https:\/\/www.manaus.am.gov.br\/semcom\/#website","url":"https:\/\/www.manaus.am.gov.br\/semcom\/","name":"SEMCOM","description":"Secretaria Municipal de Comunica\u00e7\u00e3o","potentialAction":[{"@type":"SearchAction","target":{"@type":"EntryPoint","urlTemplate":"https:\/\/www.manaus.am.gov.br\/semcom\/?s={search_term_string}"},"query-input":"required name=search_term_string"}],"inLanguage":"pt-BR"},{"@type":"Person","@id":"https:\/\/www.manaus.am.gov.br\/semcom\/#\/schema\/person\/ab4dcf766a54dff74e8d267f5c591961","name":"smonteiro","image":{"@type":"ImageObject","inLanguage":"pt-BR","@id":"https:\/\/www.manaus.am.gov.br\/semcom\/#\/schema\/person\/image\/","url":"https:\/\/secure.gravatar.com\/avatar\/21c8776ef61d9272c73322052e042d77?s=96&d=mm&r=g","contentUrl":"https:\/\/secure.gravatar.com\/avatar\/21c8776ef61d9272c73322052e042d77?s=96&d=mm&r=g","caption":"smonteiro"}}]}},"_links":{"self":[{"href":"https:\/\/www.manaus.am.gov.br\/semcom\/wp-json\/wp\/v2\/posts\/254455"}],"collection":[{"href":"https:\/\/www.manaus.am.gov.br\/semcom\/wp-json\/wp\/v2\/posts"}],"about":[{"href":"https:\/\/www.manaus.am.gov.br\/semcom\/wp-json\/wp\/v2\/types\/post"}],"author":[{"embeddable":true,"href":"https:\/\/www.manaus.am.gov.br\/semcom\/wp-json\/wp\/v2\/users\/61"}],"replies":[{"embeddable":true,"href":"https:\/\/www.manaus.am.gov.br\/semcom\/wp-json\/wp\/v2\/comments?post=254455"}],"version-history":[{"count":3,"href":"https:\/\/www.manaus.am.gov.br\/semcom\/wp-json\/wp\/v2\/posts\/254455\/revisions"}],"predecessor-version":[{"id":254482,"href":"https:\/\/www.manaus.am.gov.br\/semcom\/wp-json\/wp\/v2\/posts\/254455\/revisions\/254482"}],"wp:featuredmedia":[{"embeddable":true,"href":"https:\/\/www.manaus.am.gov.br\/semcom\/wp-json\/wp\/v2\/media\/254457"}],"wp:attachment":[{"href":"https:\/\/www.manaus.am.gov.br\/semcom\/wp-json\/wp\/v2\/media?parent=254455"}],"wp:term":[{"taxonomy":"category","embeddable":true,"href":"https:\/\/www.manaus.am.gov.br\/semcom\/wp-json\/wp\/v2\/categories?post=254455"},{"taxonomy":"post_tag","embeddable":true,"href":"https:\/\/www.manaus.am.gov.br\/semcom\/wp-json\/wp\/v2\/tags?post=254455"}],"curies":[{"name":"wp","href":"https:\/\/api.w.org\/{rel}","templated":true}]}}