{"id":254451,"date":"2026-03-11T18:12:27","date_gmt":"2026-03-11T22:12:27","guid":{"rendered":"https:\/\/www.manaus.am.gov.br\/semcom\/inscricoes-minha-casa-minha-vida\/"},"modified":"2026-03-13T09:43:20","modified_gmt":"2026-03-13T12:43:20","slug":"inscricoes-minha-casa-minha-vida","status":"publish","type":"post","link":"https:\/\/www.manaus.am.gov.br\/semcom\/inscricoes-minha-casa-minha-vida\/","title":{"rendered":"Prefeitura de Manaus reabre inscri\u00e7\u00f5es para o \u2018Minha Casa, Minha Vida\u2019 e registra mais de 35 mil cadastros no primeiro dia"},"content":{"rendered":"\n<p>A <a href=\"https:\/\/www.instagram.com\/prefeiturademanaus\/\">Prefeitura de Manaus<\/a>, por meio da Secretaria Municipal de Habita\u00e7\u00e3o e Assuntos Fundi\u00e1rios <a href=\"https:\/\/www.manaus.am.gov.br\/\">(Semhaf)<\/a>, reabriu, nesta quarta-feira, 11\/3, as inscri\u00e7\u00f5es para o programa federal \u201cMinha Casa, Minha Vida\u201d, por meio do Sistema Municipal de Habita\u00e7\u00e3o (Simhab). Logo no primeiro dia de reabertura, a plataforma registrou mais de 35 mil novos cadastros, somando atendimentos realizados de forma presencial e on-line. Com o resultado, o banco de dados do programa j\u00e1 conta com mais de 220 mil fam\u00edlias inscritas no munic\u00edpio.<\/p>\n\n\n\n<p>A retomada das inscri\u00e7\u00f5es marca uma nova etapa na pol\u00edtica habitacional da gest\u00e3o do prefeito David Almeida, que tem no \u201cMinha Casa, Minha Vida\u201d um dos principais eixos de transforma\u00e7\u00e3o social. A reabertura atende a milhares de fam\u00edlias manauaras que aguardavam a oportunidade de garantir o sonho da casa pr\u00f3pria por meio do programa.<\/p>\n\n\n\n<p>\u201cO n\u00famero de cadastros realizados no primeiro dia \u00e9 um reflexo da confian\u00e7a que a popula\u00e7\u00e3o deposita neste programa e na gest\u00e3o do prefeito David Almeida. Reabrimos o sistema com estrutura para atender com dignidade e efici\u00eancia. Orientamos as fam\u00edlias a n\u00e3o se preocuparem com filas e a fazerem sua inscri\u00e7\u00e3o com calma, pelo site, dentro do prazo. O caminho para a casa pr\u00f3pria come\u00e7a com um cadastro e esse caminho est\u00e1 aberto para todos\u201d, afirmou o secret\u00e1rio Jesus Alves.<\/p>\n\n\n\n<p>A Semhaf orienta que as inscri\u00e7\u00f5es sejam realizadas, preferencialmente, pelo site oficial do Simhab (<a href=\"https:\/\/simhab.manaus.am.gov.br\/\" target=\"_blank\" rel=\"noreferrer noopener\">simhab.manaus.am.gov.br<\/a>). O sistema foi projetado para que o cidad\u00e3o fa\u00e7a seu cadastro sem sair de casa, pelo computador ou pelo celular. A medida visa reduzir deslocamentos desnecess\u00e1rios e evitar aglomera\u00e7\u00f5es na sede da secretaria.<\/p>\n\n\n\n<p>\u201cEu j\u00e1 estava esperando essa reabertura faz meses. Vim fazer meu cadastro aqui na secretaria. Foi bem simples. Agora \u00e9 torcer para que o meu nome saia na lista\u201d, conta Luciana Ferreira, de 34 anos, moradora do bairro Jorge Teixeira, m\u00e3e de dois filhos e que vive de aluguel h\u00e1 mais de oito anos.<\/p>\n\n\n\n<p>\u201cQuando eu soube que o sistema tinha aberto de novo, meu cora\u00e7\u00e3o disparou. Quero muito conseguir minha casa, \u00e9 um sonho antigo\u201d, disse a dom\u00e9stica Marin\u00eas Souza, de 41 anos, moradora do bairro Compensa, que cria os tr\u00eas filhos sozinha em um c\u00f4modo alugado.<\/p>\n\n\n\n<p>A secretaria refor\u00e7a que n\u00e3o \u00e9 necess\u00e1rio que as fam\u00edlias se dirijam \u00e0 sede da Semhaf, tampouco que madruguem em filas. O prazo para novas inscri\u00e7\u00f5es se estende at\u00e9 o dia 29 de maio, dando tempo suficiente para que todos se cadastrem com tranquilidade, sem correria ou risco de perder a oportunidade.<\/p>\n\n\n\n<p><strong>Atualiza\u00e7\u00e3o de Dados ou CPF j\u00e1 cadastrado<\/strong><\/p>\n\n\n\n<p>Fam\u00edlias que j\u00e1 est\u00e3o inscritas no programa e precisam atualizar seus dados cadastrais ou aquelas em que o sistema diz que o CPF j\u00e1 est\u00e1 cadastrado devem aguardar at\u00e9 o dia 25 de mar\u00e7o, quando a Semhaf passar\u00e1 a atender tamb\u00e9m esse tipo de servi\u00e7o. O intervalo inicial est\u00e1 reservado para o processamento das novas inscri\u00e7\u00f5es, garantindo que o fluxo seja organizado e que nenhum novo interessado perca o prazo.<\/p>\n\n\n\n<p><strong>Lista dos primeiros contemplados do MCMV<\/strong><\/p>\n\n\n\n<p>A pr\u00f3xima etapa aguardada pelas fam\u00edlias j\u00e1 inscritas \u00e9 a divulga\u00e7\u00e3o da lista dos primeiros contemplados, prevista para ser publicada no Di\u00e1rio Oficial do Munic\u00edpio (DOM) nesta sexta-feira, 13\/3. A sele\u00e7\u00e3o est\u00e1 sendo finalizada pela Caixa Econ\u00f4mica Federal que \u00e9&nbsp;o agente financeiro do programa \u201cMinha Casa, Minha Vida\u201d. \u00c9 a Caixa quem opera os recursos, analisa a documenta\u00e7\u00e3o, aprova os financiamentos e viabiliza a entrega dos im\u00f3veis \u00e0s fam\u00edlias.<\/p>\n\n\n\n<p>Na sequ\u00eancia, a entrega das primeiras unidades habitacionais est\u00e1 programada para o dia 24\/3, em cerim\u00f4nia que marcar\u00e1 a concretiza\u00e7\u00e3o do sonho para centenas de fam\u00edlias manauaras.<\/p>\n\n\n\n<figure class=\"wp-block-image size-large\"><img loading=\"lazy\" decoding=\"async\" width=\"1024\" height=\"768\" src=\"https:\/\/www.manaus.am.gov.br\/semcom\/wp-content\/uploads\/sites\/5\/2026\/03\/Cadastramento-2-1024x768.jpeg\" alt=\"\" class=\"wp-image-254452\" srcset=\"https:\/\/www.manaus.am.gov.br\/semcom\/wp-content\/uploads\/sites\/5\/2026\/03\/Cadastramento-2-1024x768.jpeg 1024w, https:\/\/www.manaus.am.gov.br\/semcom\/wp-content\/uploads\/sites\/5\/2026\/03\/Cadastramento-2-300x225.jpeg 300w, https:\/\/www.manaus.am.gov.br\/semcom\/wp-content\/uploads\/sites\/5\/2026\/03\/Cadastramento-2-768x576.jpeg 768w, https:\/\/www.manaus.am.gov.br\/semcom\/wp-content\/uploads\/sites\/5\/2026\/03\/Cadastramento-2-1536x1152.jpeg 1536w, https:\/\/www.manaus.am.gov.br\/semcom\/wp-content\/uploads\/sites\/5\/2026\/03\/Cadastramento-2.jpeg 1600w\" sizes=\"(max-width: 1024px) 100vw, 1024px\" \/><figcaption class=\"wp-element-caption\">#paratodosverem &#8211; Cadastramento<\/figcaption><\/figure>\n\n\n\n<p>&#8212; &#8212; &#8212;<\/p>\n\n\n\n<p><strong>Texto &#8211;&nbsp;<\/strong>Leonardo Fierro\/Semhaf<\/p>\n\n\n\n<p><strong>Fotos &#8211;&nbsp;<\/strong>Aston Melo\/Semhaf<\/p>\n","protected":false},"excerpt":{"rendered":"","protected":false},"author":39,"featured_media":254453,"comment_status":"closed","ping_status":"closed","sticky":false,"template":"","format":"standard","meta":{"footnotes":""},"categories":[400],"tags":[19723,77,7626,2231,5352],"acf":[],"yoast_head":"<!-- This site is optimized with the Yoast SEO plugin v23.0 - https:\/\/yoast.com\/wordpress\/plugins\/seo\/ -->\n<title>Prefeitura reabre inscri\u00e7\u00f5es para o \u2018Minha Casa, Minha Vida\u2019<\/title>\n<meta name=\"description\" content=\"Prefeitura de Manaus reabre inscri\u00e7\u00f5es para o \u2018Minha Casa, Minha Vida\u2019 e registra mais de 35 mil cadastros no primeiro dia.\" \/>\n<meta name=\"robots\" content=\"index, follow, max-snippet:-1, max-image-preview:large, max-video-preview:-1\" \/>\n<link rel=\"canonical\" href=\"https:\/\/www.manaus.am.gov.br\/semcom\/inscricoes-minha-casa-minha-vida\/\" \/>\n<meta property=\"og:locale\" content=\"pt_BR\" \/>\n<meta property=\"og:type\" content=\"article\" \/>\n<meta property=\"og:title\" content=\"Prefeitura reabre inscri\u00e7\u00f5es para o \u2018Minha Casa, Minha Vida\u2019\" \/>\n<meta property=\"og:description\" content=\"Prefeitura de Manaus reabre inscri\u00e7\u00f5es para o \u2018Minha Casa, Minha Vida\u2019 e registra mais de 35 mil cadastros no primeiro dia.\" \/>\n<meta property=\"og:url\" content=\"https:\/\/www.manaus.am.gov.br\/semcom\/inscricoes-minha-casa-minha-vida\/\" \/>\n<meta property=\"og:site_name\" content=\"SEMCOM\" \/>\n<meta property=\"article:published_time\" content=\"2026-03-11T22:12:27+00:00\" \/>\n<meta property=\"article:modified_time\" content=\"2026-03-13T12:43:20+00:00\" \/>\n<meta property=\"og:image\" content=\"https:\/\/www.manaus.am.gov.br\/semcom\/wp-content\/uploads\/sites\/5\/2026\/03\/Cadastramento-3.jpeg\" \/>\n\t<meta property=\"og:image:width\" content=\"1600\" \/>\n\t<meta property=\"og:image:height\" content=\"1066\" \/>\n\t<meta property=\"og:image:type\" content=\"image\/jpeg\" \/>\n<meta name=\"author\" content=\"Bruna Greco\" \/>\n<meta name=\"twitter:card\" content=\"summary_large_image\" \/>\n<meta name=\"twitter:label1\" content=\"Written by\" \/>\n\t<meta name=\"twitter:data1\" content=\"Bruna Greco\" \/>\n\t<meta name=\"twitter:label2\" content=\"Est. reading time\" \/>\n\t<meta name=\"twitter:data2\" content=\"4 minutos\" \/>\n<script type=\"application\/ld+json\" class=\"yoast-schema-graph\">{\"@context\":\"https:\/\/schema.org\",\"@graph\":[{\"@type\":\"WebPage\",\"@id\":\"https:\/\/www.manaus.am.gov.br\/semcom\/inscricoes-minha-casa-minha-vida\/\",\"url\":\"https:\/\/www.manaus.am.gov.br\/semcom\/inscricoes-minha-casa-minha-vida\/\",\"name\":\"Prefeitura reabre inscri\u00e7\u00f5es para o \u2018Minha Casa, Minha Vida\u2019\",\"isPartOf\":{\"@id\":\"https:\/\/www.manaus.am.gov.br\/semcom\/#website\"},\"primaryImageOfPage\":{\"@id\":\"https:\/\/www.manaus.am.gov.br\/semcom\/inscricoes-minha-casa-minha-vida\/#primaryimage\"},\"image\":{\"@id\":\"https:\/\/www.manaus.am.gov.br\/semcom\/inscricoes-minha-casa-minha-vida\/#primaryimage\"},\"thumbnailUrl\":\"https:\/\/www.manaus.am.gov.br\/semcom\/wp-content\/uploads\/sites\/5\/2026\/03\/Cadastramento-3.jpeg\",\"datePublished\":\"2026-03-11T22:12:27+00:00\",\"dateModified\":\"2026-03-13T12:43:20+00:00\",\"author\":{\"@id\":\"https:\/\/www.manaus.am.gov.br\/semcom\/#\/schema\/person\/05d223aea2bf115f9883a6ff3683d81b\"},\"description\":\"Prefeitura de Manaus reabre inscri\u00e7\u00f5es para o \u2018Minha Casa, Minha Vida\u2019 e registra mais de 35 mil cadastros no primeiro dia.\",\"inLanguage\":\"pt-BR\",\"potentialAction\":[{\"@type\":\"ReadAction\",\"target\":[\"https:\/\/www.manaus.am.gov.br\/semcom\/inscricoes-minha-casa-minha-vida\/\"]}]},{\"@type\":\"ImageObject\",\"inLanguage\":\"pt-BR\",\"@id\":\"https:\/\/www.manaus.am.gov.br\/semcom\/inscricoes-minha-casa-minha-vida\/#primaryimage\",\"url\":\"https:\/\/www.manaus.am.gov.br\/semcom\/wp-content\/uploads\/sites\/5\/2026\/03\/Cadastramento-3.jpeg\",\"contentUrl\":\"https:\/\/www.manaus.am.gov.br\/semcom\/wp-content\/uploads\/sites\/5\/2026\/03\/Cadastramento-3.jpeg\",\"width\":1600,\"height\":1066,\"caption\":\"#paratodosverem - Senhora realizando cadastro para o programa \u2018Minha Casa, Minha Vida\u2019 na sede da Semhaf\"},{\"@type\":\"WebSite\",\"@id\":\"https:\/\/www.manaus.am.gov.br\/semcom\/#website\",\"url\":\"https:\/\/www.manaus.am.gov.br\/semcom\/\",\"name\":\"SEMCOM\",\"description\":\"Secretaria Municipal de Comunica\u00e7\u00e3o\",\"potentialAction\":[{\"@type\":\"SearchAction\",\"target\":{\"@type\":\"EntryPoint\",\"urlTemplate\":\"https:\/\/www.manaus.am.gov.br\/semcom\/?s={search_term_string}\"},\"query-input\":\"required name=search_term_string\"}],\"inLanguage\":\"pt-BR\"},{\"@type\":\"Person\",\"@id\":\"https:\/\/www.manaus.am.gov.br\/semcom\/#\/schema\/person\/05d223aea2bf115f9883a6ff3683d81b\",\"name\":\"Bruna Greco\",\"image\":{\"@type\":\"ImageObject\",\"inLanguage\":\"pt-BR\",\"@id\":\"https:\/\/www.manaus.am.gov.br\/semcom\/#\/schema\/person\/image\/\",\"url\":\"https:\/\/secure.gravatar.com\/avatar\/9c877d1a6adc2a055330e5c09a8653ce?s=96&d=mm&r=g\",\"contentUrl\":\"https:\/\/secure.gravatar.com\/avatar\/9c877d1a6adc2a055330e5c09a8653ce?s=96&d=mm&r=g\",\"caption\":\"Bruna Greco\"}}]}<\/script>\n<!-- \/ Yoast SEO plugin. -->","yoast_head_json":{"title":"Prefeitura reabre inscri\u00e7\u00f5es para o \u2018Minha Casa, Minha Vida\u2019","description":"Prefeitura de Manaus reabre inscri\u00e7\u00f5es para o \u2018Minha Casa, Minha Vida\u2019 e registra mais de 35 mil cadastros no primeiro dia.","robots":{"index":"index","follow":"follow","max-snippet":"max-snippet:-1","max-image-preview":"max-image-preview:large","max-video-preview":"max-video-preview:-1"},"canonical":"https:\/\/www.manaus.am.gov.br\/semcom\/inscricoes-minha-casa-minha-vida\/","og_locale":"pt_BR","og_type":"article","og_title":"Prefeitura reabre inscri\u00e7\u00f5es para o \u2018Minha Casa, Minha Vida\u2019","og_description":"Prefeitura de Manaus reabre inscri\u00e7\u00f5es para o \u2018Minha Casa, Minha Vida\u2019 e registra mais de 35 mil cadastros no primeiro dia.","og_url":"https:\/\/www.manaus.am.gov.br\/semcom\/inscricoes-minha-casa-minha-vida\/","og_site_name":"SEMCOM","article_published_time":"2026-03-11T22:12:27+00:00","article_modified_time":"2026-03-13T12:43:20+00:00","og_image":[{"width":1600,"height":1066,"url":"https:\/\/www.manaus.am.gov.br\/semcom\/wp-content\/uploads\/sites\/5\/2026\/03\/Cadastramento-3.jpeg","type":"image\/jpeg"}],"author":"Bruna Greco","twitter_card":"summary_large_image","twitter_misc":{"Written by":"Bruna Greco","Est. reading time":"4 minutos"},"schema":{"@context":"https:\/\/schema.org","@graph":[{"@type":"WebPage","@id":"https:\/\/www.manaus.am.gov.br\/semcom\/inscricoes-minha-casa-minha-vida\/","url":"https:\/\/www.manaus.am.gov.br\/semcom\/inscricoes-minha-casa-minha-vida\/","name":"Prefeitura reabre inscri\u00e7\u00f5es para o \u2018Minha Casa, Minha Vida\u2019","isPartOf":{"@id":"https:\/\/www.manaus.am.gov.br\/semcom\/#website"},"primaryImageOfPage":{"@id":"https:\/\/www.manaus.am.gov.br\/semcom\/inscricoes-minha-casa-minha-vida\/#primaryimage"},"image":{"@id":"https:\/\/www.manaus.am.gov.br\/semcom\/inscricoes-minha-casa-minha-vida\/#primaryimage"},"thumbnailUrl":"https:\/\/www.manaus.am.gov.br\/semcom\/wp-content\/uploads\/sites\/5\/2026\/03\/Cadastramento-3.jpeg","datePublished":"2026-03-11T22:12:27+00:00","dateModified":"2026-03-13T12:43:20+00:00","author":{"@id":"https:\/\/www.manaus.am.gov.br\/semcom\/#\/schema\/person\/05d223aea2bf115f9883a6ff3683d81b"},"description":"Prefeitura de Manaus reabre inscri\u00e7\u00f5es para o \u2018Minha Casa, Minha Vida\u2019 e registra mais de 35 mil cadastros no primeiro dia.","inLanguage":"pt-BR","potentialAction":[{"@type":"ReadAction","target":["https:\/\/www.manaus.am.gov.br\/semcom\/inscricoes-minha-casa-minha-vida\/"]}]},{"@type":"ImageObject","inLanguage":"pt-BR","@id":"https:\/\/www.manaus.am.gov.br\/semcom\/inscricoes-minha-casa-minha-vida\/#primaryimage","url":"https:\/\/www.manaus.am.gov.br\/semcom\/wp-content\/uploads\/sites\/5\/2026\/03\/Cadastramento-3.jpeg","contentUrl":"https:\/\/www.manaus.am.gov.br\/semcom\/wp-content\/uploads\/sites\/5\/2026\/03\/Cadastramento-3.jpeg","width":1600,"height":1066,"caption":"#paratodosverem - Senhora realizando cadastro para o programa \u2018Minha Casa, Minha Vida\u2019 na sede da Semhaf"},{"@type":"WebSite","@id":"https:\/\/www.manaus.am.gov.br\/semcom\/#website","url":"https:\/\/www.manaus.am.gov.br\/semcom\/","name":"SEMCOM","description":"Secretaria Municipal de Comunica\u00e7\u00e3o","potentialAction":[{"@type":"SearchAction","target":{"@type":"EntryPoint","urlTemplate":"https:\/\/www.manaus.am.gov.br\/semcom\/?s={search_term_string}"},"query-input":"required name=search_term_string"}],"inLanguage":"pt-BR"},{"@type":"Person","@id":"https:\/\/www.manaus.am.gov.br\/semcom\/#\/schema\/person\/05d223aea2bf115f9883a6ff3683d81b","name":"Bruna Greco","image":{"@type":"ImageObject","inLanguage":"pt-BR","@id":"https:\/\/www.manaus.am.gov.br\/semcom\/#\/schema\/person\/image\/","url":"https:\/\/secure.gravatar.com\/avatar\/9c877d1a6adc2a055330e5c09a8653ce?s=96&d=mm&r=g","contentUrl":"https:\/\/secure.gravatar.com\/avatar\/9c877d1a6adc2a055330e5c09a8653ce?s=96&d=mm&r=g","caption":"Bruna Greco"}}]}},"_links":{"self":[{"href":"https:\/\/www.manaus.am.gov.br\/semcom\/wp-json\/wp\/v2\/posts\/254451"}],"collection":[{"href":"https:\/\/www.manaus.am.gov.br\/semcom\/wp-json\/wp\/v2\/posts"}],"about":[{"href":"https:\/\/www.manaus.am.gov.br\/semcom\/wp-json\/wp\/v2\/types\/post"}],"author":[{"embeddable":true,"href":"https:\/\/www.manaus.am.gov.br\/semcom\/wp-json\/wp\/v2\/users\/39"}],"replies":[{"embeddable":true,"href":"https:\/\/www.manaus.am.gov.br\/semcom\/wp-json\/wp\/v2\/comments?post=254451"}],"version-history":[{"count":5,"href":"https:\/\/www.manaus.am.gov.br\/semcom\/wp-json\/wp\/v2\/posts\/254451\/revisions"}],"predecessor-version":[{"id":254579,"href":"https:\/\/www.manaus.am.gov.br\/semcom\/wp-json\/wp\/v2\/posts\/254451\/revisions\/254579"}],"wp:featuredmedia":[{"embeddable":true,"href":"https:\/\/www.manaus.am.gov.br\/semcom\/wp-json\/wp\/v2\/media\/254453"}],"wp:attachment":[{"href":"https:\/\/www.manaus.am.gov.br\/semcom\/wp-json\/wp\/v2\/media?parent=254451"}],"wp:term":[{"taxonomy":"category","embeddable":true,"href":"https:\/\/www.manaus.am.gov.br\/semcom\/wp-json\/wp\/v2\/categories?post=254451"},{"taxonomy":"post_tag","embeddable":true,"href":"https:\/\/www.manaus.am.gov.br\/semcom\/wp-json\/wp\/v2\/tags?post=254451"}],"curies":[{"name":"wp","href":"https:\/\/api.w.org\/{rel}","templated":true}]}}