{"id":254446,"date":"2026-03-11T17:12:05","date_gmt":"2026-03-11T21:12:05","guid":{"rendered":"https:\/\/www.manaus.am.gov.br\/semcom\/malha-viaria-avenida-arquiteto-jose-henrique\/"},"modified":"2026-03-12T12:18:39","modified_gmt":"2026-03-12T15:18:39","slug":"malha-viaria-avenida-arquiteto-jose-henrique","status":"publish","type":"post","link":"https:\/\/www.manaus.am.gov.br\/semcom\/malha-viaria-avenida-arquiteto-jose-henrique\/","title":{"rendered":"Prefeitura fortalece a malha vi\u00e1ria da avenida Arquiteto Jos\u00e9 Henrique Bentes Rodrigues, no bairro Col\u00f4nia Terra Nova"},"content":{"rendered":"\n<p>A<a href=\"https:\/\/www.instagram.com\/prefeiturademanaus\/\"> Prefeitura de Manaus<\/a>, por meio da Secretaria Municipal de Infraestrutura<a href=\"https:\/\/www.manaus.am.gov.br\/\"> (Seminf)<\/a>, segue avan\u00e7ando com os servi\u00e7os de recupera\u00e7\u00e3o asf\u00e1ltica que fortalecem a malha vi\u00e1ria da capital e garantem mais seguran\u00e7a e mobilidade para a popula\u00e7\u00e3o. Nesta quarta-feira, 11\/3, as equipes atuam na avenida Arquiteto Jos\u00e9 Henrique Bentes Rodrigues, no bairro Col\u00f4nia Terra Nova, zona Norte, realizando a manuten\u00e7\u00e3o da pavimenta\u00e7\u00e3o em um dos importantes corredores vi\u00e1rios da regi\u00e3o.<\/p>\n\n\n\n<p>A interven\u00e7\u00e3o melhora as condi\u00e7\u00f5es de tr\u00e1fego em uma via estrat\u00e9gica que interliga bairros e recebe diariamente grande fluxo de ve\u00edculos, incluindo transporte coletivo e ve\u00edculos de carga. Com a recupera\u00e7\u00e3o da pavimenta\u00e7\u00e3o, a avenida passa a oferecer mais seguran\u00e7a, conforto e fluidez no tr\u00e2nsito para motoristas e pedestres.<\/p>\n\n\n\n<p>O vice-prefeito e secret\u00e1rio de Obras, Renato Junior, destaca que o trabalho das equipes da Seminf segue um ritmo intenso para atender as demandas da popula\u00e7\u00e3o e garantir a manuten\u00e7\u00e3o das principais vias da cidade.<\/p>\n\n\n\n<p>\u201cSeguimos atentos \u00e0s demandas da popula\u00e7\u00e3o e tamb\u00e9m as principais avenidas que recebem um grande fluxo de ve\u00edculos todos os dias. Nosso compromisso \u00e9 acompanhar de perto essas necessidades e manter as equipes atuando com agilidade, garantindo melhorias e mais qualidade na infraestrutura da cidade\u201d, afirmou Renato Junior.<\/p>\n\n\n\n<p>Os servi\u00e7os realizados na via incluem a corre\u00e7\u00e3o de fissuras e buracos, com a aplica\u00e7\u00e3o de uma nova camada de asfalto nos trechos mais deteriorados, restabelecendo as condi\u00e7\u00f5es adequadas de trafegabilidade e aumentando a durabilidade da pavimenta\u00e7\u00e3o.<\/p>\n\n\n\n<p>Moradora da \u00e1rea, Marilene de Lima, de 40 anos, que trafega frequentemente pela avenida, falou sobre a import\u00e2ncia da manuten\u00e7\u00e3o da via para quem depende do local no dia a dia. \u201cEssa \u00e9 uma das principais avenidas do nosso bairro, por onde passam muitos carros, principalmente ve\u00edculos pesados. \u00c9 muito bom ver a Prefeitura de Manaus atuando para melhorar a infraestrutura da nossa \u00e1rea\u201d, relatou.<\/p>\n\n\n\n<p>Com trabalho cont\u00ednuo nas ruas da capital, a Prefeitura de Manaus segue executando a\u00e7\u00f5es que fortalecem a infraestrutura urbana, garantindo mais mobilidade, seguran\u00e7a vi\u00e1ria e qualidade de vida para a popula\u00e7\u00e3o.<\/p>\n\n\n\n<figure class=\"wp-block-image size-large\"><img loading=\"lazy\" decoding=\"async\" width=\"1024\" height=\"682\" src=\"https:\/\/www.manaus.am.gov.br\/semcom\/wp-content\/uploads\/sites\/5\/2026\/03\/Pavimentacao-8-1024x682.jpeg\" alt=\"\" class=\"wp-image-254449\" srcset=\"https:\/\/www.manaus.am.gov.br\/semcom\/wp-content\/uploads\/sites\/5\/2026\/03\/Pavimentacao-8-1024x682.jpeg 1024w, https:\/\/www.manaus.am.gov.br\/semcom\/wp-content\/uploads\/sites\/5\/2026\/03\/Pavimentacao-8-300x200.jpeg 300w, https:\/\/www.manaus.am.gov.br\/semcom\/wp-content\/uploads\/sites\/5\/2026\/03\/Pavimentacao-8-768x512.jpeg 768w, https:\/\/www.manaus.am.gov.br\/semcom\/wp-content\/uploads\/sites\/5\/2026\/03\/Pavimentacao-8-1536x1023.jpeg 1536w, https:\/\/www.manaus.am.gov.br\/semcom\/wp-content\/uploads\/sites\/5\/2026\/03\/Pavimentacao-8.jpeg 1600w\" sizes=\"(max-width: 1024px) 100vw, 1024px\" \/><figcaption class=\"wp-element-caption\">#paratodosverem &#8211; Moradora Marilene de Lima<\/figcaption><\/figure>\n\n\n\n<p>&#8212; &#8212; &#8212;<\/p>\n\n\n\n<p><strong>Texto&nbsp;<\/strong>&#8211; Rayana Coutinho\/Seminf<\/p>\n\n\n\n<p><strong>Fotos <\/strong>&#8211; M\u00e1rcio Melo\/Seminf<\/p>\n\n\n\n<p> <\/p>\n","protected":false},"excerpt":{"rendered":"","protected":false},"author":39,"featured_media":254447,"comment_status":"closed","ping_status":"closed","sticky":false,"template":"","format":"standard","meta":{"footnotes":""},"categories":[27],"tags":[19722,5111,5110,77,33],"acf":[],"yoast_head":"<!-- This site is optimized with the Yoast SEO plugin v23.0 - https:\/\/yoast.com\/wordpress\/plugins\/seo\/ -->\n<title>Prefeitura fortalece a malha vi\u00e1ria da avenida Arquiteto Jos\u00e9 Henrique<\/title>\n<meta name=\"description\" content=\"Prefeitura fortalece a malha vi\u00e1ria da avenida Arquiteto Jos\u00e9 Henrique Bentes Rodrigues, no bairro Col\u00f4nia Terra Nova.\" \/>\n<meta name=\"robots\" content=\"index, follow, max-snippet:-1, max-image-preview:large, max-video-preview:-1\" \/>\n<link rel=\"canonical\" href=\"https:\/\/www.manaus.am.gov.br\/semcom\/malha-viaria-avenida-arquiteto-jose-henrique\/\" \/>\n<meta property=\"og:locale\" content=\"pt_BR\" \/>\n<meta property=\"og:type\" content=\"article\" \/>\n<meta property=\"og:title\" content=\"Prefeitura fortalece a malha vi\u00e1ria da avenida Arquiteto Jos\u00e9 Henrique\" \/>\n<meta property=\"og:description\" content=\"Prefeitura fortalece a malha vi\u00e1ria da avenida Arquiteto Jos\u00e9 Henrique Bentes Rodrigues, no bairro Col\u00f4nia Terra Nova.\" \/>\n<meta property=\"og:url\" content=\"https:\/\/www.manaus.am.gov.br\/semcom\/malha-viaria-avenida-arquiteto-jose-henrique\/\" \/>\n<meta property=\"og:site_name\" content=\"SEMCOM\" \/>\n<meta property=\"article:published_time\" content=\"2026-03-11T21:12:05+00:00\" \/>\n<meta property=\"article:modified_time\" content=\"2026-03-12T15:18:39+00:00\" \/>\n<meta property=\"og:image\" content=\"https:\/\/www.manaus.am.gov.br\/semcom\/wp-content\/uploads\/sites\/5\/2026\/03\/Pavimentacao-6.jpeg\" \/>\n\t<meta property=\"og:image:width\" content=\"1600\" \/>\n\t<meta property=\"og:image:height\" content=\"1066\" \/>\n\t<meta property=\"og:image:type\" content=\"image\/jpeg\" \/>\n<meta name=\"author\" content=\"Bruna Greco\" \/>\n<meta name=\"twitter:card\" content=\"summary_large_image\" \/>\n<meta name=\"twitter:label1\" content=\"Written by\" \/>\n\t<meta name=\"twitter:data1\" content=\"Bruna Greco\" \/>\n\t<meta name=\"twitter:label2\" content=\"Est. reading time\" \/>\n\t<meta name=\"twitter:data2\" content=\"3 minutos\" \/>\n<script type=\"application\/ld+json\" class=\"yoast-schema-graph\">{\"@context\":\"https:\/\/schema.org\",\"@graph\":[{\"@type\":\"WebPage\",\"@id\":\"https:\/\/www.manaus.am.gov.br\/semcom\/malha-viaria-avenida-arquiteto-jose-henrique\/\",\"url\":\"https:\/\/www.manaus.am.gov.br\/semcom\/malha-viaria-avenida-arquiteto-jose-henrique\/\",\"name\":\"Prefeitura fortalece a malha vi\u00e1ria da avenida Arquiteto Jos\u00e9 Henrique\",\"isPartOf\":{\"@id\":\"https:\/\/www.manaus.am.gov.br\/semcom\/#website\"},\"primaryImageOfPage\":{\"@id\":\"https:\/\/www.manaus.am.gov.br\/semcom\/malha-viaria-avenida-arquiteto-jose-henrique\/#primaryimage\"},\"image\":{\"@id\":\"https:\/\/www.manaus.am.gov.br\/semcom\/malha-viaria-avenida-arquiteto-jose-henrique\/#primaryimage\"},\"thumbnailUrl\":\"https:\/\/www.manaus.am.gov.br\/semcom\/wp-content\/uploads\/sites\/5\/2026\/03\/Pavimentacao-6.jpeg\",\"datePublished\":\"2026-03-11T21:12:05+00:00\",\"dateModified\":\"2026-03-12T15:18:39+00:00\",\"author\":{\"@id\":\"https:\/\/www.manaus.am.gov.br\/semcom\/#\/schema\/person\/05d223aea2bf115f9883a6ff3683d81b\"},\"description\":\"Prefeitura fortalece a malha vi\u00e1ria da avenida Arquiteto Jos\u00e9 Henrique Bentes Rodrigues, no bairro Col\u00f4nia Terra Nova.\",\"inLanguage\":\"pt-BR\",\"potentialAction\":[{\"@type\":\"ReadAction\",\"target\":[\"https:\/\/www.manaus.am.gov.br\/semcom\/malha-viaria-avenida-arquiteto-jose-henrique\/\"]}]},{\"@type\":\"ImageObject\",\"inLanguage\":\"pt-BR\",\"@id\":\"https:\/\/www.manaus.am.gov.br\/semcom\/malha-viaria-avenida-arquiteto-jose-henrique\/#primaryimage\",\"url\":\"https:\/\/www.manaus.am.gov.br\/semcom\/wp-content\/uploads\/sites\/5\/2026\/03\/Pavimentacao-6.jpeg\",\"contentUrl\":\"https:\/\/www.manaus.am.gov.br\/semcom\/wp-content\/uploads\/sites\/5\/2026\/03\/Pavimentacao-6.jpeg\",\"width\":1600,\"height\":1066,\"caption\":\"#paratodosverem - Avenida Arquiteto Jos\u00e9 Henrique Bentes Rodrigues, no bairro Col\u00f4nia Terra Nova, recebendo manuten\u00e7\u00e3o da pavimenta\u00e7\u00e3o da equipe da Seminf\"},{\"@type\":\"WebSite\",\"@id\":\"https:\/\/www.manaus.am.gov.br\/semcom\/#website\",\"url\":\"https:\/\/www.manaus.am.gov.br\/semcom\/\",\"name\":\"SEMCOM\",\"description\":\"Secretaria Municipal de Comunica\u00e7\u00e3o\",\"potentialAction\":[{\"@type\":\"SearchAction\",\"target\":{\"@type\":\"EntryPoint\",\"urlTemplate\":\"https:\/\/www.manaus.am.gov.br\/semcom\/?s={search_term_string}\"},\"query-input\":\"required name=search_term_string\"}],\"inLanguage\":\"pt-BR\"},{\"@type\":\"Person\",\"@id\":\"https:\/\/www.manaus.am.gov.br\/semcom\/#\/schema\/person\/05d223aea2bf115f9883a6ff3683d81b\",\"name\":\"Bruna Greco\",\"image\":{\"@type\":\"ImageObject\",\"inLanguage\":\"pt-BR\",\"@id\":\"https:\/\/www.manaus.am.gov.br\/semcom\/#\/schema\/person\/image\/\",\"url\":\"https:\/\/secure.gravatar.com\/avatar\/9c877d1a6adc2a055330e5c09a8653ce?s=96&d=mm&r=g\",\"contentUrl\":\"https:\/\/secure.gravatar.com\/avatar\/9c877d1a6adc2a055330e5c09a8653ce?s=96&d=mm&r=g\",\"caption\":\"Bruna Greco\"}}]}<\/script>\n<!-- \/ Yoast SEO plugin. -->","yoast_head_json":{"title":"Prefeitura fortalece a malha vi\u00e1ria da avenida Arquiteto Jos\u00e9 Henrique","description":"Prefeitura fortalece a malha vi\u00e1ria da avenida Arquiteto Jos\u00e9 Henrique Bentes Rodrigues, no bairro Col\u00f4nia Terra Nova.","robots":{"index":"index","follow":"follow","max-snippet":"max-snippet:-1","max-image-preview":"max-image-preview:large","max-video-preview":"max-video-preview:-1"},"canonical":"https:\/\/www.manaus.am.gov.br\/semcom\/malha-viaria-avenida-arquiteto-jose-henrique\/","og_locale":"pt_BR","og_type":"article","og_title":"Prefeitura fortalece a malha vi\u00e1ria da avenida Arquiteto Jos\u00e9 Henrique","og_description":"Prefeitura fortalece a malha vi\u00e1ria da avenida Arquiteto Jos\u00e9 Henrique Bentes Rodrigues, no bairro Col\u00f4nia Terra Nova.","og_url":"https:\/\/www.manaus.am.gov.br\/semcom\/malha-viaria-avenida-arquiteto-jose-henrique\/","og_site_name":"SEMCOM","article_published_time":"2026-03-11T21:12:05+00:00","article_modified_time":"2026-03-12T15:18:39+00:00","og_image":[{"width":1600,"height":1066,"url":"https:\/\/www.manaus.am.gov.br\/semcom\/wp-content\/uploads\/sites\/5\/2026\/03\/Pavimentacao-6.jpeg","type":"image\/jpeg"}],"author":"Bruna Greco","twitter_card":"summary_large_image","twitter_misc":{"Written by":"Bruna Greco","Est. reading time":"3 minutos"},"schema":{"@context":"https:\/\/schema.org","@graph":[{"@type":"WebPage","@id":"https:\/\/www.manaus.am.gov.br\/semcom\/malha-viaria-avenida-arquiteto-jose-henrique\/","url":"https:\/\/www.manaus.am.gov.br\/semcom\/malha-viaria-avenida-arquiteto-jose-henrique\/","name":"Prefeitura fortalece a malha vi\u00e1ria da avenida Arquiteto Jos\u00e9 Henrique","isPartOf":{"@id":"https:\/\/www.manaus.am.gov.br\/semcom\/#website"},"primaryImageOfPage":{"@id":"https:\/\/www.manaus.am.gov.br\/semcom\/malha-viaria-avenida-arquiteto-jose-henrique\/#primaryimage"},"image":{"@id":"https:\/\/www.manaus.am.gov.br\/semcom\/malha-viaria-avenida-arquiteto-jose-henrique\/#primaryimage"},"thumbnailUrl":"https:\/\/www.manaus.am.gov.br\/semcom\/wp-content\/uploads\/sites\/5\/2026\/03\/Pavimentacao-6.jpeg","datePublished":"2026-03-11T21:12:05+00:00","dateModified":"2026-03-12T15:18:39+00:00","author":{"@id":"https:\/\/www.manaus.am.gov.br\/semcom\/#\/schema\/person\/05d223aea2bf115f9883a6ff3683d81b"},"description":"Prefeitura fortalece a malha vi\u00e1ria da avenida Arquiteto Jos\u00e9 Henrique Bentes Rodrigues, no bairro Col\u00f4nia Terra Nova.","inLanguage":"pt-BR","potentialAction":[{"@type":"ReadAction","target":["https:\/\/www.manaus.am.gov.br\/semcom\/malha-viaria-avenida-arquiteto-jose-henrique\/"]}]},{"@type":"ImageObject","inLanguage":"pt-BR","@id":"https:\/\/www.manaus.am.gov.br\/semcom\/malha-viaria-avenida-arquiteto-jose-henrique\/#primaryimage","url":"https:\/\/www.manaus.am.gov.br\/semcom\/wp-content\/uploads\/sites\/5\/2026\/03\/Pavimentacao-6.jpeg","contentUrl":"https:\/\/www.manaus.am.gov.br\/semcom\/wp-content\/uploads\/sites\/5\/2026\/03\/Pavimentacao-6.jpeg","width":1600,"height":1066,"caption":"#paratodosverem - Avenida Arquiteto Jos\u00e9 Henrique Bentes Rodrigues, no bairro Col\u00f4nia Terra Nova, recebendo manuten\u00e7\u00e3o da pavimenta\u00e7\u00e3o da equipe da Seminf"},{"@type":"WebSite","@id":"https:\/\/www.manaus.am.gov.br\/semcom\/#website","url":"https:\/\/www.manaus.am.gov.br\/semcom\/","name":"SEMCOM","description":"Secretaria Municipal de Comunica\u00e7\u00e3o","potentialAction":[{"@type":"SearchAction","target":{"@type":"EntryPoint","urlTemplate":"https:\/\/www.manaus.am.gov.br\/semcom\/?s={search_term_string}"},"query-input":"required name=search_term_string"}],"inLanguage":"pt-BR"},{"@type":"Person","@id":"https:\/\/www.manaus.am.gov.br\/semcom\/#\/schema\/person\/05d223aea2bf115f9883a6ff3683d81b","name":"Bruna Greco","image":{"@type":"ImageObject","inLanguage":"pt-BR","@id":"https:\/\/www.manaus.am.gov.br\/semcom\/#\/schema\/person\/image\/","url":"https:\/\/secure.gravatar.com\/avatar\/9c877d1a6adc2a055330e5c09a8653ce?s=96&d=mm&r=g","contentUrl":"https:\/\/secure.gravatar.com\/avatar\/9c877d1a6adc2a055330e5c09a8653ce?s=96&d=mm&r=g","caption":"Bruna Greco"}}]}},"_links":{"self":[{"href":"https:\/\/www.manaus.am.gov.br\/semcom\/wp-json\/wp\/v2\/posts\/254446"}],"collection":[{"href":"https:\/\/www.manaus.am.gov.br\/semcom\/wp-json\/wp\/v2\/posts"}],"about":[{"href":"https:\/\/www.manaus.am.gov.br\/semcom\/wp-json\/wp\/v2\/types\/post"}],"author":[{"embeddable":true,"href":"https:\/\/www.manaus.am.gov.br\/semcom\/wp-json\/wp\/v2\/users\/39"}],"replies":[{"embeddable":true,"href":"https:\/\/www.manaus.am.gov.br\/semcom\/wp-json\/wp\/v2\/comments?post=254446"}],"version-history":[{"count":4,"href":"https:\/\/www.manaus.am.gov.br\/semcom\/wp-json\/wp\/v2\/posts\/254446\/revisions"}],"predecessor-version":[{"id":254478,"href":"https:\/\/www.manaus.am.gov.br\/semcom\/wp-json\/wp\/v2\/posts\/254446\/revisions\/254478"}],"wp:featuredmedia":[{"embeddable":true,"href":"https:\/\/www.manaus.am.gov.br\/semcom\/wp-json\/wp\/v2\/media\/254447"}],"wp:attachment":[{"href":"https:\/\/www.manaus.am.gov.br\/semcom\/wp-json\/wp\/v2\/media?parent=254446"}],"wp:term":[{"taxonomy":"category","embeddable":true,"href":"https:\/\/www.manaus.am.gov.br\/semcom\/wp-json\/wp\/v2\/categories?post=254446"},{"taxonomy":"post_tag","embeddable":true,"href":"https:\/\/www.manaus.am.gov.br\/semcom\/wp-json\/wp\/v2\/tags?post=254446"}],"curies":[{"name":"wp","href":"https:\/\/api.w.org\/{rel}","templated":true}]}}