{"id":254438,"date":"2026-03-11T17:56:34","date_gmt":"2026-03-11T20:56:34","guid":{"rendered":"https:\/\/www.manaus.am.gov.br\/semcom\/projeto-visa-manaus-congresso-africa-do-sul\/"},"modified":"2026-03-12T12:17:10","modified_gmt":"2026-03-12T15:17:10","slug":"projeto-visa-manaus-congresso-africa-do-sul","status":"publish","type":"post","link":"https:\/\/www.manaus.am.gov.br\/semcom\/projeto-visa-manaus-congresso-africa-do-sul\/","title":{"rendered":"Projeto da Visa Manaus ser\u00e1 apresentado no 18\u00ba Congresso Mundial de Sa\u00fade P\u00fablica na \u00c1frica do Sul"},"content":{"rendered":"\n<p>A<a href=\"https:\/\/www.instagram.com\/prefeiturademanaus\/\"> Prefeitura de Manaus<\/a>, por meio da Subsecretaria de Gest\u00e3o de Vigil\u00e2ncia Sanit\u00e1ria (Visa Manaus) da Secretaria Municipal de Sa\u00fade<a href=\"https:\/\/www.manaus.am.gov.br\/\"> (Semsa<\/a>), teve um projeto na \u00e1rea da sa\u00fade selecionado para apresenta\u00e7\u00e3o no 18\u00ba Congresso Mundial de Sa\u00fade P\u00fablica, que ir\u00e1 acontecer entre os dias 6 e 9\/9, na Cidade do Cabo, na \u00c1frica do Sul.<\/p>\n\n\n\n<p>O estudo, desenvolvido em coopera\u00e7\u00e3o com a Funda\u00e7\u00e3o de Vigil\u00e2ncia em Sa\u00fade do Amazonas Dr\u00aa. Rosemary Costa Pinto (FVS-RCP\/AM) e a Ag\u00eancia Nacional de Vigil\u00e2ncia Sanit\u00e1ria (Anvisa), se intitula \u201cMonitoramento sanit\u00e1rio e gest\u00e3o de risco em servi\u00e7os de hemoterapia no Amazonas, o maior estado da Amaz\u00f4nia brasileira (2023-2025)\u201d, trazendo um relato sobre o trabalho de fiscaliza\u00e7\u00e3o das boas pr\u00e1ticas sanit\u00e1rias nos servi\u00e7os de hemoterapia, como s\u00e3o chamados os servi\u00e7os de sa\u00fade que envolvem atividades como coleta e transfus\u00e3o de sangue, em Manaus e em outros munic\u00edpios do Amazonas, de 2023 at\u00e9 2025.<\/p>\n\n\n\n<p>\u201cEstamos muito gratos por esse reconhecimento. Trata-se de um esfor\u00e7o sem precedentes para avaliar a qualidade e a seguran\u00e7a dos servi\u00e7os de hemoterapia em nosso estado&#8221;, enfatiza&nbsp;a diretora da Visa Manaus e uma das autoras do estudo, Maria do Carmo Le\u00e3o.<\/p>\n\n\n\n<p>De acordo com a gestora, entre 2020 e 2022, esse monitoramento havia alcan\u00e7ado uma cobertura de 37% dos estabelecimentos cadastrados no estado, mas, entre 2023 e 2025, a Visa Manaus n\u00e3o apenas&nbsp;fiscalizou&nbsp;100% dos estabelecimentos de hemoterapia na capital como, em coopera\u00e7\u00e3o com a FVS e a Anvisa, chegou \u00e0 marca hist\u00f3rica de 85% de cobertura em todo o estado.<\/p>\n\n\n\n<p>\u201cIsso representa uma contribui\u00e7\u00e3o essencial para salvar vidas, sobretudo nos munic\u00edpios localizados nos extremos do Estado, j\u00e1 que ajuda a garantir produtos e servi\u00e7os de melhor qualidade aos usu\u00e1rios\u201d completa&nbsp;Maria do Carmo Le\u00e3o.<\/p>\n\n\n\n<p>Antes da aprova\u00e7\u00e3o para o Congresso Mundial, a iniciativa da Visa Manaus e suas institui\u00e7\u00f5es parceiras j\u00e1 havia sido agraciada com o Pr\u00eamio Anvisa em 2024, mais uma conquista pioneira, j\u00e1 que nenhum projeto na \u00e1rea de vigil\u00e2ncia sanit\u00e1ria desenvolvido no Amazonas havia recebido o pr\u00eamio at\u00e9 ent\u00e3o.&nbsp;<\/p>\n\n\n\n<p><strong>Congresso Mundial<\/strong><\/p>\n\n\n\n<p>O 18\u00ba Congresso Mundial de Sa\u00fade P\u00fablica ir\u00e1 reunir categorias profissionais, formuladores de pol\u00edticas e defensores da causa de diversos pa\u00edses para abordar os desafios mais urgentes da sa\u00fade global. O tema escolhido para a edi\u00e7\u00e3o deste ano foi \u201cSa\u00fade sem Fronteiras: Equidade, Inclus\u00e3o e Sustentabilidade\u201d, refletindo a necessidade urgente de a\u00e7\u00e3o coletiva em um mundo marcado por guerras, instabilidade pol\u00edtica e epidemias.<\/p>\n\n\n\n<p>O evento \u00e9 organizado pela Federa\u00e7\u00e3o Mundial de Associa\u00e7\u00f5es de Sa\u00fade P\u00fablica (WFPHA) e pela Associa\u00e7\u00e3o de Sa\u00fade P\u00fablica da \u00c1frica do Sul (PHASA). A edi\u00e7\u00e3o anterior do Congresso foi realizada em 2023, na cidade de Roma (It\u00e1lia).<\/p>\n\n\n\n<p><strong>Servi\u00e7o<\/strong><\/p>\n\n\n\n<p>A popula\u00e7\u00e3o pode denunciar irregularidades sanit\u00e1rias relativas a produtos e servi\u00e7os por meio da Ouvidoria da Visa Manaus, no n\u00famero (92) 98842-8481&nbsp;(atendimento das 8h \u00e0s 13h), ou pelo e-mail&nbsp;<a href=\"mailto:visamanaus.ouvidoria@gmail.com\" target=\"_blank\" rel=\"noreferrer noopener\">visamanaus.ouvidoria@gmail.com<\/a>&nbsp;(em qualquer hor\u00e1rio).<\/p>\n\n\n\n<p>&#8212; &#8212; &#8212;&nbsp;<\/p>\n\n\n\n<p><strong>Texto &#8211;<\/strong>&nbsp;Renildo Rodrigues\/Semsa<\/p>\n\n\n\n<p><strong>Foto &#8211;<\/strong>&nbsp;Divulga\u00e7\u00e3o\/Semsa<\/p>\n","protected":false},"excerpt":{"rendered":"","protected":false},"author":39,"featured_media":254439,"comment_status":"closed","ping_status":"closed","sticky":false,"template":"","format":"standard","meta":{"footnotes":""},"categories":[166],"tags":[19718,19719,77,19720,162],"acf":[],"yoast_head":"<!-- This site is optimized with the Yoast SEO plugin v23.0 - https:\/\/yoast.com\/wordpress\/plugins\/seo\/ -->\n<title>Projeto da Visa Manaus ser\u00e1 apresentado em congresso na \u00c1frica do Sul<\/title>\n<meta name=\"description\" content=\"Projeto da Visa Manaus ser\u00e1 apresentado no 18\u00ba Congresso Mundial de Sa\u00fade P\u00fablica na \u00c1frica do Sul em setembro.\" \/>\n<meta name=\"robots\" content=\"index, follow, max-snippet:-1, max-image-preview:large, max-video-preview:-1\" \/>\n<link rel=\"canonical\" href=\"https:\/\/www.manaus.am.gov.br\/semcom\/projeto-visa-manaus-congresso-africa-do-sul\/\" \/>\n<meta property=\"og:locale\" content=\"pt_BR\" \/>\n<meta property=\"og:type\" content=\"article\" \/>\n<meta property=\"og:title\" content=\"Projeto da Visa Manaus ser\u00e1 apresentado em congresso na \u00c1frica do Sul\" \/>\n<meta property=\"og:description\" content=\"Projeto da Visa Manaus ser\u00e1 apresentado no 18\u00ba Congresso Mundial de Sa\u00fade P\u00fablica na \u00c1frica do Sul em setembro.\" \/>\n<meta property=\"og:url\" content=\"https:\/\/www.manaus.am.gov.br\/semcom\/projeto-visa-manaus-congresso-africa-do-sul\/\" \/>\n<meta property=\"og:site_name\" content=\"SEMCOM\" \/>\n<meta property=\"article:published_time\" content=\"2026-03-11T20:56:34+00:00\" \/>\n<meta property=\"article:modified_time\" content=\"2026-03-12T15:17:10+00:00\" \/>\n<meta property=\"og:image\" content=\"https:\/\/www.manaus.am.gov.br\/semcom\/wp-content\/uploads\/sites\/5\/2026\/03\/Semsa-Manaus_Visa-Hemoterapia.jpeg\" \/>\n\t<meta property=\"og:image:width\" content=\"1600\" \/>\n\t<meta property=\"og:image:height\" content=\"1200\" \/>\n\t<meta property=\"og:image:type\" content=\"image\/jpeg\" \/>\n<meta name=\"author\" content=\"Bruna Greco\" \/>\n<meta name=\"twitter:card\" content=\"summary_large_image\" \/>\n<meta name=\"twitter:label1\" content=\"Written by\" \/>\n\t<meta name=\"twitter:data1\" content=\"Bruna Greco\" \/>\n\t<meta name=\"twitter:label2\" content=\"Est. reading time\" \/>\n\t<meta name=\"twitter:data2\" content=\"3 minutos\" \/>\n<script type=\"application\/ld+json\" class=\"yoast-schema-graph\">{\"@context\":\"https:\/\/schema.org\",\"@graph\":[{\"@type\":\"WebPage\",\"@id\":\"https:\/\/www.manaus.am.gov.br\/semcom\/projeto-visa-manaus-congresso-africa-do-sul\/\",\"url\":\"https:\/\/www.manaus.am.gov.br\/semcom\/projeto-visa-manaus-congresso-africa-do-sul\/\",\"name\":\"Projeto da Visa Manaus ser\u00e1 apresentado em congresso na \u00c1frica do Sul\",\"isPartOf\":{\"@id\":\"https:\/\/www.manaus.am.gov.br\/semcom\/#website\"},\"primaryImageOfPage\":{\"@id\":\"https:\/\/www.manaus.am.gov.br\/semcom\/projeto-visa-manaus-congresso-africa-do-sul\/#primaryimage\"},\"image\":{\"@id\":\"https:\/\/www.manaus.am.gov.br\/semcom\/projeto-visa-manaus-congresso-africa-do-sul\/#primaryimage\"},\"thumbnailUrl\":\"https:\/\/www.manaus.am.gov.br\/semcom\/wp-content\/uploads\/sites\/5\/2026\/03\/Semsa-Manaus_Visa-Hemoterapia.jpeg\",\"datePublished\":\"2026-03-11T20:56:34+00:00\",\"dateModified\":\"2026-03-12T15:17:10+00:00\",\"author\":{\"@id\":\"https:\/\/www.manaus.am.gov.br\/semcom\/#\/schema\/person\/05d223aea2bf115f9883a6ff3683d81b\"},\"description\":\"Projeto da Visa Manaus ser\u00e1 apresentado no 18\u00ba Congresso Mundial de Sa\u00fade P\u00fablica na \u00c1frica do Sul em setembro.\",\"inLanguage\":\"pt-BR\",\"potentialAction\":[{\"@type\":\"ReadAction\",\"target\":[\"https:\/\/www.manaus.am.gov.br\/semcom\/projeto-visa-manaus-congresso-africa-do-sul\/\"]}]},{\"@type\":\"ImageObject\",\"inLanguage\":\"pt-BR\",\"@id\":\"https:\/\/www.manaus.am.gov.br\/semcom\/projeto-visa-manaus-congresso-africa-do-sul\/#primaryimage\",\"url\":\"https:\/\/www.manaus.am.gov.br\/semcom\/wp-content\/uploads\/sites\/5\/2026\/03\/Semsa-Manaus_Visa-Hemoterapia.jpeg\",\"contentUrl\":\"https:\/\/www.manaus.am.gov.br\/semcom\/wp-content\/uploads\/sites\/5\/2026\/03\/Semsa-Manaus_Visa-Hemoterapia.jpeg\",\"width\":1600,\"height\":1200,\"caption\":\"#paratodosverem - Servidores desempenhando projeto da Visa Manaus que ser\u00e1 apresentado durante congresso\"},{\"@type\":\"WebSite\",\"@id\":\"https:\/\/www.manaus.am.gov.br\/semcom\/#website\",\"url\":\"https:\/\/www.manaus.am.gov.br\/semcom\/\",\"name\":\"SEMCOM\",\"description\":\"Secretaria Municipal de Comunica\u00e7\u00e3o\",\"potentialAction\":[{\"@type\":\"SearchAction\",\"target\":{\"@type\":\"EntryPoint\",\"urlTemplate\":\"https:\/\/www.manaus.am.gov.br\/semcom\/?s={search_term_string}\"},\"query-input\":\"required name=search_term_string\"}],\"inLanguage\":\"pt-BR\"},{\"@type\":\"Person\",\"@id\":\"https:\/\/www.manaus.am.gov.br\/semcom\/#\/schema\/person\/05d223aea2bf115f9883a6ff3683d81b\",\"name\":\"Bruna Greco\",\"image\":{\"@type\":\"ImageObject\",\"inLanguage\":\"pt-BR\",\"@id\":\"https:\/\/www.manaus.am.gov.br\/semcom\/#\/schema\/person\/image\/\",\"url\":\"https:\/\/secure.gravatar.com\/avatar\/9c877d1a6adc2a055330e5c09a8653ce?s=96&d=mm&r=g\",\"contentUrl\":\"https:\/\/secure.gravatar.com\/avatar\/9c877d1a6adc2a055330e5c09a8653ce?s=96&d=mm&r=g\",\"caption\":\"Bruna Greco\"}}]}<\/script>\n<!-- \/ Yoast SEO plugin. -->","yoast_head_json":{"title":"Projeto da Visa Manaus ser\u00e1 apresentado em congresso na \u00c1frica do Sul","description":"Projeto da Visa Manaus ser\u00e1 apresentado no 18\u00ba Congresso Mundial de Sa\u00fade P\u00fablica na \u00c1frica do Sul em setembro.","robots":{"index":"index","follow":"follow","max-snippet":"max-snippet:-1","max-image-preview":"max-image-preview:large","max-video-preview":"max-video-preview:-1"},"canonical":"https:\/\/www.manaus.am.gov.br\/semcom\/projeto-visa-manaus-congresso-africa-do-sul\/","og_locale":"pt_BR","og_type":"article","og_title":"Projeto da Visa Manaus ser\u00e1 apresentado em congresso na \u00c1frica do Sul","og_description":"Projeto da Visa Manaus ser\u00e1 apresentado no 18\u00ba Congresso Mundial de Sa\u00fade P\u00fablica na \u00c1frica do Sul em setembro.","og_url":"https:\/\/www.manaus.am.gov.br\/semcom\/projeto-visa-manaus-congresso-africa-do-sul\/","og_site_name":"SEMCOM","article_published_time":"2026-03-11T20:56:34+00:00","article_modified_time":"2026-03-12T15:17:10+00:00","og_image":[{"width":1600,"height":1200,"url":"https:\/\/www.manaus.am.gov.br\/semcom\/wp-content\/uploads\/sites\/5\/2026\/03\/Semsa-Manaus_Visa-Hemoterapia.jpeg","type":"image\/jpeg"}],"author":"Bruna Greco","twitter_card":"summary_large_image","twitter_misc":{"Written by":"Bruna Greco","Est. reading time":"3 minutos"},"schema":{"@context":"https:\/\/schema.org","@graph":[{"@type":"WebPage","@id":"https:\/\/www.manaus.am.gov.br\/semcom\/projeto-visa-manaus-congresso-africa-do-sul\/","url":"https:\/\/www.manaus.am.gov.br\/semcom\/projeto-visa-manaus-congresso-africa-do-sul\/","name":"Projeto da Visa Manaus ser\u00e1 apresentado em congresso na \u00c1frica do Sul","isPartOf":{"@id":"https:\/\/www.manaus.am.gov.br\/semcom\/#website"},"primaryImageOfPage":{"@id":"https:\/\/www.manaus.am.gov.br\/semcom\/projeto-visa-manaus-congresso-africa-do-sul\/#primaryimage"},"image":{"@id":"https:\/\/www.manaus.am.gov.br\/semcom\/projeto-visa-manaus-congresso-africa-do-sul\/#primaryimage"},"thumbnailUrl":"https:\/\/www.manaus.am.gov.br\/semcom\/wp-content\/uploads\/sites\/5\/2026\/03\/Semsa-Manaus_Visa-Hemoterapia.jpeg","datePublished":"2026-03-11T20:56:34+00:00","dateModified":"2026-03-12T15:17:10+00:00","author":{"@id":"https:\/\/www.manaus.am.gov.br\/semcom\/#\/schema\/person\/05d223aea2bf115f9883a6ff3683d81b"},"description":"Projeto da Visa Manaus ser\u00e1 apresentado no 18\u00ba Congresso Mundial de Sa\u00fade P\u00fablica na \u00c1frica do Sul em setembro.","inLanguage":"pt-BR","potentialAction":[{"@type":"ReadAction","target":["https:\/\/www.manaus.am.gov.br\/semcom\/projeto-visa-manaus-congresso-africa-do-sul\/"]}]},{"@type":"ImageObject","inLanguage":"pt-BR","@id":"https:\/\/www.manaus.am.gov.br\/semcom\/projeto-visa-manaus-congresso-africa-do-sul\/#primaryimage","url":"https:\/\/www.manaus.am.gov.br\/semcom\/wp-content\/uploads\/sites\/5\/2026\/03\/Semsa-Manaus_Visa-Hemoterapia.jpeg","contentUrl":"https:\/\/www.manaus.am.gov.br\/semcom\/wp-content\/uploads\/sites\/5\/2026\/03\/Semsa-Manaus_Visa-Hemoterapia.jpeg","width":1600,"height":1200,"caption":"#paratodosverem - Servidores desempenhando projeto da Visa Manaus que ser\u00e1 apresentado durante congresso"},{"@type":"WebSite","@id":"https:\/\/www.manaus.am.gov.br\/semcom\/#website","url":"https:\/\/www.manaus.am.gov.br\/semcom\/","name":"SEMCOM","description":"Secretaria Municipal de Comunica\u00e7\u00e3o","potentialAction":[{"@type":"SearchAction","target":{"@type":"EntryPoint","urlTemplate":"https:\/\/www.manaus.am.gov.br\/semcom\/?s={search_term_string}"},"query-input":"required name=search_term_string"}],"inLanguage":"pt-BR"},{"@type":"Person","@id":"https:\/\/www.manaus.am.gov.br\/semcom\/#\/schema\/person\/05d223aea2bf115f9883a6ff3683d81b","name":"Bruna Greco","image":{"@type":"ImageObject","inLanguage":"pt-BR","@id":"https:\/\/www.manaus.am.gov.br\/semcom\/#\/schema\/person\/image\/","url":"https:\/\/secure.gravatar.com\/avatar\/9c877d1a6adc2a055330e5c09a8653ce?s=96&d=mm&r=g","contentUrl":"https:\/\/secure.gravatar.com\/avatar\/9c877d1a6adc2a055330e5c09a8653ce?s=96&d=mm&r=g","caption":"Bruna Greco"}}]}},"_links":{"self":[{"href":"https:\/\/www.manaus.am.gov.br\/semcom\/wp-json\/wp\/v2\/posts\/254438"}],"collection":[{"href":"https:\/\/www.manaus.am.gov.br\/semcom\/wp-json\/wp\/v2\/posts"}],"about":[{"href":"https:\/\/www.manaus.am.gov.br\/semcom\/wp-json\/wp\/v2\/types\/post"}],"author":[{"embeddable":true,"href":"https:\/\/www.manaus.am.gov.br\/semcom\/wp-json\/wp\/v2\/users\/39"}],"replies":[{"embeddable":true,"href":"https:\/\/www.manaus.am.gov.br\/semcom\/wp-json\/wp\/v2\/comments?post=254438"}],"version-history":[{"count":2,"href":"https:\/\/www.manaus.am.gov.br\/semcom\/wp-json\/wp\/v2\/posts\/254438\/revisions"}],"predecessor-version":[{"id":254474,"href":"https:\/\/www.manaus.am.gov.br\/semcom\/wp-json\/wp\/v2\/posts\/254438\/revisions\/254474"}],"wp:featuredmedia":[{"embeddable":true,"href":"https:\/\/www.manaus.am.gov.br\/semcom\/wp-json\/wp\/v2\/media\/254439"}],"wp:attachment":[{"href":"https:\/\/www.manaus.am.gov.br\/semcom\/wp-json\/wp\/v2\/media?parent=254438"}],"wp:term":[{"taxonomy":"category","embeddable":true,"href":"https:\/\/www.manaus.am.gov.br\/semcom\/wp-json\/wp\/v2\/categories?post=254438"},{"taxonomy":"post_tag","embeddable":true,"href":"https:\/\/www.manaus.am.gov.br\/semcom\/wp-json\/wp\/v2\/tags?post=254438"}],"curies":[{"name":"wp","href":"https:\/\/api.w.org\/{rel}","templated":true}]}}